{"id":65321,"date":"2025-07-06T12:23:00","date_gmt":"2025-07-06T15:23:00","guid":{"rendered":"https:\/\/www.correiobraziliense.com.br\/cbradar\/?p=65321"},"modified":"2025-07-05T16:20:57","modified_gmt":"2025-07-05T19:20:57","slug":"5-sintomas-de-que-sua-alimentacao-esta-insuficiente-para-emagrecer","status":"publish","type":"post","link":"https:\/\/www.correiobraziliense.com.br\/cbradar\/5-sintomas-de-que-sua-alimentacao-esta-insuficiente-para-emagrecer\/","title":{"rendered":"5 sintomas de que sua alimenta\u00e7\u00e3o est\u00e1 insuficiente para emagrecer"},"content":{"rendered":"\n<p>Os sinais de que o corpo precisa de mais comida nem sempre s\u00e3o f\u00e1ceis de perceber, principalmente em pessoas determinadas a perder peso. Muitas vezes, ao buscar o d\u00e9ficit cal\u00f3rico, h\u00e1 a tend\u00eancia de cortar excessivamente as calorias, acreditando que isso trar\u00e1 resultados mais r\u00e1pidos. No entanto, o organismo precisa de nutrientes essenciais para manter suas fun\u00e7\u00f5es em dia, e a priva\u00e7\u00e3o alimentar pode comprometer at\u00e9 mesmo a perda de peso pretendida.<\/p>\n\n\n\n<p>A rela\u00e7\u00e3o entre dieta restritiva e sa\u00fade do corpo vai al\u00e9m da balan\u00e7a. Quando o corpo recebe menos energia do que necessita, pode reagir de maneira inesperada. Cansa\u00e7o frequente, altera\u00e7\u00f5es de humor e epis\u00f3dios intensos de fome s\u00e3o exemplos comuns de respostas \u00e0 baixa ingest\u00e3o de alimentos, refletindo defici\u00eancia nutricional e desequil\u00edbrio metab\u00f3lico.<\/p>\n\n\n\n<h2 class=\"wp-block-heading\">Quais s\u00e3o os principais sinais de que o corpo est\u00e1 consumindo pouca comida?<\/h2>\n\n\n\n<p><strong>Diversos sintomas podem indicar que a alimenta\u00e7\u00e3o est\u00e1 insuficiente.<\/strong> Entre eles, destaca-se a aus\u00eancia de fome no in\u00edcio do dia, associada a desejos intensos por doces e alimentos ricos em carboidratos mais tarde. Essa mudan\u00e7a de apetite geralmente surge porque o corpo tenta compensar os nutrientes que faltaram anteriormente, levando a epis\u00f3dios de exagero alimentar no final da tarde ou \u00e0 noite. Tamb\u00e9m \u00e9 comum a sensa\u00e7\u00e3o constante de exaust\u00e3o, mesmo ap\u00f3s uma boa noite de sono, pois o metabolismo diminui para economizar energia.<\/p>\n\n\n\n<h2 class=\"wp-block-heading\">Como o consumo insuficiente pode afetar o bem-estar mental?<\/h2>\n\n\n\n<p><strong>Ficar irritado, ter dificuldades de concentra\u00e7\u00e3o e pensar repetidamente em comida podem ser sinais de que a ingest\u00e3o cal\u00f3rica est\u00e1 abaixo do ideal.<\/strong> Esses sintomas costumam ser acompanhados de desejos espec\u00edficos, principalmente por itens a\u00e7ucarados. O c\u00e9rebro, diante da escassez de glicose e outros nutrientes, reage com mudan\u00e7as de humor e falta de foco, prejudicando tarefas do dia a dia e aumentando a probabilidade de tentativas frustradas de seguir a dieta.<\/p>\n\n\n\n<figure class=\"wp-block-image size-large\"><img decoding=\"async\" width=\"1024\" height=\"576\" src=\"https:\/\/www.correiobraziliense.com.br\/cbradar\/wp-content\/uploads\/2025\/07\/pessoa-comendo_1751743223898-1024x576.jpg\" alt=\"5 sintomas de que sua alimenta\u00e7\u00e3o est\u00e1 insuficiente para emagrecer\" class=\"wp-image-65324\" srcset=\"https:\/\/www.correiobraziliense.com.br\/cbradar\/wp-content\/uploads\/2025\/07\/pessoa-comendo_1751743223898-1024x576.jpg 1024w, https:\/\/www.correiobraziliense.com.br\/cbradar\/wp-content\/uploads\/2025\/07\/pessoa-comendo_1751743223898-300x169.jpg 300w, https:\/\/www.correiobraziliense.com.br\/cbradar\/wp-content\/uploads\/2025\/07\/pessoa-comendo_1751743223898-768x432.jpg 768w, https:\/\/www.correiobraziliense.com.br\/cbradar\/wp-content\/uploads\/2025\/07\/pessoa-comendo_1751743223898-750x422.jpg 750w, https:\/\/www.correiobraziliense.com.br\/cbradar\/wp-content\/uploads\/2025\/07\/pessoa-comendo_1751743223898-1140x641.jpg 1140w, https:\/\/www.correiobraziliense.com.br\/cbradar\/wp-content\/uploads\/2025\/07\/pessoa-comendo_1751743223898.jpg 1280w\" sizes=\"(max-width: 1024px) 100vw, 1024px\" \/><figcaption class=\"wp-element-caption\">pessoa . Cr\u00e9ditos: depositphotos.com \/ AlexLipacomendo<\/figcaption><\/figure>\n\n\n\n<h2 class=\"wp-block-heading\">O que fazer ao identificar esses sintomas?<\/h2>\n\n\n\n<p><strong>Reconhecer que est\u00e1 comendo pouco \u00e9 o primeiro passo para retomar o equil\u00edbrio alimentar.<\/strong> Priorizar um card\u00e1pio com refei\u00e7\u00f5es e lanches balanceados ao longo do dia contribui para manter o metabolismo ativo, evita exageros em hor\u00e1rios espec\u00edficos e facilita a manuten\u00e7\u00e3o de n\u00edveis adequados de energia. Especialistas indicam aten\u00e7\u00e3o a sinais persistentes, como:<\/p>\n\n\n\n<ul class=\"wp-block-list\">\n<li>Des\u00e2nimo constante, mesmo com descanso suficiente;<\/li>\n\n\n\n<li>Apetite aumentado no fim do dia ou em momentos de estresse;<\/li>\n\n\n\n<li>Dificuldade para manter a concentra\u00e7\u00e3o;<\/li>\n\n\n\n<li>Irritabilidade sem raz\u00e3o aparente;<\/li>\n\n\n\n<li>Falta de motiva\u00e7\u00e3o para atividades f\u00edsicas e sociais.<\/li>\n<\/ul>\n\n\n\n<p>Esses ind\u00edcios sugerem que revisar a estrat\u00e9gia de emagrecimento pode ser necess\u00e1rio. Em muitos casos, a escassez de nutrientes importantes pode atrapalhar tanto o objetivo de perder peso quanto a disposi\u00e7\u00e3o di\u00e1ria. Por isso, ouvir os sinais do corpo e considerar uma alimenta\u00e7\u00e3o mais equilibrada s\u00e3o medidas essenciais para garantir o bom funcionamento do organismo sem prejudicar o progresso do emagrecimento.<\/p>\n\n\n\n<h2 class=\"wp-block-heading\">Como evitar exageros sem comprometer os resultados?<\/h2>\n\n\n\n<p><strong>Equilibrar o consumo de energia, sem recorrer a restri\u00e7\u00f5es severas, \u00e9 um aspecto fundamental para quem busca reduzir medidas de forma sustent\u00e1vel.<\/strong> Algumas pr\u00e1ticas recomendadas incluem:<\/p>\n\n\n\n<ol class=\"wp-block-list\">\n<li>Organizar refei\u00e7\u00f5es adequadas no caf\u00e9 da manh\u00e3, almo\u00e7o e jantar, evitando longos per\u00edodos em jejum;<\/li>\n\n\n\n<li>Optar por lanches nutritivos entre as principais refei\u00e7\u00f5es para manter os n\u00edveis de energia;<\/li>\n\n\n\n<li>Variar as fontes de nutrientes, privilegiando frutas, verduras, prote\u00ednas magras e cereais integrais;<\/li>\n\n\n\n<li>Observar as sensa\u00e7\u00f5es de fome e saciedade, ajustando as por\u00e7\u00f5es conforme a necessidade;<\/li>\n\n\n\n<li>Consultar um profissional de sa\u00fade para orienta\u00e7\u00f5es individualizadas, principalmente se houver sintomas persistentes.<\/li>\n<\/ol>\n\n\n\n<p>A escolha por uma alimenta\u00e7\u00e3o balanceada e rica em nutrientes n\u00e3o apenas favorece a perda de peso de maneira mais eficiente, mas tamb\u00e9m assegura vitalidade, disposi\u00e7\u00e3o e bem-estar a longo prazo. O corpo sinaliza suas necessidades de v\u00e1rias formas, e atender a esses alertas pode ser decisivo na manuten\u00e7\u00e3o da sa\u00fade f\u00edsica e mental no processo de emagrecimento.<\/p>\n","protected":false},"excerpt":{"rendered":"<p>Saiba quando seu corpo pede socorro por mais comida. Sintomas de restri\u00e7\u00e3o exagerada atrapalham a dieta e podem prejudicar o metabolismo.<\/p>\n","protected":false},"author":3,"featured_media":65323,"comment_status":"open","ping_status":"open","sticky":false,"template":"","format":"standard","meta":{"_yoast_wpseo_focuskw":"sintomas alimenta\u00e7\u00e3o insuficiente","_yoast_wpseo_title":"%%title%%","_yoast_wpseo_metadesc":"Saiba quando seu corpo pede socorro por mais comida. Sintomas de restri\u00e7\u00e3o exagerada atrapalham a dieta e podem prejudicar o metabolismo.","jnews-multi-image_gallery":[],"jnews_single_post":{"format":"standard"},"jnews_primary_category":[],"jnews_social_meta":[],"jnews_override_counter":[],"footnotes":""},"categories":[112],"post_tag":[281,1423,144],"class_list":["post-65321","post","type-post","status-publish","format-standard","has-post-thumbnail","hentry","category-curiosidades","tag-alimentacao","tag-alimentos","tag-curiosidades"],"yoast_head":"<!-- This site is optimized with the Yoast SEO plugin v24.6 - https:\/\/yoast.com\/wordpress\/plugins\/seo\/ -->\n<title>5 sintomas de que sua alimenta\u00e7\u00e3o est\u00e1 insuficiente para emagrecer<\/title>\n<meta name=\"description\" content=\"Saiba quando seu corpo pede socorro por mais comida. Sintomas de restri\u00e7\u00e3o exagerada atrapalham a dieta e podem prejudicar o metabolismo.\" \/>\n<meta name=\"robots\" content=\"index, follow, max-snippet:-1, max-image-preview:large, max-video-preview:-1\" \/>\n<link rel=\"canonical\" href=\"https:\/\/www.correiobraziliense.com.br\/cbradar\/5-sintomas-de-que-sua-alimentacao-esta-insuficiente-para-emagrecer\/\" \/>\n<meta property=\"og:locale\" content=\"pt_BR\" \/>\n<meta property=\"og:type\" content=\"article\" \/>\n<meta property=\"og:title\" content=\"5 sintomas de que sua alimenta\u00e7\u00e3o est\u00e1 insuficiente para emagrecer\" \/>\n<meta property=\"og:description\" content=\"Saiba quando seu corpo pede socorro por mais comida. Sintomas de restri\u00e7\u00e3o exagerada atrapalham a dieta e podem prejudicar o metabolismo.\" \/>\n<meta property=\"og:url\" content=\"https:\/\/www.correiobraziliense.com.br\/cbradar\/5-sintomas-de-que-sua-alimentacao-esta-insuficiente-para-emagrecer\/\" \/>\n<meta property=\"og:site_name\" content=\"Correio Braziliense - Radar\" \/>\n<meta property=\"article:published_time\" content=\"2025-07-06T15:23:00+00:00\" \/>\n<meta property=\"og:image\" content=\"https:\/\/www.correiobraziliense.com.br\/cbradar\/wp-content\/uploads\/2025\/07\/pessoa-comendo_1751743033541.jpg\" \/>\n\t<meta property=\"og:image:width\" content=\"1280\" \/>\n\t<meta property=\"og:image:height\" content=\"720\" \/>\n\t<meta property=\"og:image:type\" content=\"image\/jpeg\" \/>\n<meta name=\"author\" content=\"Larissa Carvalho\" \/>\n<meta name=\"twitter:card\" content=\"summary_large_image\" \/>\n<meta name=\"twitter:label1\" content=\"Escrito por\" \/>\n\t<meta name=\"twitter:data1\" content=\"Larissa Carvalho\" \/>\n\t<meta name=\"twitter:label2\" content=\"Est. tempo de leitura\" \/>\n\t<meta name=\"twitter:data2\" content=\"4 minutos\" \/>\n<!-- \/ Yoast SEO plugin. -->","yoast_head_json":{"title":"5 sintomas de que sua alimenta\u00e7\u00e3o est\u00e1 insuficiente para emagrecer","description":"Saiba quando seu corpo pede socorro por mais comida. Sintomas de restri\u00e7\u00e3o exagerada atrapalham a dieta e podem prejudicar o metabolismo.","robots":{"index":"index","follow":"follow","max-snippet":"max-snippet:-1","max-image-preview":"max-image-preview:large","max-video-preview":"max-video-preview:-1"},"canonical":"https:\/\/www.correiobraziliense.com.br\/cbradar\/5-sintomas-de-que-sua-alimentacao-esta-insuficiente-para-emagrecer\/","og_locale":"pt_BR","og_type":"article","og_title":"5 sintomas de que sua alimenta\u00e7\u00e3o est\u00e1 insuficiente para emagrecer","og_description":"Saiba quando seu corpo pede socorro por mais comida. Sintomas de restri\u00e7\u00e3o exagerada atrapalham a dieta e podem prejudicar o metabolismo.","og_url":"https:\/\/www.correiobraziliense.com.br\/cbradar\/5-sintomas-de-que-sua-alimentacao-esta-insuficiente-para-emagrecer\/","og_site_name":"Correio Braziliense - Radar","article_published_time":"2025-07-06T15:23:00+00:00","og_image":[{"width":1280,"height":720,"url":"https:\/\/www.correiobraziliense.com.br\/cbradar\/wp-content\/uploads\/2025\/07\/pessoa-comendo_1751743033541.jpg","type":"image\/jpeg"}],"author":"Larissa Carvalho","twitter_card":"summary_large_image","twitter_misc":{"Escrito por":"Larissa Carvalho","Est. tempo de leitura":"4 minutos"},"schema":{"@context":"https:\/\/schema.org","@graph":[{"@type":"WebPage","@id":"https:\/\/www.correiobraziliense.com.br\/cbradar\/5-sintomas-de-que-sua-alimentacao-esta-insuficiente-para-emagrecer\/","url":"https:\/\/www.correiobraziliense.com.br\/cbradar\/5-sintomas-de-que-sua-alimentacao-esta-insuficiente-para-emagrecer\/","name":"5 sintomas de que sua alimenta\u00e7\u00e3o est\u00e1 insuficiente para emagrecer","isPartOf":{"@id":"https:\/\/www.correiobraziliense.com.br\/cbradar\/#website"},"primaryImageOfPage":{"@id":"https:\/\/www.correiobraziliense.com.br\/cbradar\/5-sintomas-de-que-sua-alimentacao-esta-insuficiente-para-emagrecer\/#primaryimage"},"image":{"@id":"https:\/\/www.correiobraziliense.com.br\/cbradar\/5-sintomas-de-que-sua-alimentacao-esta-insuficiente-para-emagrecer\/#primaryimage"},"thumbnailUrl":"https:\/\/www.correiobraziliense.com.br\/cbradar\/wp-content\/uploads\/2025\/07\/pessoa-comendo_1751743033541.jpg","datePublished":"2025-07-06T15:23:00+00:00","author":{"@id":"https:\/\/www.correiobraziliense.com.br\/cbradar\/#\/schema\/person\/58422787644df994b53a19d3e56c1513"},"description":"Saiba quando seu corpo pede socorro por mais comida. Sintomas de restri\u00e7\u00e3o exagerada atrapalham a dieta e podem prejudicar o metabolismo.","breadcrumb":{"@id":"https:\/\/www.correiobraziliense.com.br\/cbradar\/5-sintomas-de-que-sua-alimentacao-esta-insuficiente-para-emagrecer\/#breadcrumb"},"inLanguage":"pt-BR","potentialAction":[{"@type":"ReadAction","target":["https:\/\/www.correiobraziliense.com.br\/cbradar\/5-sintomas-de-que-sua-alimentacao-esta-insuficiente-para-emagrecer\/"]}]},{"@type":"ImageObject","inLanguage":"pt-BR","@id":"https:\/\/www.correiobraziliense.com.br\/cbradar\/5-sintomas-de-que-sua-alimentacao-esta-insuficiente-para-emagrecer\/#primaryimage","url":"https:\/\/www.correiobraziliense.com.br\/cbradar\/wp-content\/uploads\/2025\/07\/pessoa-comendo_1751743033541.jpg","contentUrl":"https:\/\/www.correiobraziliense.com.br\/cbradar\/wp-content\/uploads\/2025\/07\/pessoa-comendo_1751743033541.jpg","width":1280,"height":720,"caption":"pessoa comendo. Cr\u00e9ditos: depositphotos.com \/ NatashaFedorova"},{"@type":"BreadcrumbList","@id":"https:\/\/www.correiobraziliense.com.br\/cbradar\/5-sintomas-de-que-sua-alimentacao-esta-insuficiente-para-emagrecer\/#breadcrumb","itemListElement":[{"@type":"ListItem","position":1,"name":"In\u00edcio","item":"https:\/\/www.correiobraziliense.com.br\/cbradar\/"},{"@type":"ListItem","position":2,"name":"5 sintomas de que sua alimenta\u00e7\u00e3o est\u00e1 insuficiente para emagrecer"}]},{"@type":"WebSite","@id":"https:\/\/www.correiobraziliense.com.br\/cbradar\/#website","url":"https:\/\/www.correiobraziliense.com.br\/cbradar\/","name":"Correio Braziliense - Radar","description":"Acompanhe as \u00faltimas not\u00edcias e fique bem informado sobre tudo o que acontece no Brasil e no mundo.","potentialAction":[{"@type":"SearchAction","target":{"@type":"EntryPoint","urlTemplate":"https:\/\/www.correiobraziliense.com.br\/cbradar\/?s={search_term_string}"},"query-input":{"@type":"PropertyValueSpecification","valueRequired":true,"valueName":"search_term_string"}}],"inLanguage":"pt-BR"},{"@type":"Person","@id":"https:\/\/www.correiobraziliense.com.br\/cbradar\/#\/schema\/person\/58422787644df994b53a19d3e56c1513","name":"Larissa Carvalho","image":{"@type":"ImageObject","inLanguage":"pt-BR","@id":"https:\/\/www.correiobraziliense.com.br\/cbradar\/#\/schema\/person\/image\/","url":"https:\/\/secure.gravatar.com\/avatar\/fe4f91a0de32b52a838d0d612abdc1aa?s=96&d=mm&r=g","contentUrl":"https:\/\/secure.gravatar.com\/avatar\/fe4f91a0de32b52a838d0d612abdc1aa?s=96&d=mm&r=g","caption":"Larissa Carvalho"},"url":"https:\/\/www.correiobraziliense.com.br\/cbradar\/author\/larissamyth\/"}]}},"_links":{"self":[{"href":"https:\/\/www.correiobraziliense.com.br\/cbradar\/wp-json\/wp\/v2\/posts\/65321","targetHints":{"allow":["GET"]}}],"collection":[{"href":"https:\/\/www.correiobraziliense.com.br\/cbradar\/wp-json\/wp\/v2\/posts"}],"about":[{"href":"https:\/\/www.correiobraziliense.com.br\/cbradar\/wp-json\/wp\/v2\/types\/post"}],"author":[{"embeddable":true,"href":"https:\/\/www.correiobraziliense.com.br\/cbradar\/wp-json\/wp\/v2\/users\/3"}],"replies":[{"embeddable":true,"href":"https:\/\/www.correiobraziliense.com.br\/cbradar\/wp-json\/wp\/v2\/comments?post=65321"}],"version-history":[{"count":2,"href":"https:\/\/www.correiobraziliense.com.br\/cbradar\/wp-json\/wp\/v2\/posts\/65321\/revisions"}],"predecessor-version":[{"id":65325,"href":"https:\/\/www.correiobraziliense.com.br\/cbradar\/wp-json\/wp\/v2\/posts\/65321\/revisions\/65325"}],"wp:featuredmedia":[{"embeddable":true,"href":"https:\/\/www.correiobraziliense.com.br\/cbradar\/wp-json\/wp\/v2\/media\/65323"}],"wp:attachment":[{"href":"https:\/\/www.correiobraziliense.com.br\/cbradar\/wp-json\/wp\/v2\/media?parent=65321"}],"wp:term":[{"taxonomy":"category","embeddable":true,"href":"https:\/\/www.correiobraziliense.com.br\/cbradar\/wp-json\/wp\/v2\/categories?post=65321"},{"taxonomy":"post_tag","embeddable":true,"href":"https:\/\/www.correiobraziliense.com.br\/cbradar\/wp-json\/wp\/v2\/post_tag?post=65321"}],"curies":[{"name":"wp","href":"https:\/\/api.w.org\/{rel}","templated":true}]}}