{"id":65393,"date":"2025-07-06T16:03:00","date_gmt":"2025-07-06T19:03:00","guid":{"rendered":"https:\/\/www.correiobraziliense.com.br\/cbradar\/?p=65393"},"modified":"2025-07-05T18:00:24","modified_gmt":"2025-07-05T21:00:24","slug":"o-maior-perigo-silencioso-do-planeta-pode-estar-sob-nossos-pes","status":"publish","type":"post","link":"https:\/\/www.correiobraziliense.com.br\/cbradar\/o-maior-perigo-silencioso-do-planeta-pode-estar-sob-nossos-pes\/","title":{"rendered":"O maior perigo silencioso do planeta pode estar sob nossos p\u00e9s"},"content":{"rendered":"\n<p>O desequil\u00edbrio energ\u00e9tico da Terra tem crescido, e o planeta est\u00e1 retendo calor muito al\u00e9m do previsto. A acelera\u00e7\u00e3o desse processo alarmante impacta o clima de maneira intensa.<\/p>\n\n\n\n<ul class=\"wp-block-list\">\n<li><strong>O planeta absorve mais energia do sol do que irradia de volta<\/strong>, gerando um superaquecimento constante<\/li>\n\n\n\n<li><strong>Os oceanos acumulam calor em ritmo acelerado<\/strong>, quatro vezes mais r\u00e1pido que h\u00e1 d\u00e9cadas<\/li>\n\n\n\n<li><strong>Modelos clim\u00e1ticos falharam ao prever essa velocidade<\/strong>, revelando incertezas em proje\u00e7\u00f5es futuras<\/li>\n<\/ul>\n\n\n\n<h2 class=\"wp-block-heading\">Por que a Terra absorve mais calor do que emite<\/h2>\n\n\n\n<p>O sistema clim\u00e1tico est\u00e1 em desequil\u00edbrio energ\u00e9tico: a Terra absorve mais radia\u00e7\u00e3o solar do que emite de volta como energia t\u00e9rmica. Esse ac\u00famulo de energia \u00e9 o principal motor do aquecimento global<\/p>\n\n\n\n<p>Esse desequil\u00edbrio energ\u00e9tico est\u00e1 25\u202f% pior do que h\u00e1 cerca de uma d\u00e9cada, segundo cientistas internacionais.<\/p>\n\n\n\n<h2 class=\"wp-block-heading\">Os oceanos est\u00e3o armazenando calor em um ritmo alarmante<\/h2>\n\n\n\n<p>Mais de 90\u202f% do excesso de calor \u00e9 absorvido pelos oceanos. A taxa de aquecimento da superf\u00edcie do mar saltou de cerca de 0,06\u202f\u00b0C por d\u00e9cada nos anos 1980 para cerca de 0,27\u202f\u00b0C agora.<\/p>\n\n\n\n<p>Isso representa um ritmo de aquecimento cerca de quatro vezes maior \u2014 e pode acelerar ainda mais nas pr\u00f3ximas d\u00e9cadas se as emiss\u00f5es continuarem\u202f.<\/p>\n\n\n\n<figure class=\"wp-block-image size-large\"><img decoding=\"async\" width=\"1024\" height=\"576\" src=\"https:\/\/www.correiobraziliense.com.br\/cbradar\/wp-content\/uploads\/2025\/07\/planeta-terra_1751745342270-1024x576.jpg\" alt=\"O maior perigo silencioso do planeta pode estar sob nossos p\u00e9s\" class=\"wp-image-65404\" srcset=\"https:\/\/www.correiobraziliense.com.br\/cbradar\/wp-content\/uploads\/2025\/07\/planeta-terra_1751745342270-1024x576.jpg 1024w, https:\/\/www.correiobraziliense.com.br\/cbradar\/wp-content\/uploads\/2025\/07\/planeta-terra_1751745342270-300x169.jpg 300w, https:\/\/www.correiobraziliense.com.br\/cbradar\/wp-content\/uploads\/2025\/07\/planeta-terra_1751745342270-768x432.jpg 768w, https:\/\/www.correiobraziliense.com.br\/cbradar\/wp-content\/uploads\/2025\/07\/planeta-terra_1751745342270-750x422.jpg 750w, https:\/\/www.correiobraziliense.com.br\/cbradar\/wp-content\/uploads\/2025\/07\/planeta-terra_1751745342270-1140x642.jpg 1140w, https:\/\/www.correiobraziliense.com.br\/cbradar\/wp-content\/uploads\/2025\/07\/planeta-terra_1751745342270.jpg 1279w\" sizes=\"(max-width: 1024px) 100vw, 1024px\" \/><figcaption class=\"wp-element-caption\">planeta terra. Cr\u00e9ditos: depositphotos.com \/ rfphoto<\/figcaption><\/figure>\n\n\n\n<h2 class=\"wp-block-heading\">Modelos clim\u00e1ticos subestimaram a intensidade do aquecimento<\/h2>\n\n\n\n<p>Mesmo os supercomputadores mais avan\u00e7ados n\u00e3o projetaram a escala atual de aquecimento. Especialistas destacam que o ritmo observado ultrapassa o previsto por modelos determin\u00edsticos.<\/p>\n\n\n\n<p>Alguns fatores contribuintes incluem a redu\u00e7\u00e3o das nuvens baixas \u2014 que normalmente refletem a luz solar \u2014, aumentando a absor\u00e7\u00e3o de radia\u00e7\u00e3o e acelerando o aquecimento.<\/p>\n\n\n\n<h2 class=\"wp-block-heading\">Qu\u00e3o mais r\u00e1pido est\u00e1 esse processo?<\/h2>\n\n\n\n<p>Estudos indicam que o desequil\u00edbrio energ\u00e9tico aumentou quase um quarto em apenas dez anos, e a absor\u00e7\u00e3o de calor atual ocorre perto do dobro do ritmo projetado anteriormente.<\/p>\n\n\n\n<p>Esse ritmo acelerado representa um risco evidente de ultrapassar limites de aquecimento considerados seguros, como o patamar de 1,5\u202f\u00b0C acima da era pr\u00e9-industrial, possivelmente at\u00e9 2028.<\/p>\n\n\n\n<h2 class=\"wp-block-heading\">O que isso significa para o clima e para o cotidiano<\/h2>\n\n\n\n<p>O r\u00e1pido ac\u00famulo de calor intensifica ondas de calor, tempestades severas, secas prolongadas e eleva\u00e7\u00e3o do n\u00edvel do mar.<\/p>\n\n\n\n<p>Essas mudan\u00e7as afetam especialmente popula\u00e7\u00f5es vulner\u00e1veis e regi\u00f5es costeiras, aumentando riscos sociais e ambientais.<\/p>\n\n\n\n<h2 class=\"wp-block-heading\">Estamos perante uma emerg\u00eancia clim\u00e1tica crescente<\/h2>\n\n\n\n<ul class=\"wp-block-list\">\n<li>A Terra est\u00e1 retendo mais calor do que libera, ampliando o aquecimento global<\/li>\n\n\n\n<li>Os oceanos aquecem em ritmo acelerado, quatro vezes mais r\u00e1pido que nas d\u00e9cadas passadas<\/li>\n\n\n\n<li>Modelos n\u00e3o anteciparam essa velocidade \u2014 o desequil\u00edbrio energ\u00e9tico cresceu 25\u202f%<\/li>\n<\/ul>\n\n\n\n<p><strong>O ritmo acelerado de aquecimento exige a\u00e7\u00e3o urgente<\/strong>: reduzir emiss\u00f5es e restaurar os sistemas naturais de resfriamento \u00e9 essencial para evitar impactos irrevers\u00edveis.<\/p>\n","protected":false},"excerpt":{"rendered":"<p>O ritmo acelerado de aquecimento preocupa especialistas e exige aten\u00e7\u00e3o. Veja o que est\u00e1 por tr\u00e1s do aumento do calor na Terra.<\/p>\n","protected":false},"author":3,"featured_media":65403,"comment_status":"open","ping_status":"open","sticky":false,"template":"","format":"standard","meta":{"_yoast_wpseo_focuskw":"perigo planeta","_yoast_wpseo_title":"%%title%%","_yoast_wpseo_metadesc":"O ritmo acelerado de aquecimento preocupa especialistas e exige aten\u00e7\u00e3o. Veja o que est\u00e1 por tr\u00e1s do aumento do calor na Terra.","jnews-multi-image_gallery":[],"jnews_single_post":{"format":"standard"},"jnews_primary_category":[],"jnews_social_meta":[],"jnews_override_counter":[],"footnotes":""},"categories":[112],"post_tag":[179,736,144],"class_list":["post-65393","post","type-post","status-publish","format-standard","has-post-thumbnail","hentry","category-curiosidades","tag-astronomia","tag-ciencia","tag-curiosidades"],"yoast_head":"<!-- This site is optimized with the Yoast SEO plugin v24.6 - https:\/\/yoast.com\/wordpress\/plugins\/seo\/ -->\n<title>O maior perigo silencioso do planeta pode estar sob nossos p\u00e9s<\/title>\n<meta name=\"description\" content=\"O ritmo acelerado de aquecimento preocupa especialistas e exige aten\u00e7\u00e3o. Veja o que est\u00e1 por tr\u00e1s do aumento do calor na Terra.\" \/>\n<meta name=\"robots\" content=\"index, follow, max-snippet:-1, max-image-preview:large, max-video-preview:-1\" \/>\n<link rel=\"canonical\" href=\"https:\/\/www.correiobraziliense.com.br\/cbradar\/o-maior-perigo-silencioso-do-planeta-pode-estar-sob-nossos-pes\/\" \/>\n<meta property=\"og:locale\" content=\"pt_BR\" \/>\n<meta property=\"og:type\" content=\"article\" \/>\n<meta property=\"og:title\" content=\"O maior perigo silencioso do planeta pode estar sob nossos p\u00e9s\" \/>\n<meta property=\"og:description\" content=\"O ritmo acelerado de aquecimento preocupa especialistas e exige aten\u00e7\u00e3o. Veja o que est\u00e1 por tr\u00e1s do aumento do calor na Terra.\" \/>\n<meta property=\"og:url\" content=\"https:\/\/www.correiobraziliense.com.br\/cbradar\/o-maior-perigo-silencioso-do-planeta-pode-estar-sob-nossos-pes\/\" \/>\n<meta property=\"og:site_name\" content=\"Correio Braziliense - Radar\" \/>\n<meta property=\"article:published_time\" content=\"2025-07-06T19:03:00+00:00\" \/>\n<meta property=\"og:image\" content=\"https:\/\/www.correiobraziliense.com.br\/cbradar\/wp-content\/uploads\/2025\/07\/planeta-terra_1751745098644.jpg\" \/>\n\t<meta property=\"og:image:width\" content=\"1280\" \/>\n\t<meta property=\"og:image:height\" content=\"720\" \/>\n\t<meta property=\"og:image:type\" content=\"image\/jpeg\" \/>\n<meta name=\"author\" content=\"Larissa Carvalho\" \/>\n<meta name=\"twitter:card\" content=\"summary_large_image\" \/>\n<meta name=\"twitter:label1\" content=\"Escrito por\" \/>\n\t<meta name=\"twitter:data1\" content=\"Larissa Carvalho\" \/>\n\t<meta name=\"twitter:label2\" content=\"Est. tempo de leitura\" \/>\n\t<meta name=\"twitter:data2\" content=\"3 minutos\" \/>\n<!-- \/ Yoast SEO plugin. -->","yoast_head_json":{"title":"O maior perigo silencioso do planeta pode estar sob nossos p\u00e9s","description":"O ritmo acelerado de aquecimento preocupa especialistas e exige aten\u00e7\u00e3o. Veja o que est\u00e1 por tr\u00e1s do aumento do calor na Terra.","robots":{"index":"index","follow":"follow","max-snippet":"max-snippet:-1","max-image-preview":"max-image-preview:large","max-video-preview":"max-video-preview:-1"},"canonical":"https:\/\/www.correiobraziliense.com.br\/cbradar\/o-maior-perigo-silencioso-do-planeta-pode-estar-sob-nossos-pes\/","og_locale":"pt_BR","og_type":"article","og_title":"O maior perigo silencioso do planeta pode estar sob nossos p\u00e9s","og_description":"O ritmo acelerado de aquecimento preocupa especialistas e exige aten\u00e7\u00e3o. Veja o que est\u00e1 por tr\u00e1s do aumento do calor na Terra.","og_url":"https:\/\/www.correiobraziliense.com.br\/cbradar\/o-maior-perigo-silencioso-do-planeta-pode-estar-sob-nossos-pes\/","og_site_name":"Correio Braziliense - Radar","article_published_time":"2025-07-06T19:03:00+00:00","og_image":[{"width":1280,"height":720,"url":"https:\/\/www.correiobraziliense.com.br\/cbradar\/wp-content\/uploads\/2025\/07\/planeta-terra_1751745098644.jpg","type":"image\/jpeg"}],"author":"Larissa Carvalho","twitter_card":"summary_large_image","twitter_misc":{"Escrito por":"Larissa Carvalho","Est. tempo de leitura":"3 minutos"},"schema":{"@context":"https:\/\/schema.org","@graph":[{"@type":"WebPage","@id":"https:\/\/www.correiobraziliense.com.br\/cbradar\/o-maior-perigo-silencioso-do-planeta-pode-estar-sob-nossos-pes\/","url":"https:\/\/www.correiobraziliense.com.br\/cbradar\/o-maior-perigo-silencioso-do-planeta-pode-estar-sob-nossos-pes\/","name":"O maior perigo silencioso do planeta pode estar sob nossos p\u00e9s","isPartOf":{"@id":"https:\/\/www.correiobraziliense.com.br\/cbradar\/#website"},"primaryImageOfPage":{"@id":"https:\/\/www.correiobraziliense.com.br\/cbradar\/o-maior-perigo-silencioso-do-planeta-pode-estar-sob-nossos-pes\/#primaryimage"},"image":{"@id":"https:\/\/www.correiobraziliense.com.br\/cbradar\/o-maior-perigo-silencioso-do-planeta-pode-estar-sob-nossos-pes\/#primaryimage"},"thumbnailUrl":"https:\/\/www.correiobraziliense.com.br\/cbradar\/wp-content\/uploads\/2025\/07\/planeta-terra_1751745098644.jpg","datePublished":"2025-07-06T19:03:00+00:00","author":{"@id":"https:\/\/www.correiobraziliense.com.br\/cbradar\/#\/schema\/person\/58422787644df994b53a19d3e56c1513"},"description":"O ritmo acelerado de aquecimento preocupa especialistas e exige aten\u00e7\u00e3o. Veja o que est\u00e1 por tr\u00e1s do aumento do calor na Terra.","breadcrumb":{"@id":"https:\/\/www.correiobraziliense.com.br\/cbradar\/o-maior-perigo-silencioso-do-planeta-pode-estar-sob-nossos-pes\/#breadcrumb"},"inLanguage":"pt-BR","potentialAction":[{"@type":"ReadAction","target":["https:\/\/www.correiobraziliense.com.br\/cbradar\/o-maior-perigo-silencioso-do-planeta-pode-estar-sob-nossos-pes\/"]}]},{"@type":"ImageObject","inLanguage":"pt-BR","@id":"https:\/\/www.correiobraziliense.com.br\/cbradar\/o-maior-perigo-silencioso-do-planeta-pode-estar-sob-nossos-pes\/#primaryimage","url":"https:\/\/www.correiobraziliense.com.br\/cbradar\/wp-content\/uploads\/2025\/07\/planeta-terra_1751745098644.jpg","contentUrl":"https:\/\/www.correiobraziliense.com.br\/cbradar\/wp-content\/uploads\/2025\/07\/planeta-terra_1751745098644.jpg","width":1280,"height":720,"caption":"planeta terra. Cr\u00e9ditos: depositphotos.com \/ igorkovalcuk"},{"@type":"BreadcrumbList","@id":"https:\/\/www.correiobraziliense.com.br\/cbradar\/o-maior-perigo-silencioso-do-planeta-pode-estar-sob-nossos-pes\/#breadcrumb","itemListElement":[{"@type":"ListItem","position":1,"name":"In\u00edcio","item":"https:\/\/www.correiobraziliense.com.br\/cbradar\/"},{"@type":"ListItem","position":2,"name":"O maior perigo silencioso do planeta pode estar sob nossos p\u00e9s"}]},{"@type":"WebSite","@id":"https:\/\/www.correiobraziliense.com.br\/cbradar\/#website","url":"https:\/\/www.correiobraziliense.com.br\/cbradar\/","name":"Correio Braziliense - Radar","description":"Acompanhe as \u00faltimas not\u00edcias e fique bem informado sobre tudo o que acontece no Brasil e no mundo.","potentialAction":[{"@type":"SearchAction","target":{"@type":"EntryPoint","urlTemplate":"https:\/\/www.correiobraziliense.com.br\/cbradar\/?s={search_term_string}"},"query-input":{"@type":"PropertyValueSpecification","valueRequired":true,"valueName":"search_term_string"}}],"inLanguage":"pt-BR"},{"@type":"Person","@id":"https:\/\/www.correiobraziliense.com.br\/cbradar\/#\/schema\/person\/58422787644df994b53a19d3e56c1513","name":"Larissa Carvalho","image":{"@type":"ImageObject","inLanguage":"pt-BR","@id":"https:\/\/www.correiobraziliense.com.br\/cbradar\/#\/schema\/person\/image\/","url":"https:\/\/secure.gravatar.com\/avatar\/fe4f91a0de32b52a838d0d612abdc1aa?s=96&d=mm&r=g","contentUrl":"https:\/\/secure.gravatar.com\/avatar\/fe4f91a0de32b52a838d0d612abdc1aa?s=96&d=mm&r=g","caption":"Larissa Carvalho"},"url":"https:\/\/www.correiobraziliense.com.br\/cbradar\/author\/larissamyth\/"}]}},"_links":{"self":[{"href":"https:\/\/www.correiobraziliense.com.br\/cbradar\/wp-json\/wp\/v2\/posts\/65393","targetHints":{"allow":["GET"]}}],"collection":[{"href":"https:\/\/www.correiobraziliense.com.br\/cbradar\/wp-json\/wp\/v2\/posts"}],"about":[{"href":"https:\/\/www.correiobraziliense.com.br\/cbradar\/wp-json\/wp\/v2\/types\/post"}],"author":[{"embeddable":true,"href":"https:\/\/www.correiobraziliense.com.br\/cbradar\/wp-json\/wp\/v2\/users\/3"}],"replies":[{"embeddable":true,"href":"https:\/\/www.correiobraziliense.com.br\/cbradar\/wp-json\/wp\/v2\/comments?post=65393"}],"version-history":[{"count":1,"href":"https:\/\/www.correiobraziliense.com.br\/cbradar\/wp-json\/wp\/v2\/posts\/65393\/revisions"}],"predecessor-version":[{"id":65406,"href":"https:\/\/www.correiobraziliense.com.br\/cbradar\/wp-json\/wp\/v2\/posts\/65393\/revisions\/65406"}],"wp:featuredmedia":[{"embeddable":true,"href":"https:\/\/www.correiobraziliense.com.br\/cbradar\/wp-json\/wp\/v2\/media\/65403"}],"wp:attachment":[{"href":"https:\/\/www.correiobraziliense.com.br\/cbradar\/wp-json\/wp\/v2\/media?parent=65393"}],"wp:term":[{"taxonomy":"category","embeddable":true,"href":"https:\/\/www.correiobraziliense.com.br\/cbradar\/wp-json\/wp\/v2\/categories?post=65393"},{"taxonomy":"post_tag","embeddable":true,"href":"https:\/\/www.correiobraziliense.com.br\/cbradar\/wp-json\/wp\/v2\/post_tag?post=65393"}],"curies":[{"name":"wp","href":"https:\/\/api.w.org\/{rel}","templated":true}]}}