{"id":65432,"date":"2025-07-06T17:43:00","date_gmt":"2025-07-06T20:43:00","guid":{"rendered":"https:\/\/www.correiobraziliense.com.br\/cbradar\/?p=65432"},"modified":"2025-07-05T18:21:16","modified_gmt":"2025-07-05T21:21:16","slug":"7-sintomas-do-cotidiano-que-podem-indicar-doencas-graves","status":"publish","type":"post","link":"https:\/\/www.correiobraziliense.com.br\/cbradar\/7-sintomas-do-cotidiano-que-podem-indicar-doencas-graves\/","title":{"rendered":"7 sintomas do cotidiano que podem indicar doen\u00e7as graves"},"content":{"rendered":"\n<p>Alguns desconfortos do dia a dia podem parecer banais, mas <strong>sintomas comuns<\/strong> podem indicar problemas de sa\u00fade s\u00e9rios quando persistem. Estar atento ao corpo pode salvar vidas.<\/p>\n\n\n\n<ul class=\"wp-block-list\">\n<li><strong>Fadiga ou cansa\u00e7o excessivo longe do comum<\/strong> pode sinalizar dist\u00farbios cr\u00f4nicos<\/li>\n\n\n\n<li><strong>Dores recorrentes e inexplic\u00e1veis<\/strong> que se manifestam sem raz\u00e3o aparente<\/li>\n\n\n\n<li><strong>Mudan\u00e7as na digest\u00e3o ou na urina<\/strong> podem ser pistas de alerta silencioso<\/li>\n<\/ul>\n\n\n\n<h2 class=\"wp-block-heading\">Fadiga persistente pode indicar doen\u00e7as cr\u00f4nicas<\/h2>\n\n\n\n<p><strong>Fadiga di\u00e1ria incomum<\/strong> que n\u00e3o melhora com descanso pode ser sinal de anemia, disfun\u00e7\u00f5es da tireoide ou problemas card\u00edacos.<\/p>\n\n\n\n<p>Se o cansa\u00e7o interfere nas atividades habituais por semanas, uma avalia\u00e7\u00e3o m\u00e9dica \u00e9 essencial.<\/p>\n\n\n\n<h2 class=\"wp-block-heading\">Dores inexplic\u00e1veis exigem aten\u00e7\u00e3o m\u00e9dica<\/h2>\n\n\n\n<p><strong>Dor constante ou repetitiva<\/strong> sem causa clara \u2014 principalmente no peito, abd\u00f4men ou articula\u00e7\u00f5es \u2014 pode revelar condi\u00e7\u00f5es como gastrite, artrite ou problemas card\u00edacos.<\/p>\n\n\n\n<p>A presen\u00e7a de dor no peito, mesmo que leve, especialmente ao subir escadas ou tens\u00e3o f\u00edsica, requer investiga\u00e7\u00e3o imediata.<\/p>\n\n\n\n<h2 class=\"wp-block-heading\">Mudan\u00e7as no sistema digestivo e urin\u00e1rio<\/h2>\n\n\n\n<p><strong>Altera\u00e7\u00f5es nos h\u00e1bitos intestinais<\/strong> como constipa\u00e7\u00e3o ou diarreia frequente podem indicar dist\u00farbios digestivos ou doen\u00e7as mais graves.<\/p>\n\n\n\n<p><strong>Urina escura, espumosa ou frequ\u00eancia alterada<\/strong> tamb\u00e9m pode sinalizar problemas renais ou hep\u00e1ticos.<\/p>\n\n\n\n<figure class=\"wp-block-image size-large\"><img decoding=\"async\" width=\"1024\" height=\"576\" src=\"https:\/\/www.correiobraziliense.com.br\/cbradar\/wp-content\/uploads\/2025\/07\/medico_1751750363629-1024x576.jpg\" alt=\"7 sintomas do cotidiano que podem indicar doen\u00e7as graves\" class=\"wp-image-65434\" srcset=\"https:\/\/www.correiobraziliense.com.br\/cbradar\/wp-content\/uploads\/2025\/07\/medico_1751750363629-1024x576.jpg 1024w, https:\/\/www.correiobraziliense.com.br\/cbradar\/wp-content\/uploads\/2025\/07\/medico_1751750363629-300x169.jpg 300w, https:\/\/www.correiobraziliense.com.br\/cbradar\/wp-content\/uploads\/2025\/07\/medico_1751750363629-768x432.jpg 768w, https:\/\/www.correiobraziliense.com.br\/cbradar\/wp-content\/uploads\/2025\/07\/medico_1751750363629-750x422.jpg 750w, https:\/\/www.correiobraziliense.com.br\/cbradar\/wp-content\/uploads\/2025\/07\/medico_1751750363629-1140x642.jpg 1140w, https:\/\/www.correiobraziliense.com.br\/cbradar\/wp-content\/uploads\/2025\/07\/medico_1751750363629.jpg 1279w\" sizes=\"(max-width: 1024px) 100vw, 1024px\" \/><figcaption class=\"wp-element-caption\">m\u00e9dico. Cr\u00e9ditos: depositphotos.com \/ studiosnowden<\/figcaption><\/figure>\n\n\n\n<h2 class=\"wp-block-heading\">Falta de ar e palpita\u00e7\u00f5es n\u00e3o s\u00e3o normais<\/h2>\n\n\n\n<p><strong>Falta de ar ou batimentos irregulares<\/strong> sem esfor\u00e7o f\u00edsico intenso podem estar ligados a arritmias, hipertens\u00e3o ou insufici\u00eancia card\u00edaca.<\/p>\n\n\n\n<p>Taquicardia frequente, sensa\u00e7\u00e3o de desmaio ou respira\u00e7\u00e3o ofegante indicam que o corpo est\u00e1 em alerta.<\/p>\n\n\n\n<h2 class=\"wp-block-heading\">Incha\u00e7o persistente no corpo<\/h2>\n\n\n\n<p><strong>Incha\u00e7o incomum nas pernas, tornozelos ou abd\u00f4men<\/strong> pode estar associado a reten\u00e7\u00e3o de l\u00edquidos, insufici\u00eancia renal ou doen\u00e7as card\u00edacas.<\/p>\n\n\n\n<p>Esteja atento se o edema aparece mesmo sem esfor\u00e7o f\u00edsico ou longo tempo em p\u00e9.<\/p>\n\n\n\n<h2 class=\"wp-block-heading\">Sintomas comuns podem esconder algo s\u00e9rio<\/h2>\n\n\n\n<ul class=\"wp-block-list\">\n<li>Fadiga persistente e sem explica\u00e7\u00e3o<\/li>\n\n\n\n<li>Dores frequentes, mesmo que leves<\/li>\n\n\n\n<li>Altera\u00e7\u00f5es digestivas e urin\u00e1rias not\u00e1veis<\/li>\n<\/ul>\n\n\n\n<p><strong>Sintomas cotidianos persistentes<\/strong> devem ser investigados. Muitas doen\u00e7as graves se manifestam silenciosamente.<\/p>\n","protected":false},"excerpt":{"rendered":"<p>Ignorar sinais do corpo pode ser perigoso. Veja quais sintomas do dia a dia merecem aten\u00e7\u00e3o m\u00e9dica e podem salvar vidas.<\/p>\n","protected":false},"author":3,"featured_media":65433,"comment_status":"open","ping_status":"open","sticky":false,"template":"","format":"standard","meta":{"_yoast_wpseo_focuskw":"sintomas doen\u00e7as graves","_yoast_wpseo_title":"%%title%%","_yoast_wpseo_metadesc":"Ignorar sinais do corpo pode ser perigoso. Veja quais sintomas do dia a dia merecem aten\u00e7\u00e3o m\u00e9dica e podem salvar vidas.","jnews-multi-image_gallery":[],"jnews_single_post":{"format":"standard"},"jnews_primary_category":[],"jnews_social_meta":[],"jnews_override_counter":[],"footnotes":""},"categories":[112],"tags":[144,7781,1318],"class_list":["post-65432","post","type-post","status-publish","format-standard","has-post-thumbnail","hentry","category-curiosidades","tag-curiosidades","tag-doencas-graves","tag-saude-2"],"yoast_head":"<!-- This site is optimized with the Yoast SEO plugin v24.6 - https:\/\/yoast.com\/wordpress\/plugins\/seo\/ -->\n<title>7 sintomas do cotidiano que podem indicar doen\u00e7as graves<\/title>\n<meta name=\"description\" content=\"Ignorar sinais do corpo pode ser perigoso. Veja quais sintomas do dia a dia merecem aten\u00e7\u00e3o m\u00e9dica e podem salvar vidas.\" \/>\n<meta name=\"robots\" content=\"index, follow, max-snippet:-1, max-image-preview:large, max-video-preview:-1\" \/>\n<link rel=\"canonical\" href=\"https:\/\/www.correiobraziliense.com.br\/cbradar\/7-sintomas-do-cotidiano-que-podem-indicar-doencas-graves\/\" \/>\n<meta property=\"og:locale\" content=\"pt_BR\" \/>\n<meta property=\"og:type\" content=\"article\" \/>\n<meta property=\"og:title\" content=\"7 sintomas do cotidiano que podem indicar doen\u00e7as graves\" \/>\n<meta property=\"og:description\" content=\"Ignorar sinais do corpo pode ser perigoso. Veja quais sintomas do dia a dia merecem aten\u00e7\u00e3o m\u00e9dica e podem salvar vidas.\" \/>\n<meta property=\"og:url\" content=\"https:\/\/www.correiobraziliense.com.br\/cbradar\/7-sintomas-do-cotidiano-que-podem-indicar-doencas-graves\/\" \/>\n<meta property=\"og:site_name\" content=\"Correio Braziliense - Radar\" \/>\n<meta property=\"article:published_time\" content=\"2025-07-06T20:43:00+00:00\" \/>\n<meta property=\"og:image\" content=\"https:\/\/www.correiobraziliense.com.br\/cbradar\/wp-content\/uploads\/2025\/07\/medico_1751750321982.jpg\" \/>\n\t<meta property=\"og:image:width\" content=\"1280\" \/>\n\t<meta property=\"og:image:height\" content=\"720\" \/>\n\t<meta property=\"og:image:type\" content=\"image\/jpeg\" \/>\n<meta name=\"author\" content=\"Larissa Carvalho\" \/>\n<meta name=\"twitter:card\" content=\"summary_large_image\" \/>\n<meta name=\"twitter:label1\" content=\"Escrito por\" \/>\n\t<meta name=\"twitter:data1\" content=\"Larissa Carvalho\" \/>\n\t<meta name=\"twitter:label2\" content=\"Est. tempo de leitura\" \/>\n\t<meta name=\"twitter:data2\" content=\"3 minutos\" \/>\n<!-- \/ Yoast SEO plugin. -->","yoast_head_json":{"title":"7 sintomas do cotidiano que podem indicar doen\u00e7as graves","description":"Ignorar sinais do corpo pode ser perigoso. Veja quais sintomas do dia a dia merecem aten\u00e7\u00e3o m\u00e9dica e podem salvar vidas.","robots":{"index":"index","follow":"follow","max-snippet":"max-snippet:-1","max-image-preview":"max-image-preview:large","max-video-preview":"max-video-preview:-1"},"canonical":"https:\/\/www.correiobraziliense.com.br\/cbradar\/7-sintomas-do-cotidiano-que-podem-indicar-doencas-graves\/","og_locale":"pt_BR","og_type":"article","og_title":"7 sintomas do cotidiano que podem indicar doen\u00e7as graves","og_description":"Ignorar sinais do corpo pode ser perigoso. Veja quais sintomas do dia a dia merecem aten\u00e7\u00e3o m\u00e9dica e podem salvar vidas.","og_url":"https:\/\/www.correiobraziliense.com.br\/cbradar\/7-sintomas-do-cotidiano-que-podem-indicar-doencas-graves\/","og_site_name":"Correio Braziliense - Radar","article_published_time":"2025-07-06T20:43:00+00:00","og_image":[{"width":1280,"height":720,"url":"https:\/\/www.correiobraziliense.com.br\/cbradar\/wp-content\/uploads\/2025\/07\/medico_1751750321982.jpg","type":"image\/jpeg"}],"author":"Larissa Carvalho","twitter_card":"summary_large_image","twitter_misc":{"Escrito por":"Larissa Carvalho","Est. tempo de leitura":"3 minutos"},"schema":{"@context":"https:\/\/schema.org","@graph":[{"@type":"WebPage","@id":"https:\/\/www.correiobraziliense.com.br\/cbradar\/7-sintomas-do-cotidiano-que-podem-indicar-doencas-graves\/","url":"https:\/\/www.correiobraziliense.com.br\/cbradar\/7-sintomas-do-cotidiano-que-podem-indicar-doencas-graves\/","name":"7 sintomas do cotidiano que podem indicar doen\u00e7as graves","isPartOf":{"@id":"https:\/\/www.correiobraziliense.com.br\/cbradar\/#website"},"primaryImageOfPage":{"@id":"https:\/\/www.correiobraziliense.com.br\/cbradar\/7-sintomas-do-cotidiano-que-podem-indicar-doencas-graves\/#primaryimage"},"image":{"@id":"https:\/\/www.correiobraziliense.com.br\/cbradar\/7-sintomas-do-cotidiano-que-podem-indicar-doencas-graves\/#primaryimage"},"thumbnailUrl":"https:\/\/www.correiobraziliense.com.br\/cbradar\/wp-content\/uploads\/2025\/07\/medico_1751750321982.jpg","datePublished":"2025-07-06T20:43:00+00:00","author":{"@id":"https:\/\/www.correiobraziliense.com.br\/cbradar\/#\/schema\/person\/58422787644df994b53a19d3e56c1513"},"description":"Ignorar sinais do corpo pode ser perigoso. Veja quais sintomas do dia a dia merecem aten\u00e7\u00e3o m\u00e9dica e podem salvar vidas.","breadcrumb":{"@id":"https:\/\/www.correiobraziliense.com.br\/cbradar\/7-sintomas-do-cotidiano-que-podem-indicar-doencas-graves\/#breadcrumb"},"inLanguage":"pt-BR","potentialAction":[{"@type":"ReadAction","target":["https:\/\/www.correiobraziliense.com.br\/cbradar\/7-sintomas-do-cotidiano-que-podem-indicar-doencas-graves\/"]}]},{"@type":"ImageObject","inLanguage":"pt-BR","@id":"https:\/\/www.correiobraziliense.com.br\/cbradar\/7-sintomas-do-cotidiano-que-podem-indicar-doencas-graves\/#primaryimage","url":"https:\/\/www.correiobraziliense.com.br\/cbradar\/wp-content\/uploads\/2025\/07\/medico_1751750321982.jpg","contentUrl":"https:\/\/www.correiobraziliense.com.br\/cbradar\/wp-content\/uploads\/2025\/07\/medico_1751750321982.jpg","width":1280,"height":720,"caption":"m\u00e9dico. Cr\u00e9ditos: depositphotos.com \/ pressmaster"},{"@type":"BreadcrumbList","@id":"https:\/\/www.correiobraziliense.com.br\/cbradar\/7-sintomas-do-cotidiano-que-podem-indicar-doencas-graves\/#breadcrumb","itemListElement":[{"@type":"ListItem","position":1,"name":"In\u00edcio","item":"https:\/\/www.correiobraziliense.com.br\/cbradar\/"},{"@type":"ListItem","position":2,"name":"7 sintomas do cotidiano que podem indicar doen\u00e7as graves"}]},{"@type":"WebSite","@id":"https:\/\/www.correiobraziliense.com.br\/cbradar\/#website","url":"https:\/\/www.correiobraziliense.com.br\/cbradar\/","name":"Correio Braziliense - Radar","description":"Acompanhe as \u00faltimas not\u00edcias e fique bem informado sobre tudo o que acontece no Brasil e no mundo.","potentialAction":[{"@type":"SearchAction","target":{"@type":"EntryPoint","urlTemplate":"https:\/\/www.correiobraziliense.com.br\/cbradar\/?s={search_term_string}"},"query-input":{"@type":"PropertyValueSpecification","valueRequired":true,"valueName":"search_term_string"}}],"inLanguage":"pt-BR"},{"@type":"Person","@id":"https:\/\/www.correiobraziliense.com.br\/cbradar\/#\/schema\/person\/58422787644df994b53a19d3e56c1513","name":"Larissa Carvalho","image":{"@type":"ImageObject","inLanguage":"pt-BR","@id":"https:\/\/www.correiobraziliense.com.br\/cbradar\/#\/schema\/person\/image\/","url":"https:\/\/secure.gravatar.com\/avatar\/fe4f91a0de32b52a838d0d612abdc1aa?s=96&d=mm&r=g","contentUrl":"https:\/\/secure.gravatar.com\/avatar\/fe4f91a0de32b52a838d0d612abdc1aa?s=96&d=mm&r=g","caption":"Larissa Carvalho"},"url":"https:\/\/www.correiobraziliense.com.br\/cbradar\/author\/larissamyth\/"}]}},"_links":{"self":[{"href":"https:\/\/www.correiobraziliense.com.br\/cbradar\/wp-json\/wp\/v2\/posts\/65432","targetHints":{"allow":["GET"]}}],"collection":[{"href":"https:\/\/www.correiobraziliense.com.br\/cbradar\/wp-json\/wp\/v2\/posts"}],"about":[{"href":"https:\/\/www.correiobraziliense.com.br\/cbradar\/wp-json\/wp\/v2\/types\/post"}],"author":[{"embeddable":true,"href":"https:\/\/www.correiobraziliense.com.br\/cbradar\/wp-json\/wp\/v2\/users\/3"}],"replies":[{"embeddable":true,"href":"https:\/\/www.correiobraziliense.com.br\/cbradar\/wp-json\/wp\/v2\/comments?post=65432"}],"version-history":[{"count":1,"href":"https:\/\/www.correiobraziliense.com.br\/cbradar\/wp-json\/wp\/v2\/posts\/65432\/revisions"}],"predecessor-version":[{"id":65435,"href":"https:\/\/www.correiobraziliense.com.br\/cbradar\/wp-json\/wp\/v2\/posts\/65432\/revisions\/65435"}],"wp:featuredmedia":[{"embeddable":true,"href":"https:\/\/www.correiobraziliense.com.br\/cbradar\/wp-json\/wp\/v2\/media\/65433"}],"wp:attachment":[{"href":"https:\/\/www.correiobraziliense.com.br\/cbradar\/wp-json\/wp\/v2\/media?parent=65432"}],"wp:term":[{"taxonomy":"category","embeddable":true,"href":"https:\/\/www.correiobraziliense.com.br\/cbradar\/wp-json\/wp\/v2\/categories?post=65432"},{"taxonomy":"post_tag","embeddable":true,"href":"https:\/\/www.correiobraziliense.com.br\/cbradar\/wp-json\/wp\/v2\/tags?post=65432"}],"curies":[{"name":"wp","href":"https:\/\/api.w.org\/{rel}","templated":true}]}}