{"id":65611,"date":"2025-07-07T19:43:00","date_gmt":"2025-07-07T22:43:00","guid":{"rendered":"https:\/\/www.correiobraziliense.com.br\/cbradar\/?p=65611"},"modified":"2025-07-07T00:43:04","modified_gmt":"2025-07-07T03:43:04","slug":"como-comecar-a-correr-do-zero-e-manter-a-motivacao","status":"publish","type":"post","link":"https:\/\/www.correiobraziliense.com.br\/cbradar\/como-comecar-a-correr-do-zero-e-manter-a-motivacao\/","title":{"rendered":"Como come\u00e7ar a correr do zero e manter a motiva\u00e7\u00e3o"},"content":{"rendered":"\n<p>A <strong><a href=\"https:\/\/pt.wikipedia.org\/wiki\/Corrida\" target=\"_blank\" rel=\"noreferrer noopener\">corrida <\/a><\/strong>\u00e9 uma atividade f\u00edsica acess\u00edvel, eficiente e transformadora. Come\u00e7ar a correr do zero pode parecer desafiador, mas com planejamento, disciplina e metas realistas, \u00e9 poss\u00edvel tornar o h\u00e1bito prazeroso e duradouro. Al\u00e9m disso, correr melhora o condicionamento f\u00edsico, a <strong><a href=\"https:\/\/www.correiobraziliense.com.br\/cbradar\/treino-de-alta-intensidade-para-melhorar-a-saude-mental\/\" target=\"_blank\" rel=\"noreferrer noopener\">sa\u00fade mental<\/a><\/strong> e promove um bem-estar geral.<\/p>\n\n\n\n<h2 class=\"wp-block-heading\">Como preparar o corpo e a mente para o in\u00edcio?<\/h2>\n\n\n\n<p><strong>Antes de come\u00e7ar a correr, \u00e9 importante preparar o corpo com caminhadas regulares e alongamentos.<\/strong> Essa etapa de adapta\u00e7\u00e3o ajuda a evitar les\u00f5es e permite que o corpo desenvolva resist\u00eancia gradualmente.<\/p>\n\n\n\n<p>Tamb\u00e9m \u00e9 fundamental trabalhar a motiva\u00e7\u00e3o. Estabele\u00e7a um prop\u00f3sito claro, como melhorar a sa\u00fade ou completar uma prova. Ter um motivo forte mant\u00e9m o foco mesmo diante das dificuldades iniciais.<\/p>\n\n\n<div class=\"wp-block-image\">\n<figure class=\"aligncenter size-large\"><img decoding=\"async\" width=\"1024\" height=\"576\" src=\"https:\/\/www.correiobraziliense.com.br\/cbradar\/wp-content\/uploads\/2025\/06\/correr_1749432347072-1024x576.jpg\" alt=\"Como a corrida pode transformar sua sa\u00fade e disposi\u00e7\u00e3o\" class=\"wp-image-50159\" srcset=\"https:\/\/www.correiobraziliense.com.br\/cbradar\/wp-content\/uploads\/2025\/06\/correr_1749432347072-1024x576.jpg 1024w, https:\/\/www.correiobraziliense.com.br\/cbradar\/wp-content\/uploads\/2025\/06\/correr_1749432347072-300x169.jpg 300w, https:\/\/www.correiobraziliense.com.br\/cbradar\/wp-content\/uploads\/2025\/06\/correr_1749432347072-768x432.jpg 768w, https:\/\/www.correiobraziliense.com.br\/cbradar\/wp-content\/uploads\/2025\/06\/correr_1749432347072-750x422.jpg 750w, https:\/\/www.correiobraziliense.com.br\/cbradar\/wp-content\/uploads\/2025\/06\/correr_1749432347072-1140x641.jpg 1140w, https:\/\/www.correiobraziliense.com.br\/cbradar\/wp-content\/uploads\/2025\/06\/correr_1749432347072.jpg 1280w\" sizes=\"(max-width: 1024px) 100vw, 1024px\" \/><figcaption class=\"wp-element-caption\">Correr \/\/ Cr\u00e9ditos: depositphotos.com \/ VitalikRadko<\/figcaption><\/figure><\/div>\n\n\n<h2 class=\"wp-block-heading\">Equipamentos b\u00e1sicos: o que voc\u00ea realmente precisa<\/h2>\n\n\n\n<p>Um bom par de t\u00eanis adequado ao seu tipo de pisada \u00e9 o item mais importante. <strong>Usar o cal\u00e7ado errado pode causar les\u00f5es nos joelhos, tornozelos e coluna.<\/strong> Roupas leves, respir\u00e1veis e apropriadas ao clima tamb\u00e9m fazem a diferen\u00e7a no conforto durante os treinos.<\/p>\n\n\n\n<p>Acess\u00f3rios como rel\u00f3gio com cron\u00f4metro ou aplicativos de corrida ajudam a controlar o ritmo e acompanhar a evolu\u00e7\u00e3o. No in\u00edcio, o mais importante \u00e9 sentir-se bem ao correr.<\/p>\n\n\n\n<h2 class=\"wp-block-heading\">Montando um plano de treino para iniciantes<\/h2>\n\n\n\n<p>A melhor estrat\u00e9gia \u00e9 alternar corrida com caminhada. Por exemplo: 1 minuto correndo e 2 minutos caminhando, por 20 a 30 minutos. <strong>Esse m\u00e9todo progressivo fortalece o sistema cardiorrespirat\u00f3rio sem sobrecarregar o corpo.<\/strong><\/p>\n\n\n\n<p>Com o tempo, aumente gradualmente o tempo de corrida e reduza o de caminhada. Em poucas semanas, j\u00e1 ser\u00e1 poss\u00edvel correr por per\u00edodos mais longos com conforto e seguran\u00e7a.<\/p>\n\n\n\n<h2 class=\"wp-block-heading\">Dicas pr\u00e1ticas para manter a const\u00e2ncia<\/h2>\n\n\n\n<p>Escolha hor\u00e1rios fixos para treinar, preferencialmente em locais seguros e agrad\u00e1veis. Ouvir m\u00fasica animada ou podcasts pode tornar a experi\u00eancia mais prazerosa. <strong>Registrar os treinos e celebrar pequenas conquistas ajuda a manter a motiva\u00e7\u00e3o.<\/strong><\/p>\n\n\n\n<p>Participar de grupos de corrida, mesmo virtuais, e seguir perfis inspiradores nas redes sociais tamb\u00e9m s\u00e3o \u00f3timas estrat\u00e9gias para manter o compromisso com o novo h\u00e1bito.<\/p>\n\n\n\n<h2 class=\"wp-block-heading\">Cuidados importantes para evitar les\u00f5es<\/h2>\n\n\n\n<p>O aquecimento antes do treino e o alongamento ap\u00f3s s\u00e3o essenciais. Al\u00e9m disso, \u00e9 importante respeitar os dias de descanso para que o corpo se recupere. <strong>A dor excessiva n\u00e3o \u00e9 normal e pode indicar sobrecarga.<\/strong><\/p>\n\n\n\n<p>Consultar um m\u00e9dico e um educador f\u00edsico no in\u00edcio da pr\u00e1tica garante uma orienta\u00e7\u00e3o segura e personalizada, especialmente para quem tem hist\u00f3rico de doen\u00e7as ou les\u00f5es.<\/p>\n","protected":false},"excerpt":{"rendered":"<p>A corrida \u00e9 uma atividade f\u00edsica acess\u00edvel, eficiente e transformadora. Come\u00e7ar a correr do zero pode parecer desafiador, mas com planejamento, disciplina e metas realistas, \u00e9 poss\u00edvel tornar o h\u00e1bito prazeroso e duradouro. Al\u00e9m disso, correr melhora o condicionamento f\u00edsico, a sa\u00fade mental e promove um bem-estar geral. Como preparar o corpo e a mente [&hellip;]<\/p>\n","protected":false},"author":8,"featured_media":50161,"comment_status":"open","ping_status":"open","sticky":false,"template":"","format":"standard","meta":{"_yoast_wpseo_focuskw":"correr","_yoast_wpseo_title":"","_yoast_wpseo_metadesc":"Descubra como come\u00e7ar a correr do zero com um plano simples e manter a motiva\u00e7\u00e3o para transformar esse h\u00e1bito em parte da sua rotina di\u00e1ria.","jnews-multi-image_gallery":[],"jnews_single_post":{"format":"standard"},"jnews_primary_category":[],"jnews_social_meta":[],"jnews_override_counter":[],"footnotes":""},"categories":[119,4404],"tags":[7806,443],"class_list":["post-65611","post","type-post","status-publish","format-standard","has-post-thumbnail","hentry","category-bem-estar","category-saude","tag-como-comecar-a-correr","tag-corrida"],"yoast_head":"<!-- This site is optimized with the Yoast SEO plugin v24.6 - https:\/\/yoast.com\/wordpress\/plugins\/seo\/ -->\n<title>Como come\u00e7ar a correr do zero e manter a motiva\u00e7\u00e3o - Correio Braziliense - Radar<\/title>\n<meta name=\"description\" content=\"Descubra como come\u00e7ar a correr do zero com um plano simples e manter a motiva\u00e7\u00e3o para transformar esse h\u00e1bito em parte da sua rotina di\u00e1ria.\" \/>\n<meta name=\"robots\" content=\"index, follow, max-snippet:-1, max-image-preview:large, max-video-preview:-1\" \/>\n<link rel=\"canonical\" href=\"https:\/\/www.correiobraziliense.com.br\/cbradar\/como-comecar-a-correr-do-zero-e-manter-a-motivacao\/\" \/>\n<meta property=\"og:locale\" content=\"pt_BR\" \/>\n<meta property=\"og:type\" content=\"article\" \/>\n<meta property=\"og:title\" content=\"Como come\u00e7ar a correr do zero e manter a motiva\u00e7\u00e3o - Correio Braziliense - Radar\" \/>\n<meta property=\"og:description\" content=\"Descubra como come\u00e7ar a correr do zero com um plano simples e manter a motiva\u00e7\u00e3o para transformar esse h\u00e1bito em parte da sua rotina di\u00e1ria.\" \/>\n<meta property=\"og:url\" content=\"https:\/\/www.correiobraziliense.com.br\/cbradar\/como-comecar-a-correr-do-zero-e-manter-a-motivacao\/\" \/>\n<meta property=\"og:site_name\" content=\"Correio Braziliense - Radar\" \/>\n<meta property=\"article:published_time\" content=\"2025-07-07T22:43:00+00:00\" \/>\n<meta property=\"og:image\" content=\"https:\/\/www.correiobraziliense.com.br\/cbradar\/wp-content\/uploads\/2025\/06\/correr_1749432470967.jpg\" \/>\n\t<meta property=\"og:image:width\" content=\"1280\" \/>\n\t<meta property=\"og:image:height\" content=\"720\" \/>\n\t<meta property=\"og:image:type\" content=\"image\/jpeg\" \/>\n<meta name=\"author\" content=\"Maura Pereira\" \/>\n<meta name=\"twitter:card\" content=\"summary_large_image\" \/>\n<meta name=\"twitter:label1\" content=\"Escrito por\" \/>\n\t<meta name=\"twitter:data1\" content=\"Maura Pereira\" \/>\n\t<meta name=\"twitter:label2\" content=\"Est. tempo de leitura\" \/>\n\t<meta name=\"twitter:data2\" content=\"3 minutos\" \/>\n<!-- \/ Yoast SEO plugin. -->","yoast_head_json":{"title":"Como come\u00e7ar a correr do zero e manter a motiva\u00e7\u00e3o - Correio Braziliense - Radar","description":"Descubra como come\u00e7ar a correr do zero com um plano simples e manter a motiva\u00e7\u00e3o para transformar esse h\u00e1bito em parte da sua rotina di\u00e1ria.","robots":{"index":"index","follow":"follow","max-snippet":"max-snippet:-1","max-image-preview":"max-image-preview:large","max-video-preview":"max-video-preview:-1"},"canonical":"https:\/\/www.correiobraziliense.com.br\/cbradar\/como-comecar-a-correr-do-zero-e-manter-a-motivacao\/","og_locale":"pt_BR","og_type":"article","og_title":"Como come\u00e7ar a correr do zero e manter a motiva\u00e7\u00e3o - Correio Braziliense - Radar","og_description":"Descubra como come\u00e7ar a correr do zero com um plano simples e manter a motiva\u00e7\u00e3o para transformar esse h\u00e1bito em parte da sua rotina di\u00e1ria.","og_url":"https:\/\/www.correiobraziliense.com.br\/cbradar\/como-comecar-a-correr-do-zero-e-manter-a-motivacao\/","og_site_name":"Correio Braziliense - Radar","article_published_time":"2025-07-07T22:43:00+00:00","og_image":[{"width":1280,"height":720,"url":"https:\/\/www.correiobraziliense.com.br\/cbradar\/wp-content\/uploads\/2025\/06\/correr_1749432470967.jpg","type":"image\/jpeg"}],"author":"Maura Pereira","twitter_card":"summary_large_image","twitter_misc":{"Escrito por":"Maura Pereira","Est. tempo de leitura":"3 minutos"},"schema":{"@context":"https:\/\/schema.org","@graph":[{"@type":"WebPage","@id":"https:\/\/www.correiobraziliense.com.br\/cbradar\/como-comecar-a-correr-do-zero-e-manter-a-motivacao\/","url":"https:\/\/www.correiobraziliense.com.br\/cbradar\/como-comecar-a-correr-do-zero-e-manter-a-motivacao\/","name":"Como come\u00e7ar a correr do zero e manter a motiva\u00e7\u00e3o - Correio Braziliense - Radar","isPartOf":{"@id":"https:\/\/www.correiobraziliense.com.br\/cbradar\/#website"},"primaryImageOfPage":{"@id":"https:\/\/www.correiobraziliense.com.br\/cbradar\/como-comecar-a-correr-do-zero-e-manter-a-motivacao\/#primaryimage"},"image":{"@id":"https:\/\/www.correiobraziliense.com.br\/cbradar\/como-comecar-a-correr-do-zero-e-manter-a-motivacao\/#primaryimage"},"thumbnailUrl":"https:\/\/www.correiobraziliense.com.br\/cbradar\/wp-content\/uploads\/2025\/06\/correr_1749432470967.jpg","datePublished":"2025-07-07T22:43:00+00:00","author":{"@id":"https:\/\/www.correiobraziliense.com.br\/cbradar\/#\/schema\/person\/4053c651a9bfc785afc6f4cbc9032fd3"},"description":"Descubra como come\u00e7ar a correr do zero com um plano simples e manter a motiva\u00e7\u00e3o para transformar esse h\u00e1bito em parte da sua rotina di\u00e1ria.","breadcrumb":{"@id":"https:\/\/www.correiobraziliense.com.br\/cbradar\/como-comecar-a-correr-do-zero-e-manter-a-motivacao\/#breadcrumb"},"inLanguage":"pt-BR","potentialAction":[{"@type":"ReadAction","target":["https:\/\/www.correiobraziliense.com.br\/cbradar\/como-comecar-a-correr-do-zero-e-manter-a-motivacao\/"]}]},{"@type":"ImageObject","inLanguage":"pt-BR","@id":"https:\/\/www.correiobraziliense.com.br\/cbradar\/como-comecar-a-correr-do-zero-e-manter-a-motivacao\/#primaryimage","url":"https:\/\/www.correiobraziliense.com.br\/cbradar\/wp-content\/uploads\/2025\/06\/correr_1749432470967.jpg","contentUrl":"https:\/\/www.correiobraziliense.com.br\/cbradar\/wp-content\/uploads\/2025\/06\/correr_1749432470967.jpg","width":1280,"height":720,"caption":"Corrida \/\/ Cr\u00e9ditos: depositphotos.com \/ ArturVerkhovetskiy"},{"@type":"BreadcrumbList","@id":"https:\/\/www.correiobraziliense.com.br\/cbradar\/como-comecar-a-correr-do-zero-e-manter-a-motivacao\/#breadcrumb","itemListElement":[{"@type":"ListItem","position":1,"name":"In\u00edcio","item":"https:\/\/www.correiobraziliense.com.br\/cbradar\/"},{"@type":"ListItem","position":2,"name":"Como come\u00e7ar a correr do zero e manter a motiva\u00e7\u00e3o"}]},{"@type":"WebSite","@id":"https:\/\/www.correiobraziliense.com.br\/cbradar\/#website","url":"https:\/\/www.correiobraziliense.com.br\/cbradar\/","name":"Correio Braziliense - Radar","description":"Acompanhe as \u00faltimas not\u00edcias e fique bem informado sobre tudo o que acontece no Brasil e no mundo.","potentialAction":[{"@type":"SearchAction","target":{"@type":"EntryPoint","urlTemplate":"https:\/\/www.correiobraziliense.com.br\/cbradar\/?s={search_term_string}"},"query-input":{"@type":"PropertyValueSpecification","valueRequired":true,"valueName":"search_term_string"}}],"inLanguage":"pt-BR"},{"@type":"Person","@id":"https:\/\/www.correiobraziliense.com.br\/cbradar\/#\/schema\/person\/4053c651a9bfc785afc6f4cbc9032fd3","name":"Maura Pereira","image":{"@type":"ImageObject","inLanguage":"pt-BR","@id":"https:\/\/www.correiobraziliense.com.br\/cbradar\/#\/schema\/person\/image\/","url":"https:\/\/secure.gravatar.com\/avatar\/3effd6bdadfa447f15089c7f7144eaa6?s=96&d=mm&r=g","contentUrl":"https:\/\/secure.gravatar.com\/avatar\/3effd6bdadfa447f15089c7f7144eaa6?s=96&d=mm&r=g","caption":"Maura Pereira"},"sameAs":["https:\/\/www.correiobraziliense.com.br\/"],"url":"https:\/\/www.correiobraziliense.com.br\/cbradar\/author\/mauramyth\/"}]}},"_links":{"self":[{"href":"https:\/\/www.correiobraziliense.com.br\/cbradar\/wp-json\/wp\/v2\/posts\/65611","targetHints":{"allow":["GET"]}}],"collection":[{"href":"https:\/\/www.correiobraziliense.com.br\/cbradar\/wp-json\/wp\/v2\/posts"}],"about":[{"href":"https:\/\/www.correiobraziliense.com.br\/cbradar\/wp-json\/wp\/v2\/types\/post"}],"author":[{"embeddable":true,"href":"https:\/\/www.correiobraziliense.com.br\/cbradar\/wp-json\/wp\/v2\/users\/8"}],"replies":[{"embeddable":true,"href":"https:\/\/www.correiobraziliense.com.br\/cbradar\/wp-json\/wp\/v2\/comments?post=65611"}],"version-history":[{"count":8,"href":"https:\/\/www.correiobraziliense.com.br\/cbradar\/wp-json\/wp\/v2\/posts\/65611\/revisions"}],"predecessor-version":[{"id":65688,"href":"https:\/\/www.correiobraziliense.com.br\/cbradar\/wp-json\/wp\/v2\/posts\/65611\/revisions\/65688"}],"wp:featuredmedia":[{"embeddable":true,"href":"https:\/\/www.correiobraziliense.com.br\/cbradar\/wp-json\/wp\/v2\/media\/50161"}],"wp:attachment":[{"href":"https:\/\/www.correiobraziliense.com.br\/cbradar\/wp-json\/wp\/v2\/media?parent=65611"}],"wp:term":[{"taxonomy":"category","embeddable":true,"href":"https:\/\/www.correiobraziliense.com.br\/cbradar\/wp-json\/wp\/v2\/categories?post=65611"},{"taxonomy":"post_tag","embeddable":true,"href":"https:\/\/www.correiobraziliense.com.br\/cbradar\/wp-json\/wp\/v2\/tags?post=65611"}],"curies":[{"name":"wp","href":"https:\/\/api.w.org\/{rel}","templated":true}]}}