{"id":6588,"date":"2025-02-28T13:50:00","date_gmt":"2025-02-28T16:50:00","guid":{"rendered":"https:\/\/www.correiobraziliense.com.br\/cbradar\/?p=6588"},"modified":"2025-02-27T04:14:12","modified_gmt":"2025-02-27T07:14:12","slug":"o-cofre-do-juizo-final-recebeu-14-mil-novas-amostras-nessa-semana","status":"publish","type":"post","link":"https:\/\/www.correiobraziliense.com.br\/cbradar\/o-cofre-do-juizo-final-recebeu-14-mil-novas-amostras-nessa-semana\/","title":{"rendered":"O &#8220;Cofre do Ju\u00edzo Final&#8221; recebeu 14 mil novas amostras nessa semana!"},"content":{"rendered":"\n<p>Nesta ter\u00e7a-feira (25), mais de <strong>14.000 novas amostras de<a href=\"https:\/\/www.correiobraziliense.com.br\/cbradar\/guia-completo-de-como-plantar-sementes-em-casa-de-um-jeito-simples\/\" target=\"_blank\" rel=\"noreferrer noopener\"> sementes<\/a><\/strong> de culturas alimentares de diversas partes do mundo incluindo esp\u00e9cies de \u00e1rvores n\u00f3rdicas da <strong>Su\u00e9cia<\/strong> e arroz da <strong>Tail\u00e2ndia<\/strong>, foram adicionadas ao conhecido como<strong> <\/strong>cofre<strong> &#8220;do dia do ju\u00edzo final&#8221;<\/strong>, localizado em cavernas artificiais em uma isolada ilha do<strong> \u00c1rtico na Noruega<\/strong>, segundo um dos respons\u00e1veis pela instala\u00e7\u00e3o. <\/p>\n\n\n\n<p>O<strong> <\/strong>nome do cofre \u00e9<strong> <a href=\"https:\/\/www.seedvault.no\/media\/\" target=\"_blank\" rel=\"noreferrer noopener\">Svalbard Global Seed Vault<\/a><\/strong> e ele desempenha um papel crucial na preserva\u00e7\u00e3o da biodiversidade agr\u00edcola mundial. Este<strong> &#8220;cofre do ju\u00edzo final&#8221;<\/strong> foi inaugurado em <strong>2008 <\/strong>com o objetivo de servir como um backup para os bancos de genes do mundo, armazenando sementes de culturas alimentares de todo o planeta. A instala\u00e7\u00e3o \u00e9 projetada para resistir a desastres naturais e causados pelo homem, como guerras nucleares e mudan\u00e7as clim\u00e1ticas.  Essas adi\u00e7\u00f5es refletem n\u00e3o apenas a biodiversidade, mas tamb\u00e9m o conhecimento e a cultura das comunidades que cuidam dessas plantas.<\/p>\n\n\n\n<p>Protegido pelo <strong>permafrost<\/strong>, o cofre est\u00e1 situado dentro de uma montanha, garantindo condi\u00e7\u00f5es ideais para a conserva\u00e7\u00e3o das sementes. Desde sua cria\u00e7\u00e3o, o <strong>Svalbard Global Seed Vault<\/strong> tem recebido amostras de sementes de diversas partes do mundo, desempenhando um papel vital na reconstru\u00e7\u00e3o de cole\u00e7\u00f5es de sementes danificadas por conflitos, como ocorreu na <strong>S\u00edria<\/strong> entre<strong> 2015 e 2019.<\/strong><\/p>\n\n\n\n<h2 class=\"wp-block-heading\"><strong>Como o cofre de sementes contribui para a seguran\u00e7a alimentar global?<\/strong><\/h2>\n\n\n\n<p>O Svalbard Global Seed Vault n\u00e3o apenas preserva a biodiversidade, mas tamb\u00e9m contribui significativamente para a seguran\u00e7a alimentar global. Ao armazenar sementes de culturas alimentares essenciais, o cofre garante que, em caso de cat\u00e1strofes, as sementes possam ser replantadas e as colheitas, recuperadas. Isso \u00e9 vital para manter a diversidade gen\u00e9tica das plantas, que \u00e9 crucial para a adapta\u00e7\u00e3o \u00e0s mudan\u00e7as clim\u00e1ticas e para o desenvolvimento de novas variedades resistentes a pragas e doen\u00e7as.<\/p>\n\n\n<div class=\"wp-block-image\">\n<figure class=\"aligncenter size-large\"><img decoding=\"async\" width=\"1024\" height=\"576\" src=\"https:\/\/www.correiobraziliense.com.br\/cbradar\/wp-content\/uploads\/2025\/02\/Global-Seed-Vault_1740630915744-1024x576.jpg\" alt=\"\" class=\"wp-image-6628\" srcset=\"https:\/\/www.correiobraziliense.com.br\/cbradar\/wp-content\/uploads\/2025\/02\/Global-Seed-Vault_1740630915744-1024x576.jpg 1024w, https:\/\/www.correiobraziliense.com.br\/cbradar\/wp-content\/uploads\/2025\/02\/Global-Seed-Vault_1740630915744-300x169.jpg 300w, https:\/\/www.correiobraziliense.com.br\/cbradar\/wp-content\/uploads\/2025\/02\/Global-Seed-Vault_1740630915744-768x432.jpg 768w, https:\/\/www.correiobraziliense.com.br\/cbradar\/wp-content\/uploads\/2025\/02\/Global-Seed-Vault_1740630915744-750x422.jpg 750w, https:\/\/www.correiobraziliense.com.br\/cbradar\/wp-content\/uploads\/2025\/02\/Global-Seed-Vault_1740630915744-1140x641.jpg 1140w, https:\/\/www.correiobraziliense.com.br\/cbradar\/wp-content\/uploads\/2025\/02\/Global-Seed-Vault_1740630915744.jpg 1280w\" sizes=\"(max-width: 1024px) 100vw, 1024px\" \/><figcaption class=\"wp-element-caption\">Global Seed Vault \/\/ Cr\u00e9ditos: depositphotos.com \/ Toranote<\/figcaption><\/figure><\/div>\n\n\n<h2 class=\"wp-block-heading\"><strong>Quais desafios o cofre de sementes enfrenta?<\/strong><\/h2>\n\n\n\n<p>Apesar de sua localiza\u00e7\u00e3o segura, o Svalbard Global Seed Vault enfrenta desafios cont\u00ednuos. As mudan\u00e7as clim\u00e1ticas representam uma amea\u00e7a potencial, mesmo para uma instala\u00e7\u00e3o protegida por permafrost. Al\u00e9m disso, a log\u00edstica de transporte e armazenamento de sementes de diferentes partes do mundo pode ser complexa e custosa. No entanto, a import\u00e2ncia do cofre para a preserva\u00e7\u00e3o da biodiversidade e a seguran\u00e7a alimentar global justifica os esfor\u00e7os cont\u00ednuos para superar esses desafios.<\/p>\n\n\n\n<h2 class=\"wp-block-heading\"><strong>Qual a import\u00e2ncia cultural e cient\u00edfica das sementes armazenadas?<\/strong><\/h2>\n\n\n\n<p>As sementes armazenadas no Svalbard Global Seed Vault n\u00e3o s\u00e3o apenas recursos agr\u00edcolas; elas tamb\u00e9m representam a heran\u00e7a cultural e o conhecimento tradicional de diversas comunidades ao redor do mundo. Por exemplo, as sementes de sorgo do Sud\u00e3o s\u00e3o significativas tanto para a seguran\u00e7a alimentar do pa\u00eds quanto para seu patrim\u00f4nio cultural. Em tempos de conflito, como a guerra que eclodiu no <strong>Sud\u00e3o <\/strong>em <strong>2023<\/strong>, essas sementes simbolizam esperan\u00e7a e resili\u00eancia para as comunidades afetadas.<\/p>\n\n\n\n<p>Al\u00e9m disso, o cofre serve como um recurso valioso para a pesquisa cient\u00edfica. As sementes armazenadas podem ser utilizadas para estudos sobre a adapta\u00e7\u00e3o das plantas \u00e0s mudan\u00e7as clim\u00e1ticas, o desenvolvimento de novas variedades e a conserva\u00e7\u00e3o da biodiversidade. Assim, o Svalbard Global Seed Vault n\u00e3o \u00e9 apenas um dep\u00f3sito de sementes, mas um pilar essencial para a sustentabilidade futura do nosso planeta.<\/p>\n","protected":false},"excerpt":{"rendered":"<p>Nesta ter\u00e7a-feira (25), mais de 14.000 novas amostras de sementes de culturas alimentares de diversas partes do mundo incluindo esp\u00e9cies de \u00e1rvores n\u00f3rdicas da Su\u00e9cia e arroz da Tail\u00e2ndia, foram adicionadas ao conhecido como cofre &#8220;do dia do ju\u00edzo final&#8221;, localizado em cavernas artificiais em uma isolada ilha do \u00c1rtico na Noruega, segundo um dos [&hellip;]<\/p>\n","protected":false},"author":8,"featured_media":6625,"comment_status":"open","ping_status":"open","sticky":false,"template":"","format":"standard","meta":{"_yoast_wpseo_focuskw":"Cofre","_yoast_wpseo_title":"","_yoast_wpseo_metadesc":"O \"Cofre do Ju\u00edzo Final\" recebeu 14 mil novas amostras essa semana, expandindo ainda mais seu banco de dados para preservar a biodiversidade.","jnews-multi-image_gallery":[],"jnews_single_post":{"format":"standard"},"jnews_primary_category":[],"jnews_social_meta":[],"jnews_override_counter":[],"footnotes":""},"categories":[112,169,115],"tags":[1220,1221,395,114],"class_list":["post-6588","post","type-post","status-publish","format-standard","has-post-thumbnail","hentry","category-curiosidades","category-noticias","category-tecnologia","tag-cofre","tag-evolucao","tag-futuro","tag-tecnologia"],"yoast_head":"<!-- This site is optimized with the Yoast SEO plugin v24.6 - https:\/\/yoast.com\/wordpress\/plugins\/seo\/ -->\n<title>O &quot;Cofre do Ju\u00edzo Final&quot; recebeu 14 mil novas amostras nessa semana! - Correio Braziliense - Radar<\/title>\n<meta name=\"description\" content=\"O &quot;Cofre do Ju\u00edzo Final&quot; recebeu 14 mil novas amostras essa semana, expandindo ainda mais seu banco de dados para preservar a biodiversidade.\" \/>\n<meta name=\"robots\" content=\"index, follow, max-snippet:-1, max-image-preview:large, max-video-preview:-1\" \/>\n<link rel=\"canonical\" href=\"https:\/\/www.correiobraziliense.com.br\/cbradar\/o-cofre-do-juizo-final-recebeu-14-mil-novas-amostras-nessa-semana\/\" \/>\n<meta property=\"og:locale\" content=\"pt_BR\" \/>\n<meta property=\"og:type\" content=\"article\" \/>\n<meta property=\"og:title\" content=\"O &quot;Cofre do Ju\u00edzo Final&quot; recebeu 14 mil novas amostras nessa semana! - Correio Braziliense - Radar\" \/>\n<meta property=\"og:description\" content=\"O &quot;Cofre do Ju\u00edzo Final&quot; recebeu 14 mil novas amostras essa semana, expandindo ainda mais seu banco de dados para preservar a biodiversidade.\" \/>\n<meta property=\"og:url\" content=\"https:\/\/www.correiobraziliense.com.br\/cbradar\/o-cofre-do-juizo-final-recebeu-14-mil-novas-amostras-nessa-semana\/\" \/>\n<meta property=\"og:site_name\" content=\"Correio Braziliense - Radar\" \/>\n<meta property=\"article:published_time\" content=\"2025-02-28T16:50:00+00:00\" \/>\n<meta property=\"og:image\" content=\"https:\/\/www.correiobraziliense.com.br\/cbradar\/wp-content\/uploads\/2025\/02\/Svalbard-Global-Seed-Vault_1740630744739.jpg\" \/>\n\t<meta property=\"og:image:width\" content=\"1280\" \/>\n\t<meta property=\"og:image:height\" content=\"720\" \/>\n\t<meta property=\"og:image:type\" content=\"image\/jpeg\" \/>\n<meta name=\"author\" content=\"Maura Pereira\" \/>\n<meta name=\"twitter:card\" content=\"summary_large_image\" \/>\n<meta name=\"twitter:label1\" content=\"Escrito por\" \/>\n\t<meta name=\"twitter:data1\" content=\"Maura Pereira\" \/>\n\t<meta name=\"twitter:label2\" content=\"Est. tempo de leitura\" \/>\n\t<meta name=\"twitter:data2\" content=\"4 minutos\" \/>\n<!-- \/ Yoast SEO plugin. -->","yoast_head_json":{"title":"O \"Cofre do Ju\u00edzo Final\" recebeu 14 mil novas amostras nessa semana! - Correio Braziliense - Radar","description":"O \"Cofre do Ju\u00edzo Final\" recebeu 14 mil novas amostras essa semana, expandindo ainda mais seu banco de dados para preservar a biodiversidade.","robots":{"index":"index","follow":"follow","max-snippet":"max-snippet:-1","max-image-preview":"max-image-preview:large","max-video-preview":"max-video-preview:-1"},"canonical":"https:\/\/www.correiobraziliense.com.br\/cbradar\/o-cofre-do-juizo-final-recebeu-14-mil-novas-amostras-nessa-semana\/","og_locale":"pt_BR","og_type":"article","og_title":"O \"Cofre do Ju\u00edzo Final\" recebeu 14 mil novas amostras nessa semana! - Correio Braziliense - Radar","og_description":"O \"Cofre do Ju\u00edzo Final\" recebeu 14 mil novas amostras essa semana, expandindo ainda mais seu banco de dados para preservar a biodiversidade.","og_url":"https:\/\/www.correiobraziliense.com.br\/cbradar\/o-cofre-do-juizo-final-recebeu-14-mil-novas-amostras-nessa-semana\/","og_site_name":"Correio Braziliense - Radar","article_published_time":"2025-02-28T16:50:00+00:00","og_image":[{"width":1280,"height":720,"url":"https:\/\/www.correiobraziliense.com.br\/cbradar\/wp-content\/uploads\/2025\/02\/Svalbard-Global-Seed-Vault_1740630744739.jpg","type":"image\/jpeg"}],"author":"Maura Pereira","twitter_card":"summary_large_image","twitter_misc":{"Escrito por":"Maura Pereira","Est. tempo de leitura":"4 minutos"},"schema":{"@context":"https:\/\/schema.org","@graph":[{"@type":"WebPage","@id":"https:\/\/www.correiobraziliense.com.br\/cbradar\/o-cofre-do-juizo-final-recebeu-14-mil-novas-amostras-nessa-semana\/","url":"https:\/\/www.correiobraziliense.com.br\/cbradar\/o-cofre-do-juizo-final-recebeu-14-mil-novas-amostras-nessa-semana\/","name":"O \"Cofre do Ju\u00edzo Final\" recebeu 14 mil novas amostras nessa semana! - Correio Braziliense - Radar","isPartOf":{"@id":"https:\/\/www.correiobraziliense.com.br\/cbradar\/#website"},"primaryImageOfPage":{"@id":"https:\/\/www.correiobraziliense.com.br\/cbradar\/o-cofre-do-juizo-final-recebeu-14-mil-novas-amostras-nessa-semana\/#primaryimage"},"image":{"@id":"https:\/\/www.correiobraziliense.com.br\/cbradar\/o-cofre-do-juizo-final-recebeu-14-mil-novas-amostras-nessa-semana\/#primaryimage"},"thumbnailUrl":"https:\/\/www.correiobraziliense.com.br\/cbradar\/wp-content\/uploads\/2025\/02\/Svalbard-Global-Seed-Vault_1740630744739.jpg","datePublished":"2025-02-28T16:50:00+00:00","author":{"@id":"https:\/\/www.correiobraziliense.com.br\/cbradar\/#\/schema\/person\/4053c651a9bfc785afc6f4cbc9032fd3"},"description":"O \"Cofre do Ju\u00edzo Final\" recebeu 14 mil novas amostras essa semana, expandindo ainda mais seu banco de dados para preservar a biodiversidade.","breadcrumb":{"@id":"https:\/\/www.correiobraziliense.com.br\/cbradar\/o-cofre-do-juizo-final-recebeu-14-mil-novas-amostras-nessa-semana\/#breadcrumb"},"inLanguage":"pt-BR","potentialAction":[{"@type":"ReadAction","target":["https:\/\/www.correiobraziliense.com.br\/cbradar\/o-cofre-do-juizo-final-recebeu-14-mil-novas-amostras-nessa-semana\/"]}]},{"@type":"ImageObject","inLanguage":"pt-BR","@id":"https:\/\/www.correiobraziliense.com.br\/cbradar\/o-cofre-do-juizo-final-recebeu-14-mil-novas-amostras-nessa-semana\/#primaryimage","url":"https:\/\/www.correiobraziliense.com.br\/cbradar\/wp-content\/uploads\/2025\/02\/Svalbard-Global-Seed-Vault_1740630744739.jpg","contentUrl":"https:\/\/www.correiobraziliense.com.br\/cbradar\/wp-content\/uploads\/2025\/02\/Svalbard-Global-Seed-Vault_1740630744739.jpg","width":1280,"height":720,"caption":"Global Seed Vault \/\/ Cr\u00e9ditos: depositphotos.com \/ Toranote"},{"@type":"BreadcrumbList","@id":"https:\/\/www.correiobraziliense.com.br\/cbradar\/o-cofre-do-juizo-final-recebeu-14-mil-novas-amostras-nessa-semana\/#breadcrumb","itemListElement":[{"@type":"ListItem","position":1,"name":"In\u00edcio","item":"https:\/\/www.correiobraziliense.com.br\/cbradar\/"},{"@type":"ListItem","position":2,"name":"O &#8220;Cofre do Ju\u00edzo Final&#8221; recebeu 14 mil novas amostras nessa semana!"}]},{"@type":"WebSite","@id":"https:\/\/www.correiobraziliense.com.br\/cbradar\/#website","url":"https:\/\/www.correiobraziliense.com.br\/cbradar\/","name":"Correio Braziliense - Radar","description":"Acompanhe as \u00faltimas not\u00edcias e fique bem informado sobre tudo o que acontece no Brasil e no mundo.","potentialAction":[{"@type":"SearchAction","target":{"@type":"EntryPoint","urlTemplate":"https:\/\/www.correiobraziliense.com.br\/cbradar\/?s={search_term_string}"},"query-input":{"@type":"PropertyValueSpecification","valueRequired":true,"valueName":"search_term_string"}}],"inLanguage":"pt-BR"},{"@type":"Person","@id":"https:\/\/www.correiobraziliense.com.br\/cbradar\/#\/schema\/person\/4053c651a9bfc785afc6f4cbc9032fd3","name":"Maura Pereira","image":{"@type":"ImageObject","inLanguage":"pt-BR","@id":"https:\/\/www.correiobraziliense.com.br\/cbradar\/#\/schema\/person\/image\/","url":"https:\/\/secure.gravatar.com\/avatar\/3effd6bdadfa447f15089c7f7144eaa6?s=96&d=mm&r=g","contentUrl":"https:\/\/secure.gravatar.com\/avatar\/3effd6bdadfa447f15089c7f7144eaa6?s=96&d=mm&r=g","caption":"Maura Pereira"},"sameAs":["https:\/\/www.correiobraziliense.com.br\/"],"url":"https:\/\/www.correiobraziliense.com.br\/cbradar\/author\/mauramyth\/"}]}},"_links":{"self":[{"href":"https:\/\/www.correiobraziliense.com.br\/cbradar\/wp-json\/wp\/v2\/posts\/6588","targetHints":{"allow":["GET"]}}],"collection":[{"href":"https:\/\/www.correiobraziliense.com.br\/cbradar\/wp-json\/wp\/v2\/posts"}],"about":[{"href":"https:\/\/www.correiobraziliense.com.br\/cbradar\/wp-json\/wp\/v2\/types\/post"}],"author":[{"embeddable":true,"href":"https:\/\/www.correiobraziliense.com.br\/cbradar\/wp-json\/wp\/v2\/users\/8"}],"replies":[{"embeddable":true,"href":"https:\/\/www.correiobraziliense.com.br\/cbradar\/wp-json\/wp\/v2\/comments?post=6588"}],"version-history":[{"count":33,"href":"https:\/\/www.correiobraziliense.com.br\/cbradar\/wp-json\/wp\/v2\/posts\/6588\/revisions"}],"predecessor-version":[{"id":6656,"href":"https:\/\/www.correiobraziliense.com.br\/cbradar\/wp-json\/wp\/v2\/posts\/6588\/revisions\/6656"}],"wp:featuredmedia":[{"embeddable":true,"href":"https:\/\/www.correiobraziliense.com.br\/cbradar\/wp-json\/wp\/v2\/media\/6625"}],"wp:attachment":[{"href":"https:\/\/www.correiobraziliense.com.br\/cbradar\/wp-json\/wp\/v2\/media?parent=6588"}],"wp:term":[{"taxonomy":"category","embeddable":true,"href":"https:\/\/www.correiobraziliense.com.br\/cbradar\/wp-json\/wp\/v2\/categories?post=6588"},{"taxonomy":"post_tag","embeddable":true,"href":"https:\/\/www.correiobraziliense.com.br\/cbradar\/wp-json\/wp\/v2\/tags?post=6588"}],"curies":[{"name":"wp","href":"https:\/\/api.w.org\/{rel}","templated":true}]}}