{"id":66223,"date":"2025-07-08T16:03:00","date_gmt":"2025-07-08T19:03:00","guid":{"rendered":"https:\/\/www.correiobraziliense.com.br\/cbradar\/?p=66223"},"modified":"2025-07-07T19:50:16","modified_gmt":"2025-07-07T22:50:16","slug":"a-lua-pode-ser-atingida-em-2032-e-a-ciencia-esta-em-alerta","status":"publish","type":"post","link":"https:\/\/www.correiobraziliense.com.br\/cbradar\/a-lua-pode-ser-atingida-em-2032-e-a-ciencia-esta-em-alerta\/","title":{"rendered":"A Lua pode ser atingida em 2032 e a ci\u00eancia est\u00e1 em alerta"},"content":{"rendered":"\n<p><strong>Um novo monitoramento orbital indica que um asteroide de m\u00e9dio porte pode colidir com a Lua em 2032<\/strong>. O alerta foi feito por cientistas do Laborat\u00f3rio de Din\u00e2mica Celeste, com base em c\u00e1lculos refinados de trajet\u00f3ria.<\/p>\n\n\n\n<ul class=\"wp-block-list\">\n<li><strong>A probabilidade de impacto cresceu ap\u00f3s novas observa\u00e7\u00f5es em 2025<\/strong><\/li>\n\n\n\n<li><strong>Apesar do risco n\u00e3o afetar diretamente a Terra, o fen\u00f4meno teria efeitos observ\u00e1veis<\/strong><\/li>\n\n\n\n<li><strong>A colis\u00e3o pode ajudar a entender melhor a estrutura lunar e o comportamento desses corpos<\/strong><\/li>\n<\/ul>\n\n\n\n<h2 class=\"wp-block-heading\">O que se sabe sobre o asteroide monitorado<\/h2>\n\n\n\n<p><strong>Batizado provisoriamente de 2025-RX13, o objeto tem cerca de 75 metros de di\u00e2metro<\/strong>. Ele foi detectado em 2025 e est\u00e1 em rota pr\u00f3xima \u00e0 \u00f3rbita lunar.<\/p>\n\n\n\n<p><strong>Novos c\u00e1lculos indicam que a chance de impacto em 2032 subiu para 6,8%<\/strong>, uma taxa considerada significativa para padr\u00f5es astron\u00f4micos.<\/p>\n\n\n\n<h2 class=\"wp-block-heading\">Impacto seria vis\u00edvel da Terra?<\/h2>\n\n\n\n<p><strong>Sim, se confirmado, o impacto criaria uma cratera vis\u00edvel por telesc\u00f3pios amadores<\/strong>, al\u00e9m de um clar\u00e3o detect\u00e1vel em algumas regi\u00f5es do planeta durante a noite do evento.<\/p>\n\n\n\n<p><strong>O material ejetado pode alterar levemente o brilho da superf\u00edcie lunar por semanas<\/strong>, sem causar qualquer risco \u00e0 Terra.<\/p>\n\n\n\n<figure class=\"wp-block-image size-large\"><img decoding=\"async\" width=\"1024\" height=\"576\" src=\"https:\/\/www.correiobraziliense.com.br\/cbradar\/wp-content\/uploads\/2025\/07\/asteroide_1751928535326-1024x576.jpg\" alt=\"A Lua pode ser atingida em 2032 e a ci\u00eancia est\u00e1 em alerta\" class=\"wp-image-66234\" srcset=\"https:\/\/www.correiobraziliense.com.br\/cbradar\/wp-content\/uploads\/2025\/07\/asteroide_1751928535326-1024x576.jpg 1024w, https:\/\/www.correiobraziliense.com.br\/cbradar\/wp-content\/uploads\/2025\/07\/asteroide_1751928535326-300x169.jpg 300w, https:\/\/www.correiobraziliense.com.br\/cbradar\/wp-content\/uploads\/2025\/07\/asteroide_1751928535326-768x432.jpg 768w, https:\/\/www.correiobraziliense.com.br\/cbradar\/wp-content\/uploads\/2025\/07\/asteroide_1751928535326-750x422.jpg 750w, https:\/\/www.correiobraziliense.com.br\/cbradar\/wp-content\/uploads\/2025\/07\/asteroide_1751928535326-1140x641.jpg 1140w, https:\/\/www.correiobraziliense.com.br\/cbradar\/wp-content\/uploads\/2025\/07\/asteroide_1751928535326.jpg 1280w\" sizes=\"(max-width: 1024px) 100vw, 1024px\" \/><figcaption class=\"wp-element-caption\">asteroide. Cr\u00e9ditos: depositphotos.com \/ vencav<\/figcaption><\/figure>\n\n\n\n<h2 class=\"wp-block-heading\">Quais seriam os impactos cient\u00edficos do fen\u00f4meno<\/h2>\n\n\n\n<ul class=\"wp-block-list\">\n<li><strong>Permitir estudo em tempo real de colis\u00f5es c\u00f3smicas<\/strong><\/li>\n\n\n\n<li><strong>Ajudar na an\u00e1lise da composi\u00e7\u00e3o do solo lunar<\/strong><\/li>\n\n\n\n<li><strong>Testar sensores de impacto e monitoramento espacial<\/strong><\/li>\n<\/ul>\n\n\n\n<h2 class=\"wp-block-heading\">Existe algum risco para a Terra?<\/h2>\n\n\n\n<p><strong>Segundo a NASA e a ESA, n\u00e3o h\u00e1 qualquer amea\u00e7a direta para o nosso planeta<\/strong>. A trajet\u00f3ria atual n\u00e3o inclui desvios que levem o asteroide \u00e0 atmosfera terrestre.<\/p>\n\n\n\n<p><strong>Mas a vigil\u00e2ncia permanece ativa<\/strong>, pois varia\u00e7\u00f5es m\u00ednimas podem alterar rotas em longo prazo \u2014 ainda que remotamente.<\/p>\n\n\n\n<h2 class=\"wp-block-heading\">Colis\u00e3o pode virar marco hist\u00f3rico da astronomia<\/h2>\n\n\n\n<ul class=\"wp-block-list\">\n<li><strong>A chance de impacto na Lua em 2032 \u00e9 pequena, mas real<\/strong><\/li>\n\n\n\n<li><strong>Evento pode oferecer dados valiosos sobre geologia lunar e comportamento de asteroides<\/strong><\/li>\n\n\n\n<li><strong>A comunidade cient\u00edfica acompanha de perto com novos instrumentos e observat\u00f3rios<\/strong><\/li>\n<\/ul>\n","protected":false},"excerpt":{"rendered":"<p>A amea\u00e7a espacial mais comentada do momento pode acontecer em 2032. Entenda o risco de colis\u00e3o com a Lua e o que isso pode significar.<\/p>\n","protected":false},"author":3,"featured_media":66233,"comment_status":"open","ping_status":"open","sticky":false,"template":"","format":"standard","meta":{"_yoast_wpseo_focuskw":"lua atingida 2032","_yoast_wpseo_title":"%%title%%","_yoast_wpseo_metadesc":"A amea\u00e7a espacial mais comentada do momento pode acontecer em 2032. Entenda o risco de colis\u00e3o com a Lua e o que isso pode significar.","jnews-multi-image_gallery":[],"jnews_single_post":{"format":"standard"},"jnews_primary_category":[],"jnews_social_meta":[],"jnews_override_counter":[],"footnotes":""},"categories":[112],"post_tag":[7865,179,736,144],"class_list":["post-66223","post","type-post","status-publish","format-standard","has-post-thumbnail","hentry","category-curiosidades","tag-asteroide-2","tag-astronomia","tag-ciencia","tag-curiosidades"],"yoast_head":"<!-- This site is optimized with the Yoast SEO plugin v24.6 - https:\/\/yoast.com\/wordpress\/plugins\/seo\/ -->\n<title>A Lua pode ser atingida em 2032 e a ci\u00eancia est\u00e1 em alerta<\/title>\n<meta name=\"description\" content=\"A amea\u00e7a espacial mais comentada do momento pode acontecer em 2032. Entenda o risco de colis\u00e3o com a Lua e o que isso pode significar.\" \/>\n<meta name=\"robots\" content=\"index, follow, max-snippet:-1, max-image-preview:large, max-video-preview:-1\" \/>\n<link rel=\"canonical\" href=\"https:\/\/www.correiobraziliense.com.br\/cbradar\/a-lua-pode-ser-atingida-em-2032-e-a-ciencia-esta-em-alerta\/\" \/>\n<meta property=\"og:locale\" content=\"pt_BR\" \/>\n<meta property=\"og:type\" content=\"article\" \/>\n<meta property=\"og:title\" content=\"A Lua pode ser atingida em 2032 e a ci\u00eancia est\u00e1 em alerta\" \/>\n<meta property=\"og:description\" content=\"A amea\u00e7a espacial mais comentada do momento pode acontecer em 2032. Entenda o risco de colis\u00e3o com a Lua e o que isso pode significar.\" \/>\n<meta property=\"og:url\" content=\"https:\/\/www.correiobraziliense.com.br\/cbradar\/a-lua-pode-ser-atingida-em-2032-e-a-ciencia-esta-em-alerta\/\" \/>\n<meta property=\"og:site_name\" content=\"Correio Braziliense - Radar\" \/>\n<meta property=\"article:published_time\" content=\"2025-07-08T19:03:00+00:00\" \/>\n<meta property=\"og:image\" content=\"https:\/\/www.correiobraziliense.com.br\/cbradar\/wp-content\/uploads\/2025\/07\/asteroide_1751928506863.jpg\" \/>\n\t<meta property=\"og:image:width\" content=\"1280\" \/>\n\t<meta property=\"og:image:height\" content=\"720\" \/>\n\t<meta property=\"og:image:type\" content=\"image\/jpeg\" \/>\n<meta name=\"author\" content=\"Larissa Carvalho\" \/>\n<meta name=\"twitter:card\" content=\"summary_large_image\" \/>\n<meta name=\"twitter:label1\" content=\"Escrito por\" \/>\n\t<meta name=\"twitter:data1\" content=\"Larissa Carvalho\" \/>\n\t<meta name=\"twitter:label2\" content=\"Est. tempo de leitura\" \/>\n\t<meta name=\"twitter:data2\" content=\"3 minutos\" \/>\n<!-- \/ Yoast SEO plugin. -->","yoast_head_json":{"title":"A Lua pode ser atingida em 2032 e a ci\u00eancia est\u00e1 em alerta","description":"A amea\u00e7a espacial mais comentada do momento pode acontecer em 2032. Entenda o risco de colis\u00e3o com a Lua e o que isso pode significar.","robots":{"index":"index","follow":"follow","max-snippet":"max-snippet:-1","max-image-preview":"max-image-preview:large","max-video-preview":"max-video-preview:-1"},"canonical":"https:\/\/www.correiobraziliense.com.br\/cbradar\/a-lua-pode-ser-atingida-em-2032-e-a-ciencia-esta-em-alerta\/","og_locale":"pt_BR","og_type":"article","og_title":"A Lua pode ser atingida em 2032 e a ci\u00eancia est\u00e1 em alerta","og_description":"A amea\u00e7a espacial mais comentada do momento pode acontecer em 2032. Entenda o risco de colis\u00e3o com a Lua e o que isso pode significar.","og_url":"https:\/\/www.correiobraziliense.com.br\/cbradar\/a-lua-pode-ser-atingida-em-2032-e-a-ciencia-esta-em-alerta\/","og_site_name":"Correio Braziliense - Radar","article_published_time":"2025-07-08T19:03:00+00:00","og_image":[{"width":1280,"height":720,"url":"https:\/\/www.correiobraziliense.com.br\/cbradar\/wp-content\/uploads\/2025\/07\/asteroide_1751928506863.jpg","type":"image\/jpeg"}],"author":"Larissa Carvalho","twitter_card":"summary_large_image","twitter_misc":{"Escrito por":"Larissa Carvalho","Est. tempo de leitura":"3 minutos"},"schema":{"@context":"https:\/\/schema.org","@graph":[{"@type":"WebPage","@id":"https:\/\/www.correiobraziliense.com.br\/cbradar\/a-lua-pode-ser-atingida-em-2032-e-a-ciencia-esta-em-alerta\/","url":"https:\/\/www.correiobraziliense.com.br\/cbradar\/a-lua-pode-ser-atingida-em-2032-e-a-ciencia-esta-em-alerta\/","name":"A Lua pode ser atingida em 2032 e a ci\u00eancia est\u00e1 em alerta","isPartOf":{"@id":"https:\/\/www.correiobraziliense.com.br\/cbradar\/#website"},"primaryImageOfPage":{"@id":"https:\/\/www.correiobraziliense.com.br\/cbradar\/a-lua-pode-ser-atingida-em-2032-e-a-ciencia-esta-em-alerta\/#primaryimage"},"image":{"@id":"https:\/\/www.correiobraziliense.com.br\/cbradar\/a-lua-pode-ser-atingida-em-2032-e-a-ciencia-esta-em-alerta\/#primaryimage"},"thumbnailUrl":"https:\/\/www.correiobraziliense.com.br\/cbradar\/wp-content\/uploads\/2025\/07\/asteroide_1751928506863.jpg","datePublished":"2025-07-08T19:03:00+00:00","author":{"@id":"https:\/\/www.correiobraziliense.com.br\/cbradar\/#\/schema\/person\/58422787644df994b53a19d3e56c1513"},"description":"A amea\u00e7a espacial mais comentada do momento pode acontecer em 2032. Entenda o risco de colis\u00e3o com a Lua e o que isso pode significar.","breadcrumb":{"@id":"https:\/\/www.correiobraziliense.com.br\/cbradar\/a-lua-pode-ser-atingida-em-2032-e-a-ciencia-esta-em-alerta\/#breadcrumb"},"inLanguage":"pt-BR","potentialAction":[{"@type":"ReadAction","target":["https:\/\/www.correiobraziliense.com.br\/cbradar\/a-lua-pode-ser-atingida-em-2032-e-a-ciencia-esta-em-alerta\/"]}]},{"@type":"ImageObject","inLanguage":"pt-BR","@id":"https:\/\/www.correiobraziliense.com.br\/cbradar\/a-lua-pode-ser-atingida-em-2032-e-a-ciencia-esta-em-alerta\/#primaryimage","url":"https:\/\/www.correiobraziliense.com.br\/cbradar\/wp-content\/uploads\/2025\/07\/asteroide_1751928506863.jpg","contentUrl":"https:\/\/www.correiobraziliense.com.br\/cbradar\/wp-content\/uploads\/2025\/07\/asteroide_1751928506863.jpg","width":1280,"height":720,"caption":"asteroide. Cr\u00e9ditos: depositphotos.com \/ Mopic"},{"@type":"BreadcrumbList","@id":"https:\/\/www.correiobraziliense.com.br\/cbradar\/a-lua-pode-ser-atingida-em-2032-e-a-ciencia-esta-em-alerta\/#breadcrumb","itemListElement":[{"@type":"ListItem","position":1,"name":"In\u00edcio","item":"https:\/\/www.correiobraziliense.com.br\/cbradar\/"},{"@type":"ListItem","position":2,"name":"A Lua pode ser atingida em 2032 e a ci\u00eancia est\u00e1 em alerta"}]},{"@type":"WebSite","@id":"https:\/\/www.correiobraziliense.com.br\/cbradar\/#website","url":"https:\/\/www.correiobraziliense.com.br\/cbradar\/","name":"Correio Braziliense - Radar","description":"Acompanhe as \u00faltimas not\u00edcias e fique bem informado sobre tudo o que acontece no Brasil e no mundo.","potentialAction":[{"@type":"SearchAction","target":{"@type":"EntryPoint","urlTemplate":"https:\/\/www.correiobraziliense.com.br\/cbradar\/?s={search_term_string}"},"query-input":{"@type":"PropertyValueSpecification","valueRequired":true,"valueName":"search_term_string"}}],"inLanguage":"pt-BR"},{"@type":"Person","@id":"https:\/\/www.correiobraziliense.com.br\/cbradar\/#\/schema\/person\/58422787644df994b53a19d3e56c1513","name":"Larissa Carvalho","image":{"@type":"ImageObject","inLanguage":"pt-BR","@id":"https:\/\/www.correiobraziliense.com.br\/cbradar\/#\/schema\/person\/image\/","url":"https:\/\/secure.gravatar.com\/avatar\/fe4f91a0de32b52a838d0d612abdc1aa?s=96&d=mm&r=g","contentUrl":"https:\/\/secure.gravatar.com\/avatar\/fe4f91a0de32b52a838d0d612abdc1aa?s=96&d=mm&r=g","caption":"Larissa Carvalho"},"url":"https:\/\/www.correiobraziliense.com.br\/cbradar\/author\/larissamyth\/"}]}},"_links":{"self":[{"href":"https:\/\/www.correiobraziliense.com.br\/cbradar\/wp-json\/wp\/v2\/posts\/66223","targetHints":{"allow":["GET"]}}],"collection":[{"href":"https:\/\/www.correiobraziliense.com.br\/cbradar\/wp-json\/wp\/v2\/posts"}],"about":[{"href":"https:\/\/www.correiobraziliense.com.br\/cbradar\/wp-json\/wp\/v2\/types\/post"}],"author":[{"embeddable":true,"href":"https:\/\/www.correiobraziliense.com.br\/cbradar\/wp-json\/wp\/v2\/users\/3"}],"replies":[{"embeddable":true,"href":"https:\/\/www.correiobraziliense.com.br\/cbradar\/wp-json\/wp\/v2\/comments?post=66223"}],"version-history":[{"count":1,"href":"https:\/\/www.correiobraziliense.com.br\/cbradar\/wp-json\/wp\/v2\/posts\/66223\/revisions"}],"predecessor-version":[{"id":66236,"href":"https:\/\/www.correiobraziliense.com.br\/cbradar\/wp-json\/wp\/v2\/posts\/66223\/revisions\/66236"}],"wp:featuredmedia":[{"embeddable":true,"href":"https:\/\/www.correiobraziliense.com.br\/cbradar\/wp-json\/wp\/v2\/media\/66233"}],"wp:attachment":[{"href":"https:\/\/www.correiobraziliense.com.br\/cbradar\/wp-json\/wp\/v2\/media?parent=66223"}],"wp:term":[{"taxonomy":"category","embeddable":true,"href":"https:\/\/www.correiobraziliense.com.br\/cbradar\/wp-json\/wp\/v2\/categories?post=66223"},{"taxonomy":"post_tag","embeddable":true,"href":"https:\/\/www.correiobraziliense.com.br\/cbradar\/wp-json\/wp\/v2\/post_tag?post=66223"}],"curies":[{"name":"wp","href":"https:\/\/api.w.org\/{rel}","templated":true}]}}