{"id":66249,"date":"2025-07-08T17:23:00","date_gmt":"2025-07-08T20:23:00","guid":{"rendered":"https:\/\/www.correiobraziliense.com.br\/cbradar\/?p=66249"},"modified":"2025-07-07T20:04:07","modified_gmt":"2025-07-07T23:04:07","slug":"3-passos-simples-para-uma-carne-mais-macia-segundo-especialistas","status":"publish","type":"post","link":"https:\/\/www.correiobraziliense.com.br\/cbradar\/3-passos-simples-para-uma-carne-mais-macia-segundo-especialistas\/","title":{"rendered":"3 passos simples para uma carne mais macia segundo especialistas"},"content":{"rendered":"\n<p><strong>O ponto certo de maciez da carne<\/strong> come\u00e7a antes mesmo do preparo. De acordo com a\u00e7ougueiros experientes, o momento em que ela sai da geladeira faz toda a diferen\u00e7a no resultado final.<\/p>\n\n\n\n<ul class=\"wp-block-list\">\n<li>Carne muito fria endurece ao ser levada direto ao fogo.<\/li>\n\n\n\n<li>Temperatura ambiente ajuda a conservar sucul\u00eancia e textura.<\/li>\n\n\n\n<li>O tempo ideal fora da geladeira varia conforme o corte.<\/li>\n<\/ul>\n\n\n\n<h2 class=\"wp-block-heading\">Por que n\u00e3o se deve levar a carne gelada direto ao fogo<\/h2>\n\n\n\n<p><strong>Colocar a carne fria na panela ou na grelha<\/strong> impede que ela sele corretamente. Isso resulta em perda de sucos e textura mais r\u00edgida.<\/p>\n\n\n\n<p>Al\u00e9m disso, o choque t\u00e9rmico dificulta o cozimento uniforme.<\/p>\n\n\n\n<h2 class=\"wp-block-heading\">O momento certo para tirar a carne da geladeira<\/h2>\n\n\n\n<p><strong>Especialistas recomendam retirar a carne cerca de 30 a 60 minutos antes do preparo<\/strong>, dependendo do corte e da espessura.<\/p>\n\n\n\n<p>Esse tempo permite que a pe\u00e7a atinja uma temperatura mais equilibrada, favorecendo o sabor e a maciez.<\/p>\n\n\n\n<p><em>Dica r\u00e1pida:<\/em> para bifes finos, 15 a 30 minutos s\u00e3o suficientes. Para pe\u00e7as maiores, o ideal \u00e9 de 45 a 60 minutos.<\/p>\n\n\n\n<figure class=\"wp-block-image size-large\"><img decoding=\"async\" width=\"1024\" height=\"576\" src=\"https:\/\/www.correiobraziliense.com.br\/cbradar\/wp-content\/uploads\/2025\/07\/carnes_1751929428495-1024x576.jpg\" alt=\"3 passos simples para uma carne mais macia segundo especialistas\" class=\"wp-image-66251\" srcset=\"https:\/\/www.correiobraziliense.com.br\/cbradar\/wp-content\/uploads\/2025\/07\/carnes_1751929428495-1024x576.jpg 1024w, https:\/\/www.correiobraziliense.com.br\/cbradar\/wp-content\/uploads\/2025\/07\/carnes_1751929428495-300x169.jpg 300w, https:\/\/www.correiobraziliense.com.br\/cbradar\/wp-content\/uploads\/2025\/07\/carnes_1751929428495-768x432.jpg 768w, https:\/\/www.correiobraziliense.com.br\/cbradar\/wp-content\/uploads\/2025\/07\/carnes_1751929428495-750x422.jpg 750w, https:\/\/www.correiobraziliense.com.br\/cbradar\/wp-content\/uploads\/2025\/07\/carnes_1751929428495-1140x641.jpg 1140w, https:\/\/www.correiobraziliense.com.br\/cbradar\/wp-content\/uploads\/2025\/07\/carnes_1751929428495.jpg 1280w\" sizes=\"(max-width: 1024px) 100vw, 1024px\" \/><figcaption class=\"wp-element-caption\">carnes. Cr\u00e9ditos: depositphotos.com \/ marischka<\/figcaption><\/figure>\n\n\n\n<h2 class=\"wp-block-heading\">Cuidados para evitar riscos ao deixar a carne fora<\/h2>\n\n\n\n<p><strong>Evite deixar a carne sob luz direta ou em ambientes muito quentes<\/strong>. A temperatura ambiente ideal \u00e9 at\u00e9 25\u202f\u00b0C por no m\u00e1ximo 1 hora.<\/p>\n\n\n\n<p>N\u00e3o se recomenda esse procedimento com carnes mo\u00eddas ou frango cru, que s\u00e3o mais sens\u00edveis a contamina\u00e7\u00e3o.<\/p>\n\n\n\n<h2 class=\"wp-block-heading\">Maciez come\u00e7a com o preparo correto<\/h2>\n\n\n\n<ul class=\"wp-block-list\">\n<li><strong>Retirar a carne da geladeira antes do preparo<\/strong> evita o choque t\u00e9rmico e melhora a textura.<\/li>\n\n\n\n<li>Pe\u00e7as grandes precisam de mais tempo para atingir temperatura ambiente.<\/li>\n\n\n\n<li>Manter boas pr\u00e1ticas de higiene \u00e9 essencial nesse processo.<\/li>\n<\/ul>\n","protected":false},"excerpt":{"rendered":"<p>Uma mudan\u00e7a na sua rotina pode transformar o sabor da carne. Aprenda o truque do a\u00e7ougueiro.<\/p>\n","protected":false},"author":3,"featured_media":66250,"comment_status":"open","ping_status":"open","sticky":false,"template":"","format":"standard","meta":{"_yoast_wpseo_focuskw":"carne macia","_yoast_wpseo_title":"%%title%%","_yoast_wpseo_metadesc":"Uma mudan\u00e7a na sua rotina pode transformar o sabor da carne. Aprenda o truque do a\u00e7ougueiro.","jnews-multi-image_gallery":[],"jnews_single_post":{"format":"standard"},"jnews_primary_category":[],"jnews_social_meta":[],"jnews_override_counter":[],"footnotes":""},"categories":[112],"post_tag":[281,1423,144],"class_list":["post-66249","post","type-post","status-publish","format-standard","has-post-thumbnail","hentry","category-curiosidades","tag-alimentacao","tag-alimentos","tag-curiosidades"],"yoast_head":"<!-- This site is optimized with the Yoast SEO plugin v24.6 - https:\/\/yoast.com\/wordpress\/plugins\/seo\/ -->\n<title>3 passos simples para uma carne mais macia segundo especialistas<\/title>\n<meta name=\"description\" content=\"Uma mudan\u00e7a na sua rotina pode transformar o sabor da carne. Aprenda o truque do a\u00e7ougueiro.\" \/>\n<meta name=\"robots\" content=\"index, follow, max-snippet:-1, max-image-preview:large, max-video-preview:-1\" \/>\n<link rel=\"canonical\" href=\"https:\/\/www.correiobraziliense.com.br\/cbradar\/3-passos-simples-para-uma-carne-mais-macia-segundo-especialistas\/\" \/>\n<meta property=\"og:locale\" content=\"pt_BR\" \/>\n<meta property=\"og:type\" content=\"article\" \/>\n<meta property=\"og:title\" content=\"3 passos simples para uma carne mais macia segundo especialistas\" \/>\n<meta property=\"og:description\" content=\"Uma mudan\u00e7a na sua rotina pode transformar o sabor da carne. Aprenda o truque do a\u00e7ougueiro.\" \/>\n<meta property=\"og:url\" content=\"https:\/\/www.correiobraziliense.com.br\/cbradar\/3-passos-simples-para-uma-carne-mais-macia-segundo-especialistas\/\" \/>\n<meta property=\"og:site_name\" content=\"Correio Braziliense - Radar\" \/>\n<meta property=\"article:published_time\" content=\"2025-07-08T20:23:00+00:00\" \/>\n<meta property=\"og:image\" content=\"https:\/\/www.correiobraziliense.com.br\/cbradar\/wp-content\/uploads\/2025\/07\/carnes_1751929388691.jpg\" \/>\n\t<meta property=\"og:image:width\" content=\"1280\" \/>\n\t<meta property=\"og:image:height\" content=\"720\" \/>\n\t<meta property=\"og:image:type\" content=\"image\/jpeg\" \/>\n<meta name=\"author\" content=\"Larissa Carvalho\" \/>\n<meta name=\"twitter:card\" content=\"summary_large_image\" \/>\n<meta name=\"twitter:label1\" content=\"Escrito por\" \/>\n\t<meta name=\"twitter:data1\" content=\"Larissa Carvalho\" \/>\n\t<meta name=\"twitter:label2\" content=\"Est. tempo de leitura\" \/>\n\t<meta name=\"twitter:data2\" content=\"2 minutos\" \/>\n<!-- \/ Yoast SEO plugin. -->","yoast_head_json":{"title":"3 passos simples para uma carne mais macia segundo especialistas","description":"Uma mudan\u00e7a na sua rotina pode transformar o sabor da carne. Aprenda o truque do a\u00e7ougueiro.","robots":{"index":"index","follow":"follow","max-snippet":"max-snippet:-1","max-image-preview":"max-image-preview:large","max-video-preview":"max-video-preview:-1"},"canonical":"https:\/\/www.correiobraziliense.com.br\/cbradar\/3-passos-simples-para-uma-carne-mais-macia-segundo-especialistas\/","og_locale":"pt_BR","og_type":"article","og_title":"3 passos simples para uma carne mais macia segundo especialistas","og_description":"Uma mudan\u00e7a na sua rotina pode transformar o sabor da carne. Aprenda o truque do a\u00e7ougueiro.","og_url":"https:\/\/www.correiobraziliense.com.br\/cbradar\/3-passos-simples-para-uma-carne-mais-macia-segundo-especialistas\/","og_site_name":"Correio Braziliense - Radar","article_published_time":"2025-07-08T20:23:00+00:00","og_image":[{"width":1280,"height":720,"url":"https:\/\/www.correiobraziliense.com.br\/cbradar\/wp-content\/uploads\/2025\/07\/carnes_1751929388691.jpg","type":"image\/jpeg"}],"author":"Larissa Carvalho","twitter_card":"summary_large_image","twitter_misc":{"Escrito por":"Larissa Carvalho","Est. tempo de leitura":"2 minutos"},"schema":{"@context":"https:\/\/schema.org","@graph":[{"@type":"WebPage","@id":"https:\/\/www.correiobraziliense.com.br\/cbradar\/3-passos-simples-para-uma-carne-mais-macia-segundo-especialistas\/","url":"https:\/\/www.correiobraziliense.com.br\/cbradar\/3-passos-simples-para-uma-carne-mais-macia-segundo-especialistas\/","name":"3 passos simples para uma carne mais macia segundo especialistas","isPartOf":{"@id":"https:\/\/www.correiobraziliense.com.br\/cbradar\/#website"},"primaryImageOfPage":{"@id":"https:\/\/www.correiobraziliense.com.br\/cbradar\/3-passos-simples-para-uma-carne-mais-macia-segundo-especialistas\/#primaryimage"},"image":{"@id":"https:\/\/www.correiobraziliense.com.br\/cbradar\/3-passos-simples-para-uma-carne-mais-macia-segundo-especialistas\/#primaryimage"},"thumbnailUrl":"https:\/\/www.correiobraziliense.com.br\/cbradar\/wp-content\/uploads\/2025\/07\/carnes_1751929388691.jpg","datePublished":"2025-07-08T20:23:00+00:00","author":{"@id":"https:\/\/www.correiobraziliense.com.br\/cbradar\/#\/schema\/person\/58422787644df994b53a19d3e56c1513"},"description":"Uma mudan\u00e7a na sua rotina pode transformar o sabor da carne. Aprenda o truque do a\u00e7ougueiro.","breadcrumb":{"@id":"https:\/\/www.correiobraziliense.com.br\/cbradar\/3-passos-simples-para-uma-carne-mais-macia-segundo-especialistas\/#breadcrumb"},"inLanguage":"pt-BR","potentialAction":[{"@type":"ReadAction","target":["https:\/\/www.correiobraziliense.com.br\/cbradar\/3-passos-simples-para-uma-carne-mais-macia-segundo-especialistas\/"]}]},{"@type":"ImageObject","inLanguage":"pt-BR","@id":"https:\/\/www.correiobraziliense.com.br\/cbradar\/3-passos-simples-para-uma-carne-mais-macia-segundo-especialistas\/#primaryimage","url":"https:\/\/www.correiobraziliense.com.br\/cbradar\/wp-content\/uploads\/2025\/07\/carnes_1751929388691.jpg","contentUrl":"https:\/\/www.correiobraziliense.com.br\/cbradar\/wp-content\/uploads\/2025\/07\/carnes_1751929388691.jpg","width":1280,"height":720,"caption":"carnes. Cr\u00e9ditos: depositphotos.com \/ Elchoclo"},{"@type":"BreadcrumbList","@id":"https:\/\/www.correiobraziliense.com.br\/cbradar\/3-passos-simples-para-uma-carne-mais-macia-segundo-especialistas\/#breadcrumb","itemListElement":[{"@type":"ListItem","position":1,"name":"In\u00edcio","item":"https:\/\/www.correiobraziliense.com.br\/cbradar\/"},{"@type":"ListItem","position":2,"name":"3 passos simples para uma carne mais macia segundo especialistas"}]},{"@type":"WebSite","@id":"https:\/\/www.correiobraziliense.com.br\/cbradar\/#website","url":"https:\/\/www.correiobraziliense.com.br\/cbradar\/","name":"Correio Braziliense - Radar","description":"Acompanhe as \u00faltimas not\u00edcias e fique bem informado sobre tudo o que acontece no Brasil e no mundo.","potentialAction":[{"@type":"SearchAction","target":{"@type":"EntryPoint","urlTemplate":"https:\/\/www.correiobraziliense.com.br\/cbradar\/?s={search_term_string}"},"query-input":{"@type":"PropertyValueSpecification","valueRequired":true,"valueName":"search_term_string"}}],"inLanguage":"pt-BR"},{"@type":"Person","@id":"https:\/\/www.correiobraziliense.com.br\/cbradar\/#\/schema\/person\/58422787644df994b53a19d3e56c1513","name":"Larissa Carvalho","image":{"@type":"ImageObject","inLanguage":"pt-BR","@id":"https:\/\/www.correiobraziliense.com.br\/cbradar\/#\/schema\/person\/image\/","url":"https:\/\/secure.gravatar.com\/avatar\/fe4f91a0de32b52a838d0d612abdc1aa?s=96&d=mm&r=g","contentUrl":"https:\/\/secure.gravatar.com\/avatar\/fe4f91a0de32b52a838d0d612abdc1aa?s=96&d=mm&r=g","caption":"Larissa Carvalho"},"url":"https:\/\/www.correiobraziliense.com.br\/cbradar\/author\/larissamyth\/"}]}},"_links":{"self":[{"href":"https:\/\/www.correiobraziliense.com.br\/cbradar\/wp-json\/wp\/v2\/posts\/66249","targetHints":{"allow":["GET"]}}],"collection":[{"href":"https:\/\/www.correiobraziliense.com.br\/cbradar\/wp-json\/wp\/v2\/posts"}],"about":[{"href":"https:\/\/www.correiobraziliense.com.br\/cbradar\/wp-json\/wp\/v2\/types\/post"}],"author":[{"embeddable":true,"href":"https:\/\/www.correiobraziliense.com.br\/cbradar\/wp-json\/wp\/v2\/users\/3"}],"replies":[{"embeddable":true,"href":"https:\/\/www.correiobraziliense.com.br\/cbradar\/wp-json\/wp\/v2\/comments?post=66249"}],"version-history":[{"count":1,"href":"https:\/\/www.correiobraziliense.com.br\/cbradar\/wp-json\/wp\/v2\/posts\/66249\/revisions"}],"predecessor-version":[{"id":66252,"href":"https:\/\/www.correiobraziliense.com.br\/cbradar\/wp-json\/wp\/v2\/posts\/66249\/revisions\/66252"}],"wp:featuredmedia":[{"embeddable":true,"href":"https:\/\/www.correiobraziliense.com.br\/cbradar\/wp-json\/wp\/v2\/media\/66250"}],"wp:attachment":[{"href":"https:\/\/www.correiobraziliense.com.br\/cbradar\/wp-json\/wp\/v2\/media?parent=66249"}],"wp:term":[{"taxonomy":"category","embeddable":true,"href":"https:\/\/www.correiobraziliense.com.br\/cbradar\/wp-json\/wp\/v2\/categories?post=66249"},{"taxonomy":"post_tag","embeddable":true,"href":"https:\/\/www.correiobraziliense.com.br\/cbradar\/wp-json\/wp\/v2\/post_tag?post=66249"}],"curies":[{"name":"wp","href":"https:\/\/api.w.org\/{rel}","templated":true}]}}