{"id":66565,"date":"2025-07-09T18:23:00","date_gmt":"2025-07-09T21:23:00","guid":{"rendered":"https:\/\/www.correiobraziliense.com.br\/cbradar\/?p=66565"},"modified":"2025-07-08T09:59:23","modified_gmt":"2025-07-08T12:59:23","slug":"esse-detalhe-pode-estar-prejudicando-o-seu-sono-e-voce-nem-se-deu-conta","status":"publish","type":"post","link":"https:\/\/www.correiobraziliense.com.br\/cbradar\/esse-detalhe-pode-estar-prejudicando-o-seu-sono-e-voce-nem-se-deu-conta\/","title":{"rendered":"Esse detalhe pode estar prejudicando o seu sono e voc\u00ea nem se deu conta"},"content":{"rendered":"\n<p><strong>O efeito do <a href=\"https:\/\/pt.wikipedia.org\/wiki\/Ru\u00eddo\" target=\"_blank\" rel=\"noreferrer noopener\">barulho <\/a>constante no c\u00e9rebro<\/strong>\u00a0\u00e9 uma preocupa\u00e7\u00e3o crescente nos ambientes urbanos.\u00a0Moradores de grandes cidades convivem diariamente com sons intensos, ficando expostos \u00e0 polui\u00e7\u00e3o sonora muitas horas por dia. Compreender como esses ru\u00eddos impactam a mente e identificar maneiras pr\u00e1ticas de prote\u00e7\u00e3o \u00e9 fundamental na rotina moderna.<\/p>\n\n\n\n<ul class=\"wp-block-list\">\n<li><strong>Ru\u00eddo cont\u00ednuo<\/strong>\u00a0pode provocar altera\u00e7\u00f5es emocionais e cognitivas.<\/li>\n\n\n\n<li>M\u00e9todos simples ajudam a\u00a0<strong>reduzir o impacto do barulho<\/strong>\u00a0no dia a dia.<\/li>\n\n\n\n<li>O sil\u00eancio tem papel importante na preserva\u00e7\u00e3o da\u00a0<strong>sa\u00fade mental<\/strong>.<\/li>\n<\/ul>\n\n\n\n<h2 class=\"wp-block-heading\">Como o barulho constante afeta o c\u00e9rebro das pessoas<\/h2>\n\n\n\n<p>Pesquisas cient\u00edficas apontam que a&nbsp;<strong>exposi\u00e7\u00e3o cont\u00ednua ao barulho<\/strong>&nbsp;interfere em regi\u00f5es do c\u00e9rebro ligadas ao equil\u00edbrio emocional. Sons acima de 65 decib\u00e9is j\u00e1 s\u00e3o considerados prejudiciais quando presentes de forma persistente, podendo desencadear eleva\u00e7\u00e3o de horm\u00f4nios do estresse como cortisol.<\/p>\n\n\n\n<p>Em ambientes ruidosos, tarefas que exigem concentra\u00e7\u00e3o tornam-se mais dif\u00edceis. Altera\u00e7\u00f5es no sono e aumento dos n\u00edveis de ansiedade s\u00e3o consequ\u00eancias frequentes da polui\u00e7\u00e3o sonora, pois o c\u00e9rebro mant\u00e9m-se em estado de alerta mesmo quando tenta descansar.<\/p>\n\n\n<div class=\"wp-block-image\">\n<figure class=\"aligncenter size-large\"><img decoding=\"async\" width=\"1024\" height=\"576\" src=\"https:\/\/www.correiobraziliense.com.br\/cbradar\/wp-content\/uploads\/2025\/03\/Cerebro_1742822393346-1024x576.jpg\" alt=\"Esse detalhe pode estar prejudicando o seu sono e voc\u00ea nem se deu conta\" class=\"wp-image-15260\" srcset=\"https:\/\/www.correiobraziliense.com.br\/cbradar\/wp-content\/uploads\/2025\/03\/Cerebro_1742822393346-1024x576.jpg 1024w, https:\/\/www.correiobraziliense.com.br\/cbradar\/wp-content\/uploads\/2025\/03\/Cerebro_1742822393346-300x169.jpg 300w, https:\/\/www.correiobraziliense.com.br\/cbradar\/wp-content\/uploads\/2025\/03\/Cerebro_1742822393346-768x432.jpg 768w, https:\/\/www.correiobraziliense.com.br\/cbradar\/wp-content\/uploads\/2025\/03\/Cerebro_1742822393346-750x422.jpg 750w, https:\/\/www.correiobraziliense.com.br\/cbradar\/wp-content\/uploads\/2025\/03\/Cerebro_1742822393346-1140x642.jpg 1140w, https:\/\/www.correiobraziliense.com.br\/cbradar\/wp-content\/uploads\/2025\/03\/Cerebro_1742822393346.jpg 1279w\" sizes=\"(max-width: 1024px) 100vw, 1024px\" \/><figcaption class=\"wp-element-caption\">C\u00e9rebro &#8211; Cr\u00e9ditos: depositphotos.com \/ monsit<\/figcaption><\/figure><\/div>\n\n\n<h2 class=\"wp-block-heading\">Quais s\u00e3o os problemas causados pela polui\u00e7\u00e3o sonora cr\u00f4nica<\/h2>\n\n\n\n<p>A&nbsp;<strong>polui\u00e7\u00e3o sonora cr\u00f4nica<\/strong>&nbsp;est\u00e1 associada a v\u00e1rios problemas de sa\u00fade.&nbsp;Entre as rea\u00e7\u00f5es mais comuns, destacam-se dist\u00farbios do sono, lapsos de mem\u00f3ria, irritabilidade e maior propens\u00e3o a quadros depressivos.&nbsp;Crian\u00e7as e idosos podem ser ainda mais sens\u00edveis a esses efeitos, impactando o desenvolvimento ou agravando quadros j\u00e1 existentes.<\/p>\n\n\n\n<p>O excesso de barulho tamb\u00e9m prejudica a comunica\u00e7\u00e3o interpessoal, dificultando o entendimento durante conversas e comprometendo rela\u00e7\u00f5es sociais. Em situa\u00e7\u00f5es graves, a exposi\u00e7\u00e3o prolongada a ru\u00eddos intensos pode contribuir para o aumento do risco de doen\u00e7as cardiovasculares.<\/p>\n\n\n\n<ul class=\"wp-block-list\">\n<li>Mudan\u00e7as comportamentais, como isolamento social, s\u00e3o associadas \u00e0 exposi\u00e7\u00e3o prolongada ao barulho.<\/li>\n\n\n\n<li>Lembrar de praticar pequenas pausas em ambientes silenciosos pode fornecer al\u00edvio imediato para o c\u00e9rebro.<\/li>\n<\/ul>\n\n\n\n<h2 class=\"wp-block-heading\">Como proteger a mente dos efeitos do ru\u00eddo no cotidiano<\/h2>\n\n\n\n<p>Reduzir o impacto do&nbsp;<strong>barulho constante<\/strong>&nbsp;demanda mudan\u00e7as simples na rotina.&nbsp;O uso de protetores auriculares em locais ruidosos e a prefer\u00eancia por janelas antirru\u00eddo em casa s\u00e3o estrat\u00e9gias acess\u00edveis.&nbsp;Promover momentos de sil\u00eancio sempre que poss\u00edvel, especialmente antes de dormir, favorece a recupera\u00e7\u00e3o mental.<\/p>\n\n\n\n<p>Desligar notifica\u00e7\u00f5es sonoras, evitar m\u00fasicas em volume alto e criar \u00e1reas de descanso silenciosas ajudam a manter o c\u00e9rebro menos exposto \u00e0 polui\u00e7\u00e3o auditiva.&nbsp;T\u00e9cnicas de relaxamento, como medita\u00e7\u00e3o guiada, demonstram efic\u00e1cia no al\u00edvio do estresse causado pelo barulho.<\/p>\n\n\n\n<h2 class=\"wp-block-heading\">Sil\u00eancio e sa\u00fade mental andam juntos<\/h2>\n\n\n\n<p>O contato regular com ambientes silenciosos \u00e9 um dos fatores protetores mais eficazes para a mente. Pequenas pausas em meio \u00e0 rotina corrida, mesmo por poucos minutos, contribuem para o reequil\u00edbrio emocional e melhoram o desempenho cognitivo.<\/p>\n\n\n\n<p>A&nbsp;<strong>import\u00e2ncia do sil\u00eancio<\/strong>&nbsp;ficou mais evidente ap\u00f3s a pandemia, quando o aumento de trabalho remoto e tempo dentro de casa fez muitos perceberem os efeitos nocivos do ru\u00eddo urbano. Criar h\u00e1bitos de valoriza\u00e7\u00e3o ao sil\u00eancio e buscar ref\u00fagios auditivos naturais, como parques ou \u00e1reas verdes, fortalece a sa\u00fade do c\u00e9rebro.<\/p>\n\n\n\n<p>Leia tamb\u00e9m: <a href=\"https:\/\/www.correiobraziliense.com.br\/cbradar\/um-ritual-de-10-minutos-que-pode-transformar-seus-dias-mais-estressantes\/\" target=\"_blank\" rel=\"noreferrer noopener\">Um ritual de 10 minutos que pode transformar seus dias mais estressantes<\/a><\/p>\n\n\n\n<h2 class=\"wp-block-heading\">Proteja sua mente e evite a sobrecarga sonora<\/h2>\n\n\n\n<ul class=\"wp-block-list\">\n<li><strong>Barulho constante<\/strong>\u00a0afeta o equil\u00edbrio emocional e o funcionamento cerebral.<\/li>\n\n\n\n<li>Exposi\u00e7\u00e3o prolongada \u00e0 polui\u00e7\u00e3o sonora pode desencadear problemas de sa\u00fade f\u00edsica e mental.<\/li>\n\n\n\n<li>Manter o contato regular com ambientes pac\u00edficos \u00e9 essencial para preservar a sa\u00fade da mente.<\/li>\n<\/ul>\n","protected":false},"excerpt":{"rendered":"<p>O efeito do barulho constante no c\u00e9rebro\u00a0\u00e9 uma preocupa\u00e7\u00e3o crescente nos ambientes urbanos.\u00a0Moradores de grandes cidades convivem diariamente com sons intensos, ficando expostos \u00e0 polui\u00e7\u00e3o sonora muitas horas por dia. Compreender como esses ru\u00eddos impactam a mente e identificar maneiras pr\u00e1ticas de prote\u00e7\u00e3o \u00e9 fundamental na rotina moderna. Como o barulho constante afeta o c\u00e9rebro [&hellip;]<\/p>\n","protected":false},"author":11,"featured_media":7611,"comment_status":"open","ping_status":"open","sticky":false,"template":"","format":"standard","meta":{"_yoast_wpseo_focuskw":"estresse","_yoast_wpseo_title":"","_yoast_wpseo_metadesc":"O excesso de barulho altera emo\u00e7\u00f5es e mem\u00f3ria. Saiba como criar ref\u00fagios silenciosos e cuidar da sua sa\u00fade mental de forma natural e acess\u00edvel.","jnews-multi-image_gallery":[],"jnews_single_post":{"format":"standard"},"jnews_primary_category":[],"jnews_social_meta":[],"jnews_override_counter":[],"footnotes":""},"categories":[119],"tags":[564,1318,1313],"class_list":["post-66565","post","type-post","status-publish","format-standard","has-post-thumbnail","hentry","category-bem-estar","tag-dormir","tag-saude-2","tag-sono"],"yoast_head":"<!-- This site is optimized with the Yoast SEO plugin v24.6 - https:\/\/yoast.com\/wordpress\/plugins\/seo\/ -->\n<title>Esse detalhe pode estar prejudicando o seu sono e voc\u00ea nem se deu conta - Correio Braziliense - Radar<\/title>\n<meta name=\"description\" content=\"O excesso de barulho altera emo\u00e7\u00f5es e mem\u00f3ria. Saiba como criar ref\u00fagios silenciosos e cuidar da sua sa\u00fade mental de forma natural e acess\u00edvel.\" \/>\n<meta name=\"robots\" content=\"index, follow, max-snippet:-1, max-image-preview:large, max-video-preview:-1\" \/>\n<link rel=\"canonical\" href=\"https:\/\/www.correiobraziliense.com.br\/cbradar\/esse-detalhe-pode-estar-prejudicando-o-seu-sono-e-voce-nem-se-deu-conta\/\" \/>\n<meta property=\"og:locale\" content=\"pt_BR\" \/>\n<meta property=\"og:type\" content=\"article\" \/>\n<meta property=\"og:title\" content=\"Esse detalhe pode estar prejudicando o seu sono e voc\u00ea nem se deu conta - Correio Braziliense - Radar\" \/>\n<meta property=\"og:description\" content=\"O excesso de barulho altera emo\u00e7\u00f5es e mem\u00f3ria. Saiba como criar ref\u00fagios silenciosos e cuidar da sua sa\u00fade mental de forma natural e acess\u00edvel.\" \/>\n<meta property=\"og:url\" content=\"https:\/\/www.correiobraziliense.com.br\/cbradar\/esse-detalhe-pode-estar-prejudicando-o-seu-sono-e-voce-nem-se-deu-conta\/\" \/>\n<meta property=\"og:site_name\" content=\"Correio Braziliense - Radar\" \/>\n<meta property=\"article:published_time\" content=\"2025-07-09T21:23:00+00:00\" \/>\n<meta property=\"og:image\" content=\"https:\/\/www.correiobraziliense.com.br\/cbradar\/wp-content\/uploads\/2025\/02\/dormir_1740767902634.jpg\" \/>\n\t<meta property=\"og:image:width\" content=\"1280\" \/>\n\t<meta property=\"og:image:height\" content=\"720\" \/>\n\t<meta property=\"og:image:type\" content=\"image\/jpeg\" \/>\n<meta name=\"author\" content=\"Paulo Custodio\" \/>\n<meta name=\"twitter:card\" content=\"summary_large_image\" \/>\n<meta name=\"twitter:label1\" content=\"Escrito por\" \/>\n\t<meta name=\"twitter:data1\" content=\"Paulo Custodio\" \/>\n\t<meta name=\"twitter:label2\" content=\"Est. tempo de leitura\" \/>\n\t<meta name=\"twitter:data2\" content=\"4 minutos\" \/>\n<!-- \/ Yoast SEO plugin. -->","yoast_head_json":{"title":"Esse detalhe pode estar prejudicando o seu sono e voc\u00ea nem se deu conta - Correio Braziliense - Radar","description":"O excesso de barulho altera emo\u00e7\u00f5es e mem\u00f3ria. Saiba como criar ref\u00fagios silenciosos e cuidar da sua sa\u00fade mental de forma natural e acess\u00edvel.","robots":{"index":"index","follow":"follow","max-snippet":"max-snippet:-1","max-image-preview":"max-image-preview:large","max-video-preview":"max-video-preview:-1"},"canonical":"https:\/\/www.correiobraziliense.com.br\/cbradar\/esse-detalhe-pode-estar-prejudicando-o-seu-sono-e-voce-nem-se-deu-conta\/","og_locale":"pt_BR","og_type":"article","og_title":"Esse detalhe pode estar prejudicando o seu sono e voc\u00ea nem se deu conta - Correio Braziliense - Radar","og_description":"O excesso de barulho altera emo\u00e7\u00f5es e mem\u00f3ria. Saiba como criar ref\u00fagios silenciosos e cuidar da sua sa\u00fade mental de forma natural e acess\u00edvel.","og_url":"https:\/\/www.correiobraziliense.com.br\/cbradar\/esse-detalhe-pode-estar-prejudicando-o-seu-sono-e-voce-nem-se-deu-conta\/","og_site_name":"Correio Braziliense - Radar","article_published_time":"2025-07-09T21:23:00+00:00","og_image":[{"width":1280,"height":720,"url":"https:\/\/www.correiobraziliense.com.br\/cbradar\/wp-content\/uploads\/2025\/02\/dormir_1740767902634.jpg","type":"image\/jpeg"}],"author":"Paulo Custodio","twitter_card":"summary_large_image","twitter_misc":{"Escrito por":"Paulo Custodio","Est. tempo de leitura":"4 minutos"},"schema":{"@context":"https:\/\/schema.org","@graph":[{"@type":"WebPage","@id":"https:\/\/www.correiobraziliense.com.br\/cbradar\/esse-detalhe-pode-estar-prejudicando-o-seu-sono-e-voce-nem-se-deu-conta\/","url":"https:\/\/www.correiobraziliense.com.br\/cbradar\/esse-detalhe-pode-estar-prejudicando-o-seu-sono-e-voce-nem-se-deu-conta\/","name":"Esse detalhe pode estar prejudicando o seu sono e voc\u00ea nem se deu conta - Correio Braziliense - Radar","isPartOf":{"@id":"https:\/\/www.correiobraziliense.com.br\/cbradar\/#website"},"primaryImageOfPage":{"@id":"https:\/\/www.correiobraziliense.com.br\/cbradar\/esse-detalhe-pode-estar-prejudicando-o-seu-sono-e-voce-nem-se-deu-conta\/#primaryimage"},"image":{"@id":"https:\/\/www.correiobraziliense.com.br\/cbradar\/esse-detalhe-pode-estar-prejudicando-o-seu-sono-e-voce-nem-se-deu-conta\/#primaryimage"},"thumbnailUrl":"https:\/\/www.correiobraziliense.com.br\/cbradar\/wp-content\/uploads\/2025\/02\/dormir_1740767902634.jpg","datePublished":"2025-07-09T21:23:00+00:00","author":{"@id":"https:\/\/www.correiobraziliense.com.br\/cbradar\/#\/schema\/person\/4cec7857301a9a1a2ef249893cd908d3"},"description":"O excesso de barulho altera emo\u00e7\u00f5es e mem\u00f3ria. Saiba como criar ref\u00fagios silenciosos e cuidar da sua sa\u00fade mental de forma natural e acess\u00edvel.","breadcrumb":{"@id":"https:\/\/www.correiobraziliense.com.br\/cbradar\/esse-detalhe-pode-estar-prejudicando-o-seu-sono-e-voce-nem-se-deu-conta\/#breadcrumb"},"inLanguage":"pt-BR","potentialAction":[{"@type":"ReadAction","target":["https:\/\/www.correiobraziliense.com.br\/cbradar\/esse-detalhe-pode-estar-prejudicando-o-seu-sono-e-voce-nem-se-deu-conta\/"]}]},{"@type":"ImageObject","inLanguage":"pt-BR","@id":"https:\/\/www.correiobraziliense.com.br\/cbradar\/esse-detalhe-pode-estar-prejudicando-o-seu-sono-e-voce-nem-se-deu-conta\/#primaryimage","url":"https:\/\/www.correiobraziliense.com.br\/cbradar\/wp-content\/uploads\/2025\/02\/dormir_1740767902634.jpg","contentUrl":"https:\/\/www.correiobraziliense.com.br\/cbradar\/wp-content\/uploads\/2025\/02\/dormir_1740767902634.jpg","width":1280,"height":720,"caption":"Despertador - Cr\u00e9ditos: depositphotos.com \/ NatashaFedorova"},{"@type":"BreadcrumbList","@id":"https:\/\/www.correiobraziliense.com.br\/cbradar\/esse-detalhe-pode-estar-prejudicando-o-seu-sono-e-voce-nem-se-deu-conta\/#breadcrumb","itemListElement":[{"@type":"ListItem","position":1,"name":"In\u00edcio","item":"https:\/\/www.correiobraziliense.com.br\/cbradar\/"},{"@type":"ListItem","position":2,"name":"Esse detalhe pode estar prejudicando o seu sono e voc\u00ea nem se deu conta"}]},{"@type":"WebSite","@id":"https:\/\/www.correiobraziliense.com.br\/cbradar\/#website","url":"https:\/\/www.correiobraziliense.com.br\/cbradar\/","name":"Correio Braziliense - Radar","description":"Acompanhe as \u00faltimas not\u00edcias e fique bem informado sobre tudo o que acontece no Brasil e no mundo.","potentialAction":[{"@type":"SearchAction","target":{"@type":"EntryPoint","urlTemplate":"https:\/\/www.correiobraziliense.com.br\/cbradar\/?s={search_term_string}"},"query-input":{"@type":"PropertyValueSpecification","valueRequired":true,"valueName":"search_term_string"}}],"inLanguage":"pt-BR"},{"@type":"Person","@id":"https:\/\/www.correiobraziliense.com.br\/cbradar\/#\/schema\/person\/4cec7857301a9a1a2ef249893cd908d3","name":"Paulo Custodio","image":{"@type":"ImageObject","inLanguage":"pt-BR","@id":"https:\/\/www.correiobraziliense.com.br\/cbradar\/#\/schema\/person\/image\/","url":"https:\/\/secure.gravatar.com\/avatar\/bcd67168d1534e8fcf4f45c726a87cea?s=96&d=mm&r=g","contentUrl":"https:\/\/secure.gravatar.com\/avatar\/bcd67168d1534e8fcf4f45c726a87cea?s=96&d=mm&r=g","caption":"Paulo Custodio"},"sameAs":["https:\/\/www.correiobraziliense.com.br\/cbradar"],"url":"https:\/\/www.correiobraziliense.com.br\/cbradar\/author\/paulomyth\/"}]}},"_links":{"self":[{"href":"https:\/\/www.correiobraziliense.com.br\/cbradar\/wp-json\/wp\/v2\/posts\/66565","targetHints":{"allow":["GET"]}}],"collection":[{"href":"https:\/\/www.correiobraziliense.com.br\/cbradar\/wp-json\/wp\/v2\/posts"}],"about":[{"href":"https:\/\/www.correiobraziliense.com.br\/cbradar\/wp-json\/wp\/v2\/types\/post"}],"author":[{"embeddable":true,"href":"https:\/\/www.correiobraziliense.com.br\/cbradar\/wp-json\/wp\/v2\/users\/11"}],"replies":[{"embeddable":true,"href":"https:\/\/www.correiobraziliense.com.br\/cbradar\/wp-json\/wp\/v2\/comments?post=66565"}],"version-history":[{"count":1,"href":"https:\/\/www.correiobraziliense.com.br\/cbradar\/wp-json\/wp\/v2\/posts\/66565\/revisions"}],"predecessor-version":[{"id":66579,"href":"https:\/\/www.correiobraziliense.com.br\/cbradar\/wp-json\/wp\/v2\/posts\/66565\/revisions\/66579"}],"wp:featuredmedia":[{"embeddable":true,"href":"https:\/\/www.correiobraziliense.com.br\/cbradar\/wp-json\/wp\/v2\/media\/7611"}],"wp:attachment":[{"href":"https:\/\/www.correiobraziliense.com.br\/cbradar\/wp-json\/wp\/v2\/media?parent=66565"}],"wp:term":[{"taxonomy":"category","embeddable":true,"href":"https:\/\/www.correiobraziliense.com.br\/cbradar\/wp-json\/wp\/v2\/categories?post=66565"},{"taxonomy":"post_tag","embeddable":true,"href":"https:\/\/www.correiobraziliense.com.br\/cbradar\/wp-json\/wp\/v2\/tags?post=66565"}],"curies":[{"name":"wp","href":"https:\/\/api.w.org\/{rel}","templated":true}]}}