{"id":66694,"date":"2025-07-09T06:53:00","date_gmt":"2025-07-09T09:53:00","guid":{"rendered":"https:\/\/www.correiobraziliense.com.br\/cbradar\/?p=66694"},"modified":"2025-07-08T17:49:26","modified_gmt":"2025-07-08T20:49:26","slug":"7-sintomas-em-caes-que-exigem-atencao-imediata-segundo-veterinarios","status":"publish","type":"post","link":"https:\/\/www.correiobraziliense.com.br\/cbradar\/7-sintomas-em-caes-que-exigem-atencao-imediata-segundo-veterinarios\/","title":{"rendered":"7 sintomas em c\u00e3es que exigem aten\u00e7\u00e3o imediata segundo veterin\u00e1rios"},"content":{"rendered":"\n<p>Manter a sa\u00fade dos c\u00e3es demanda aten\u00e7\u00e3o constante, principalmente quanto a sinais que podem indicar algum problema grave. Muitos tutores desconhecem sintomas que, se ignorados, podem evoluir para quadros s\u00e9rios. Por essa raz\u00e3o, identificar altera\u00e7\u00f5es no comportamento ou aspecto f\u00edsico dos c\u00e3es \u00e9 fundamental para garantir qualidade de vida e bem-estar aos animais de estima\u00e7\u00e3o.<\/p>\n\n\n\n<p>Pequenas mudan\u00e7as no dia a dia de um cachorro, como perda de apetite, altera\u00e7\u00f5es na urina ou dificuldade para se levantar, geralmente passam despercebidas. Contudo, veterin\u00e1rios alertam que estes sintomas merecem aten\u00e7\u00e3o especial, pois indicam desequil\u00edbrios ou doen\u00e7as que devem ser tratadas o quanto antes. Uma avalia\u00e7\u00e3o semanal r\u00e1pida pode fazer a diferen\u00e7a na identifica\u00e7\u00e3o precoce de diversas enfermidades.<\/p>\n\n\n\n<h2 class=\"wp-block-heading\">Quais sintomas em c\u00e3es exigem aten\u00e7\u00e3o imediata?<\/h2>\n\n\n\n<p><strong>O acompanhamento regular permite ao respons\u00e1vel observar sintomas que n\u00e3o devem ser desconsiderados.<\/strong> Entre os sinais que exigem avalia\u00e7\u00e3o m\u00e9dica, destacam-se sete sintomas-chave identificados pela palavra-chave <strong>\u201csintomas em c\u00e3es\u201d<\/strong>. O reconhecimento r\u00e1pido dessas manifesta\u00e7\u00f5es pode ser decisivo para o progn\u00f3stico dos animais de estima\u00e7\u00e3o.<\/p>\n\n\n\n<ul class=\"wp-block-list\">\n<li><strong>Altera\u00e7\u00e3o no consumo de \u00e1gua:<\/strong> Tanto a ingest\u00e3o excessiva quanto a falta de interesse pela \u00e1gua podem apontar doen\u00e7as renais, end\u00f3crinas ou quadros de desidrata\u00e7\u00e3o.<\/li>\n\n\n\n<li><strong>Perda de peso repentina:<\/strong> Mudan\u00e7as no peso, sem explica\u00e7\u00e3o aparente, podem sugerir problemas metab\u00f3licos, end\u00f3crinos, doen\u00e7as infecciosas ou at\u00e9 mesmo neoplasias.<\/li>\n\n\n\n<li><strong>Tosse frequente:<\/strong> Se o cachorro apresenta tosse diariamente, esse sintoma merece investiga\u00e7\u00e3o, podendo indicar altera\u00e7\u00f5es card\u00edacas, respirat\u00f3rias ou processos infecciosos.<\/li>\n\n\n\n<li><strong>Dificuldade para se levantar ou deambular:<\/strong> Sinais de dor, rigidez ou relut\u00e2ncia para levantar-se podem indicar doen\u00e7as articulares, musculares ou neurol\u00f3gicas.<\/li>\n\n\n\n<li><strong>Linf\u00f4nodos inchados ou aparecimento de n\u00f3dulos:<\/strong> A presen\u00e7a de caro\u00e7os ou gl\u00e2ndulas aumentadas pode estar relacionada a infec\u00e7\u00f5es, rea\u00e7\u00f5es inflamat\u00f3rias ou at\u00e9 c\u00e2ncer.<\/li>\n\n\n\n<li><strong>Mudan\u00e7as na urina:<\/strong> Cor at\u00edpica, odor forte ou presen\u00e7a de sangue s\u00e3o altera\u00e7\u00f5es que requerem consulta veterin\u00e1ria para an\u00e1lise urin\u00e1ria e investiga\u00e7\u00e3o cl\u00ednica.<\/li>\n\n\n\n<li><strong>Comportamento anormal:<\/strong> Agressividade repentina, apatia, medo ou mudan\u00e7a nos h\u00e1bitos podem refletir dor, desconforto ou doen\u00e7as neurol\u00f3gicas.<\/li>\n<\/ul>\n\n\n\n<figure class=\"wp-block-image size-large\"><img decoding=\"async\" width=\"1024\" height=\"576\" src=\"https:\/\/www.correiobraziliense.com.br\/cbradar\/wp-content\/uploads\/2025\/07\/cachorro_1752007747006-1024x576.jpg\" alt=\"7 sintomas em c\u00e3es que exigem aten\u00e7\u00e3o imediata segundo veterin\u00e1rios\" class=\"wp-image-66697\" srcset=\"https:\/\/www.correiobraziliense.com.br\/cbradar\/wp-content\/uploads\/2025\/07\/cachorro_1752007747006-1024x576.jpg 1024w, https:\/\/www.correiobraziliense.com.br\/cbradar\/wp-content\/uploads\/2025\/07\/cachorro_1752007747006-300x169.jpg 300w, https:\/\/www.correiobraziliense.com.br\/cbradar\/wp-content\/uploads\/2025\/07\/cachorro_1752007747006-768x432.jpg 768w, https:\/\/www.correiobraziliense.com.br\/cbradar\/wp-content\/uploads\/2025\/07\/cachorro_1752007747006-750x422.jpg 750w, https:\/\/www.correiobraziliense.com.br\/cbradar\/wp-content\/uploads\/2025\/07\/cachorro_1752007747006-1140x641.jpg 1140w, https:\/\/www.correiobraziliense.com.br\/cbradar\/wp-content\/uploads\/2025\/07\/cachorro_1752007747006.jpg 1280w\" sizes=\"(max-width: 1024px) 100vw, 1024px\" \/><figcaption class=\"wp-element-caption\">cachorro. Cr\u00e9ditos: depositphotos.com \/ lifeonwhite<\/figcaption><\/figure>\n\n\n\n<h2 class=\"wp-block-heading\">Por que a aten\u00e7\u00e3o aos sintomas em c\u00e3es \u00e9 t\u00e3o importante?<\/h2>\n\n\n\n<p><strong>Detectar rapidamente sintomas pode facilitar o tratamento e aumentar as chances de recupera\u00e7\u00e3o.<\/strong> O atraso na identifica\u00e7\u00e3o de altera\u00e7\u00f5es pode resultar em agravamento do quadro de sa\u00fade e, consequentemente, menor probabilidade de resposta positiva \u00e0 interven\u00e7\u00e3o m\u00e9dica. A responsabilidade do tutor inclui observar pequenos detalhes e agir prontamente diante de sinais fora do padr\u00e3o habitual do animal.<\/p>\n\n\n\n<p>Especialistas recomendam a realiza\u00e7\u00e3o de exames peri\u00f3dicos caseiros simples, como:<\/p>\n\n\n\n<ol class=\"wp-block-list\">\n<li>Verificar olhos, ouvidos e dentes em busca de secre\u00e7\u00f5es ou odores incomuns.<\/li>\n\n\n\n<li>Observar pele e pelagem durante o banho ou escova\u00e7\u00e3o por caro\u00e7os, feridas ou queda de pelo.<\/li>\n\n\n\n<li>Analisar a regularidade das fezes e urina, notando cor, presen\u00e7a de sangue ou dificuldade para evacuar.<\/li>\n\n\n\n<li>Acompanhar altera\u00e7\u00f5es no apetite, hidrata\u00e7\u00e3o e n\u00edvel de energia.<\/li>\n<\/ol>\n\n\n\n<p>Leia tamb\u00e9m: <a href=\"https:\/\/www.correiobraziliense.com.br\/cbradar\/5-sinais-de-que-seu-cachorro-precisa-de-mais-convivencia-com-outros-caes\/\" target=\"_blank\" rel=\"noreferrer noopener\">5 sinais de que seu cachorro precisa de mais conviv\u00eancia com outros c\u00e3es<\/a><\/p>\n\n\n\n<h2 class=\"wp-block-heading\">Quando levar o cachorro ao veterin\u00e1rio em casos de sintomas?<\/h2>\n\n\n\n<p><strong>O surgimento de sintomas incomuns deve motivar a busca imediata por orienta\u00e7\u00e3o veterin\u00e1ria, mesmo que o quadro pare\u00e7a isolado.<\/strong> A avalia\u00e7\u00e3o profissional \u00e9 indispens\u00e1vel para identificar a causa e direcionar o tratamento adequado. M\u00e9dicos veterin\u00e1rios possuem os recursos para realizar exames e analisar amostras, como urina ou sangue, possibilitando interven\u00e7\u00f5es precoces e seguras.<\/p>\n\n\n\n<p>Al\u00e9m disso, manter o protocolo de consultas regulares, vacina\u00e7\u00e3o e vermifuga\u00e7\u00e3o contribui para a preven\u00e7\u00e3o e o diagn\u00f3stico precoce de v\u00e1rias doen\u00e7as. Em casos de sintomas persistentes, progressivos ou que acometam de forma significativa o comportamento do c\u00e3o, n\u00e3o se deve aguardar melhora espont\u00e2nea.<\/p>\n\n\n\n<p>A observa\u00e7\u00e3o atenta e os cuidados preventivos s\u00e3o aliados fundamentais na promo\u00e7\u00e3o da sa\u00fade dos c\u00e3es. Pequenas atitudes rotineiras podem evitar o avan\u00e7o de doen\u00e7as e melhorar consideravelmente a qualidade de vida desses companheiros. Conhecer e respeitar os sinais do organismo do animal \u00e9 uma das formas mais eficientes de zelar pela sua sa\u00fade ao longo do tempo.<\/p>\n","protected":false},"excerpt":{"rendered":"<p>Tosse, apatia ou altera\u00e7\u00f5es na urina? Esses sinais podem ser mais s\u00e9rios do que parecem. Saiba quando \u00e9 hora de levar seu pet ao veterin\u00e1rio.<\/p>\n","protected":false},"author":3,"featured_media":66696,"comment_status":"open","ping_status":"open","sticky":false,"template":"","format":"standard","meta":{"_yoast_wpseo_focuskw":"sintomas c\u00e3es","_yoast_wpseo_title":"%%title%%","_yoast_wpseo_metadesc":"Tosse, apatia ou altera\u00e7\u00f5es na urina? Esses sinais podem ser mais s\u00e9rios do que parecem. Saiba quando \u00e9 hora de levar seu pet ao veterin\u00e1rio.","jnews-multi-image_gallery":[],"jnews_single_post":{"format":"standard"},"jnews_primary_category":[],"jnews_social_meta":[],"jnews_override_counter":[],"footnotes":""},"categories":[112],"post_tag":[1977,378,144,565],"class_list":["post-66694","post","type-post","status-publish","format-standard","has-post-thumbnail","hentry","category-curiosidades","tag-animais-de-estimacao","tag-cachorro","tag-curiosidades","tag-saude"],"yoast_head":"<!-- This site is optimized with the Yoast SEO plugin v24.6 - https:\/\/yoast.com\/wordpress\/plugins\/seo\/ -->\n<title>7 sintomas em c\u00e3es que exigem aten\u00e7\u00e3o imediata segundo veterin\u00e1rios<\/title>\n<meta name=\"description\" content=\"Tosse, apatia ou altera\u00e7\u00f5es na urina? Esses sinais podem ser mais s\u00e9rios do que parecem. Saiba quando \u00e9 hora de levar seu pet ao veterin\u00e1rio.\" \/>\n<meta name=\"robots\" content=\"index, follow, max-snippet:-1, max-image-preview:large, max-video-preview:-1\" \/>\n<link rel=\"canonical\" href=\"https:\/\/www.correiobraziliense.com.br\/cbradar\/7-sintomas-em-caes-que-exigem-atencao-imediata-segundo-veterinarios\/\" \/>\n<meta property=\"og:locale\" content=\"pt_BR\" \/>\n<meta property=\"og:type\" content=\"article\" \/>\n<meta property=\"og:title\" content=\"7 sintomas em c\u00e3es que exigem aten\u00e7\u00e3o imediata segundo veterin\u00e1rios\" \/>\n<meta property=\"og:description\" content=\"Tosse, apatia ou altera\u00e7\u00f5es na urina? Esses sinais podem ser mais s\u00e9rios do que parecem. Saiba quando \u00e9 hora de levar seu pet ao veterin\u00e1rio.\" \/>\n<meta property=\"og:url\" content=\"https:\/\/www.correiobraziliense.com.br\/cbradar\/7-sintomas-em-caes-que-exigem-atencao-imediata-segundo-veterinarios\/\" \/>\n<meta property=\"og:site_name\" content=\"Correio Braziliense - Radar\" \/>\n<meta property=\"article:published_time\" content=\"2025-07-09T09:53:00+00:00\" \/>\n<meta property=\"og:image\" content=\"https:\/\/www.correiobraziliense.com.br\/cbradar\/wp-content\/uploads\/2025\/07\/cachorro_1752007722796.jpg\" \/>\n\t<meta property=\"og:image:width\" content=\"1280\" \/>\n\t<meta property=\"og:image:height\" content=\"720\" \/>\n\t<meta property=\"og:image:type\" content=\"image\/jpeg\" \/>\n<meta name=\"author\" content=\"Larissa Carvalho\" \/>\n<meta name=\"twitter:card\" content=\"summary_large_image\" \/>\n<meta name=\"twitter:label1\" content=\"Escrito por\" \/>\n\t<meta name=\"twitter:data1\" content=\"Larissa Carvalho\" \/>\n\t<meta name=\"twitter:label2\" content=\"Est. tempo de leitura\" \/>\n\t<meta name=\"twitter:data2\" content=\"4 minutos\" \/>\n<!-- \/ Yoast SEO plugin. -->","yoast_head_json":{"title":"7 sintomas em c\u00e3es que exigem aten\u00e7\u00e3o imediata segundo veterin\u00e1rios","description":"Tosse, apatia ou altera\u00e7\u00f5es na urina? Esses sinais podem ser mais s\u00e9rios do que parecem. Saiba quando \u00e9 hora de levar seu pet ao veterin\u00e1rio.","robots":{"index":"index","follow":"follow","max-snippet":"max-snippet:-1","max-image-preview":"max-image-preview:large","max-video-preview":"max-video-preview:-1"},"canonical":"https:\/\/www.correiobraziliense.com.br\/cbradar\/7-sintomas-em-caes-que-exigem-atencao-imediata-segundo-veterinarios\/","og_locale":"pt_BR","og_type":"article","og_title":"7 sintomas em c\u00e3es que exigem aten\u00e7\u00e3o imediata segundo veterin\u00e1rios","og_description":"Tosse, apatia ou altera\u00e7\u00f5es na urina? Esses sinais podem ser mais s\u00e9rios do que parecem. Saiba quando \u00e9 hora de levar seu pet ao veterin\u00e1rio.","og_url":"https:\/\/www.correiobraziliense.com.br\/cbradar\/7-sintomas-em-caes-que-exigem-atencao-imediata-segundo-veterinarios\/","og_site_name":"Correio Braziliense - Radar","article_published_time":"2025-07-09T09:53:00+00:00","og_image":[{"width":1280,"height":720,"url":"https:\/\/www.correiobraziliense.com.br\/cbradar\/wp-content\/uploads\/2025\/07\/cachorro_1752007722796.jpg","type":"image\/jpeg"}],"author":"Larissa Carvalho","twitter_card":"summary_large_image","twitter_misc":{"Escrito por":"Larissa Carvalho","Est. tempo de leitura":"4 minutos"},"schema":{"@context":"https:\/\/schema.org","@graph":[{"@type":"WebPage","@id":"https:\/\/www.correiobraziliense.com.br\/cbradar\/7-sintomas-em-caes-que-exigem-atencao-imediata-segundo-veterinarios\/","url":"https:\/\/www.correiobraziliense.com.br\/cbradar\/7-sintomas-em-caes-que-exigem-atencao-imediata-segundo-veterinarios\/","name":"7 sintomas em c\u00e3es que exigem aten\u00e7\u00e3o imediata segundo veterin\u00e1rios","isPartOf":{"@id":"https:\/\/www.correiobraziliense.com.br\/cbradar\/#website"},"primaryImageOfPage":{"@id":"https:\/\/www.correiobraziliense.com.br\/cbradar\/7-sintomas-em-caes-que-exigem-atencao-imediata-segundo-veterinarios\/#primaryimage"},"image":{"@id":"https:\/\/www.correiobraziliense.com.br\/cbradar\/7-sintomas-em-caes-que-exigem-atencao-imediata-segundo-veterinarios\/#primaryimage"},"thumbnailUrl":"https:\/\/www.correiobraziliense.com.br\/cbradar\/wp-content\/uploads\/2025\/07\/cachorro_1752007722796.jpg","datePublished":"2025-07-09T09:53:00+00:00","author":{"@id":"https:\/\/www.correiobraziliense.com.br\/cbradar\/#\/schema\/person\/58422787644df994b53a19d3e56c1513"},"description":"Tosse, apatia ou altera\u00e7\u00f5es na urina? Esses sinais podem ser mais s\u00e9rios do que parecem. Saiba quando \u00e9 hora de levar seu pet ao veterin\u00e1rio.","breadcrumb":{"@id":"https:\/\/www.correiobraziliense.com.br\/cbradar\/7-sintomas-em-caes-que-exigem-atencao-imediata-segundo-veterinarios\/#breadcrumb"},"inLanguage":"pt-BR","potentialAction":[{"@type":"ReadAction","target":["https:\/\/www.correiobraziliense.com.br\/cbradar\/7-sintomas-em-caes-que-exigem-atencao-imediata-segundo-veterinarios\/"]}]},{"@type":"ImageObject","inLanguage":"pt-BR","@id":"https:\/\/www.correiobraziliense.com.br\/cbradar\/7-sintomas-em-caes-que-exigem-atencao-imediata-segundo-veterinarios\/#primaryimage","url":"https:\/\/www.correiobraziliense.com.br\/cbradar\/wp-content\/uploads\/2025\/07\/cachorro_1752007722796.jpg","contentUrl":"https:\/\/www.correiobraziliense.com.br\/cbradar\/wp-content\/uploads\/2025\/07\/cachorro_1752007722796.jpg","width":1280,"height":720,"caption":"cachorro. Cr\u00e9ditos: depositphotos.com \/ AllaSerebrina"},{"@type":"BreadcrumbList","@id":"https:\/\/www.correiobraziliense.com.br\/cbradar\/7-sintomas-em-caes-que-exigem-atencao-imediata-segundo-veterinarios\/#breadcrumb","itemListElement":[{"@type":"ListItem","position":1,"name":"In\u00edcio","item":"https:\/\/www.correiobraziliense.com.br\/cbradar\/"},{"@type":"ListItem","position":2,"name":"7 sintomas em c\u00e3es que exigem aten\u00e7\u00e3o imediata segundo veterin\u00e1rios"}]},{"@type":"WebSite","@id":"https:\/\/www.correiobraziliense.com.br\/cbradar\/#website","url":"https:\/\/www.correiobraziliense.com.br\/cbradar\/","name":"Correio Braziliense - Radar","description":"Acompanhe as \u00faltimas not\u00edcias e fique bem informado sobre tudo o que acontece no Brasil e no mundo.","potentialAction":[{"@type":"SearchAction","target":{"@type":"EntryPoint","urlTemplate":"https:\/\/www.correiobraziliense.com.br\/cbradar\/?s={search_term_string}"},"query-input":{"@type":"PropertyValueSpecification","valueRequired":true,"valueName":"search_term_string"}}],"inLanguage":"pt-BR"},{"@type":"Person","@id":"https:\/\/www.correiobraziliense.com.br\/cbradar\/#\/schema\/person\/58422787644df994b53a19d3e56c1513","name":"Larissa Carvalho","image":{"@type":"ImageObject","inLanguage":"pt-BR","@id":"https:\/\/www.correiobraziliense.com.br\/cbradar\/#\/schema\/person\/image\/","url":"https:\/\/secure.gravatar.com\/avatar\/fe4f91a0de32b52a838d0d612abdc1aa?s=96&d=mm&r=g","contentUrl":"https:\/\/secure.gravatar.com\/avatar\/fe4f91a0de32b52a838d0d612abdc1aa?s=96&d=mm&r=g","caption":"Larissa Carvalho"},"url":"https:\/\/www.correiobraziliense.com.br\/cbradar\/author\/larissamyth\/"}]}},"_links":{"self":[{"href":"https:\/\/www.correiobraziliense.com.br\/cbradar\/wp-json\/wp\/v2\/posts\/66694","targetHints":{"allow":["GET"]}}],"collection":[{"href":"https:\/\/www.correiobraziliense.com.br\/cbradar\/wp-json\/wp\/v2\/posts"}],"about":[{"href":"https:\/\/www.correiobraziliense.com.br\/cbradar\/wp-json\/wp\/v2\/types\/post"}],"author":[{"embeddable":true,"href":"https:\/\/www.correiobraziliense.com.br\/cbradar\/wp-json\/wp\/v2\/users\/3"}],"replies":[{"embeddable":true,"href":"https:\/\/www.correiobraziliense.com.br\/cbradar\/wp-json\/wp\/v2\/comments?post=66694"}],"version-history":[{"count":2,"href":"https:\/\/www.correiobraziliense.com.br\/cbradar\/wp-json\/wp\/v2\/posts\/66694\/revisions"}],"predecessor-version":[{"id":66698,"href":"https:\/\/www.correiobraziliense.com.br\/cbradar\/wp-json\/wp\/v2\/posts\/66694\/revisions\/66698"}],"wp:featuredmedia":[{"embeddable":true,"href":"https:\/\/www.correiobraziliense.com.br\/cbradar\/wp-json\/wp\/v2\/media\/66696"}],"wp:attachment":[{"href":"https:\/\/www.correiobraziliense.com.br\/cbradar\/wp-json\/wp\/v2\/media?parent=66694"}],"wp:term":[{"taxonomy":"category","embeddable":true,"href":"https:\/\/www.correiobraziliense.com.br\/cbradar\/wp-json\/wp\/v2\/categories?post=66694"},{"taxonomy":"post_tag","embeddable":true,"href":"https:\/\/www.correiobraziliense.com.br\/cbradar\/wp-json\/wp\/v2\/post_tag?post=66694"}],"curies":[{"name":"wp","href":"https:\/\/api.w.org\/{rel}","templated":true}]}}