{"id":67026,"date":"2025-07-10T22:23:00","date_gmt":"2025-07-11T01:23:00","guid":{"rendered":"https:\/\/www.correiobraziliense.com.br\/cbradar\/?p=67026"},"modified":"2025-07-09T15:14:46","modified_gmt":"2025-07-09T18:14:46","slug":"o-motivo-das-marcas-nos-copos-descartaveis-vai-alem-do-que-voce-imagina","status":"publish","type":"post","link":"https:\/\/www.correiobraziliense.com.br\/cbradar\/o-motivo-das-marcas-nos-copos-descartaveis-vai-alem-do-que-voce-imagina\/","title":{"rendered":"O motivo das marcas nos copos descart\u00e1veis vai al\u00e9m do que voc\u00ea imagina"},"content":{"rendered":"\n<p>Presentes em festas, eventos e confraterniza\u00e7\u00f5es, os <strong>copos descart\u00e1veis<\/strong> de pl\u00e1stico fazem parte do cotidiano de muitas pessoas. Embora pare\u00e7am objetos simples, carregam caracter\u00edsticas curiosas que passam despercebidas. Entre os detalhes que normalmente n\u00e3o recebem aten\u00e7\u00e3o, est\u00e3o as marcas em relevo presentes ao longo do corpo desses recipientes. No entanto, poucas pessoas conhecem de fato a fun\u00e7\u00e3o dessas marcas e a utilidade delas para quem serve bebidas diversas.<\/p>\n\n\n\n<p>Contrariando a ideia de que esses detalhes servem apenas para fins decorativos, <strong>as linhas nos copos descart\u00e1veis possuem uma inten\u00e7\u00e3o pr\u00e1tica e funcional<\/strong>. Esses tra\u00e7os permitem que o usu\u00e1rio me\u00e7a de forma precisa a quantidade de l\u00edquido servida, facilitando tanto o controle das por\u00e7\u00f5es quanto o preparo de drinks, doses e at\u00e9 mesmo a oferta de sucos e vinhos durante reuni\u00f5es. Com isso, o produto oferece n\u00e3o apenas praticidade, mas tamb\u00e9m economia e uniformidade no servi\u00e7o.<\/p>\n\n\n\n<h2 class=\"wp-block-heading\">Por que os copos descart\u00e1veis t\u00eam marcas?<\/h2>\n\n\n\n<p><strong>As linhas encontradas nos copos pl\u00e1sticos descart\u00e1veis desempenham a fun\u00e7\u00e3o de guias visuais para a quantidade de l\u00edquido<\/strong>. Cada uma dessas marcas corresponde a um volume espec\u00edfico, tornando o ato de servir mais intuitivo. Para bares, restaurantes e festas, isso representa uma vantagem significativa, j\u00e1 que n\u00e3o \u00e9 necess\u00e1rio utilizar balan\u00e7as, copos dosadores ou outros acess\u00f3rios para garantir por\u00e7\u00f5es exatas. Essa simplicidade reflete em agilidade e menos desperd\u00edcio durante o uso, especialmente quando o recipiente \u00e9 compartilhado por v\u00e1rias pessoas em um mesmo ambiente.<\/p>\n\n\n\n<h2 class=\"wp-block-heading\">Para que serve cada marca dos copos descart\u00e1veis?<\/h2>\n\n\n\n<p><strong>Geralmente, os copos descart\u00e1veis apresentam tr\u00eas linhas principais<\/strong>. <strong>A primeira linha<\/strong>, posicionada mais pr\u00f3xima \u00e0 base, indica a medida ideal para um shot, com capacidade aproximada de <strong>30 mililitros<\/strong>, especialmente \u00fatil para bebidas destiladas, como cacha\u00e7a, tequila e vodka. <strong>A segunda linha<\/strong> costuma marcar o volume de <strong>150 mililitros<\/strong>, valor este que corresponde \u00e0 medida padr\u00e3o para servir vinho ou sucos. Por fim, <strong>a terceira linha<\/strong>, mais pr\u00f3xima \u00e0 borda, mostra a capacidade m\u00e1xima do copo, que pode variar entre <strong>200 e 250 mililitros<\/strong> dependendo do modelo.<\/p>\n\n\n\n<figure class=\"wp-block-image size-large\"><img decoding=\"async\" width=\"1024\" height=\"576\" src=\"https:\/\/www.correiobraziliense.com.br\/cbradar\/wp-content\/uploads\/2025\/07\/copo-descartavel_1752084857871-1024x576.jpg\" alt=\"O motivo das marcas nos copos descart\u00e1veis vai al\u00e9m do que voc\u00ea imagina\" class=\"wp-image-67030\" srcset=\"https:\/\/www.correiobraziliense.com.br\/cbradar\/wp-content\/uploads\/2025\/07\/copo-descartavel_1752084857871-1024x576.jpg 1024w, https:\/\/www.correiobraziliense.com.br\/cbradar\/wp-content\/uploads\/2025\/07\/copo-descartavel_1752084857871-300x169.jpg 300w, https:\/\/www.correiobraziliense.com.br\/cbradar\/wp-content\/uploads\/2025\/07\/copo-descartavel_1752084857871-768x432.jpg 768w, https:\/\/www.correiobraziliense.com.br\/cbradar\/wp-content\/uploads\/2025\/07\/copo-descartavel_1752084857871-750x422.jpg 750w, https:\/\/www.correiobraziliense.com.br\/cbradar\/wp-content\/uploads\/2025\/07\/copo-descartavel_1752084857871-1140x641.jpg 1140w, https:\/\/www.correiobraziliense.com.br\/cbradar\/wp-content\/uploads\/2025\/07\/copo-descartavel_1752084857871.jpg 1280w\" sizes=\"(max-width: 1024px) 100vw, 1024px\" \/><figcaption class=\"wp-element-caption\">copo descart\u00e1vel. Cr\u00e9ditos: depositphotos.com \/ DepositNovic<\/figcaption><\/figure>\n\n\n\n<h2 class=\"wp-block-heading\">Quais as vantagens de usar as marcas dos copos descart\u00e1veis?<\/h2>\n\n\n\n<p><strong>O uso dessas linhas demarcadas apresenta benef\u00edcios pr\u00e1ticos e econ\u00f4micos para quem organiza eventos ou trabalha no servi\u00e7o de bebidas<\/strong>. Entre as principais vantagens, destacam-se:<\/p>\n\n\n\n<ul class=\"wp-block-list\">\n<li><strong>Controle de por\u00e7\u00f5es:<\/strong> As marcas ajudam a servir a quantidade correta de bebida, evitando excessos ou faltas.<\/li>\n\n\n\n<li><strong>Facilidade para misturar drinks:<\/strong> Ao usar as linhas como refer\u00eancia, \u00e9 poss\u00edvel montar coquet\u00e9is na propor\u00e7\u00e3o certa, sem necessidade de equipamentos extras.<\/li>\n\n\n\n<li><strong>Redu\u00e7\u00e3o do desperd\u00edcio:<\/strong> Servir exatamente o que foi planejado evita o descarte desnecess\u00e1rio de bebidas e contribui para um consumo mais consciente.<\/li>\n\n\n\n<li><strong>Padr\u00e3o de servi\u00e7o:<\/strong> Em festas e estabelecimentos comerciais, a utiliza\u00e7\u00e3o dessas refer\u00eancias garante que todos recebam volumes semelhantes.<\/li>\n<\/ul>\n\n\n\n<h2 class=\"wp-block-heading\">Como identificar o uso correto das linhas nos copos descart\u00e1veis?<\/h2>\n\n\n\n<p><strong>Muitos ainda se perguntam: <em>como saber onde parar ao servir a bebida?<\/em> Basta observar o relevo ou as linhas horizontais presentes no copo descart\u00e1vel<\/strong>. Ao despejar o l\u00edquido at\u00e9 a primeira marca, atinge-se o volume de um shot; ao alcan\u00e7ar a segunda, tem-se a medida de um copo de vinho ou suco; j\u00e1 a terceira representa o limite m\u00e1ximo do recipiente. Essa pr\u00e1tica contribui para uma experi\u00eancia mais organizada, tanto em eventos caseiros quanto em ambientes comerciais, sem a necessidade de instrumentos de medi\u00e7\u00e3o.<\/p>\n\n\n\n<p><strong>A variedade de marcas e capacidades pode variar conforme o fabricante e o uso destinado ao copo descart\u00e1vel<\/strong>. Ainda assim, a presen\u00e7a dessas linhas auxilia quem busca praticidade e precis\u00e3o ao servir diferentes tipos de bebidas. Esse detalhe simples transforma o copo descart\u00e1vel em um aliado na hora de controlar as quantidades e garantir um servi\u00e7o eficiente.<\/p>\n","protected":false},"excerpt":{"rendered":"<p>Copos descart\u00e1veis com linhas facilitam o preparo de drinks, evitam desperd\u00edcios e garantem padr\u00e3o no servi\u00e7o. Descubra a fun\u00e7\u00e3o real dessas marcas.<\/p>\n","protected":false},"author":3,"featured_media":67029,"comment_status":"open","ping_status":"open","sticky":false,"template":"","format":"standard","meta":{"jnews-multi-image_gallery":[],"jnews_single_post":{"format":"standard"},"jnews_primary_category":[],"jnews_social_meta":[],"jnews_override_counter":[],"footnotes":""},"categories":[112],"post_tag":[492,7948,144],"class_list":["post-67026","post","type-post","status-publish","format-standard","has-post-thumbnail","hentry","category-curiosidades","tag-copos","tag-copos-descartaveis","tag-curiosidades"],"yoast_head":"<!-- This site is optimized with the Yoast SEO plugin v24.6 - https:\/\/yoast.com\/wordpress\/plugins\/seo\/ -->\n<title>O motivo das marcas nos copos descart\u00e1veis vai al\u00e9m do que voc\u00ea imagina<\/title>\n<meta name=\"description\" content=\"Copos descart\u00e1veis com linhas facilitam o preparo de drinks, evitam desperd\u00edcios e garantem padr\u00e3o no servi\u00e7o. Descubra a fun\u00e7\u00e3o real dessas marcas.\" \/>\n<meta name=\"robots\" content=\"index, follow, max-snippet:-1, max-image-preview:large, max-video-preview:-1\" \/>\n<link rel=\"canonical\" href=\"https:\/\/www.correiobraziliense.com.br\/cbradar\/o-motivo-das-marcas-nos-copos-descartaveis-vai-alem-do-que-voce-imagina\/\" \/>\n<meta property=\"og:locale\" content=\"pt_BR\" \/>\n<meta property=\"og:type\" content=\"article\" \/>\n<meta property=\"og:title\" content=\"O motivo das marcas nos copos descart\u00e1veis vai al\u00e9m do que voc\u00ea imagina\" \/>\n<meta property=\"og:description\" content=\"Copos descart\u00e1veis com linhas facilitam o preparo de drinks, evitam desperd\u00edcios e garantem padr\u00e3o no servi\u00e7o. Descubra a fun\u00e7\u00e3o real dessas marcas.\" \/>\n<meta property=\"og:url\" content=\"https:\/\/www.correiobraziliense.com.br\/cbradar\/o-motivo-das-marcas-nos-copos-descartaveis-vai-alem-do-que-voce-imagina\/\" \/>\n<meta property=\"og:site_name\" content=\"Correio Braziliense - Radar\" \/>\n<meta property=\"article:published_time\" content=\"2025-07-11T01:23:00+00:00\" \/>\n<meta property=\"og:image\" content=\"https:\/\/www.correiobraziliense.com.br\/cbradar\/wp-content\/uploads\/2025\/07\/copo-descartavel_1752084614251.jpg\" \/>\n\t<meta property=\"og:image:width\" content=\"1279\" \/>\n\t<meta property=\"og:image:height\" content=\"720\" \/>\n\t<meta property=\"og:image:type\" content=\"image\/jpeg\" \/>\n<meta name=\"author\" content=\"Larissa Carvalho\" \/>\n<meta name=\"twitter:card\" content=\"summary_large_image\" \/>\n<meta name=\"twitter:label1\" content=\"Escrito por\" \/>\n\t<meta name=\"twitter:data1\" content=\"Larissa Carvalho\" \/>\n\t<meta name=\"twitter:label2\" content=\"Est. tempo de leitura\" \/>\n\t<meta name=\"twitter:data2\" content=\"4 minutos\" \/>\n<!-- \/ Yoast SEO plugin. -->","yoast_head_json":{"title":"O motivo das marcas nos copos descart\u00e1veis vai al\u00e9m do que voc\u00ea imagina","description":"Copos descart\u00e1veis com linhas facilitam o preparo de drinks, evitam desperd\u00edcios e garantem padr\u00e3o no servi\u00e7o. Descubra a fun\u00e7\u00e3o real dessas marcas.","robots":{"index":"index","follow":"follow","max-snippet":"max-snippet:-1","max-image-preview":"max-image-preview:large","max-video-preview":"max-video-preview:-1"},"canonical":"https:\/\/www.correiobraziliense.com.br\/cbradar\/o-motivo-das-marcas-nos-copos-descartaveis-vai-alem-do-que-voce-imagina\/","og_locale":"pt_BR","og_type":"article","og_title":"O motivo das marcas nos copos descart\u00e1veis vai al\u00e9m do que voc\u00ea imagina","og_description":"Copos descart\u00e1veis com linhas facilitam o preparo de drinks, evitam desperd\u00edcios e garantem padr\u00e3o no servi\u00e7o. Descubra a fun\u00e7\u00e3o real dessas marcas.","og_url":"https:\/\/www.correiobraziliense.com.br\/cbradar\/o-motivo-das-marcas-nos-copos-descartaveis-vai-alem-do-que-voce-imagina\/","og_site_name":"Correio Braziliense - Radar","article_published_time":"2025-07-11T01:23:00+00:00","og_image":[{"width":1279,"height":720,"url":"https:\/\/www.correiobraziliense.com.br\/cbradar\/wp-content\/uploads\/2025\/07\/copo-descartavel_1752084614251.jpg","type":"image\/jpeg"}],"author":"Larissa Carvalho","twitter_card":"summary_large_image","twitter_misc":{"Escrito por":"Larissa Carvalho","Est. tempo de leitura":"4 minutos"},"schema":{"@context":"https:\/\/schema.org","@graph":[{"@type":"WebPage","@id":"https:\/\/www.correiobraziliense.com.br\/cbradar\/o-motivo-das-marcas-nos-copos-descartaveis-vai-alem-do-que-voce-imagina\/","url":"https:\/\/www.correiobraziliense.com.br\/cbradar\/o-motivo-das-marcas-nos-copos-descartaveis-vai-alem-do-que-voce-imagina\/","name":"O motivo das marcas nos copos descart\u00e1veis vai al\u00e9m do que voc\u00ea imagina","isPartOf":{"@id":"https:\/\/www.correiobraziliense.com.br\/cbradar\/#website"},"primaryImageOfPage":{"@id":"https:\/\/www.correiobraziliense.com.br\/cbradar\/o-motivo-das-marcas-nos-copos-descartaveis-vai-alem-do-que-voce-imagina\/#primaryimage"},"image":{"@id":"https:\/\/www.correiobraziliense.com.br\/cbradar\/o-motivo-das-marcas-nos-copos-descartaveis-vai-alem-do-que-voce-imagina\/#primaryimage"},"thumbnailUrl":"https:\/\/www.correiobraziliense.com.br\/cbradar\/wp-content\/uploads\/2025\/07\/copo-descartavel_1752084614251.jpg","datePublished":"2025-07-11T01:23:00+00:00","author":{"@id":"https:\/\/www.correiobraziliense.com.br\/cbradar\/#\/schema\/person\/58422787644df994b53a19d3e56c1513"},"description":"Copos descart\u00e1veis com linhas facilitam o preparo de drinks, evitam desperd\u00edcios e garantem padr\u00e3o no servi\u00e7o. Descubra a fun\u00e7\u00e3o real dessas marcas.","breadcrumb":{"@id":"https:\/\/www.correiobraziliense.com.br\/cbradar\/o-motivo-das-marcas-nos-copos-descartaveis-vai-alem-do-que-voce-imagina\/#breadcrumb"},"inLanguage":"pt-BR","potentialAction":[{"@type":"ReadAction","target":["https:\/\/www.correiobraziliense.com.br\/cbradar\/o-motivo-das-marcas-nos-copos-descartaveis-vai-alem-do-que-voce-imagina\/"]}]},{"@type":"ImageObject","inLanguage":"pt-BR","@id":"https:\/\/www.correiobraziliense.com.br\/cbradar\/o-motivo-das-marcas-nos-copos-descartaveis-vai-alem-do-que-voce-imagina\/#primaryimage","url":"https:\/\/www.correiobraziliense.com.br\/cbradar\/wp-content\/uploads\/2025\/07\/copo-descartavel_1752084614251.jpg","contentUrl":"https:\/\/www.correiobraziliense.com.br\/cbradar\/wp-content\/uploads\/2025\/07\/copo-descartavel_1752084614251.jpg","width":1279,"height":720,"caption":"copo descart\u00e1vel. Cr\u00e9ditos: depositphotos.com \/ PicsFive"},{"@type":"BreadcrumbList","@id":"https:\/\/www.correiobraziliense.com.br\/cbradar\/o-motivo-das-marcas-nos-copos-descartaveis-vai-alem-do-que-voce-imagina\/#breadcrumb","itemListElement":[{"@type":"ListItem","position":1,"name":"In\u00edcio","item":"https:\/\/www.correiobraziliense.com.br\/cbradar\/"},{"@type":"ListItem","position":2,"name":"O motivo das marcas nos copos descart\u00e1veis vai al\u00e9m do que voc\u00ea imagina"}]},{"@type":"WebSite","@id":"https:\/\/www.correiobraziliense.com.br\/cbradar\/#website","url":"https:\/\/www.correiobraziliense.com.br\/cbradar\/","name":"Correio Braziliense - Radar","description":"Acompanhe as \u00faltimas not\u00edcias e fique bem informado sobre tudo o que acontece no Brasil e no mundo.","potentialAction":[{"@type":"SearchAction","target":{"@type":"EntryPoint","urlTemplate":"https:\/\/www.correiobraziliense.com.br\/cbradar\/?s={search_term_string}"},"query-input":{"@type":"PropertyValueSpecification","valueRequired":true,"valueName":"search_term_string"}}],"inLanguage":"pt-BR"},{"@type":"Person","@id":"https:\/\/www.correiobraziliense.com.br\/cbradar\/#\/schema\/person\/58422787644df994b53a19d3e56c1513","name":"Larissa Carvalho","image":{"@type":"ImageObject","inLanguage":"pt-BR","@id":"https:\/\/www.correiobraziliense.com.br\/cbradar\/#\/schema\/person\/image\/","url":"https:\/\/secure.gravatar.com\/avatar\/fe4f91a0de32b52a838d0d612abdc1aa?s=96&d=mm&r=g","contentUrl":"https:\/\/secure.gravatar.com\/avatar\/fe4f91a0de32b52a838d0d612abdc1aa?s=96&d=mm&r=g","caption":"Larissa Carvalho"},"url":"https:\/\/www.correiobraziliense.com.br\/cbradar\/author\/larissamyth\/"}]}},"_links":{"self":[{"href":"https:\/\/www.correiobraziliense.com.br\/cbradar\/wp-json\/wp\/v2\/posts\/67026","targetHints":{"allow":["GET"]}}],"collection":[{"href":"https:\/\/www.correiobraziliense.com.br\/cbradar\/wp-json\/wp\/v2\/posts"}],"about":[{"href":"https:\/\/www.correiobraziliense.com.br\/cbradar\/wp-json\/wp\/v2\/types\/post"}],"author":[{"embeddable":true,"href":"https:\/\/www.correiobraziliense.com.br\/cbradar\/wp-json\/wp\/v2\/users\/3"}],"replies":[{"embeddable":true,"href":"https:\/\/www.correiobraziliense.com.br\/cbradar\/wp-json\/wp\/v2\/comments?post=67026"}],"version-history":[{"count":2,"href":"https:\/\/www.correiobraziliense.com.br\/cbradar\/wp-json\/wp\/v2\/posts\/67026\/revisions"}],"predecessor-version":[{"id":67031,"href":"https:\/\/www.correiobraziliense.com.br\/cbradar\/wp-json\/wp\/v2\/posts\/67026\/revisions\/67031"}],"wp:featuredmedia":[{"embeddable":true,"href":"https:\/\/www.correiobraziliense.com.br\/cbradar\/wp-json\/wp\/v2\/media\/67029"}],"wp:attachment":[{"href":"https:\/\/www.correiobraziliense.com.br\/cbradar\/wp-json\/wp\/v2\/media?parent=67026"}],"wp:term":[{"taxonomy":"category","embeddable":true,"href":"https:\/\/www.correiobraziliense.com.br\/cbradar\/wp-json\/wp\/v2\/categories?post=67026"},{"taxonomy":"post_tag","embeddable":true,"href":"https:\/\/www.correiobraziliense.com.br\/cbradar\/wp-json\/wp\/v2\/post_tag?post=67026"}],"curies":[{"name":"wp","href":"https:\/\/api.w.org\/{rel}","templated":true}]}}