{"id":67032,"date":"2025-07-10T14:53:00","date_gmt":"2025-07-10T17:53:00","guid":{"rendered":"https:\/\/www.correiobraziliense.com.br\/cbradar\/?p=67032"},"modified":"2025-07-09T15:18:49","modified_gmt":"2025-07-09T18:18:49","slug":"o-que-acontece-quando-adolescentes-nao-dormem-o-suficiente-surpreende-ate-especialistas","status":"publish","type":"post","link":"https:\/\/www.correiobraziliense.com.br\/cbradar\/o-que-acontece-quando-adolescentes-nao-dormem-o-suficiente-surpreende-ate-especialistas\/","title":{"rendered":"O que acontece quando adolescentes n\u00e3o dormem o suficiente surpreende at\u00e9 especialistas"},"content":{"rendered":"\n<p>A quantidade e a qualidade do sono desempenham um papel fundamental no bem-estar emocional de adolescentes, especialmente na fase dos 12 aos 15 anos. Nos \u00faltimos anos, pesquisadores identificaram que os adolescentes enfrentam dificuldades para manter h\u00e1bitos de sono saud\u00e1veis, em grande parte devido \u00e0 rotina escolar e \u00e0s demandas da vida moderna. O tema desperta aten\u00e7\u00e3o crescente, pois o d\u00e9ficit de sono nessa faixa et\u00e1ria est\u00e1 cada vez mais associado a sintomas de ansiedade, problemas de comportamento e dificuldades acad\u00eamicas.<\/p>\n\n\n\n<p>Em um estudo recente realizado nos <strong>Estados Unidos<\/strong>, quase 1.900 adolescentes utilizaram dispositivos para monitorar seus padr\u00f5es de sono, revelando tend\u00eancias preocupantes sobre como os jovens lidam com o descanso nos dias de semana e finais de semana. Os especialistas apontam para um fen\u00f4meno chamado &#8220;sono de recupera\u00e7\u00e3o&#8221;, em que os adolescentes tentam compensar, aos s\u00e1bados e domingos, o sono perdido ao longo da semana. Essa pr\u00e1tica, quando feita com modera\u00e7\u00e3o, pode at\u00e9 trazer benef\u00edcios, mas o exagero tende a prejudicar ainda mais o equil\u00edbrio do rel\u00f3gio biol\u00f3gico dos jovens.<\/p>\n\n\n\n<h2 class=\"wp-block-heading\">Por que o sono \u00e9 t\u00e3o importante na adolesc\u00eancia?<\/h2>\n\n\n\n<p><strong>A adolesc\u00eancia \u00e9 marcada por intensas transforma\u00e7\u00f5es f\u00edsicas, emocionais e sociais.<\/strong> Nessa fase, o organismo tem uma necessidade especial de repouso para garantir um desenvolvimento saud\u00e1vel. Evid\u00eancias cient\u00edficas mostram que, al\u00e9m de renovar as energias, o <strong>sono adequado<\/strong> contribui para a consolida\u00e7\u00e3o da mem\u00f3ria, regula\u00e7\u00e3o emocional e preven\u00e7\u00e3o de dist\u00farbios psiqui\u00e1tricos. <strong>Dormir menos do que o ideal aumenta o cansa\u00e7o, a irritabilidade e pode favorecer comportamentos de risco, al\u00e9m de impactar negativamente a sa\u00fade mental e o desempenho no col\u00e9gio.<\/strong><\/p>\n\n\n\n<p>Autoridades em sa\u00fade p\u00fablica recomendam que adolescentes durmam entre 8 e 10 horas por noite. No entanto, pesquisas recentes indicam que apenas cerca de 23% dos adolescentes dos <strong>Estados Unidos<\/strong> cumprem essa meta \u2014 e a situa\u00e7\u00e3o n\u00e3o \u00e9 muito diferente em outros pa\u00edses ocidentais. Fatores como o uso de dispositivos eletr\u00f4nicos antes de dormir, maior consumo de cafe\u00edna e rotinas atribuladas est\u00e3o entre as principais causas para a redu\u00e7\u00e3o do tempo de sono.<\/p>\n\n\n\n<p>Leia tamb\u00e9m: <a href=\"https:\/\/www.correiobraziliense.com.br\/cbradar\/5-habitos-antes-de-dormir-que-reduzem-o-risco-de-derrame\/\" target=\"_blank\" rel=\"noreferrer noopener\">5 h\u00e1bitos antes de dormir que reduzem o risco de derrame<\/a><\/p>\n\n\n\n<h2 class=\"wp-block-heading\">No que consiste o &#8220;sono de recupera\u00e7\u00e3o&#8221; e qual seu impacto na ansiedade dos jovens?<\/h2>\n\n\n\n<p><strong>O chamado &#8220;sono de recupera\u00e7\u00e3o&#8221; ocorre quando adolescentes dormem mais horas durante o final de semana para compensar o d\u00e9ficit acumulado nos dias \u00fateis.<\/strong> Pesquisas apontam que at\u00e9 duas horas a mais de descanso podem ajudar a diminuir os sintomas de ansiedade. <strong>Contudo, abusar desse recurso \u2014 dormindo muito al\u00e9m desse limite \u2014 pode causar o chamado &#8220;jet lag social&#8221;, uma esp\u00e9cie de descompasso do rel\u00f3gio biol\u00f3gico que piora a qualidade do sono no restante da semana.<\/strong><\/p>\n\n\n\n<p><strong>Dentre os principais riscos da oscila\u00e7\u00e3o exagerada no padr\u00e3o de sono, destaca-se o aumento das dificuldades para adormecer no domingo \u00e0 noite e, consequentemente, maior sonol\u00eancia e indisposi\u00e7\u00e3o nas manh\u00e3s seguintes.<\/strong> Especialistas ressaltam que o equil\u00edbrio \u00e9 essencial: tanto a falta quanto o excesso de sono no final de semana est\u00e3o associados a n\u00edveis mais elevados de ansiedade e altera\u00e7\u00f5es de humor.<\/p>\n\n\n\n<figure class=\"wp-block-image size-large\"><img decoding=\"async\" width=\"1024\" height=\"576\" src=\"https:\/\/www.correiobraziliense.com.br\/cbradar\/wp-content\/uploads\/2025\/07\/pessoa-dormindo_1752085085316-1024x576.jpg\" alt=\"O que acontece quando adolescentes n\u00e3o dormem o suficiente surpreende at\u00e9 especialistas\" class=\"wp-image-67035\" srcset=\"https:\/\/www.correiobraziliense.com.br\/cbradar\/wp-content\/uploads\/2025\/07\/pessoa-dormindo_1752085085316-1024x576.jpg 1024w, https:\/\/www.correiobraziliense.com.br\/cbradar\/wp-content\/uploads\/2025\/07\/pessoa-dormindo_1752085085316-300x169.jpg 300w, https:\/\/www.correiobraziliense.com.br\/cbradar\/wp-content\/uploads\/2025\/07\/pessoa-dormindo_1752085085316-768x432.jpg 768w, https:\/\/www.correiobraziliense.com.br\/cbradar\/wp-content\/uploads\/2025\/07\/pessoa-dormindo_1752085085316-750x422.jpg 750w, https:\/\/www.correiobraziliense.com.br\/cbradar\/wp-content\/uploads\/2025\/07\/pessoa-dormindo_1752085085316-1140x641.jpg 1140w, https:\/\/www.correiobraziliense.com.br\/cbradar\/wp-content\/uploads\/2025\/07\/pessoa-dormindo_1752085085316.jpg 1280w\" sizes=\"(max-width: 1024px) 100vw, 1024px\" \/><figcaption class=\"wp-element-caption\">pessoa dormindo. Cr\u00e9ditos: depositphotos.com \/ AndrewLozovyi<\/figcaption><\/figure>\n\n\n\n<h2 class=\"wp-block-heading\">Quais s\u00e3o os fatores que dificultam o sono adequado entre adolescentes?<\/h2>\n\n\n\n<p><strong>Existem diversos motivos que impedem os jovens de dormir o suficiente nas noites de semana.<\/strong> Um dos principais obst\u00e1culos \u00e9 o hor\u00e1rio de in\u00edcio das aulas, geralmente antes das 8h da manh\u00e3, contrariando o ritmo biol\u00f3gico dos adolescentes, que tende a se ajustar para dormir e acordar mais tarde durante a puberdade. Pesquisadores e entidades de sa\u00fade, como a <strong>Academia Americana de Pediatria<\/strong>, sugerem que escolas iniciem as atividades a partir das 8h30 para favorecer um ciclo de sono saud\u00e1vel.<\/p>\n\n\n\n<ul class=\"wp-block-list\">\n<li>Acesso constante a telas e redes sociais nas horas que antecedem o sono;<\/li>\n\n\n\n<li>Consumo elevado de bebidas estimulantes, como refrigerantes e caf\u00e9;<\/li>\n\n\n\n<li>Alta demanda de tarefas escolares e extracurriculares;<\/li>\n\n\n\n<li>Fatores emocionais, como ansiedade e press\u00e3o social.<\/li>\n<\/ul>\n\n\n\n<p><strong>A combina\u00e7\u00e3o desses fatores resulta em noites cada vez mais curtas e em ciclos de sono irregulares, comprometendo a sa\u00fade integral dos adolescentes.<\/strong><\/p>\n\n\n\n<h2 class=\"wp-block-heading\">Como promover h\u00e1bitos de sono saud\u00e1veis para adolescentes?<\/h2>\n\n\n\n<p><strong>Segundo especialistas, algumas estrat\u00e9gias s\u00e3o fundamentais para incentivar uma rotina mais equilibrada entre os jovens.<\/strong> Destacam-se pr\u00e1ticas que v\u00e3o desde mudan\u00e7as nas pol\u00edticas escolares at\u00e9 adapta\u00e7\u00f5es no ambiente dom\u00e9stico, sempre com o objetivo de melhorar a qualidade e a dura\u00e7\u00e3o do descanso noturno.<\/p>\n\n\n\n<ol class=\"wp-block-list\">\n<li>Manter hor\u00e1rios regulares para dormir e acordar, inclusive nos finais de semana.<\/li>\n\n\n\n<li>Evitar o uso de aparelhos eletr\u00f4nicos ao menos uma hora antes de deitar.<\/li>\n\n\n\n<li>Diminuir o consumo de cafe\u00edna durante o dia, especialmente no per\u00edodo da tarde e noite.<\/li>\n\n\n\n<li>Criar um ambiente de sono confort\u00e1vel, escuro e silencioso.<\/li>\n\n\n\n<li>Promover campanhas educativas em escolas para conscientizar fam\u00edlias e adolescentes sobre a import\u00e2ncia do sono.<\/li>\n<\/ol>\n\n\n\n<p><strong>A ado\u00e7\u00e3o dessas medidas pode contribuir significativamente para reduzir sintomas de ansiedade e melhorar o desempenho acad\u00eamico dos adolescentes.<\/strong> O desafio, no entanto, \u00e9 mobilizar escolas, fam\u00edlias e a pr\u00f3pria sociedade para priorizar a sa\u00fade do sono nessa fase t\u00e3o crucial da vida.<\/p>\n","protected":false},"excerpt":{"rendered":"<p>Pesquisas mostram que o sono afeta o equil\u00edbrio emocional dos adolescentes. Descubra por que dormir bem \u00e9 fundamental nessa fase cheia de desafios.<\/p>\n","protected":false},"author":3,"featured_media":67034,"comment_status":"open","ping_status":"open","sticky":false,"template":"","format":"standard","meta":{"_yoast_wpseo_focuskw":"adolescentes n\u00e3o dormem","_yoast_wpseo_title":"%%title%%","_yoast_wpseo_metadesc":"Pesquisas mostram que o sono afeta o equil\u00edbrio emocional dos adolescentes. Descubra por que dormir bem \u00e9 fundamental nessa fase cheia de desafios.","jnews-multi-image_gallery":[],"jnews_single_post":{"format":"standard"},"jnews_primary_category":[],"jnews_social_meta":[],"jnews_override_counter":[],"footnotes":""},"categories":[112],"post_tag":[144,565,1313],"class_list":["post-67032","post","type-post","status-publish","format-standard","has-post-thumbnail","hentry","category-curiosidades","tag-curiosidades","tag-saude","tag-sono"],"yoast_head":"<!-- This site is optimized with the Yoast SEO plugin v24.6 - https:\/\/yoast.com\/wordpress\/plugins\/seo\/ -->\n<title>O que acontece quando adolescentes n\u00e3o dormem o suficiente surpreende at\u00e9 especialistas<\/title>\n<meta name=\"description\" content=\"Pesquisas mostram que o sono afeta o equil\u00edbrio emocional dos adolescentes. Descubra por que dormir bem \u00e9 fundamental nessa fase cheia de desafios.\" \/>\n<meta name=\"robots\" content=\"index, follow, max-snippet:-1, max-image-preview:large, max-video-preview:-1\" \/>\n<link rel=\"canonical\" href=\"https:\/\/www.correiobraziliense.com.br\/cbradar\/o-que-acontece-quando-adolescentes-nao-dormem-o-suficiente-surpreende-ate-especialistas\/\" \/>\n<meta property=\"og:locale\" content=\"pt_BR\" \/>\n<meta property=\"og:type\" content=\"article\" \/>\n<meta property=\"og:title\" content=\"O que acontece quando adolescentes n\u00e3o dormem o suficiente surpreende at\u00e9 especialistas\" \/>\n<meta property=\"og:description\" content=\"Pesquisas mostram que o sono afeta o equil\u00edbrio emocional dos adolescentes. Descubra por que dormir bem \u00e9 fundamental nessa fase cheia de desafios.\" \/>\n<meta property=\"og:url\" content=\"https:\/\/www.correiobraziliense.com.br\/cbradar\/o-que-acontece-quando-adolescentes-nao-dormem-o-suficiente-surpreende-ate-especialistas\/\" \/>\n<meta property=\"og:site_name\" content=\"Correio Braziliense - Radar\" \/>\n<meta property=\"article:published_time\" content=\"2025-07-10T17:53:00+00:00\" \/>\n<meta property=\"og:image\" content=\"https:\/\/www.correiobraziliense.com.br\/cbradar\/wp-content\/uploads\/2025\/07\/pessoa-dormindo_1752085053983.jpg\" \/>\n\t<meta property=\"og:image:width\" content=\"1280\" \/>\n\t<meta property=\"og:image:height\" content=\"720\" \/>\n\t<meta property=\"og:image:type\" content=\"image\/jpeg\" \/>\n<meta name=\"author\" content=\"Larissa Carvalho\" \/>\n<meta name=\"twitter:card\" content=\"summary_large_image\" \/>\n<meta name=\"twitter:label1\" content=\"Escrito por\" \/>\n\t<meta name=\"twitter:data1\" content=\"Larissa Carvalho\" \/>\n\t<meta name=\"twitter:label2\" content=\"Est. tempo de leitura\" \/>\n\t<meta name=\"twitter:data2\" content=\"5 minutos\" \/>\n<!-- \/ Yoast SEO plugin. -->","yoast_head_json":{"title":"O que acontece quando adolescentes n\u00e3o dormem o suficiente surpreende at\u00e9 especialistas","description":"Pesquisas mostram que o sono afeta o equil\u00edbrio emocional dos adolescentes. Descubra por que dormir bem \u00e9 fundamental nessa fase cheia de desafios.","robots":{"index":"index","follow":"follow","max-snippet":"max-snippet:-1","max-image-preview":"max-image-preview:large","max-video-preview":"max-video-preview:-1"},"canonical":"https:\/\/www.correiobraziliense.com.br\/cbradar\/o-que-acontece-quando-adolescentes-nao-dormem-o-suficiente-surpreende-ate-especialistas\/","og_locale":"pt_BR","og_type":"article","og_title":"O que acontece quando adolescentes n\u00e3o dormem o suficiente surpreende at\u00e9 especialistas","og_description":"Pesquisas mostram que o sono afeta o equil\u00edbrio emocional dos adolescentes. Descubra por que dormir bem \u00e9 fundamental nessa fase cheia de desafios.","og_url":"https:\/\/www.correiobraziliense.com.br\/cbradar\/o-que-acontece-quando-adolescentes-nao-dormem-o-suficiente-surpreende-ate-especialistas\/","og_site_name":"Correio Braziliense - Radar","article_published_time":"2025-07-10T17:53:00+00:00","og_image":[{"width":1280,"height":720,"url":"https:\/\/www.correiobraziliense.com.br\/cbradar\/wp-content\/uploads\/2025\/07\/pessoa-dormindo_1752085053983.jpg","type":"image\/jpeg"}],"author":"Larissa Carvalho","twitter_card":"summary_large_image","twitter_misc":{"Escrito por":"Larissa Carvalho","Est. tempo de leitura":"5 minutos"},"schema":{"@context":"https:\/\/schema.org","@graph":[{"@type":"WebPage","@id":"https:\/\/www.correiobraziliense.com.br\/cbradar\/o-que-acontece-quando-adolescentes-nao-dormem-o-suficiente-surpreende-ate-especialistas\/","url":"https:\/\/www.correiobraziliense.com.br\/cbradar\/o-que-acontece-quando-adolescentes-nao-dormem-o-suficiente-surpreende-ate-especialistas\/","name":"O que acontece quando adolescentes n\u00e3o dormem o suficiente surpreende at\u00e9 especialistas","isPartOf":{"@id":"https:\/\/www.correiobraziliense.com.br\/cbradar\/#website"},"primaryImageOfPage":{"@id":"https:\/\/www.correiobraziliense.com.br\/cbradar\/o-que-acontece-quando-adolescentes-nao-dormem-o-suficiente-surpreende-ate-especialistas\/#primaryimage"},"image":{"@id":"https:\/\/www.correiobraziliense.com.br\/cbradar\/o-que-acontece-quando-adolescentes-nao-dormem-o-suficiente-surpreende-ate-especialistas\/#primaryimage"},"thumbnailUrl":"https:\/\/www.correiobraziliense.com.br\/cbradar\/wp-content\/uploads\/2025\/07\/pessoa-dormindo_1752085053983.jpg","datePublished":"2025-07-10T17:53:00+00:00","author":{"@id":"https:\/\/www.correiobraziliense.com.br\/cbradar\/#\/schema\/person\/58422787644df994b53a19d3e56c1513"},"description":"Pesquisas mostram que o sono afeta o equil\u00edbrio emocional dos adolescentes. Descubra por que dormir bem \u00e9 fundamental nessa fase cheia de desafios.","breadcrumb":{"@id":"https:\/\/www.correiobraziliense.com.br\/cbradar\/o-que-acontece-quando-adolescentes-nao-dormem-o-suficiente-surpreende-ate-especialistas\/#breadcrumb"},"inLanguage":"pt-BR","potentialAction":[{"@type":"ReadAction","target":["https:\/\/www.correiobraziliense.com.br\/cbradar\/o-que-acontece-quando-adolescentes-nao-dormem-o-suficiente-surpreende-ate-especialistas\/"]}]},{"@type":"ImageObject","inLanguage":"pt-BR","@id":"https:\/\/www.correiobraziliense.com.br\/cbradar\/o-que-acontece-quando-adolescentes-nao-dormem-o-suficiente-surpreende-ate-especialistas\/#primaryimage","url":"https:\/\/www.correiobraziliense.com.br\/cbradar\/wp-content\/uploads\/2025\/07\/pessoa-dormindo_1752085053983.jpg","contentUrl":"https:\/\/www.correiobraziliense.com.br\/cbradar\/wp-content\/uploads\/2025\/07\/pessoa-dormindo_1752085053983.jpg","width":1280,"height":720,"caption":"pessoa dormindo. Cr\u00e9ditos: depositphotos.com \/ nesharm"},{"@type":"BreadcrumbList","@id":"https:\/\/www.correiobraziliense.com.br\/cbradar\/o-que-acontece-quando-adolescentes-nao-dormem-o-suficiente-surpreende-ate-especialistas\/#breadcrumb","itemListElement":[{"@type":"ListItem","position":1,"name":"In\u00edcio","item":"https:\/\/www.correiobraziliense.com.br\/cbradar\/"},{"@type":"ListItem","position":2,"name":"O que acontece quando adolescentes n\u00e3o dormem o suficiente surpreende at\u00e9 especialistas"}]},{"@type":"WebSite","@id":"https:\/\/www.correiobraziliense.com.br\/cbradar\/#website","url":"https:\/\/www.correiobraziliense.com.br\/cbradar\/","name":"Correio Braziliense - Radar","description":"Acompanhe as \u00faltimas not\u00edcias e fique bem informado sobre tudo o que acontece no Brasil e no mundo.","potentialAction":[{"@type":"SearchAction","target":{"@type":"EntryPoint","urlTemplate":"https:\/\/www.correiobraziliense.com.br\/cbradar\/?s={search_term_string}"},"query-input":{"@type":"PropertyValueSpecification","valueRequired":true,"valueName":"search_term_string"}}],"inLanguage":"pt-BR"},{"@type":"Person","@id":"https:\/\/www.correiobraziliense.com.br\/cbradar\/#\/schema\/person\/58422787644df994b53a19d3e56c1513","name":"Larissa Carvalho","image":{"@type":"ImageObject","inLanguage":"pt-BR","@id":"https:\/\/www.correiobraziliense.com.br\/cbradar\/#\/schema\/person\/image\/","url":"https:\/\/secure.gravatar.com\/avatar\/fe4f91a0de32b52a838d0d612abdc1aa?s=96&d=mm&r=g","contentUrl":"https:\/\/secure.gravatar.com\/avatar\/fe4f91a0de32b52a838d0d612abdc1aa?s=96&d=mm&r=g","caption":"Larissa Carvalho"},"url":"https:\/\/www.correiobraziliense.com.br\/cbradar\/author\/larissamyth\/"}]}},"_links":{"self":[{"href":"https:\/\/www.correiobraziliense.com.br\/cbradar\/wp-json\/wp\/v2\/posts\/67032","targetHints":{"allow":["GET"]}}],"collection":[{"href":"https:\/\/www.correiobraziliense.com.br\/cbradar\/wp-json\/wp\/v2\/posts"}],"about":[{"href":"https:\/\/www.correiobraziliense.com.br\/cbradar\/wp-json\/wp\/v2\/types\/post"}],"author":[{"embeddable":true,"href":"https:\/\/www.correiobraziliense.com.br\/cbradar\/wp-json\/wp\/v2\/users\/3"}],"replies":[{"embeddable":true,"href":"https:\/\/www.correiobraziliense.com.br\/cbradar\/wp-json\/wp\/v2\/comments?post=67032"}],"version-history":[{"count":2,"href":"https:\/\/www.correiobraziliense.com.br\/cbradar\/wp-json\/wp\/v2\/posts\/67032\/revisions"}],"predecessor-version":[{"id":67036,"href":"https:\/\/www.correiobraziliense.com.br\/cbradar\/wp-json\/wp\/v2\/posts\/67032\/revisions\/67036"}],"wp:featuredmedia":[{"embeddable":true,"href":"https:\/\/www.correiobraziliense.com.br\/cbradar\/wp-json\/wp\/v2\/media\/67034"}],"wp:attachment":[{"href":"https:\/\/www.correiobraziliense.com.br\/cbradar\/wp-json\/wp\/v2\/media?parent=67032"}],"wp:term":[{"taxonomy":"category","embeddable":true,"href":"https:\/\/www.correiobraziliense.com.br\/cbradar\/wp-json\/wp\/v2\/categories?post=67032"},{"taxonomy":"post_tag","embeddable":true,"href":"https:\/\/www.correiobraziliense.com.br\/cbradar\/wp-json\/wp\/v2\/post_tag?post=67032"}],"curies":[{"name":"wp","href":"https:\/\/api.w.org\/{rel}","templated":true}]}}