{"id":67059,"date":"2025-07-10T06:13:00","date_gmt":"2025-07-10T09:13:00","guid":{"rendered":"https:\/\/www.correiobraziliense.com.br\/cbradar\/?p=67059"},"modified":"2025-07-09T15:38:46","modified_gmt":"2025-07-09T18:38:46","slug":"o-que-comer-a-noite-para-nao-engordar-e-dormir-melhor-surpreende-ate-nutricionistas","status":"publish","type":"post","link":"https:\/\/www.correiobraziliense.com.br\/cbradar\/o-que-comer-a-noite-para-nao-engordar-e-dormir-melhor-surpreende-ate-nutricionistas\/","title":{"rendered":"O que comer \u00e0 noite para n\u00e3o engordar e dormir melhor surpreende at\u00e9 nutricionistas"},"content":{"rendered":"\n<p>Buscar op\u00e7\u00f5es saud\u00e1veis para o lanche noturno \u00e9 uma preocupa\u00e7\u00e3o cada vez mais comum entre quem deseja manter o metabolismo equilibrado e favorecer a sa\u00fade metab\u00f3lica. Muitas pessoas sentem necessidade de comer algo ap\u00f3s o jantar, seja como forma de encerrar o dia ou devido ao h\u00e1bito. No entanto, especialistas em nutri\u00e7\u00e3o alertam para a import\u00e2ncia de realizar escolhas conscientes, principalmente \u00e0 noite, quando o organismo se prepara para o repouso.<\/p>\n\n\n\n<p>Durante a noite, o funcionamento do corpo desacelera, tornando o momento menos apropriado para refei\u00e7\u00f5es volumosas ou com excesso de calorias. Mesmo assim, h\u00e1 alternativas aprovadas por nutricionistas que podem ser inclu\u00eddas em casos de fome real, promovendo saciedade e sem prejudicar a sa\u00fade metab\u00f3lica. Com isso, \u00e9 poss\u00edvel desfrutar de um lanche sem sentir culpa ou perder o foco em objetivos como a perda de peso.<\/p>\n\n\n\n<h2 class=\"wp-block-heading\">Por que comer \u00e0 noite pode influenciar o metabolismo?<\/h2>\n\n\n\n<p><strong>O consumo de alimentos tarde da noite est\u00e1 frequentemente relacionado a altera\u00e7\u00f5es no metabolismo, principalmente pelo fato de o organismo reduzir o ritmo das fun\u00e7\u00f5es fisiol\u00f3gicas durante o sono.<\/strong> Comer em hor\u00e1rios pr\u00f3ximos ao descanso pode provocar desconforto, dificultar a digest\u00e3o e at\u00e9 comprometer a qualidade do sono. Outro ponto relevante \u00e9 a maior dificuldade de percep\u00e7\u00e3o de saciedade nesse per\u00edodo, o que pode levar ao consumo exagerado de calorias sem necessidade.<\/p>\n\n\n\n<p>Ainda assim, a fome deve ser avaliada com aten\u00e7\u00e3o. Ignorar sinais de necessidade alimentar pode favorecer epis\u00f3dios de compuls\u00e3o ou levar a uma rela\u00e7\u00e3o restritiva com os alimentos. Por isso, entender a origem do desejo de comer \u00e0 noite e optar por op\u00e7\u00f5es equilibradas faz diferen\u00e7a na sa\u00fade a longo prazo.<\/p>\n\n\n\n<h2 class=\"wp-block-heading\">Quais s\u00e3o os melhores lanches noturnos para o metabolismo?<\/h2>\n\n\n\n<p><strong>Para quem busca um lanche que ajude a manter ou at\u00e9 mesmo estimular o metabolismo sem prejudicar as fun\u00e7\u00f5es do corpo, existem algumas sugest\u00f5es recomendadas por profissionais de nutri\u00e7\u00e3o.<\/strong> A <strong>palavra-chave<\/strong> central aqui \u00e9 <strong>lanche noturno<\/strong>, e os melhores exemplos s\u00e3o aqueles que unem fibras, prote\u00ednas e gorduras boas, mantendo o \u00edndice glic\u00eamico est\u00e1vel e promovendo saciedade sem exageros cal\u00f3ricos.<\/p>\n\n\n\n<ul class=\"wp-block-list\">\n<li><strong>Ma\u00e7\u00e3<\/strong> com pasta de amendoim e canela: A ma\u00e7\u00e3 \u00e9 fonte de fibras, enquanto a pasta de amendoim oferece gorduras saud\u00e1veis e prote\u00edna. Acrescentar canela potencializa o sabor e pode ser ben\u00e9fico para o metabolismo.<\/li>\n\n\n\n<li>Queijo tipo string e vegetais com homus: Combinando prote\u00edna do queijo com a saciedade dos vegetais crus e o homus, \u00e9 poss\u00edvel obter um lanche leve e nutritivo, pr\u00e1tico para a rotina noturna.<\/li>\n\n\n\n<li>Iogurte grego com nozes: O iogurte grego se destaca pelo alto teor proteico e, ao ser combinado com nozes, acrescenta gorduras boas e fibras que auxiliam na sensa\u00e7\u00e3o de saciedade.<\/li>\n<\/ul>\n\n\n\n<figure class=\"wp-block-image size-large\"><img decoding=\"async\" width=\"1024\" height=\"576\" src=\"https:\/\/www.correiobraziliense.com.br\/cbradar\/wp-content\/uploads\/2025\/07\/lanche-noturno_1752086273764-1-1024x576.jpg\" alt=\"O que comer \u00e0 noite para n\u00e3o engordar e dormir melhor surpreende at\u00e9 nutricionistas\" class=\"wp-image-67063\" srcset=\"https:\/\/www.correiobraziliense.com.br\/cbradar\/wp-content\/uploads\/2025\/07\/lanche-noturno_1752086273764-1-1024x576.jpg 1024w, https:\/\/www.correiobraziliense.com.br\/cbradar\/wp-content\/uploads\/2025\/07\/lanche-noturno_1752086273764-1-300x169.jpg 300w, https:\/\/www.correiobraziliense.com.br\/cbradar\/wp-content\/uploads\/2025\/07\/lanche-noturno_1752086273764-1-768x432.jpg 768w, https:\/\/www.correiobraziliense.com.br\/cbradar\/wp-content\/uploads\/2025\/07\/lanche-noturno_1752086273764-1-750x422.jpg 750w, https:\/\/www.correiobraziliense.com.br\/cbradar\/wp-content\/uploads\/2025\/07\/lanche-noturno_1752086273764-1-1140x641.jpg 1140w, https:\/\/www.correiobraziliense.com.br\/cbradar\/wp-content\/uploads\/2025\/07\/lanche-noturno_1752086273764-1.jpg 1280w\" sizes=\"(max-width: 1024px) 100vw, 1024px\" \/><figcaption class=\"wp-element-caption\">lanche noturno. Cr\u00e9ditos: depositphotos.com \/ jogyabraham<\/figcaption><\/figure>\n\n\n\n<h2 class=\"wp-block-heading\">\u00c9 poss\u00edvel evitar os excessos no lanche noturno?<\/h2>\n\n\n\n<p><strong>Muitos indiv\u00edduos se perguntam: <em>Como controlar as por\u00e7\u00f5es e evitar exageros ao comer tarde?<\/em> Uma estrat\u00e9gia eficiente \u00e9 identificar se a fome \u00e9 fisiol\u00f3gica ou emocional.<\/strong> Avaliar o padr\u00e3o alimentar ao longo do dia, especialmente se o consumo esteve adequado, ajuda a minimizar epis\u00f3dios de fome intensa antes de dormir. Al\u00e9m disso, dar prefer\u00eancia a lanches ricos em prote\u00ednas pode contribuir para maior saciedade, j\u00e1 que esse macronutriente exige mais energia do corpo durante o processo de digest\u00e3o.<\/p>\n\n\n\n<ol class=\"wp-block-list\">\n<li>Inclua prote\u00ednas no lanche, como queijos magros ou iogurte natural.<\/li>\n\n\n\n<li>Adicione fibras, presentes em frutas e vegetais crus.<\/li>\n\n\n\n<li>Evite alimentos muito processados ou ricos em a\u00e7\u00facares simples.<\/li>\n\n\n\n<li>Sirva as por\u00e7\u00f5es em pratos pequenos para regular o consumo.<\/li>\n\n\n\n<li>Beba um copo d\u2019\u00e1gua antes de comer para verificar se n\u00e3o \u00e9 sede disfar\u00e7ada de fome.<\/li>\n<\/ol>\n\n\n\n<h2 class=\"wp-block-heading\">Por que \u00e9 importante manter refei\u00e7\u00f5es balanceadas durante o dia?<\/h2>\n\n\n\n<p><strong>O h\u00e1bito de lanches noturnos, muitas vezes, pode ser resultado de uma rotina alimentar insuficiente nas outras refei\u00e7\u00f5es.<\/strong> Dietas muito restritivas ou com grandes intervalos entre refei\u00e7\u00f5es aumentam o risco de epis\u00f3dios de fome intensa \u00e0 noite. Para evitar que o lanche noturno se torne rotina, \u00e9 fundamental investir em caf\u00e9 da manh\u00e3, almo\u00e7o e jantar equilibrados, ricos em nutrientes e ajustados \u00e0 necessidade individual.<\/p>\n\n\n\n<p>Cuidar do que \u00e9 consumido antes de dormir contribui para o metabolismo saud\u00e1vel e pode impactar positivamente a perda ou manuten\u00e7\u00e3o de peso. Escolher lanches adequados e entender o verdadeiro motivo da fome \u00e0 noite s\u00e3o estrat\u00e9gias que favorecem o controle alimentar e a sa\u00fade a longo prazo.<\/p>\n","protected":false},"excerpt":{"rendered":"<p>Comer \u00e0 noite sem culpa \u00e9 poss\u00edvel: conhe\u00e7a lanches noturnos que equilibram fibras, prote\u00ednas e gorduras boas, ajudando no controle do peso e na sa\u00fade metab\u00f3lica.<\/p>\n","protected":false},"author":3,"featured_media":67062,"comment_status":"open","ping_status":"open","sticky":false,"template":"","format":"standard","meta":{"_yoast_wpseo_focuskw":"comer noite n\u00e3o engordar","_yoast_wpseo_title":"%%title%%","_yoast_wpseo_metadesc":"Comer \u00e0 noite sem culpa \u00e9 poss\u00edvel: conhe\u00e7a lanches noturnos que equilibram fibras, prote\u00ednas e gorduras boas, ajudando no controle do peso e na sa\u00fade metab\u00f3lica.","jnews-multi-image_gallery":[],"jnews_single_post":{"format":"standard"},"jnews_primary_category":[],"jnews_social_meta":[],"jnews_override_counter":[],"footnotes":""},"categories":[112],"post_tag":[144,7950,7951],"class_list":["post-67059","post","type-post","status-publish","format-standard","has-post-thumbnail","hentry","category-curiosidades","tag-curiosidades","tag-lanches-noturnos","tag-metabilismo"],"yoast_head":"<!-- This site is optimized with the Yoast SEO plugin v24.6 - https:\/\/yoast.com\/wordpress\/plugins\/seo\/ -->\n<title>O que comer \u00e0 noite para n\u00e3o engordar e dormir melhor surpreende at\u00e9 nutricionistas<\/title>\n<meta name=\"description\" content=\"Comer \u00e0 noite sem culpa \u00e9 poss\u00edvel: conhe\u00e7a lanches noturnos que equilibram fibras, prote\u00ednas e gorduras boas, ajudando no controle do peso e na sa\u00fade metab\u00f3lica.\" \/>\n<meta name=\"robots\" content=\"index, follow, max-snippet:-1, max-image-preview:large, max-video-preview:-1\" \/>\n<link rel=\"canonical\" href=\"https:\/\/www.correiobraziliense.com.br\/cbradar\/o-que-comer-a-noite-para-nao-engordar-e-dormir-melhor-surpreende-ate-nutricionistas\/\" \/>\n<meta property=\"og:locale\" content=\"pt_BR\" \/>\n<meta property=\"og:type\" content=\"article\" \/>\n<meta property=\"og:title\" content=\"O que comer \u00e0 noite para n\u00e3o engordar e dormir melhor surpreende at\u00e9 nutricionistas\" \/>\n<meta property=\"og:description\" content=\"Comer \u00e0 noite sem culpa \u00e9 poss\u00edvel: conhe\u00e7a lanches noturnos que equilibram fibras, prote\u00ednas e gorduras boas, ajudando no controle do peso e na sa\u00fade metab\u00f3lica.\" \/>\n<meta property=\"og:url\" content=\"https:\/\/www.correiobraziliense.com.br\/cbradar\/o-que-comer-a-noite-para-nao-engordar-e-dormir-melhor-surpreende-ate-nutricionistas\/\" \/>\n<meta property=\"og:site_name\" content=\"Correio Braziliense - Radar\" \/>\n<meta property=\"article:published_time\" content=\"2025-07-10T09:13:00+00:00\" \/>\n<meta property=\"og:image\" content=\"https:\/\/www.correiobraziliense.com.br\/cbradar\/wp-content\/uploads\/2025\/07\/lanche-noturno_1752086273764.jpg\" \/>\n\t<meta property=\"og:image:width\" content=\"1280\" \/>\n\t<meta property=\"og:image:height\" content=\"720\" \/>\n\t<meta property=\"og:image:type\" content=\"image\/jpeg\" \/>\n<meta name=\"author\" content=\"Larissa Carvalho\" \/>\n<meta name=\"twitter:card\" content=\"summary_large_image\" \/>\n<meta name=\"twitter:label1\" content=\"Escrito por\" \/>\n\t<meta name=\"twitter:data1\" content=\"Larissa Carvalho\" \/>\n\t<meta name=\"twitter:label2\" content=\"Est. tempo de leitura\" \/>\n\t<meta name=\"twitter:data2\" content=\"5 minutos\" \/>\n<!-- \/ Yoast SEO plugin. -->","yoast_head_json":{"title":"O que comer \u00e0 noite para n\u00e3o engordar e dormir melhor surpreende at\u00e9 nutricionistas","description":"Comer \u00e0 noite sem culpa \u00e9 poss\u00edvel: conhe\u00e7a lanches noturnos que equilibram fibras, prote\u00ednas e gorduras boas, ajudando no controle do peso e na sa\u00fade metab\u00f3lica.","robots":{"index":"index","follow":"follow","max-snippet":"max-snippet:-1","max-image-preview":"max-image-preview:large","max-video-preview":"max-video-preview:-1"},"canonical":"https:\/\/www.correiobraziliense.com.br\/cbradar\/o-que-comer-a-noite-para-nao-engordar-e-dormir-melhor-surpreende-ate-nutricionistas\/","og_locale":"pt_BR","og_type":"article","og_title":"O que comer \u00e0 noite para n\u00e3o engordar e dormir melhor surpreende at\u00e9 nutricionistas","og_description":"Comer \u00e0 noite sem culpa \u00e9 poss\u00edvel: conhe\u00e7a lanches noturnos que equilibram fibras, prote\u00ednas e gorduras boas, ajudando no controle do peso e na sa\u00fade metab\u00f3lica.","og_url":"https:\/\/www.correiobraziliense.com.br\/cbradar\/o-que-comer-a-noite-para-nao-engordar-e-dormir-melhor-surpreende-ate-nutricionistas\/","og_site_name":"Correio Braziliense - Radar","article_published_time":"2025-07-10T09:13:00+00:00","og_image":[{"width":1280,"height":720,"url":"https:\/\/www.correiobraziliense.com.br\/cbradar\/wp-content\/uploads\/2025\/07\/lanche-noturno_1752086273764.jpg","type":"image\/jpeg"}],"author":"Larissa Carvalho","twitter_card":"summary_large_image","twitter_misc":{"Escrito por":"Larissa Carvalho","Est. tempo de leitura":"5 minutos"},"schema":{"@context":"https:\/\/schema.org","@graph":[{"@type":"WebPage","@id":"https:\/\/www.correiobraziliense.com.br\/cbradar\/o-que-comer-a-noite-para-nao-engordar-e-dormir-melhor-surpreende-ate-nutricionistas\/","url":"https:\/\/www.correiobraziliense.com.br\/cbradar\/o-que-comer-a-noite-para-nao-engordar-e-dormir-melhor-surpreende-ate-nutricionistas\/","name":"O que comer \u00e0 noite para n\u00e3o engordar e dormir melhor surpreende at\u00e9 nutricionistas","isPartOf":{"@id":"https:\/\/www.correiobraziliense.com.br\/cbradar\/#website"},"primaryImageOfPage":{"@id":"https:\/\/www.correiobraziliense.com.br\/cbradar\/o-que-comer-a-noite-para-nao-engordar-e-dormir-melhor-surpreende-ate-nutricionistas\/#primaryimage"},"image":{"@id":"https:\/\/www.correiobraziliense.com.br\/cbradar\/o-que-comer-a-noite-para-nao-engordar-e-dormir-melhor-surpreende-ate-nutricionistas\/#primaryimage"},"thumbnailUrl":"https:\/\/www.correiobraziliense.com.br\/cbradar\/wp-content\/uploads\/2025\/07\/lanche-noturno_1752086273764.jpg","datePublished":"2025-07-10T09:13:00+00:00","author":{"@id":"https:\/\/www.correiobraziliense.com.br\/cbradar\/#\/schema\/person\/58422787644df994b53a19d3e56c1513"},"description":"Comer \u00e0 noite sem culpa \u00e9 poss\u00edvel: conhe\u00e7a lanches noturnos que equilibram fibras, prote\u00ednas e gorduras boas, ajudando no controle do peso e na sa\u00fade metab\u00f3lica.","breadcrumb":{"@id":"https:\/\/www.correiobraziliense.com.br\/cbradar\/o-que-comer-a-noite-para-nao-engordar-e-dormir-melhor-surpreende-ate-nutricionistas\/#breadcrumb"},"inLanguage":"pt-BR","potentialAction":[{"@type":"ReadAction","target":["https:\/\/www.correiobraziliense.com.br\/cbradar\/o-que-comer-a-noite-para-nao-engordar-e-dormir-melhor-surpreende-ate-nutricionistas\/"]}]},{"@type":"ImageObject","inLanguage":"pt-BR","@id":"https:\/\/www.correiobraziliense.com.br\/cbradar\/o-que-comer-a-noite-para-nao-engordar-e-dormir-melhor-surpreende-ate-nutricionistas\/#primaryimage","url":"https:\/\/www.correiobraziliense.com.br\/cbradar\/wp-content\/uploads\/2025\/07\/lanche-noturno_1752086273764.jpg","contentUrl":"https:\/\/www.correiobraziliense.com.br\/cbradar\/wp-content\/uploads\/2025\/07\/lanche-noturno_1752086273764.jpg","width":1280,"height":720,"caption":"lanche noturno. Cr\u00e9ditos: depositphotos.com \/ avijitbouri10"},{"@type":"BreadcrumbList","@id":"https:\/\/www.correiobraziliense.com.br\/cbradar\/o-que-comer-a-noite-para-nao-engordar-e-dormir-melhor-surpreende-ate-nutricionistas\/#breadcrumb","itemListElement":[{"@type":"ListItem","position":1,"name":"In\u00edcio","item":"https:\/\/www.correiobraziliense.com.br\/cbradar\/"},{"@type":"ListItem","position":2,"name":"O que comer \u00e0 noite para n\u00e3o engordar e dormir melhor surpreende at\u00e9 nutricionistas"}]},{"@type":"WebSite","@id":"https:\/\/www.correiobraziliense.com.br\/cbradar\/#website","url":"https:\/\/www.correiobraziliense.com.br\/cbradar\/","name":"Correio Braziliense - Radar","description":"Acompanhe as \u00faltimas not\u00edcias e fique bem informado sobre tudo o que acontece no Brasil e no mundo.","potentialAction":[{"@type":"SearchAction","target":{"@type":"EntryPoint","urlTemplate":"https:\/\/www.correiobraziliense.com.br\/cbradar\/?s={search_term_string}"},"query-input":{"@type":"PropertyValueSpecification","valueRequired":true,"valueName":"search_term_string"}}],"inLanguage":"pt-BR"},{"@type":"Person","@id":"https:\/\/www.correiobraziliense.com.br\/cbradar\/#\/schema\/person\/58422787644df994b53a19d3e56c1513","name":"Larissa Carvalho","image":{"@type":"ImageObject","inLanguage":"pt-BR","@id":"https:\/\/www.correiobraziliense.com.br\/cbradar\/#\/schema\/person\/image\/","url":"https:\/\/secure.gravatar.com\/avatar\/fe4f91a0de32b52a838d0d612abdc1aa?s=96&d=mm&r=g","contentUrl":"https:\/\/secure.gravatar.com\/avatar\/fe4f91a0de32b52a838d0d612abdc1aa?s=96&d=mm&r=g","caption":"Larissa Carvalho"},"url":"https:\/\/www.correiobraziliense.com.br\/cbradar\/author\/larissamyth\/"}]}},"_links":{"self":[{"href":"https:\/\/www.correiobraziliense.com.br\/cbradar\/wp-json\/wp\/v2\/posts\/67059","targetHints":{"allow":["GET"]}}],"collection":[{"href":"https:\/\/www.correiobraziliense.com.br\/cbradar\/wp-json\/wp\/v2\/posts"}],"about":[{"href":"https:\/\/www.correiobraziliense.com.br\/cbradar\/wp-json\/wp\/v2\/types\/post"}],"author":[{"embeddable":true,"href":"https:\/\/www.correiobraziliense.com.br\/cbradar\/wp-json\/wp\/v2\/users\/3"}],"replies":[{"embeddable":true,"href":"https:\/\/www.correiobraziliense.com.br\/cbradar\/wp-json\/wp\/v2\/comments?post=67059"}],"version-history":[{"count":2,"href":"https:\/\/www.correiobraziliense.com.br\/cbradar\/wp-json\/wp\/v2\/posts\/67059\/revisions"}],"predecessor-version":[{"id":67064,"href":"https:\/\/www.correiobraziliense.com.br\/cbradar\/wp-json\/wp\/v2\/posts\/67059\/revisions\/67064"}],"wp:featuredmedia":[{"embeddable":true,"href":"https:\/\/www.correiobraziliense.com.br\/cbradar\/wp-json\/wp\/v2\/media\/67062"}],"wp:attachment":[{"href":"https:\/\/www.correiobraziliense.com.br\/cbradar\/wp-json\/wp\/v2\/media?parent=67059"}],"wp:term":[{"taxonomy":"category","embeddable":true,"href":"https:\/\/www.correiobraziliense.com.br\/cbradar\/wp-json\/wp\/v2\/categories?post=67059"},{"taxonomy":"post_tag","embeddable":true,"href":"https:\/\/www.correiobraziliense.com.br\/cbradar\/wp-json\/wp\/v2\/post_tag?post=67059"}],"curies":[{"name":"wp","href":"https:\/\/api.w.org\/{rel}","templated":true}]}}