{"id":67136,"date":"2025-07-10T06:53:00","date_gmt":"2025-07-10T09:53:00","guid":{"rendered":"https:\/\/www.correiobraziliense.com.br\/cbradar\/?p=67136"},"modified":"2025-07-09T18:43:44","modified_gmt":"2025-07-09T21:43:44","slug":"o-erro-comum-que-coloca-caes-em-risco-nos-dias-frios-e-poucos-percebem","status":"publish","type":"post","link":"https:\/\/www.correiobraziliense.com.br\/cbradar\/o-erro-comum-que-coloca-caes-em-risco-nos-dias-frios-e-poucos-percebem\/","title":{"rendered":"O erro comum que coloca c\u00e3es em risco nos dias frios e poucos percebem"},"content":{"rendered":"\n<p><strong>Definir o melhor local para o c\u00e3o dormir nos dias frios<\/strong> \u00e9 essencial para garantir sa\u00fade, bem-estar e evitar problemas respirat\u00f3rios. Muitas d\u00favidas surgem sobre permitir ou n\u00e3o que o animal durma dentro de casa, principalmente em rela\u00e7\u00e3o \u00e0 cama dos tutores ou \u00e1reas externas.<\/p>\n\n\n\n<ul class=\"wp-block-list\">\n<li><strong>Riscos de deixar c\u00e3es no quintal<\/strong> durante baixas temperaturas.<\/li>\n\n\n\n<li><strong>Limites e cuidados ao dividir a cama<\/strong> com o pet.<\/li>\n\n\n\n<li><strong>Alternativas recomendadas<\/strong> para garantir aquecimento e conforto ao animal.<\/li>\n<\/ul>\n\n\n\n<h2 class=\"wp-block-heading\">Por que n\u00e3o \u00e9 indicado deixar c\u00e3es dormindo no quintal no frio?<\/h2>\n\n\n\n<p><strong>Expor o c\u00e3o ao frio intenso pode causar hipotermia<\/strong>, problemas respirat\u00f3rios e queda da imunidade. Mesmo ra\u00e7as com pelagem densa sofrem com vento, umidade e mudan\u00e7as bruscas de temperatura.<\/p>\n\n\n\n<p><strong>Proteger o pet da friagem \u00e9 um cuidado fundamental<\/strong> para evitar doen\u00e7as e garantir mais qualidade de vida nos dias gelados.<\/p>\n\n\n\n<p>Leia tamb\u00e9m: <a href=\"https:\/\/www.correiobraziliense.com.br\/cbradar\/7-regras-obrigatorias-para-levar-cachorro-a-piscina-com-seguranca\/\" target=\"_blank\" rel=\"noreferrer noopener\">7 regras obrigat\u00f3rias para levar cachorro \u00e0 piscina com seguran\u00e7a<\/a><\/p>\n\n\n\n<h2 class=\"wp-block-heading\">C\u00e3es podem dormir na cama com os tutores nos dias frios?<\/h2>\n\n\n\n<p><strong>Dividir a cama com o c\u00e3o traz conforto t\u00e9rmico<\/strong>, mas pode n\u00e3o ser a melhor op\u00e7\u00e3o para todos. A pr\u00e1tica exige higiene rigorosa, cuidados com alergias e limites claros para evitar comportamentos indesejados.<\/p>\n\n\n\n<p>O ideal \u00e9 avaliar a rotina, espa\u00e7o e necessidades do animal antes de tomar essa decis\u00e3o.<\/p>\n\n\n\n<h2 class=\"wp-block-heading\">Melhores lugares para c\u00e3es dormirem no frio dentro de casa<\/h2>\n\n\n\n<p><strong>O local ideal para o c\u00e3o dormir nos dias frios \u00e9 dentro de casa<\/strong>, longe de correntes de ar e com acesso a cobertores ou camas pr\u00f3prias. Escolha cantos protegidos, silenciosos e de f\u00e1cil acesso para o animal.<\/p>\n\n\n\n<ul class=\"wp-block-list\">\n<li>Caminhas com mantas, caixas de transporte ou casinhas adaptadas s\u00e3o excelentes alternativas.<\/li>\n\n\n\n<li>Evite \u00e1reas pr\u00f3ximas a portas e janelas, onde a temperatura pode variar mais.<\/li>\n<\/ul>\n\n\n\n<p>Leia tamb\u00e9m: <a href=\"https:\/\/www.correiobraziliense.com.br\/cbradar\/5-sinais-de-que-seu-cachorro-precisa-de-mais-convivencia-com-outros-caes\/\" target=\"_blank\" rel=\"noreferrer noopener\">5 sinais de que seu cachorro precisa de mais conviv\u00eancia com outros c\u00e3es<\/a><\/p>\n\n\n\n<figure class=\"wp-block-image size-large\"><img decoding=\"async\" width=\"1024\" height=\"576\" src=\"https:\/\/www.correiobraziliense.com.br\/cbradar\/wp-content\/uploads\/2025\/07\/cachorro-frio_1752097392723-1024x576.jpg\" alt=\"O erro comum que coloca c\u00e3es em risco nos dias frios e poucos percebem\" class=\"wp-image-67138\" srcset=\"https:\/\/www.correiobraziliense.com.br\/cbradar\/wp-content\/uploads\/2025\/07\/cachorro-frio_1752097392723-1024x576.jpg 1024w, https:\/\/www.correiobraziliense.com.br\/cbradar\/wp-content\/uploads\/2025\/07\/cachorro-frio_1752097392723-300x169.jpg 300w, https:\/\/www.correiobraziliense.com.br\/cbradar\/wp-content\/uploads\/2025\/07\/cachorro-frio_1752097392723-768x432.jpg 768w, https:\/\/www.correiobraziliense.com.br\/cbradar\/wp-content\/uploads\/2025\/07\/cachorro-frio_1752097392723-750x422.jpg 750w, https:\/\/www.correiobraziliense.com.br\/cbradar\/wp-content\/uploads\/2025\/07\/cachorro-frio_1752097392723-1140x641.jpg 1140w, https:\/\/www.correiobraziliense.com.br\/cbradar\/wp-content\/uploads\/2025\/07\/cachorro-frio_1752097392723.jpg 1280w\" sizes=\"(max-width: 1024px) 100vw, 1024px\" \/><figcaption class=\"wp-element-caption\">cachorro frio. Cr\u00e9ditos: depositphotos.com \/ bodnarphoto<\/figcaption><\/figure>\n\n\n\n<h2 class=\"wp-block-heading\">Cuidados extras para aquecer o pet sem exageros<\/h2>\n\n\n\n<p><strong>Excesso de cobertas pode causar desconforto<\/strong> e dificultar a respira\u00e7\u00e3o do animal. Prefira mantas leves, meias camas ou roupas pr\u00f3prias para pets, sempre observando sinais de calor ou inc\u00f4modo.<\/p>\n\n\n\n<p>Manter a \u00e1gua dispon\u00edvel e o ambiente limpo tamb\u00e9m \u00e9 fundamental para a sa\u00fade do c\u00e3o durante o frio.<\/p>\n\n\n\n<h2 class=\"wp-block-heading\">C\u00e3es idosos ou filhotes precisam de aten\u00e7\u00e3o redobrada<\/h2>\n\n\n\n<p><strong>Animais mais vulner\u00e1veis sofrem mais com as baixas temperaturas<\/strong> e podem precisar de aquecedores espec\u00edficos ou camas t\u00e9rmicas. Consulte um veterin\u00e1rio para orienta\u00e7\u00f5es personalizadas, especialmente em casos de doen\u00e7as pr\u00e9-existentes.<\/p>\n\n\n\n<p>Priorize conforto, seguran\u00e7a e rotina de cuidados di\u00e1rios para garantir noites tranquilas ao seu pet.<\/p>\n\n\n\n<h2 class=\"wp-block-heading\">O melhor lugar para o c\u00e3o dormir nos dias frios valoriza sa\u00fade e aconchego<\/h2>\n\n\n\n<ul class=\"wp-block-list\">\n<li><strong>C\u00e3es devem dormir dentro de casa<\/strong>, em local protegido, longe do frio e umidade.<\/li>\n\n\n\n<li><strong>Caminhas e mantas espec\u00edficas proporcionam mais conforto<\/strong> sem exageros ou riscos \u00e0 sa\u00fade.<\/li>\n\n\n\n<li><strong>Monitorar sinais de desconforto<\/strong> e adaptar o ambiente s\u00e3o cuidados indispens\u00e1veis para o bem-estar do pet.<\/li>\n<\/ul>\n","protected":false},"excerpt":{"rendered":"<p>C\u00e3es devem dormir dentro de casa no frio, longe de umidade e vento. Saiba como preparar o cantinho ideal, evitar doen\u00e7as e garantir o conforto do seu pet.<\/p>\n","protected":false},"author":3,"featured_media":67137,"comment_status":"open","ping_status":"open","sticky":false,"template":"","format":"standard","meta":{"_yoast_wpseo_focuskw":"c\u00e3es risco dias frios","_yoast_wpseo_title":"%%title%%","_yoast_wpseo_metadesc":"C\u00e3es devem dormir dentro de casa no frio, longe de umidade e vento. Saiba como preparar o cantinho ideal, evitar doen\u00e7as e garantir o conforto do seu pet.","jnews-multi-image_gallery":[],"jnews_single_post":{"format":"standard"},"jnews_primary_category":[],"jnews_social_meta":[],"jnews_override_counter":[],"footnotes":""},"categories":[112],"post_tag":[230,1977,378,144],"class_list":["post-67136","post","type-post","status-publish","format-standard","has-post-thumbnail","hentry","category-curiosidades","tag-animais","tag-animais-de-estimacao","tag-cachorro","tag-curiosidades"],"yoast_head":"<!-- This site is optimized with the Yoast SEO plugin v24.6 - https:\/\/yoast.com\/wordpress\/plugins\/seo\/ -->\n<title>O erro comum que coloca c\u00e3es em risco nos dias frios e poucos percebem<\/title>\n<meta name=\"description\" content=\"C\u00e3es devem dormir dentro de casa no frio, longe de umidade e vento. Saiba como preparar o cantinho ideal, evitar doen\u00e7as e garantir o conforto do seu pet.\" \/>\n<meta name=\"robots\" content=\"index, follow, max-snippet:-1, max-image-preview:large, max-video-preview:-1\" \/>\n<link rel=\"canonical\" href=\"https:\/\/www.correiobraziliense.com.br\/cbradar\/o-erro-comum-que-coloca-caes-em-risco-nos-dias-frios-e-poucos-percebem\/\" \/>\n<meta property=\"og:locale\" content=\"pt_BR\" \/>\n<meta property=\"og:type\" content=\"article\" \/>\n<meta property=\"og:title\" content=\"O erro comum que coloca c\u00e3es em risco nos dias frios e poucos percebem\" \/>\n<meta property=\"og:description\" content=\"C\u00e3es devem dormir dentro de casa no frio, longe de umidade e vento. Saiba como preparar o cantinho ideal, evitar doen\u00e7as e garantir o conforto do seu pet.\" \/>\n<meta property=\"og:url\" content=\"https:\/\/www.correiobraziliense.com.br\/cbradar\/o-erro-comum-que-coloca-caes-em-risco-nos-dias-frios-e-poucos-percebem\/\" \/>\n<meta property=\"og:site_name\" content=\"Correio Braziliense - Radar\" \/>\n<meta property=\"article:published_time\" content=\"2025-07-10T09:53:00+00:00\" \/>\n<meta property=\"og:image\" content=\"https:\/\/www.correiobraziliense.com.br\/cbradar\/wp-content\/uploads\/2025\/07\/cachorro-frio_1752097364347.jpg\" \/>\n\t<meta property=\"og:image:width\" content=\"1280\" \/>\n\t<meta property=\"og:image:height\" content=\"720\" \/>\n\t<meta property=\"og:image:type\" content=\"image\/jpeg\" \/>\n<meta name=\"author\" content=\"Larissa Carvalho\" \/>\n<meta name=\"twitter:card\" content=\"summary_large_image\" \/>\n<meta name=\"twitter:label1\" content=\"Escrito por\" \/>\n\t<meta name=\"twitter:data1\" content=\"Larissa Carvalho\" \/>\n\t<meta name=\"twitter:label2\" content=\"Est. tempo de leitura\" \/>\n\t<meta name=\"twitter:data2\" content=\"3 minutos\" \/>\n<!-- \/ Yoast SEO plugin. -->","yoast_head_json":{"title":"O erro comum que coloca c\u00e3es em risco nos dias frios e poucos percebem","description":"C\u00e3es devem dormir dentro de casa no frio, longe de umidade e vento. Saiba como preparar o cantinho ideal, evitar doen\u00e7as e garantir o conforto do seu pet.","robots":{"index":"index","follow":"follow","max-snippet":"max-snippet:-1","max-image-preview":"max-image-preview:large","max-video-preview":"max-video-preview:-1"},"canonical":"https:\/\/www.correiobraziliense.com.br\/cbradar\/o-erro-comum-que-coloca-caes-em-risco-nos-dias-frios-e-poucos-percebem\/","og_locale":"pt_BR","og_type":"article","og_title":"O erro comum que coloca c\u00e3es em risco nos dias frios e poucos percebem","og_description":"C\u00e3es devem dormir dentro de casa no frio, longe de umidade e vento. Saiba como preparar o cantinho ideal, evitar doen\u00e7as e garantir o conforto do seu pet.","og_url":"https:\/\/www.correiobraziliense.com.br\/cbradar\/o-erro-comum-que-coloca-caes-em-risco-nos-dias-frios-e-poucos-percebem\/","og_site_name":"Correio Braziliense - Radar","article_published_time":"2025-07-10T09:53:00+00:00","og_image":[{"width":1280,"height":720,"url":"https:\/\/www.correiobraziliense.com.br\/cbradar\/wp-content\/uploads\/2025\/07\/cachorro-frio_1752097364347.jpg","type":"image\/jpeg"}],"author":"Larissa Carvalho","twitter_card":"summary_large_image","twitter_misc":{"Escrito por":"Larissa Carvalho","Est. tempo de leitura":"3 minutos"},"schema":{"@context":"https:\/\/schema.org","@graph":[{"@type":"WebPage","@id":"https:\/\/www.correiobraziliense.com.br\/cbradar\/o-erro-comum-que-coloca-caes-em-risco-nos-dias-frios-e-poucos-percebem\/","url":"https:\/\/www.correiobraziliense.com.br\/cbradar\/o-erro-comum-que-coloca-caes-em-risco-nos-dias-frios-e-poucos-percebem\/","name":"O erro comum que coloca c\u00e3es em risco nos dias frios e poucos percebem","isPartOf":{"@id":"https:\/\/www.correiobraziliense.com.br\/cbradar\/#website"},"primaryImageOfPage":{"@id":"https:\/\/www.correiobraziliense.com.br\/cbradar\/o-erro-comum-que-coloca-caes-em-risco-nos-dias-frios-e-poucos-percebem\/#primaryimage"},"image":{"@id":"https:\/\/www.correiobraziliense.com.br\/cbradar\/o-erro-comum-que-coloca-caes-em-risco-nos-dias-frios-e-poucos-percebem\/#primaryimage"},"thumbnailUrl":"https:\/\/www.correiobraziliense.com.br\/cbradar\/wp-content\/uploads\/2025\/07\/cachorro-frio_1752097364347.jpg","datePublished":"2025-07-10T09:53:00+00:00","author":{"@id":"https:\/\/www.correiobraziliense.com.br\/cbradar\/#\/schema\/person\/58422787644df994b53a19d3e56c1513"},"description":"C\u00e3es devem dormir dentro de casa no frio, longe de umidade e vento. Saiba como preparar o cantinho ideal, evitar doen\u00e7as e garantir o conforto do seu pet.","breadcrumb":{"@id":"https:\/\/www.correiobraziliense.com.br\/cbradar\/o-erro-comum-que-coloca-caes-em-risco-nos-dias-frios-e-poucos-percebem\/#breadcrumb"},"inLanguage":"pt-BR","potentialAction":[{"@type":"ReadAction","target":["https:\/\/www.correiobraziliense.com.br\/cbradar\/o-erro-comum-que-coloca-caes-em-risco-nos-dias-frios-e-poucos-percebem\/"]}]},{"@type":"ImageObject","inLanguage":"pt-BR","@id":"https:\/\/www.correiobraziliense.com.br\/cbradar\/o-erro-comum-que-coloca-caes-em-risco-nos-dias-frios-e-poucos-percebem\/#primaryimage","url":"https:\/\/www.correiobraziliense.com.br\/cbradar\/wp-content\/uploads\/2025\/07\/cachorro-frio_1752097364347.jpg","contentUrl":"https:\/\/www.correiobraziliense.com.br\/cbradar\/wp-content\/uploads\/2025\/07\/cachorro-frio_1752097364347.jpg","width":1280,"height":720,"caption":"cachorro frio. Cr\u00e9ditos: depositphotos.com \/ fotyma"},{"@type":"BreadcrumbList","@id":"https:\/\/www.correiobraziliense.com.br\/cbradar\/o-erro-comum-que-coloca-caes-em-risco-nos-dias-frios-e-poucos-percebem\/#breadcrumb","itemListElement":[{"@type":"ListItem","position":1,"name":"In\u00edcio","item":"https:\/\/www.correiobraziliense.com.br\/cbradar\/"},{"@type":"ListItem","position":2,"name":"O erro comum que coloca c\u00e3es em risco nos dias frios e poucos percebem"}]},{"@type":"WebSite","@id":"https:\/\/www.correiobraziliense.com.br\/cbradar\/#website","url":"https:\/\/www.correiobraziliense.com.br\/cbradar\/","name":"Correio Braziliense - Radar","description":"Acompanhe as \u00faltimas not\u00edcias e fique bem informado sobre tudo o que acontece no Brasil e no mundo.","potentialAction":[{"@type":"SearchAction","target":{"@type":"EntryPoint","urlTemplate":"https:\/\/www.correiobraziliense.com.br\/cbradar\/?s={search_term_string}"},"query-input":{"@type":"PropertyValueSpecification","valueRequired":true,"valueName":"search_term_string"}}],"inLanguage":"pt-BR"},{"@type":"Person","@id":"https:\/\/www.correiobraziliense.com.br\/cbradar\/#\/schema\/person\/58422787644df994b53a19d3e56c1513","name":"Larissa Carvalho","image":{"@type":"ImageObject","inLanguage":"pt-BR","@id":"https:\/\/www.correiobraziliense.com.br\/cbradar\/#\/schema\/person\/image\/","url":"https:\/\/secure.gravatar.com\/avatar\/fe4f91a0de32b52a838d0d612abdc1aa?s=96&d=mm&r=g","contentUrl":"https:\/\/secure.gravatar.com\/avatar\/fe4f91a0de32b52a838d0d612abdc1aa?s=96&d=mm&r=g","caption":"Larissa Carvalho"},"url":"https:\/\/www.correiobraziliense.com.br\/cbradar\/author\/larissamyth\/"}]}},"_links":{"self":[{"href":"https:\/\/www.correiobraziliense.com.br\/cbradar\/wp-json\/wp\/v2\/posts\/67136","targetHints":{"allow":["GET"]}}],"collection":[{"href":"https:\/\/www.correiobraziliense.com.br\/cbradar\/wp-json\/wp\/v2\/posts"}],"about":[{"href":"https:\/\/www.correiobraziliense.com.br\/cbradar\/wp-json\/wp\/v2\/types\/post"}],"author":[{"embeddable":true,"href":"https:\/\/www.correiobraziliense.com.br\/cbradar\/wp-json\/wp\/v2\/users\/3"}],"replies":[{"embeddable":true,"href":"https:\/\/www.correiobraziliense.com.br\/cbradar\/wp-json\/wp\/v2\/comments?post=67136"}],"version-history":[{"count":1,"href":"https:\/\/www.correiobraziliense.com.br\/cbradar\/wp-json\/wp\/v2\/posts\/67136\/revisions"}],"predecessor-version":[{"id":67139,"href":"https:\/\/www.correiobraziliense.com.br\/cbradar\/wp-json\/wp\/v2\/posts\/67136\/revisions\/67139"}],"wp:featuredmedia":[{"embeddable":true,"href":"https:\/\/www.correiobraziliense.com.br\/cbradar\/wp-json\/wp\/v2\/media\/67137"}],"wp:attachment":[{"href":"https:\/\/www.correiobraziliense.com.br\/cbradar\/wp-json\/wp\/v2\/media?parent=67136"}],"wp:term":[{"taxonomy":"category","embeddable":true,"href":"https:\/\/www.correiobraziliense.com.br\/cbradar\/wp-json\/wp\/v2\/categories?post=67136"},{"taxonomy":"post_tag","embeddable":true,"href":"https:\/\/www.correiobraziliense.com.br\/cbradar\/wp-json\/wp\/v2\/post_tag?post=67136"}],"curies":[{"name":"wp","href":"https:\/\/api.w.org\/{rel}","templated":true}]}}