{"id":67176,"date":"2025-07-10T09:03:00","date_gmt":"2025-07-10T12:03:00","guid":{"rendered":"https:\/\/www.correiobraziliense.com.br\/cbradar\/?p=67176"},"modified":"2025-07-09T21:09:45","modified_gmt":"2025-07-10T00:09:45","slug":"voce-sente-peso-no-rosto-e-nem-sabe-o-motivo-isso-pode-estar-te-afetando-mais-do-que-imagina","status":"publish","type":"post","link":"https:\/\/www.correiobraziliense.com.br\/cbradar\/voce-sente-peso-no-rosto-e-nem-sabe-o-motivo-isso-pode-estar-te-afetando-mais-do-que-imagina\/","title":{"rendered":"Voc\u00ea sente peso no rosto e nem sabe o motivo, isso pode estar te afetando mais do que imagina"},"content":{"rendered":"\n<p><strong><a href=\"https:\/\/pt.wikipedia.org\/wiki\/Alongamento\" target=\"_blank\" rel=\"noreferrer noopener\">Alongamento <\/a>facial<\/strong>\u00a0\u00e9 uma abordagem cada vez mais buscada para aliviar tens\u00f5es que se acumulam ao longo do dia na express\u00e3o e nos m\u00fasculos do rosto.\u00a0Esse conjunto de t\u00e9cnicas proporciona n\u00e3o s\u00f3 relaxamento, mas tamb\u00e9m favorece uma sensa\u00e7\u00e3o de leveza, ajudando a minimizar desconfortos comuns atribu\u00eddos ao estresse di\u00e1rio. Muitas pessoas relatam benef\u00edcios ao adotar pr\u00e1ticas simples que melhoram a circula\u00e7\u00e3o e contribuem para um aspecto mais saud\u00e1vel.<\/p>\n\n\n\n<p>A rotina de&nbsp;<strong>alongamento facial<\/strong>&nbsp;pode ser adaptada para o cotidiano, tornando-se parte dos cuidados pessoais.&nbsp;Ao longo deste artigo, ser\u00e3o apresentados os principais m\u00e9todos, sugest\u00f5es pr\u00e1ticas e informa\u00e7\u00f5es importantes sobre como preservar o bem-estar facial.<\/p>\n\n\n\n<ul class=\"wp-block-list\">\n<li>Motivos da tens\u00e3o facial e por que ela afeta a qualidade de vida<\/li>\n\n\n\n<li>T\u00e9cnicas de alongamento para o rosto e dicas de execu\u00e7\u00e3o<\/li>\n\n\n\n<li>Benef\u00edcios de incluir esses exerc\u00edcios na rotina di\u00e1ria<\/li>\n<\/ul>\n\n\n\n<h2 class=\"wp-block-heading\">Por que a tens\u00e3o se acumula no rosto?<\/h2>\n\n\n<div class=\"wp-block-image\">\n<figure class=\"aligncenter size-large\"><img decoding=\"async\" width=\"1024\" height=\"576\" src=\"https:\/\/www.correiobraziliense.com.br\/cbradar\/wp-content\/uploads\/2025\/07\/tensao-mulher-_1752105302166-1024x576.jpg\" alt=\"Voc\u00ea sente peso no rosto e nem sabe o motivo, isso pode estar te afetando mais do que imagina\" class=\"wp-image-67181\" srcset=\"https:\/\/www.correiobraziliense.com.br\/cbradar\/wp-content\/uploads\/2025\/07\/tensao-mulher-_1752105302166-1024x576.jpg 1024w, https:\/\/www.correiobraziliense.com.br\/cbradar\/wp-content\/uploads\/2025\/07\/tensao-mulher-_1752105302166-300x169.jpg 300w, https:\/\/www.correiobraziliense.com.br\/cbradar\/wp-content\/uploads\/2025\/07\/tensao-mulher-_1752105302166-768x432.jpg 768w, https:\/\/www.correiobraziliense.com.br\/cbradar\/wp-content\/uploads\/2025\/07\/tensao-mulher-_1752105302166-750x422.jpg 750w, https:\/\/www.correiobraziliense.com.br\/cbradar\/wp-content\/uploads\/2025\/07\/tensao-mulher-_1752105302166-1140x641.jpg 1140w, https:\/\/www.correiobraziliense.com.br\/cbradar\/wp-content\/uploads\/2025\/07\/tensao-mulher-_1752105302166.jpg 1280w\" sizes=\"(max-width: 1024px) 100vw, 1024px\" \/><figcaption class=\"wp-element-caption\">Mulher &#8211; Cr\u00e9ditos: depositphotos.com \/ RostyslavOleksin<\/figcaption><\/figure><\/div>\n\n\n<p>Muitos fatores contribuem para o ac\u00famulo de&nbsp;<strong>tens\u00e3o facial<\/strong>. Express\u00f5es repetitivas, per\u00edodos prolongados de aten\u00e7\u00e3o, altera\u00e7\u00f5es emocionais e at\u00e9 h\u00e1bitos posturais inadequados favorecem esse processo. Com o tempo, a musculatura pode se tornar r\u00edgida, resultando em desconforto, sensa\u00e7\u00e3o de peso e at\u00e9 dores de cabe\u00e7a.<\/p>\n\n\n\n<p>Al\u00e9m disso, o uso frequente de dispositivos eletr\u00f4nicos estimula contra\u00e7\u00f5es involunt\u00e1rias, sobretudo na testa, mand\u00edbula e entorno dos olhos. \u00c9 importante observar esses sinais para introduzir pausas e alongamentos adequados durante o dia.<\/p>\n\n\n\n<h2 class=\"wp-block-heading\">Como realizar t\u00e9cnicas eficazes de alongamento facial?<\/h2>\n\n\n\n<p>Algumas&nbsp;<strong>t\u00e9cnicas de alongamento facial<\/strong>&nbsp;podem ser aplicadas rapidamente, mesmo no ambiente de trabalho ou em casa. O primeiro passo \u00e9 identificar pontos de maior tens\u00e3o, como o maxilar, ma\u00e7\u00e3s do rosto e fronte.&nbsp;Em seguida, pode-se realizar manobras gentis e conscientes para promover o relaxamento.<\/p>\n\n\n\n<p>Uma abordagem pr\u00e1tica inclui movimentos circulares com a ponta dos dedos nas t\u00eamporas, pressionar levemente as sobrancelhas com movimentos ascendentes e realizar alongamentos suaves da boca em dire\u00e7\u00e3o \u00e0s orelhas.&nbsp;Reserve alguns segundos para cada \u00e1rea, repetindo o processo conforme necess\u00e1rio.<\/p>\n\n\n\n<ul class=\"wp-block-list\">\n<li>Relaxe o pesco\u00e7o e os ombros antes de iniciar qualquer exerc\u00edcio facial<\/li>\n\n\n\n<li>Evite excessos de press\u00e3o para n\u00e3o sensibilizar a pele<\/li>\n\n\n\n<li>Utilize respira\u00e7\u00e3o controlada para potencializar o efeito relaxante<\/li>\n<\/ul>\n\n\n\n<p>Leia tamb\u00e9m: <a href=\"https:\/\/www.correiobraziliense.com.br\/cbradar\/7-alimentos-ricos-em-fibras-que-todo-brasileiro-deveria-incluir-no-prato\/\" target=\"_blank\" rel=\"noreferrer noopener\">7 alimentos ricos em fibras que todo brasileiro deveria incluir no prato<\/a><\/p>\n\n\n\n<h2 class=\"wp-block-heading\">Quais os principais benef\u00edcios do alongamento para o rosto?<\/h2>\n\n\n\n<p>A pr\u00e1tica regular de&nbsp;<strong>alongamento facial<\/strong>&nbsp;proporciona benef\u00edcios not\u00e1veis, que v\u00e3o al\u00e9m do relaxamento imediato. Um dos principais ganhos \u00e9 a melhoria da circula\u00e7\u00e3o sangu\u00ednea na regi\u00e3o, favorecendo nutri\u00e7\u00e3o celular e diminuindo edemas.<\/p>\n\n\n\n<p>Outro ponto importante est\u00e1 relacionado \u00e0 preven\u00e7\u00e3o de linhas de express\u00e3o.&nbsp;Ao descontrair a musculatura frequentemente, h\u00e1 redu\u00e7\u00e3o das marca\u00e7\u00f5es geradas por tens\u00e3o repetitiva. Pessoas que adotam essas t\u00e9cnicas percebem, ao longo do tempo, leveza na face e maior conforto em atividades como mastiga\u00e7\u00e3o e fala.<\/p>\n\n\n\n<ul class=\"wp-block-list\">\n<li>Redu\u00e7\u00e3o de desconforto e fadiga muscular<\/li>\n\n\n\n<li>Melhora na apar\u00eancia da pele e t\u00f4nus facial<\/li>\n\n\n\n<li>Preven\u00e7\u00e3o do agravamento de marcas de express\u00e3o<\/li>\n<\/ul>\n\n\n\n<p>Leia tamb\u00e9m: <a href=\"https:\/\/www.correiobraziliense.com.br\/cbradar\/a-tecnica-natural-mais-poderosa-que-ninguem-te-contou-que-vai-fazer-voce-relaxar\/\" target=\"_blank\" rel=\"noreferrer noopener\">A t\u00e9cnica natural mais poderosa que ningu\u00e9m te contou que vai fazer voc\u00ea relaxar<\/a><\/p>\n\n\n\n<h2 class=\"wp-block-heading\">Incluir alongamento facial no dia a dia melhora o bem-estar<\/h2>\n\n\n\n<p>Incorporar o&nbsp;<strong>alongamento facial<\/strong>&nbsp;\u00e0 rotina \u00e9 uma estrat\u00e9gia simples para quem busca qualidade de vida e bem-estar.&nbsp;Os exerc\u00edcios podem ser feitos em poucos minutos, trazendo resultados cumulativos a m\u00e9dio e longo prazo. Manter a regularidade \u00e9 essencial para observar mudan\u00e7as mais duradouras.<\/p>\n\n\n\n<p>Especialistas recomendam associar as t\u00e9cnicas a outras pr\u00e1ticas relaxantes, como pausas regulares e respira\u00e7\u00e3o profunda. Tamb\u00e9m \u00e9 indicado estar atento \u00e0 hidrata\u00e7\u00e3o da pele e ajustar o ambiente de trabalho para minimizar pontos de tens\u00e3o desnecess\u00e1rios.<\/p>\n\n\n\n<ul class=\"wp-block-list\">\n<li>A\u00a0<strong>tens\u00e3o facial<\/strong>\u00a0est\u00e1 relacionada a fatores emocionais e h\u00e1bitos di\u00e1rios.<\/li>\n\n\n\n<li>Exerc\u00edcios simples de alongamento promovem relaxamento, favorecendo o bem-estar.<\/li>\n\n\n\n<li>A pr\u00e1tica recorrente pode prevenir desconfortos e preservar a apar\u00eancia saud\u00e1vel do rosto.<\/li>\n<\/ul>\n","protected":false},"excerpt":{"rendered":"<p>Alongamento facial\u00a0\u00e9 uma abordagem cada vez mais buscada para aliviar tens\u00f5es que se acumulam ao longo do dia na express\u00e3o e nos m\u00fasculos do rosto.\u00a0Esse conjunto de t\u00e9cnicas proporciona n\u00e3o s\u00f3 relaxamento, mas tamb\u00e9m favorece uma sensa\u00e7\u00e3o de leveza, ajudando a minimizar desconfortos comuns atribu\u00eddos ao estresse di\u00e1rio. Muitas pessoas relatam benef\u00edcios ao adotar pr\u00e1ticas [&hellip;]<\/p>\n","protected":false},"author":11,"featured_media":67179,"comment_status":"open","ping_status":"open","sticky":false,"template":"","format":"standard","meta":{"_yoast_wpseo_focuskw":"relaxamento","_yoast_wpseo_title":"","_yoast_wpseo_metadesc":"Quem sofre com rosto tenso pode encontrar al\u00edvio em minutos com essa pr\u00e1tica natural. Descubra os efeitos positivos e duradouros.","jnews-multi-image_gallery":[],"jnews_single_post":{"format":"standard"},"jnews_primary_category":[],"jnews_social_meta":[],"jnews_override_counter":[],"footnotes":""},"categories":[119],"tags":[7968,784,1318],"class_list":["post-67176","post","type-post","status-publish","format-standard","has-post-thumbnail","hentry","category-bem-estar","tag-alogamento","tag-rotina","tag-saude-2"],"yoast_head":"<!-- This site is optimized with the Yoast SEO plugin v24.6 - https:\/\/yoast.com\/wordpress\/plugins\/seo\/ -->\n<title>Voc\u00ea sente peso no rosto e nem sabe o motivo, isso pode estar te afetando mais do que imagina - Correio Braziliense - Radar<\/title>\n<meta name=\"description\" content=\"Quem sofre com rosto tenso pode encontrar al\u00edvio em minutos com essa pr\u00e1tica natural. Descubra os efeitos positivos e duradouros.\" \/>\n<meta name=\"robots\" content=\"index, follow, max-snippet:-1, max-image-preview:large, max-video-preview:-1\" \/>\n<link rel=\"canonical\" href=\"https:\/\/www.correiobraziliense.com.br\/cbradar\/voce-sente-peso-no-rosto-e-nem-sabe-o-motivo-isso-pode-estar-te-afetando-mais-do-que-imagina\/\" \/>\n<meta property=\"og:locale\" content=\"pt_BR\" \/>\n<meta property=\"og:type\" content=\"article\" \/>\n<meta property=\"og:title\" content=\"Voc\u00ea sente peso no rosto e nem sabe o motivo, isso pode estar te afetando mais do que imagina - Correio Braziliense - Radar\" \/>\n<meta property=\"og:description\" content=\"Quem sofre com rosto tenso pode encontrar al\u00edvio em minutos com essa pr\u00e1tica natural. Descubra os efeitos positivos e duradouros.\" \/>\n<meta property=\"og:url\" content=\"https:\/\/www.correiobraziliense.com.br\/cbradar\/voce-sente-peso-no-rosto-e-nem-sabe-o-motivo-isso-pode-estar-te-afetando-mais-do-que-imagina\/\" \/>\n<meta property=\"og:site_name\" content=\"Correio Braziliense - Radar\" \/>\n<meta property=\"article:published_time\" content=\"2025-07-10T12:03:00+00:00\" \/>\n<meta property=\"og:image\" content=\"https:\/\/www.correiobraziliense.com.br\/cbradar\/wp-content\/uploads\/2025\/07\/mulher_1752105191760.jpg\" \/>\n\t<meta property=\"og:image:width\" content=\"1280\" \/>\n\t<meta property=\"og:image:height\" content=\"720\" \/>\n\t<meta property=\"og:image:type\" content=\"image\/jpeg\" \/>\n<meta name=\"author\" content=\"Paulo Custodio\" \/>\n<meta name=\"twitter:card\" content=\"summary_large_image\" \/>\n<meta name=\"twitter:label1\" content=\"Escrito por\" \/>\n\t<meta name=\"twitter:data1\" content=\"Paulo Custodio\" \/>\n\t<meta name=\"twitter:label2\" content=\"Est. tempo de leitura\" \/>\n\t<meta name=\"twitter:data2\" content=\"4 minutos\" \/>\n<!-- \/ Yoast SEO plugin. -->","yoast_head_json":{"title":"Voc\u00ea sente peso no rosto e nem sabe o motivo, isso pode estar te afetando mais do que imagina - Correio Braziliense - Radar","description":"Quem sofre com rosto tenso pode encontrar al\u00edvio em minutos com essa pr\u00e1tica natural. Descubra os efeitos positivos e duradouros.","robots":{"index":"index","follow":"follow","max-snippet":"max-snippet:-1","max-image-preview":"max-image-preview:large","max-video-preview":"max-video-preview:-1"},"canonical":"https:\/\/www.correiobraziliense.com.br\/cbradar\/voce-sente-peso-no-rosto-e-nem-sabe-o-motivo-isso-pode-estar-te-afetando-mais-do-que-imagina\/","og_locale":"pt_BR","og_type":"article","og_title":"Voc\u00ea sente peso no rosto e nem sabe o motivo, isso pode estar te afetando mais do que imagina - Correio Braziliense - Radar","og_description":"Quem sofre com rosto tenso pode encontrar al\u00edvio em minutos com essa pr\u00e1tica natural. Descubra os efeitos positivos e duradouros.","og_url":"https:\/\/www.correiobraziliense.com.br\/cbradar\/voce-sente-peso-no-rosto-e-nem-sabe-o-motivo-isso-pode-estar-te-afetando-mais-do-que-imagina\/","og_site_name":"Correio Braziliense - Radar","article_published_time":"2025-07-10T12:03:00+00:00","og_image":[{"width":1280,"height":720,"url":"https:\/\/www.correiobraziliense.com.br\/cbradar\/wp-content\/uploads\/2025\/07\/mulher_1752105191760.jpg","type":"image\/jpeg"}],"author":"Paulo Custodio","twitter_card":"summary_large_image","twitter_misc":{"Escrito por":"Paulo Custodio","Est. tempo de leitura":"4 minutos"},"schema":{"@context":"https:\/\/schema.org","@graph":[{"@type":"WebPage","@id":"https:\/\/www.correiobraziliense.com.br\/cbradar\/voce-sente-peso-no-rosto-e-nem-sabe-o-motivo-isso-pode-estar-te-afetando-mais-do-que-imagina\/","url":"https:\/\/www.correiobraziliense.com.br\/cbradar\/voce-sente-peso-no-rosto-e-nem-sabe-o-motivo-isso-pode-estar-te-afetando-mais-do-que-imagina\/","name":"Voc\u00ea sente peso no rosto e nem sabe o motivo, isso pode estar te afetando mais do que imagina - Correio Braziliense - Radar","isPartOf":{"@id":"https:\/\/www.correiobraziliense.com.br\/cbradar\/#website"},"primaryImageOfPage":{"@id":"https:\/\/www.correiobraziliense.com.br\/cbradar\/voce-sente-peso-no-rosto-e-nem-sabe-o-motivo-isso-pode-estar-te-afetando-mais-do-que-imagina\/#primaryimage"},"image":{"@id":"https:\/\/www.correiobraziliense.com.br\/cbradar\/voce-sente-peso-no-rosto-e-nem-sabe-o-motivo-isso-pode-estar-te-afetando-mais-do-que-imagina\/#primaryimage"},"thumbnailUrl":"https:\/\/www.correiobraziliense.com.br\/cbradar\/wp-content\/uploads\/2025\/07\/mulher_1752105191760.jpg","datePublished":"2025-07-10T12:03:00+00:00","author":{"@id":"https:\/\/www.correiobraziliense.com.br\/cbradar\/#\/schema\/person\/4cec7857301a9a1a2ef249893cd908d3"},"description":"Quem sofre com rosto tenso pode encontrar al\u00edvio em minutos com essa pr\u00e1tica natural. Descubra os efeitos positivos e duradouros.","breadcrumb":{"@id":"https:\/\/www.correiobraziliense.com.br\/cbradar\/voce-sente-peso-no-rosto-e-nem-sabe-o-motivo-isso-pode-estar-te-afetando-mais-do-que-imagina\/#breadcrumb"},"inLanguage":"pt-BR","potentialAction":[{"@type":"ReadAction","target":["https:\/\/www.correiobraziliense.com.br\/cbradar\/voce-sente-peso-no-rosto-e-nem-sabe-o-motivo-isso-pode-estar-te-afetando-mais-do-que-imagina\/"]}]},{"@type":"ImageObject","inLanguage":"pt-BR","@id":"https:\/\/www.correiobraziliense.com.br\/cbradar\/voce-sente-peso-no-rosto-e-nem-sabe-o-motivo-isso-pode-estar-te-afetando-mais-do-que-imagina\/#primaryimage","url":"https:\/\/www.correiobraziliense.com.br\/cbradar\/wp-content\/uploads\/2025\/07\/mulher_1752105191760.jpg","contentUrl":"https:\/\/www.correiobraziliense.com.br\/cbradar\/wp-content\/uploads\/2025\/07\/mulher_1752105191760.jpg","width":1280,"height":720,"caption":"Mulher - Cr\u00e9ditos: depositphotos.com \/ AllaSerebrina"},{"@type":"BreadcrumbList","@id":"https:\/\/www.correiobraziliense.com.br\/cbradar\/voce-sente-peso-no-rosto-e-nem-sabe-o-motivo-isso-pode-estar-te-afetando-mais-do-que-imagina\/#breadcrumb","itemListElement":[{"@type":"ListItem","position":1,"name":"In\u00edcio","item":"https:\/\/www.correiobraziliense.com.br\/cbradar\/"},{"@type":"ListItem","position":2,"name":"Voc\u00ea sente peso no rosto e nem sabe o motivo, isso pode estar te afetando mais do que imagina"}]},{"@type":"WebSite","@id":"https:\/\/www.correiobraziliense.com.br\/cbradar\/#website","url":"https:\/\/www.correiobraziliense.com.br\/cbradar\/","name":"Correio Braziliense - Radar","description":"Acompanhe as \u00faltimas not\u00edcias e fique bem informado sobre tudo o que acontece no Brasil e no mundo.","potentialAction":[{"@type":"SearchAction","target":{"@type":"EntryPoint","urlTemplate":"https:\/\/www.correiobraziliense.com.br\/cbradar\/?s={search_term_string}"},"query-input":{"@type":"PropertyValueSpecification","valueRequired":true,"valueName":"search_term_string"}}],"inLanguage":"pt-BR"},{"@type":"Person","@id":"https:\/\/www.correiobraziliense.com.br\/cbradar\/#\/schema\/person\/4cec7857301a9a1a2ef249893cd908d3","name":"Paulo Custodio","image":{"@type":"ImageObject","inLanguage":"pt-BR","@id":"https:\/\/www.correiobraziliense.com.br\/cbradar\/#\/schema\/person\/image\/","url":"https:\/\/secure.gravatar.com\/avatar\/bcd67168d1534e8fcf4f45c726a87cea?s=96&d=mm&r=g","contentUrl":"https:\/\/secure.gravatar.com\/avatar\/bcd67168d1534e8fcf4f45c726a87cea?s=96&d=mm&r=g","caption":"Paulo Custodio"},"sameAs":["https:\/\/www.correiobraziliense.com.br\/cbradar"],"url":"https:\/\/www.correiobraziliense.com.br\/cbradar\/author\/paulomyth\/"}]}},"_links":{"self":[{"href":"https:\/\/www.correiobraziliense.com.br\/cbradar\/wp-json\/wp\/v2\/posts\/67176","targetHints":{"allow":["GET"]}}],"collection":[{"href":"https:\/\/www.correiobraziliense.com.br\/cbradar\/wp-json\/wp\/v2\/posts"}],"about":[{"href":"https:\/\/www.correiobraziliense.com.br\/cbradar\/wp-json\/wp\/v2\/types\/post"}],"author":[{"embeddable":true,"href":"https:\/\/www.correiobraziliense.com.br\/cbradar\/wp-json\/wp\/v2\/users\/11"}],"replies":[{"embeddable":true,"href":"https:\/\/www.correiobraziliense.com.br\/cbradar\/wp-json\/wp\/v2\/comments?post=67176"}],"version-history":[{"count":1,"href":"https:\/\/www.correiobraziliense.com.br\/cbradar\/wp-json\/wp\/v2\/posts\/67176\/revisions"}],"predecessor-version":[{"id":67187,"href":"https:\/\/www.correiobraziliense.com.br\/cbradar\/wp-json\/wp\/v2\/posts\/67176\/revisions\/67187"}],"wp:featuredmedia":[{"embeddable":true,"href":"https:\/\/www.correiobraziliense.com.br\/cbradar\/wp-json\/wp\/v2\/media\/67179"}],"wp:attachment":[{"href":"https:\/\/www.correiobraziliense.com.br\/cbradar\/wp-json\/wp\/v2\/media?parent=67176"}],"wp:term":[{"taxonomy":"category","embeddable":true,"href":"https:\/\/www.correiobraziliense.com.br\/cbradar\/wp-json\/wp\/v2\/categories?post=67176"},{"taxonomy":"post_tag","embeddable":true,"href":"https:\/\/www.correiobraziliense.com.br\/cbradar\/wp-json\/wp\/v2\/tags?post=67176"}],"curies":[{"name":"wp","href":"https:\/\/api.w.org\/{rel}","templated":true}]}}