{"id":67178,"date":"2025-07-10T11:03:00","date_gmt":"2025-07-10T14:03:00","guid":{"rendered":"https:\/\/www.correiobraziliense.com.br\/cbradar\/?p=67178"},"modified":"2025-07-09T21:10:13","modified_gmt":"2025-07-10T00:10:13","slug":"dormir-bem-pode-ser-mais-facil-do-que-parece-e-comeca-com-um-detalhe-esquecido","status":"publish","type":"post","link":"https:\/\/www.correiobraziliense.com.br\/cbradar\/dormir-bem-pode-ser-mais-facil-do-que-parece-e-comeca-com-um-detalhe-esquecido\/","title":{"rendered":"Dormir bem pode ser mais f\u00e1cil do que parece e come\u00e7a com um detalhe esquecido"},"content":{"rendered":"\n<p><strong>Montar uma rotina noturna<\/strong>&nbsp;adequada tem impacto direto na qualidade do sono e no bem-estar f\u00edsico e mental. Adotar pr\u00e1ticas consistentes e evitar est\u00edmulos inadequados permite que o corpo relaxe e se prepare profundamente para o descanso.&nbsp;Entender os principais elementos dessa prepara\u00e7\u00e3o ajuda a combater a ins\u00f4nia e proporciona noites mais restauradoras.<\/p>\n\n\n\n<ul class=\"wp-block-list\">\n<li>Principais cuidados que promovem o relaxamento e reduzem o estresse antes de dormir<\/li>\n\n\n\n<li>Estrat\u00e9gias pr\u00e1ticas para criar um ambiente prop\u00edcio ao sono profundo<\/li>\n\n\n\n<li>A import\u00e2ncia da regularidade nos h\u00e1bitos noturnos para otimizar o descanso<\/li>\n<\/ul>\n\n\n\n<h2 class=\"wp-block-heading\">Por que investir em uma rotina noturna faz diferen\u00e7a para o sono<\/h2>\n\n\n<div class=\"wp-block-image\">\n<figure class=\"aligncenter size-large\"><img decoding=\"async\" width=\"1024\" height=\"576\" src=\"https:\/\/www.correiobraziliense.com.br\/cbradar\/wp-content\/uploads\/2025\/03\/dormir_1741351297619-1024x576.jpg\" alt=\"Dormir bem pode ser mais f\u00e1cil do que parece e come\u00e7a com um detalhe esquecido\" class=\"wp-image-10213\" srcset=\"https:\/\/www.correiobraziliense.com.br\/cbradar\/wp-content\/uploads\/2025\/03\/dormir_1741351297619-1024x576.jpg 1024w, https:\/\/www.correiobraziliense.com.br\/cbradar\/wp-content\/uploads\/2025\/03\/dormir_1741351297619-300x169.jpg 300w, https:\/\/www.correiobraziliense.com.br\/cbradar\/wp-content\/uploads\/2025\/03\/dormir_1741351297619-768x432.jpg 768w, https:\/\/www.correiobraziliense.com.br\/cbradar\/wp-content\/uploads\/2025\/03\/dormir_1741351297619-750x422.jpg 750w, https:\/\/www.correiobraziliense.com.br\/cbradar\/wp-content\/uploads\/2025\/03\/dormir_1741351297619-1140x641.jpg 1140w, https:\/\/www.correiobraziliense.com.br\/cbradar\/wp-content\/uploads\/2025\/03\/dormir_1741351297619.jpg 1280w\" sizes=\"(max-width: 1024px) 100vw, 1024px\" \/><figcaption class=\"wp-element-caption\">Dormindo &#8211; Cr\u00e9ditos: depositphotos.com \/ yusufdemirci<\/figcaption><\/figure><\/div>\n\n\n<p>Ao investir em uma&nbsp;<strong>rotina noturna<\/strong>, o corpo entende que chegou o momento de desacelerar.&nbsp;O c\u00e9rebro associa atos repetitivos, como tomar um banho morno ou reduzir luzes, ao in\u00edcio do ciclo de descanso.&nbsp;Com o tempo, esses comportamentos programam o rel\u00f3gio biol\u00f3gico para promover sono profundo com mais facilidade.<\/p>\n\n\n\n<p>A aus\u00eancia de previsibilidade nas a\u00e7\u00f5es antes de dormir mant\u00e9m a mente alerta e dificulta o relaxamento. Al\u00e9m disso, est\u00edmulos de telas e luz branca podem atrasar a produ\u00e7\u00e3o de melatonina, horm\u00f4nio essencial para a regula\u00e7\u00e3o do sono. Atentar-se a pequenas mudan\u00e7as di\u00e1rias contribui tanto para adormecer rapidamente quanto para evitar interrup\u00e7\u00f5es durante a noite.<\/p>\n\n\n\n<h2 class=\"wp-block-heading\">Como montar uma rotina noturna eficiente para dormir melhor<\/h2>\n\n\n\n<p>Estabelecer uma\u00a0<strong>rotina para o <a href=\"https:\/\/pt.wikipedia.org\/wiki\/Sono\" target=\"_blank\" rel=\"noreferrer noopener\">sono <\/a>profundo<\/strong>\u00a0come\u00e7a por definir um hor\u00e1rio regular para deitar-se todos os dias.\u00a0Manter esse padr\u00e3o, inclusive nos finais de semana, contribui para sincronizar o rel\u00f3gio biol\u00f3gico.\u00a0Tamb\u00e9m \u00e9 fundamental escolher atividades relaxantes que ajudem a desacelerar, como leitura leve, t\u00e9cnicas de respira\u00e7\u00e3o ou ouvir m\u00fasica calma.<\/p>\n\n\n\n<p>Outra dica envolve preparar o ambiente para descanso. Diminuir a intensidade das luzes cerca de trinta minutos antes de deitar favorece o aumento natural da melatonina. O uso de cortinas blackout, redu\u00e7\u00e3o de ru\u00eddos e manter a temperatura do quarto em torno de 20\u00baC ajudam a criar um cen\u00e1rio ideal para dormir profundamente.<\/p>\n\n\n\n<ul class=\"wp-block-list\">\n<li>Evite refei\u00e7\u00f5es pesadas at\u00e9 duas horas antes de deitar;<\/li>\n\n\n\n<li>Desconecte-se de aparelhos eletr\u00f4nicos, como celular e TV, pelo menos 40 minutos antes de dormir;<\/li>\n\n\n\n<li>Adote um ritual relaxante (como um banho morno ou auto-massagem);<\/li>\n\n\n\n<li>Tenha aten\u00e7\u00e3o \u00e0 posi\u00e7\u00e3o corporal e \u00e0 qualidade do colch\u00e3o;<\/li>\n\n\n\n<li>Fa\u00e7a pequenas anota\u00e7\u00f5es para descarregar a mente de preocupa\u00e7\u00f5es ou tarefas do dia seguinte.<\/li>\n<\/ul>\n\n\n\n<h2 class=\"wp-block-heading\">\u00c9 poss\u00edvel melhorar o sono apenas ajustando a rotina de noite?<\/h2>\n\n\n\n<p>A introdu\u00e7\u00e3o de&nbsp;<strong>h\u00e1bitos noturnos saud\u00e1veis<\/strong>&nbsp;contribui significativamente para a qualidade do sono.&nbsp;Reduzir o estresse e promover o relaxamento s\u00e3o passos essenciais para evitar despertares no meio da noite e garantir ciclos completos de sono profundo.&nbsp;Pequenas adapta\u00e7\u00f5es realizadas diariamente servem de gatilho para que o corpo saiba a hora exata de se desligar do ritmo acelerado do dia.<\/p>\n\n\n\n<p>Leia tamb\u00e9m: <a href=\"https:\/\/www.correiobraziliense.com.br\/cbradar\/a-tecnica-natural-mais-poderosa-que-ninguem-te-contou-que-vai-fazer-voce-relaxar\/\" target=\"_blank\" rel=\"noreferrer noopener\">A t\u00e9cnica natural mais poderosa que ningu\u00e9m te contou que vai fazer voc\u00ea relaxar<\/a><\/p>\n\n\n\n<p>Pessoas que mant\u00eam hor\u00e1rios irregulares tendem a apresentar maiores dificuldades para adormecer e acordam cansadas mesmo ap\u00f3s longos per\u00edodos na cama. J\u00e1 aqueles que respeitam uma sequ\u00eancia de a\u00e7\u00f5es e reduzem as distra\u00e7\u00f5es pr\u00f3ximas ao hor\u00e1rio de dormir colhem benef\u00edcios no curto e longo prazo, como mais disposi\u00e7\u00e3o, mem\u00f3ria e equil\u00edbrio emocional.<\/p>\n\n\n\n<h2 class=\"wp-block-heading\">Boas pr\u00e1ticas para manter a regularidade na higiene do sono<\/h2>\n\n\n\n<p>Para consolidar a&nbsp;<strong>higiene do sono<\/strong>, recomenda-se evitar exageros em cafe\u00edna e \u00e1lcool ap\u00f3s o entardecer, al\u00e9m de restringir atividades estimulantes, como exerc\u00edcios intensos ou discuss\u00f5es emocionais, pr\u00f3ximo da hora de dormir.&nbsp;O uso de \u00f3leos essenciais, ch\u00e1s calmantes ou aromaterapia pode ser integrado \u00e0 rotina individual, desde que n\u00e3o cause desconfortos.<\/p>\n\n\n\n<p>Aten\u00e7\u00e3o: Persist\u00eancia de ins\u00f4nia, roncos frequentes ou sonol\u00eancia excessiva durante o dia merecem avalia\u00e7\u00e3o m\u00e9dica, pois podem sinalizar dist\u00farbios do sono.&nbsp;<strong>Personalizar a rotina noturna<\/strong>&nbsp;conforme prefer\u00eancias individuais torna o processo mais agrad\u00e1vel e aumenta as chances de sucesso na busca por um descanso restaurador.<\/p>\n\n\n\n<h2 class=\"wp-block-heading\">Principais pontos para criar uma rotina noturna profunda e eficaz<\/h2>\n\n\n\n<ul class=\"wp-block-list\">\n<li>Definir um hor\u00e1rio fixo para dormir e despertar garante melhor regula\u00e7\u00e3o do sono.<\/li>\n\n\n\n<li>Preparar o ambiente e reduzir est\u00edmulos favorece relaxamento profundo.<\/li>\n\n\n\n<li>Incluir h\u00e1bitos relaxantes na rotina noturna fortalece a qualidade do sono e o equil\u00edbrio f\u00edsico e mental.<\/li>\n<\/ul>\n","protected":false},"excerpt":{"rendered":"<p>Montar uma rotina noturna&nbsp;adequada tem impacto direto na qualidade do sono e no bem-estar f\u00edsico e mental. Adotar pr\u00e1ticas consistentes e evitar est\u00edmulos inadequados permite que o corpo relaxe e se prepare profundamente para o descanso.&nbsp;Entender os principais elementos dessa prepara\u00e7\u00e3o ajuda a combater a ins\u00f4nia e proporciona noites mais restauradoras. Por que investir em [&hellip;]<\/p>\n","protected":false},"author":11,"featured_media":13161,"comment_status":"open","ping_status":"open","sticky":false,"template":"","format":"standard","meta":{"_yoast_wpseo_focuskw":"sono","_yoast_wpseo_title":"","_yoast_wpseo_metadesc":"Adotar pr\u00e1ticas noturnas consistentes pode transformar sua noite de sono. Entenda como pequenos h\u00e1bitos mudam sua energia e disposi\u00e7\u00e3o.","jnews-multi-image_gallery":[],"jnews_single_post":{"format":"standard"},"jnews_primary_category":[],"jnews_social_meta":[],"jnews_override_counter":[],"footnotes":""},"categories":[119],"tags":[564,784,1318],"class_list":["post-67178","post","type-post","status-publish","format-standard","has-post-thumbnail","hentry","category-bem-estar","tag-dormir","tag-rotina","tag-saude-2"],"yoast_head":"<!-- This site is optimized with the Yoast SEO plugin v24.6 - https:\/\/yoast.com\/wordpress\/plugins\/seo\/ -->\n<title>Dormir bem pode ser mais f\u00e1cil do que parece e come\u00e7a com um detalhe esquecido - Correio Braziliense - Radar<\/title>\n<meta name=\"description\" content=\"Adotar pr\u00e1ticas noturnas consistentes pode transformar sua noite de sono. Entenda como pequenos h\u00e1bitos mudam sua energia e disposi\u00e7\u00e3o.\" \/>\n<meta name=\"robots\" content=\"index, follow, max-snippet:-1, max-image-preview:large, max-video-preview:-1\" \/>\n<link rel=\"canonical\" href=\"https:\/\/www.correiobraziliense.com.br\/cbradar\/dormir-bem-pode-ser-mais-facil-do-que-parece-e-comeca-com-um-detalhe-esquecido\/\" \/>\n<meta property=\"og:locale\" content=\"pt_BR\" \/>\n<meta property=\"og:type\" content=\"article\" \/>\n<meta property=\"og:title\" content=\"Dormir bem pode ser mais f\u00e1cil do que parece e come\u00e7a com um detalhe esquecido - Correio Braziliense - Radar\" \/>\n<meta property=\"og:description\" content=\"Adotar pr\u00e1ticas noturnas consistentes pode transformar sua noite de sono. Entenda como pequenos h\u00e1bitos mudam sua energia e disposi\u00e7\u00e3o.\" \/>\n<meta property=\"og:url\" content=\"https:\/\/www.correiobraziliense.com.br\/cbradar\/dormir-bem-pode-ser-mais-facil-do-que-parece-e-comeca-com-um-detalhe-esquecido\/\" \/>\n<meta property=\"og:site_name\" content=\"Correio Braziliense - Radar\" \/>\n<meta property=\"article:published_time\" content=\"2025-07-10T14:03:00+00:00\" \/>\n<meta property=\"og:image\" content=\"https:\/\/www.correiobraziliense.com.br\/cbradar\/wp-content\/uploads\/2025\/03\/dormir_1742218624372.jpg\" \/>\n\t<meta property=\"og:image:width\" content=\"1280\" \/>\n\t<meta property=\"og:image:height\" content=\"720\" \/>\n\t<meta property=\"og:image:type\" content=\"image\/jpeg\" \/>\n<meta name=\"author\" content=\"Paulo Custodio\" \/>\n<meta name=\"twitter:card\" content=\"summary_large_image\" \/>\n<meta name=\"twitter:label1\" content=\"Escrito por\" \/>\n\t<meta name=\"twitter:data1\" content=\"Paulo Custodio\" \/>\n\t<meta name=\"twitter:label2\" content=\"Est. tempo de leitura\" \/>\n\t<meta name=\"twitter:data2\" content=\"5 minutos\" \/>\n<!-- \/ Yoast SEO plugin. -->","yoast_head_json":{"title":"Dormir bem pode ser mais f\u00e1cil do que parece e come\u00e7a com um detalhe esquecido - Correio Braziliense - Radar","description":"Adotar pr\u00e1ticas noturnas consistentes pode transformar sua noite de sono. Entenda como pequenos h\u00e1bitos mudam sua energia e disposi\u00e7\u00e3o.","robots":{"index":"index","follow":"follow","max-snippet":"max-snippet:-1","max-image-preview":"max-image-preview:large","max-video-preview":"max-video-preview:-1"},"canonical":"https:\/\/www.correiobraziliense.com.br\/cbradar\/dormir-bem-pode-ser-mais-facil-do-que-parece-e-comeca-com-um-detalhe-esquecido\/","og_locale":"pt_BR","og_type":"article","og_title":"Dormir bem pode ser mais f\u00e1cil do que parece e come\u00e7a com um detalhe esquecido - Correio Braziliense - Radar","og_description":"Adotar pr\u00e1ticas noturnas consistentes pode transformar sua noite de sono. Entenda como pequenos h\u00e1bitos mudam sua energia e disposi\u00e7\u00e3o.","og_url":"https:\/\/www.correiobraziliense.com.br\/cbradar\/dormir-bem-pode-ser-mais-facil-do-que-parece-e-comeca-com-um-detalhe-esquecido\/","og_site_name":"Correio Braziliense - Radar","article_published_time":"2025-07-10T14:03:00+00:00","og_image":[{"width":1280,"height":720,"url":"https:\/\/www.correiobraziliense.com.br\/cbradar\/wp-content\/uploads\/2025\/03\/dormir_1742218624372.jpg","type":"image\/jpeg"}],"author":"Paulo Custodio","twitter_card":"summary_large_image","twitter_misc":{"Escrito por":"Paulo Custodio","Est. tempo de leitura":"5 minutos"},"schema":{"@context":"https:\/\/schema.org","@graph":[{"@type":"WebPage","@id":"https:\/\/www.correiobraziliense.com.br\/cbradar\/dormir-bem-pode-ser-mais-facil-do-que-parece-e-comeca-com-um-detalhe-esquecido\/","url":"https:\/\/www.correiobraziliense.com.br\/cbradar\/dormir-bem-pode-ser-mais-facil-do-que-parece-e-comeca-com-um-detalhe-esquecido\/","name":"Dormir bem pode ser mais f\u00e1cil do que parece e come\u00e7a com um detalhe esquecido - Correio Braziliense - Radar","isPartOf":{"@id":"https:\/\/www.correiobraziliense.com.br\/cbradar\/#website"},"primaryImageOfPage":{"@id":"https:\/\/www.correiobraziliense.com.br\/cbradar\/dormir-bem-pode-ser-mais-facil-do-que-parece-e-comeca-com-um-detalhe-esquecido\/#primaryimage"},"image":{"@id":"https:\/\/www.correiobraziliense.com.br\/cbradar\/dormir-bem-pode-ser-mais-facil-do-que-parece-e-comeca-com-um-detalhe-esquecido\/#primaryimage"},"thumbnailUrl":"https:\/\/www.correiobraziliense.com.br\/cbradar\/wp-content\/uploads\/2025\/03\/dormir_1742218624372.jpg","datePublished":"2025-07-10T14:03:00+00:00","author":{"@id":"https:\/\/www.correiobraziliense.com.br\/cbradar\/#\/schema\/person\/4cec7857301a9a1a2ef249893cd908d3"},"description":"Adotar pr\u00e1ticas noturnas consistentes pode transformar sua noite de sono. Entenda como pequenos h\u00e1bitos mudam sua energia e disposi\u00e7\u00e3o.","breadcrumb":{"@id":"https:\/\/www.correiobraziliense.com.br\/cbradar\/dormir-bem-pode-ser-mais-facil-do-que-parece-e-comeca-com-um-detalhe-esquecido\/#breadcrumb"},"inLanguage":"pt-BR","potentialAction":[{"@type":"ReadAction","target":["https:\/\/www.correiobraziliense.com.br\/cbradar\/dormir-bem-pode-ser-mais-facil-do-que-parece-e-comeca-com-um-detalhe-esquecido\/"]}]},{"@type":"ImageObject","inLanguage":"pt-BR","@id":"https:\/\/www.correiobraziliense.com.br\/cbradar\/dormir-bem-pode-ser-mais-facil-do-que-parece-e-comeca-com-um-detalhe-esquecido\/#primaryimage","url":"https:\/\/www.correiobraziliense.com.br\/cbradar\/wp-content\/uploads\/2025\/03\/dormir_1742218624372.jpg","contentUrl":"https:\/\/www.correiobraziliense.com.br\/cbradar\/wp-content\/uploads\/2025\/03\/dormir_1742218624372.jpg","width":1280,"height":720,"caption":"Mulher dormindo - Cr\u00e9ditos: depositphotos.com \/ Deklofenak"},{"@type":"BreadcrumbList","@id":"https:\/\/www.correiobraziliense.com.br\/cbradar\/dormir-bem-pode-ser-mais-facil-do-que-parece-e-comeca-com-um-detalhe-esquecido\/#breadcrumb","itemListElement":[{"@type":"ListItem","position":1,"name":"In\u00edcio","item":"https:\/\/www.correiobraziliense.com.br\/cbradar\/"},{"@type":"ListItem","position":2,"name":"Dormir bem pode ser mais f\u00e1cil do que parece e come\u00e7a com um detalhe esquecido"}]},{"@type":"WebSite","@id":"https:\/\/www.correiobraziliense.com.br\/cbradar\/#website","url":"https:\/\/www.correiobraziliense.com.br\/cbradar\/","name":"Correio Braziliense - Radar","description":"Acompanhe as \u00faltimas not\u00edcias e fique bem informado sobre tudo o que acontece no Brasil e no mundo.","potentialAction":[{"@type":"SearchAction","target":{"@type":"EntryPoint","urlTemplate":"https:\/\/www.correiobraziliense.com.br\/cbradar\/?s={search_term_string}"},"query-input":{"@type":"PropertyValueSpecification","valueRequired":true,"valueName":"search_term_string"}}],"inLanguage":"pt-BR"},{"@type":"Person","@id":"https:\/\/www.correiobraziliense.com.br\/cbradar\/#\/schema\/person\/4cec7857301a9a1a2ef249893cd908d3","name":"Paulo Custodio","image":{"@type":"ImageObject","inLanguage":"pt-BR","@id":"https:\/\/www.correiobraziliense.com.br\/cbradar\/#\/schema\/person\/image\/","url":"https:\/\/secure.gravatar.com\/avatar\/bcd67168d1534e8fcf4f45c726a87cea?s=96&d=mm&r=g","contentUrl":"https:\/\/secure.gravatar.com\/avatar\/bcd67168d1534e8fcf4f45c726a87cea?s=96&d=mm&r=g","caption":"Paulo Custodio"},"sameAs":["https:\/\/www.correiobraziliense.com.br\/cbradar"],"url":"https:\/\/www.correiobraziliense.com.br\/cbradar\/author\/paulomyth\/"}]}},"_links":{"self":[{"href":"https:\/\/www.correiobraziliense.com.br\/cbradar\/wp-json\/wp\/v2\/posts\/67178","targetHints":{"allow":["GET"]}}],"collection":[{"href":"https:\/\/www.correiobraziliense.com.br\/cbradar\/wp-json\/wp\/v2\/posts"}],"about":[{"href":"https:\/\/www.correiobraziliense.com.br\/cbradar\/wp-json\/wp\/v2\/types\/post"}],"author":[{"embeddable":true,"href":"https:\/\/www.correiobraziliense.com.br\/cbradar\/wp-json\/wp\/v2\/users\/11"}],"replies":[{"embeddable":true,"href":"https:\/\/www.correiobraziliense.com.br\/cbradar\/wp-json\/wp\/v2\/comments?post=67178"}],"version-history":[{"count":1,"href":"https:\/\/www.correiobraziliense.com.br\/cbradar\/wp-json\/wp\/v2\/posts\/67178\/revisions"}],"predecessor-version":[{"id":67191,"href":"https:\/\/www.correiobraziliense.com.br\/cbradar\/wp-json\/wp\/v2\/posts\/67178\/revisions\/67191"}],"wp:featuredmedia":[{"embeddable":true,"href":"https:\/\/www.correiobraziliense.com.br\/cbradar\/wp-json\/wp\/v2\/media\/13161"}],"wp:attachment":[{"href":"https:\/\/www.correiobraziliense.com.br\/cbradar\/wp-json\/wp\/v2\/media?parent=67178"}],"wp:term":[{"taxonomy":"category","embeddable":true,"href":"https:\/\/www.correiobraziliense.com.br\/cbradar\/wp-json\/wp\/v2\/categories?post=67178"},{"taxonomy":"post_tag","embeddable":true,"href":"https:\/\/www.correiobraziliense.com.br\/cbradar\/wp-json\/wp\/v2\/tags?post=67178"}],"curies":[{"name":"wp","href":"https:\/\/api.w.org\/{rel}","templated":true}]}}