{"id":67197,"date":"2025-07-10T13:03:00","date_gmt":"2025-07-10T16:03:00","guid":{"rendered":"https:\/\/www.correiobraziliense.com.br\/cbradar\/?p=67197"},"modified":"2025-07-09T21:26:22","modified_gmt":"2025-07-10T00:26:22","slug":"13-assuntos-que-voce-nunca-deve-reclamar-para-ninguem-segundo-especialistas","status":"publish","type":"post","link":"https:\/\/www.correiobraziliense.com.br\/cbradar\/13-assuntos-que-voce-nunca-deve-reclamar-para-ninguem-segundo-especialistas\/","title":{"rendered":"13 assuntos que voc\u00ea nunca deve reclamar para ningu\u00e9m, segundo especialistas"},"content":{"rendered":"\n<p><strong>Nem tudo precisa ser compartilhado ou transformado em queixa<\/strong>. Saber o que evitar reclamar ajuda a manter relacionamentos mais leves, fortalece a autoestima e previne conflitos desnecess\u00e1rios. Certos assuntos, quando repetidos em tom de reclama\u00e7\u00e3o, podem afastar amigos, familiares e colegas de trabalho.<\/p>\n\n\n\n<ul class=\"wp-block-list\">\n<li><strong>Assuntos que desgastam rela\u00e7\u00f5es quando viram reclama\u00e7\u00e3o constante<\/strong>.<\/li>\n\n\n\n<li><strong>Por que guardar algumas insatisfa\u00e7\u00f5es \u00e9 sinal de maturidade<\/strong> e intelig\u00eancia emocional.<\/li>\n\n\n\n<li><strong>Dicas para transformar inc\u00f4modos em aprendizados<\/strong> e atitudes mais positivas.<\/li>\n<\/ul>\n\n\n\n<h2 class=\"wp-block-heading\">Reclamar demais pode prejudicar suas conex\u00f5es<\/h2>\n\n\n\n<p><strong>Compartilhar queixas sem filtro esgota o conv\u00edvio<\/strong> e pode criar fama de negatividade. Pessoas que reclamam frequentemente tendem a afastar quem est\u00e1 ao redor.<\/p>\n\n\n\n<p><strong>Manter equil\u00edbrio ao falar sobre insatisfa\u00e7\u00f5es<\/strong> demonstra respeito e favorece o di\u00e1logo construtivo.<\/p>\n\n\n\n<p>Leia tamb\u00e9m: <a href=\"https:\/\/www.correiobraziliense.com.br\/cbradar\/medo-de-encostar-em-caes-pode-dizer-muito-sobre-voce-segundo-a-psicologia\/\" target=\"_blank\" rel=\"noreferrer noopener\">Medo de encostar em c\u00e3es pode dizer muito sobre voc\u00ea segundo a psicologia<\/a><\/p>\n\n\n\n<h2 class=\"wp-block-heading\">Quais assuntos voc\u00ea n\u00e3o deve reclamar para ningu\u00e9m?<\/h2>\n\n\n\n<p><strong>Alguns temas s\u00e3o delicados, repetitivos ou simplesmente pessoais demais<\/strong> para serem alvo de reclama\u00e7\u00e3o. Guardar para si ou buscar solu\u00e7\u00f5es pr\u00e1ticas \u00e9 melhor do que espalhar descontentamento.<\/p>\n\n\n\n<ul class=\"wp-block-list\">\n<li><strong>Dinheiro<\/strong>: queixar-se sobre finan\u00e7as gera desconforto e raramente resolve o problema.<\/li>\n\n\n\n<li><strong>Trabalho dos outros<\/strong>: criticar colegas ou chefes pode gerar conflitos e prejudicar a reputa\u00e7\u00e3o.<\/li>\n\n\n\n<li><strong>Relacionamento amoroso<\/strong>: expor problemas \u00edntimos em excesso desgasta v\u00ednculos e pode gerar julgamentos.<\/li>\n\n\n\n<li><strong>Corpo e apar\u00eancia<\/strong>: reclama\u00e7\u00f5es constantes sobre si mesmo afetam autoestima e clima social.<\/li>\n\n\n\n<li><strong>Fam\u00edlia<\/strong>: desabafos recorrentes sobre familiares podem comprometer la\u00e7os e confian\u00e7a.<\/li>\n\n\n\n<li><strong>Problemas de sa\u00fade<\/strong> (exceto casos necess\u00e1rios): lamentar sintomas a todo momento sobrecarrega e preocupa quem ouve.<\/li>\n\n\n\n<li><strong>Tr\u00e2nsito<\/strong>: reclama\u00e7\u00e3o comum, mas que n\u00e3o muda o cen\u00e1rio e s\u00f3 propaga irrita\u00e7\u00e3o.<\/li>\n\n\n\n<li><strong>Tempo\/clima<\/strong>: queixas sobre o clima n\u00e3o trazem solu\u00e7\u00e3o e tendem a soar negativas.<\/li>\n\n\n\n<li><strong>Rotina<\/strong>: falar mal da rotina desmotiva e cria ambiente pesado.<\/li>\n\n\n\n<li><strong>Pre\u00e7os e custo de vida<\/strong>: reclamar o tempo todo sobre valores deixa conversas cansativas.<\/li>\n\n\n\n<li><strong>Vida dos outros<\/strong>: coment\u00e1rios sobre escolhas alheias s\u00f3 aumentam fofocas e mal-entendidos.<\/li>\n\n\n\n<li><strong>Comida<\/strong>: cr\u00edticas frequentes a refei\u00e7\u00f5es, sabores ou restaurantes geram desconforto em ambientes sociais.<\/li>\n\n\n\n<li><strong>Pequenos aborrecimentos<\/strong>: transform\u00e1-los em queixa di\u00e1ria sobrecarrega o pr\u00f3prio humor e o dos outros.<\/li>\n<\/ul>\n\n\n\n<figure class=\"wp-block-image size-large\"><img decoding=\"async\" width=\"1024\" height=\"576\" src=\"https:\/\/www.correiobraziliense.com.br\/cbradar\/wp-content\/uploads\/2025\/07\/pessoa-reclamando_1752106948139-1024x576.jpg\" alt=\"13 assuntos que voc\u00ea nunca deve reclamar para ningu\u00e9m, segundo especialistas\" class=\"wp-image-67219\" srcset=\"https:\/\/www.correiobraziliense.com.br\/cbradar\/wp-content\/uploads\/2025\/07\/pessoa-reclamando_1752106948139-1024x576.jpg 1024w, https:\/\/www.correiobraziliense.com.br\/cbradar\/wp-content\/uploads\/2025\/07\/pessoa-reclamando_1752106948139-300x169.jpg 300w, https:\/\/www.correiobraziliense.com.br\/cbradar\/wp-content\/uploads\/2025\/07\/pessoa-reclamando_1752106948139-768x432.jpg 768w, https:\/\/www.correiobraziliense.com.br\/cbradar\/wp-content\/uploads\/2025\/07\/pessoa-reclamando_1752106948139-750x422.jpg 750w, https:\/\/www.correiobraziliense.com.br\/cbradar\/wp-content\/uploads\/2025\/07\/pessoa-reclamando_1752106948139-1140x641.jpg 1140w, https:\/\/www.correiobraziliense.com.br\/cbradar\/wp-content\/uploads\/2025\/07\/pessoa-reclamando_1752106948139.jpg 1280w\" sizes=\"(max-width: 1024px) 100vw, 1024px\" \/><figcaption class=\"wp-element-caption\">pessoa reclamando. Cr\u00e9ditos: depositphotos.com \/ microgen<\/figcaption><\/figure>\n\n\n\n<h2 class=\"wp-block-heading\">Como mudar a forma de lidar com esses inc\u00f4modos?<\/h2>\n\n\n\n<p><strong>Desenvolver autoconhecimento e autocontrole faz diferen\u00e7a<\/strong> ao transformar reclama\u00e7\u00f5es em atitudes positivas. Busque solu\u00e7\u00f5es pr\u00e1ticas, desabafe apenas com pessoas de confian\u00e7a ou, se poss\u00edvel, escreva sobre o que incomoda antes de externalizar.<\/p>\n\n\n\n<p><strong>Atitudes positivas s\u00e3o contagiosas<\/strong> e promovem ambientes mais leves e saud\u00e1veis em casa e no trabalho.<\/p>\n\n\n\n<p>Leia tamb\u00e9m: <a href=\"https:\/\/www.correiobraziliense.com.br\/cbradar\/essas-sao-as-frases-que-demonstram-boas-maneiras-segundo-a-psicologia\/\" target=\"_blank\" rel=\"noreferrer noopener\">Essas s\u00e3o as frases que demonstram boas maneiras, segundo a psicologia<\/a><\/p>\n\n\n\n<h2 class=\"wp-block-heading\">Escolher o que silenciar faz parte do amadurecimento pessoal<\/h2>\n\n\n\n<ul class=\"wp-block-list\">\n<li><strong>Evitar reclama\u00e7\u00f5es desnecess\u00e1rias fortalece la\u00e7os<\/strong> e mostra respeito pelos outros.<\/li>\n\n\n\n<li><strong>Guardar certos assuntos para si \u00e9 sinal de maturidade<\/strong> e equil\u00edbrio emocional.<\/li>\n\n\n\n<li><strong>Transformar inc\u00f4modos em a\u00e7\u00f5es<\/strong> positivas \u00e9 caminho para conviv\u00eancia mais saud\u00e1vel e leve.<\/li>\n<\/ul>\n","protected":false},"excerpt":{"rendered":"<p>Reclamar de tudo s\u00f3 afasta amigos e fam\u00edlia. Veja quais temas evitar e como transformar inc\u00f4modos em atitudes positivas para o seu bem-estar.<\/p>\n","protected":false},"author":3,"featured_media":67218,"comment_status":"open","ping_status":"open","sticky":false,"template":"","format":"standard","meta":{"_yoast_wpseo_focuskw":"assuntos nunca reclamar","_yoast_wpseo_title":"%%title%%","_yoast_wpseo_metadesc":"Reclamar de tudo s\u00f3 afasta amigos e fam\u00edlia. Veja quais temas evitar e como transformar inc\u00f4modos em atitudes positivas para o seu bem-estar.","jnews-multi-image_gallery":[],"jnews_single_post":{"format":"standard"},"jnews_primary_category":[],"jnews_social_meta":[],"jnews_override_counter":[],"footnotes":""},"categories":[112],"post_tag":[144,404],"class_list":["post-67197","post","type-post","status-publish","format-standard","has-post-thumbnail","hentry","category-curiosidades","tag-curiosidades","tag-psicologia"],"yoast_head":"<!-- This site is optimized with the Yoast SEO plugin v24.6 - https:\/\/yoast.com\/wordpress\/plugins\/seo\/ -->\n<title>13 assuntos que voc\u00ea nunca deve reclamar para ningu\u00e9m, segundo especialistas<\/title>\n<meta name=\"description\" content=\"Reclamar de tudo s\u00f3 afasta amigos e fam\u00edlia. Veja quais temas evitar e como transformar inc\u00f4modos em atitudes positivas para o seu bem-estar.\" \/>\n<meta name=\"robots\" content=\"index, follow, max-snippet:-1, max-image-preview:large, max-video-preview:-1\" \/>\n<link rel=\"canonical\" href=\"https:\/\/www.correiobraziliense.com.br\/cbradar\/13-assuntos-que-voce-nunca-deve-reclamar-para-ninguem-segundo-especialistas\/\" \/>\n<meta property=\"og:locale\" content=\"pt_BR\" \/>\n<meta property=\"og:type\" content=\"article\" \/>\n<meta property=\"og:title\" content=\"13 assuntos que voc\u00ea nunca deve reclamar para ningu\u00e9m, segundo especialistas\" \/>\n<meta property=\"og:description\" content=\"Reclamar de tudo s\u00f3 afasta amigos e fam\u00edlia. Veja quais temas evitar e como transformar inc\u00f4modos em atitudes positivas para o seu bem-estar.\" \/>\n<meta property=\"og:url\" content=\"https:\/\/www.correiobraziliense.com.br\/cbradar\/13-assuntos-que-voce-nunca-deve-reclamar-para-ninguem-segundo-especialistas\/\" \/>\n<meta property=\"og:site_name\" content=\"Correio Braziliense - Radar\" \/>\n<meta property=\"article:published_time\" content=\"2025-07-10T16:03:00+00:00\" \/>\n<meta property=\"og:image\" content=\"https:\/\/www.correiobraziliense.com.br\/cbradar\/wp-content\/uploads\/2025\/07\/pessoa-reclamando_1752106918970.jpg\" \/>\n\t<meta property=\"og:image:width\" content=\"1280\" \/>\n\t<meta property=\"og:image:height\" content=\"720\" \/>\n\t<meta property=\"og:image:type\" content=\"image\/jpeg\" \/>\n<meta name=\"author\" content=\"Larissa Carvalho\" \/>\n<meta name=\"twitter:card\" content=\"summary_large_image\" \/>\n<meta name=\"twitter:label1\" content=\"Escrito por\" \/>\n\t<meta name=\"twitter:data1\" content=\"Larissa Carvalho\" \/>\n\t<meta name=\"twitter:label2\" content=\"Est. tempo de leitura\" \/>\n\t<meta name=\"twitter:data2\" content=\"3 minutos\" \/>\n<!-- \/ Yoast SEO plugin. -->","yoast_head_json":{"title":"13 assuntos que voc\u00ea nunca deve reclamar para ningu\u00e9m, segundo especialistas","description":"Reclamar de tudo s\u00f3 afasta amigos e fam\u00edlia. Veja quais temas evitar e como transformar inc\u00f4modos em atitudes positivas para o seu bem-estar.","robots":{"index":"index","follow":"follow","max-snippet":"max-snippet:-1","max-image-preview":"max-image-preview:large","max-video-preview":"max-video-preview:-1"},"canonical":"https:\/\/www.correiobraziliense.com.br\/cbradar\/13-assuntos-que-voce-nunca-deve-reclamar-para-ninguem-segundo-especialistas\/","og_locale":"pt_BR","og_type":"article","og_title":"13 assuntos que voc\u00ea nunca deve reclamar para ningu\u00e9m, segundo especialistas","og_description":"Reclamar de tudo s\u00f3 afasta amigos e fam\u00edlia. Veja quais temas evitar e como transformar inc\u00f4modos em atitudes positivas para o seu bem-estar.","og_url":"https:\/\/www.correiobraziliense.com.br\/cbradar\/13-assuntos-que-voce-nunca-deve-reclamar-para-ninguem-segundo-especialistas\/","og_site_name":"Correio Braziliense - Radar","article_published_time":"2025-07-10T16:03:00+00:00","og_image":[{"width":1280,"height":720,"url":"https:\/\/www.correiobraziliense.com.br\/cbradar\/wp-content\/uploads\/2025\/07\/pessoa-reclamando_1752106918970.jpg","type":"image\/jpeg"}],"author":"Larissa Carvalho","twitter_card":"summary_large_image","twitter_misc":{"Escrito por":"Larissa Carvalho","Est. tempo de leitura":"3 minutos"},"schema":{"@context":"https:\/\/schema.org","@graph":[{"@type":"WebPage","@id":"https:\/\/www.correiobraziliense.com.br\/cbradar\/13-assuntos-que-voce-nunca-deve-reclamar-para-ninguem-segundo-especialistas\/","url":"https:\/\/www.correiobraziliense.com.br\/cbradar\/13-assuntos-que-voce-nunca-deve-reclamar-para-ninguem-segundo-especialistas\/","name":"13 assuntos que voc\u00ea nunca deve reclamar para ningu\u00e9m, segundo especialistas","isPartOf":{"@id":"https:\/\/www.correiobraziliense.com.br\/cbradar\/#website"},"primaryImageOfPage":{"@id":"https:\/\/www.correiobraziliense.com.br\/cbradar\/13-assuntos-que-voce-nunca-deve-reclamar-para-ninguem-segundo-especialistas\/#primaryimage"},"image":{"@id":"https:\/\/www.correiobraziliense.com.br\/cbradar\/13-assuntos-que-voce-nunca-deve-reclamar-para-ninguem-segundo-especialistas\/#primaryimage"},"thumbnailUrl":"https:\/\/www.correiobraziliense.com.br\/cbradar\/wp-content\/uploads\/2025\/07\/pessoa-reclamando_1752106918970.jpg","datePublished":"2025-07-10T16:03:00+00:00","author":{"@id":"https:\/\/www.correiobraziliense.com.br\/cbradar\/#\/schema\/person\/58422787644df994b53a19d3e56c1513"},"description":"Reclamar de tudo s\u00f3 afasta amigos e fam\u00edlia. Veja quais temas evitar e como transformar inc\u00f4modos em atitudes positivas para o seu bem-estar.","breadcrumb":{"@id":"https:\/\/www.correiobraziliense.com.br\/cbradar\/13-assuntos-que-voce-nunca-deve-reclamar-para-ninguem-segundo-especialistas\/#breadcrumb"},"inLanguage":"pt-BR","potentialAction":[{"@type":"ReadAction","target":["https:\/\/www.correiobraziliense.com.br\/cbradar\/13-assuntos-que-voce-nunca-deve-reclamar-para-ninguem-segundo-especialistas\/"]}]},{"@type":"ImageObject","inLanguage":"pt-BR","@id":"https:\/\/www.correiobraziliense.com.br\/cbradar\/13-assuntos-que-voce-nunca-deve-reclamar-para-ninguem-segundo-especialistas\/#primaryimage","url":"https:\/\/www.correiobraziliense.com.br\/cbradar\/wp-content\/uploads\/2025\/07\/pessoa-reclamando_1752106918970.jpg","contentUrl":"https:\/\/www.correiobraziliense.com.br\/cbradar\/wp-content\/uploads\/2025\/07\/pessoa-reclamando_1752106918970.jpg","width":1280,"height":720,"caption":"pessoa reclamando. Cr\u00e9ditos: depositphotos.com \/ Milkos"},{"@type":"BreadcrumbList","@id":"https:\/\/www.correiobraziliense.com.br\/cbradar\/13-assuntos-que-voce-nunca-deve-reclamar-para-ninguem-segundo-especialistas\/#breadcrumb","itemListElement":[{"@type":"ListItem","position":1,"name":"In\u00edcio","item":"https:\/\/www.correiobraziliense.com.br\/cbradar\/"},{"@type":"ListItem","position":2,"name":"13 assuntos que voc\u00ea nunca deve reclamar para ningu\u00e9m, segundo especialistas"}]},{"@type":"WebSite","@id":"https:\/\/www.correiobraziliense.com.br\/cbradar\/#website","url":"https:\/\/www.correiobraziliense.com.br\/cbradar\/","name":"Correio Braziliense - Radar","description":"Acompanhe as \u00faltimas not\u00edcias e fique bem informado sobre tudo o que acontece no Brasil e no mundo.","potentialAction":[{"@type":"SearchAction","target":{"@type":"EntryPoint","urlTemplate":"https:\/\/www.correiobraziliense.com.br\/cbradar\/?s={search_term_string}"},"query-input":{"@type":"PropertyValueSpecification","valueRequired":true,"valueName":"search_term_string"}}],"inLanguage":"pt-BR"},{"@type":"Person","@id":"https:\/\/www.correiobraziliense.com.br\/cbradar\/#\/schema\/person\/58422787644df994b53a19d3e56c1513","name":"Larissa Carvalho","image":{"@type":"ImageObject","inLanguage":"pt-BR","@id":"https:\/\/www.correiobraziliense.com.br\/cbradar\/#\/schema\/person\/image\/","url":"https:\/\/secure.gravatar.com\/avatar\/fe4f91a0de32b52a838d0d612abdc1aa?s=96&d=mm&r=g","contentUrl":"https:\/\/secure.gravatar.com\/avatar\/fe4f91a0de32b52a838d0d612abdc1aa?s=96&d=mm&r=g","caption":"Larissa Carvalho"},"url":"https:\/\/www.correiobraziliense.com.br\/cbradar\/author\/larissamyth\/"}]}},"_links":{"self":[{"href":"https:\/\/www.correiobraziliense.com.br\/cbradar\/wp-json\/wp\/v2\/posts\/67197","targetHints":{"allow":["GET"]}}],"collection":[{"href":"https:\/\/www.correiobraziliense.com.br\/cbradar\/wp-json\/wp\/v2\/posts"}],"about":[{"href":"https:\/\/www.correiobraziliense.com.br\/cbradar\/wp-json\/wp\/v2\/types\/post"}],"author":[{"embeddable":true,"href":"https:\/\/www.correiobraziliense.com.br\/cbradar\/wp-json\/wp\/v2\/users\/3"}],"replies":[{"embeddable":true,"href":"https:\/\/www.correiobraziliense.com.br\/cbradar\/wp-json\/wp\/v2\/comments?post=67197"}],"version-history":[{"count":2,"href":"https:\/\/www.correiobraziliense.com.br\/cbradar\/wp-json\/wp\/v2\/posts\/67197\/revisions"}],"predecessor-version":[{"id":67220,"href":"https:\/\/www.correiobraziliense.com.br\/cbradar\/wp-json\/wp\/v2\/posts\/67197\/revisions\/67220"}],"wp:featuredmedia":[{"embeddable":true,"href":"https:\/\/www.correiobraziliense.com.br\/cbradar\/wp-json\/wp\/v2\/media\/67218"}],"wp:attachment":[{"href":"https:\/\/www.correiobraziliense.com.br\/cbradar\/wp-json\/wp\/v2\/media?parent=67197"}],"wp:term":[{"taxonomy":"category","embeddable":true,"href":"https:\/\/www.correiobraziliense.com.br\/cbradar\/wp-json\/wp\/v2\/categories?post=67197"},{"taxonomy":"post_tag","embeddable":true,"href":"https:\/\/www.correiobraziliense.com.br\/cbradar\/wp-json\/wp\/v2\/post_tag?post=67197"}],"curies":[{"name":"wp","href":"https:\/\/api.w.org\/{rel}","templated":true}]}}