{"id":67266,"date":"2025-07-11T20:43:00","date_gmt":"2025-07-11T23:43:00","guid":{"rendered":"https:\/\/www.correiobraziliense.com.br\/cbradar\/?p=67266"},"modified":"2025-07-11T07:25:46","modified_gmt":"2025-07-11T10:25:46","slug":"todos-que-tem-ansiedade-ja-podem-comemorar-a-tecnica-5-4-3-2-1-que-pode-causar-alivio-imediato","status":"publish","type":"post","link":"https:\/\/www.correiobraziliense.com.br\/cbradar\/todos-que-tem-ansiedade-ja-podem-comemorar-a-tecnica-5-4-3-2-1-que-pode-causar-alivio-imediato\/","title":{"rendered":"Todos que t\u00eam ansiedade j\u00e1 podem comemorar a t\u00e9cnica 5-4-3-2-1 que pode causar al\u00edvio imediato"},"content":{"rendered":"\n<p><strong>T\u00e9cnica 5-4-3-2-1<\/strong>\u00a0para controle da <a href=\"https:\/\/pt.wikipedia.org\/wiki\/Ansiedade\" target=\"_blank\" rel=\"noreferrer noopener\">ansiedade <\/a>tem ganhado espa\u00e7o em contextos de sa\u00fade mental por apresentar uma abordagem pr\u00e1tica na conten\u00e7\u00e3o dos sintomas de crises emocionais. Baseada em exerc\u00edcios de grounding, essa ferramenta auxilia o indiv\u00edduo a trazer o foco ao momento presente, o que pode ser crucial em situa\u00e7\u00f5es de instabilidade.\u00a0Profissionais de psicologia recomendam o m\u00e9todo pela facilidade de aplica\u00e7\u00e3o e pela efic\u00e1cia na rotina, inclusive em ambientes fora de consult\u00f3rios.<\/p>\n\n\n\n<p>A seguir, est\u00e3o tr\u00eas pontos fundamentais do tema:<\/p>\n\n\n\n<ul class=\"wp-block-list\">\n<li>Passo a passo da\u00a0<strong>t\u00e9cnica 5-4-3-2-1<\/strong>\u00a0para ansiedade<\/li>\n\n\n\n<li>Dicas pr\u00e1ticas e exemplos reais na aplica\u00e7\u00e3o<\/li>\n\n\n\n<li>Por que o m\u00e9todo \u00e9 recomendado em situa\u00e7\u00f5es de crise<\/li>\n<\/ul>\n\n\n\n<h2 class=\"wp-block-heading\">O que \u00e9 a t\u00e9cnica 5-4-3-2-1 para ansiedade<\/h2>\n\n\n\n<p>A&nbsp;<strong>t\u00e9cnica 5-4-3-2-1<\/strong>&nbsp;foi desenvolvida para auxiliar o controle da ansiedade ao reconectar a pessoa ao presente por meio dos sentidos f\u00edsicos.&nbsp;Ao focar intencionalmente em percep\u00e7\u00f5es sensoriais, o c\u00e9rebro tende a desacelerar os pensamentos ansiosos e cria uma esp\u00e9cie de \u201c\u00e2ncora\u201d no agora.&nbsp;Esse exerc\u00edcio, simples e de f\u00e1cil memoriza\u00e7\u00e3o, pode ser feito por qualquer pessoa, sem necessidade de prepara\u00e7\u00e3o pr\u00e9via ou ambiente espec\u00edfico.<\/p>\n\n\n\n<p>Trata-se de um roteiro que envolve observar, sentir, ouvir, cheirar e saborear de forma consciente.&nbsp;Cada etapa reduz o n\u00edvel de ansiedade, especialmente em epis\u00f3dios de crise, sendo \u00fatil tanto em ambientes profissionais quanto pessoais.<\/p>\n\n\n<div class=\"wp-block-image\">\n<figure class=\"aligncenter size-large\"><img decoding=\"async\" width=\"1024\" height=\"576\" src=\"https:\/\/www.correiobraziliense.com.br\/cbradar\/wp-content\/uploads\/2025\/03\/ansiedade_1741707654576-1024x576.jpg\" alt=\"Todos que tem ansiedade j\u00e1 podem comemorar a t\u00e9cnica 5-4-3-2-1 que pode causar al\u00edvio imediato\" class=\"wp-image-11488\" srcset=\"https:\/\/www.correiobraziliense.com.br\/cbradar\/wp-content\/uploads\/2025\/03\/ansiedade_1741707654576-1024x576.jpg 1024w, https:\/\/www.correiobraziliense.com.br\/cbradar\/wp-content\/uploads\/2025\/03\/ansiedade_1741707654576-300x169.jpg 300w, https:\/\/www.correiobraziliense.com.br\/cbradar\/wp-content\/uploads\/2025\/03\/ansiedade_1741707654576-768x432.jpg 768w, https:\/\/www.correiobraziliense.com.br\/cbradar\/wp-content\/uploads\/2025\/03\/ansiedade_1741707654576-750x422.jpg 750w, https:\/\/www.correiobraziliense.com.br\/cbradar\/wp-content\/uploads\/2025\/03\/ansiedade_1741707654576-1140x641.jpg 1140w, https:\/\/www.correiobraziliense.com.br\/cbradar\/wp-content\/uploads\/2025\/03\/ansiedade_1741707654576.jpg 1280w\" sizes=\"(max-width: 1024px) 100vw, 1024px\" \/><figcaption class=\"wp-element-caption\">Ansiedade &#8211; Cr\u00e9ditos: depositphotos.com \/ AndrewLozovyi<\/figcaption><\/figure><\/div>\n\n\n<h2 class=\"wp-block-heading\">Como aplicar o passo a passo da t\u00e9cnica 5-4-3-2-1<\/h2>\n\n\n\n<p>Para realizar a&nbsp;<strong>t\u00e9cnica 5-4-3-2-1<\/strong>, a recomenda\u00e7\u00e3o \u00e9 encontrar um local seguro e iniciar pela respira\u00e7\u00e3o profunda.&nbsp;Em seguida, a pessoa \u00e9 orientada a seguir a sequ\u00eancia abaixo:<\/p>\n\n\n\n<ol class=\"wp-block-list\">\n<li>Reconhecer cinco coisas que pode ver ao redor<\/li>\n\n\n\n<li>Identificar quatro sensa\u00e7\u00f5es t\u00e1teis no ambiente<\/li>\n\n\n\n<li>Ouvir tr\u00eas sons diferentes pr\u00f3ximos ou distantes<\/li>\n\n\n\n<li>Procurar dois cheiros distintos<\/li>\n\n\n\n<li>Focar em um gosto presente na boca<\/li>\n<\/ol>\n\n\n\n<p>Esse procedimento utiliza os cinco sentidos como ferramenta para estabilizar as emo\u00e7\u00f5es. Uma dica r\u00e1pida: quem est\u00e1 em local p\u00fablico pode adaptar o processo silenciosamente, apenas com observa\u00e7\u00f5es internas, sem chamar aten\u00e7\u00e3o.<\/p>\n\n\n\n<p>Leia tamb\u00e9m: <a href=\"https:\/\/www.correiobraziliense.com.br\/cbradar\/a-tecnica-natural-mais-poderosa-que-ninguem-te-contou-que-vai-fazer-voce-relaxar\/\" target=\"_blank\" rel=\"noreferrer noopener\">A t\u00e9cnica natural mais poderosa que ningu\u00e9m te contou que vai fazer voc\u00ea relaxar<\/a><\/p>\n\n\n\n<h2 class=\"wp-block-heading\">Por que a t\u00e9cnica 5-4-3-2-1 funciona em momentos de crise<\/h2>\n\n\n\n<p>O fundamento da&nbsp;<strong>t\u00e9cnica 5-4-3-2-1<\/strong>&nbsp;est\u00e1 em redirecionar a aten\u00e7\u00e3o da mente, que normalmente est\u00e1 focada na preocupa\u00e7\u00e3o ou desconforto intenso, para as sensa\u00e7\u00f5es corporais presentes. Isso reduz o impacto negativo de pensamentos intrusivos, tornando-se especialmente eficaz em situa\u00e7\u00f5es como ataques de p\u00e2nico, epis\u00f3dios de estresse agudo ou ansiedade intensa.<\/p>\n\n\n\n<p>Especialistas explicam que o grounding colabora para reduzir sintomas f\u00edsicos associados \u00e0 ansiedade, como sudorese ou respira\u00e7\u00e3o acelerada. Exemplos comuns de aplica\u00e7\u00e3o incluem momentos antes de provas, entrevistas de emprego ou mesmo em ambientes dom\u00e9sticos durante tens\u00f5es familiares.<\/p>\n\n\n\n<h2 class=\"wp-block-heading\">Benef\u00edcios do uso frequente da t\u00e9cnica 5-4-3-2-1 na rotina<\/h2>\n\n\n\n<p>Praticar a&nbsp;<strong>t\u00e9cnica 5-4-3-2-1<\/strong>&nbsp;com const\u00e2ncia oferece benef\u00edcios cumulativos. Al\u00e9m de favorecer o autoconhecimento emocional, promove maior dom\u00ednio sobre respostas autom\u00e1ticas do corpo diante de medos e preocupa\u00e7\u00f5es recorrentes. Inserir o m\u00e9todo como parte da rotina pode preparar o indiv\u00edduo para lidar de maneira mais eficiente com situa\u00e7\u00f5es inesperadas e desafiadoras.<\/p>\n\n\n\n<ul class=\"wp-block-list\">\n<li>Favorece o autocontrole e minimiza crises de ansiedade<\/li>\n\n\n\n<li>Encoraja a percep\u00e7\u00e3o consciente dos pr\u00f3prios limites emocionais<\/li>\n\n\n\n<li>Ajuda a fortalecer v\u00ednculos mente-corpo em situa\u00e7\u00f5es de press\u00e3o<\/li>\n<\/ul>\n\n\n\n<h2 class=\"wp-block-heading\">Aplicar a t\u00e9cnica 5-4-3-2-1 favorece o equil\u00edbrio emocional<\/h2>\n\n\n\n<ul class=\"wp-block-list\">\n<li>A\u00a0<strong>t\u00e9cnica 5-4-3-2-1<\/strong>\u00a0\u00e9 uma estrat\u00e9gia pr\u00e1tica que utiliza os sentidos para trazer o foco ao presente e reduzir sintomas de ansiedade<\/li>\n\n\n\n<li>Aplic\u00e1-la no in\u00edcio de crises ou regularmente pode facilitar o autodom\u00ednio e prevenir agravamento dos sintomas<\/li>\n\n\n\n<li>Manter o m\u00e9todo na rotina contribui para mais qualidade de vida e melhor gerenciamento emocional frente a desafios<\/li>\n<\/ul>\n","protected":false},"excerpt":{"rendered":"<p>T\u00e9cnica 5-4-3-2-1\u00a0para controle da ansiedade tem ganhado espa\u00e7o em contextos de sa\u00fade mental por apresentar uma abordagem pr\u00e1tica na conten\u00e7\u00e3o dos sintomas de crises emocionais. Baseada em exerc\u00edcios de grounding, essa ferramenta auxilia o indiv\u00edduo a trazer o foco ao momento presente, o que pode ser crucial em situa\u00e7\u00f5es de instabilidade.\u00a0Profissionais de psicologia recomendam o [&hellip;]<\/p>\n","protected":false},"author":11,"featured_media":20856,"comment_status":"open","ping_status":"open","sticky":false,"template":"","format":"standard","meta":{"_yoast_wpseo_focuskw":"Ansiedade","_yoast_wpseo_title":"","_yoast_wpseo_metadesc":"Ansiedade intensa? Aprenda o passo a passo da t\u00e9cnica 5-4-3-2-1 e descubra como ela traz al\u00edvio imediato e melhora sua rotina emocional.","jnews-multi-image_gallery":[],"jnews_single_post":{"format":"standard"},"jnews_primary_category":[],"jnews_social_meta":[],"jnews_override_counter":[],"footnotes":""},"categories":[119],"tags":[812,120,1318,7975],"class_list":["post-67266","post","type-post","status-publish","format-standard","has-post-thumbnail","hentry","category-bem-estar","tag-ansiedade","tag-bem-estar","tag-saude-2","tag-tecnica-5-4-3-2-1"],"yoast_head":"<!-- This site is optimized with the Yoast SEO plugin v24.6 - https:\/\/yoast.com\/wordpress\/plugins\/seo\/ -->\n<title>Todos que t\u00eam ansiedade j\u00e1 podem comemorar a t\u00e9cnica 5-4-3-2-1 que pode causar al\u00edvio imediato - Correio Braziliense - Radar<\/title>\n<meta name=\"description\" content=\"Ansiedade intensa? Aprenda o passo a passo da t\u00e9cnica 5-4-3-2-1 e descubra como ela traz al\u00edvio imediato e melhora sua rotina emocional.\" \/>\n<meta name=\"robots\" content=\"index, follow, max-snippet:-1, max-image-preview:large, max-video-preview:-1\" \/>\n<link rel=\"canonical\" href=\"https:\/\/www.correiobraziliense.com.br\/cbradar\/todos-que-tem-ansiedade-ja-podem-comemorar-a-tecnica-5-4-3-2-1-que-pode-causar-alivio-imediato\/\" \/>\n<meta property=\"og:locale\" content=\"pt_BR\" \/>\n<meta property=\"og:type\" content=\"article\" \/>\n<meta property=\"og:title\" content=\"Todos que t\u00eam ansiedade j\u00e1 podem comemorar a t\u00e9cnica 5-4-3-2-1 que pode causar al\u00edvio imediato - Correio Braziliense - Radar\" \/>\n<meta property=\"og:description\" content=\"Ansiedade intensa? Aprenda o passo a passo da t\u00e9cnica 5-4-3-2-1 e descubra como ela traz al\u00edvio imediato e melhora sua rotina emocional.\" \/>\n<meta property=\"og:url\" content=\"https:\/\/www.correiobraziliense.com.br\/cbradar\/todos-que-tem-ansiedade-ja-podem-comemorar-a-tecnica-5-4-3-2-1-que-pode-causar-alivio-imediato\/\" \/>\n<meta property=\"og:site_name\" content=\"Correio Braziliense - Radar\" \/>\n<meta property=\"article:published_time\" content=\"2025-07-11T23:43:00+00:00\" \/>\n<meta property=\"og:image\" content=\"https:\/\/www.correiobraziliense.com.br\/cbradar\/wp-content\/uploads\/2025\/04\/saude-mental_1744120114477.jpg\" \/>\n\t<meta property=\"og:image:width\" content=\"1280\" \/>\n\t<meta property=\"og:image:height\" content=\"720\" \/>\n\t<meta property=\"og:image:type\" content=\"image\/jpeg\" \/>\n<meta name=\"author\" content=\"Paulo Custodio\" \/>\n<meta name=\"twitter:card\" content=\"summary_large_image\" \/>\n<meta name=\"twitter:label1\" content=\"Escrito por\" \/>\n\t<meta name=\"twitter:data1\" content=\"Paulo Custodio\" \/>\n\t<meta name=\"twitter:label2\" content=\"Est. tempo de leitura\" \/>\n\t<meta name=\"twitter:data2\" content=\"4 minutos\" \/>\n<!-- \/ Yoast SEO plugin. -->","yoast_head_json":{"title":"Todos que t\u00eam ansiedade j\u00e1 podem comemorar a t\u00e9cnica 5-4-3-2-1 que pode causar al\u00edvio imediato - Correio Braziliense - Radar","description":"Ansiedade intensa? Aprenda o passo a passo da t\u00e9cnica 5-4-3-2-1 e descubra como ela traz al\u00edvio imediato e melhora sua rotina emocional.","robots":{"index":"index","follow":"follow","max-snippet":"max-snippet:-1","max-image-preview":"max-image-preview:large","max-video-preview":"max-video-preview:-1"},"canonical":"https:\/\/www.correiobraziliense.com.br\/cbradar\/todos-que-tem-ansiedade-ja-podem-comemorar-a-tecnica-5-4-3-2-1-que-pode-causar-alivio-imediato\/","og_locale":"pt_BR","og_type":"article","og_title":"Todos que t\u00eam ansiedade j\u00e1 podem comemorar a t\u00e9cnica 5-4-3-2-1 que pode causar al\u00edvio imediato - Correio Braziliense - Radar","og_description":"Ansiedade intensa? Aprenda o passo a passo da t\u00e9cnica 5-4-3-2-1 e descubra como ela traz al\u00edvio imediato e melhora sua rotina emocional.","og_url":"https:\/\/www.correiobraziliense.com.br\/cbradar\/todos-que-tem-ansiedade-ja-podem-comemorar-a-tecnica-5-4-3-2-1-que-pode-causar-alivio-imediato\/","og_site_name":"Correio Braziliense - Radar","article_published_time":"2025-07-11T23:43:00+00:00","og_image":[{"width":1280,"height":720,"url":"https:\/\/www.correiobraziliense.com.br\/cbradar\/wp-content\/uploads\/2025\/04\/saude-mental_1744120114477.jpg","type":"image\/jpeg"}],"author":"Paulo Custodio","twitter_card":"summary_large_image","twitter_misc":{"Escrito por":"Paulo Custodio","Est. tempo de leitura":"4 minutos"},"schema":{"@context":"https:\/\/schema.org","@graph":[{"@type":"WebPage","@id":"https:\/\/www.correiobraziliense.com.br\/cbradar\/todos-que-tem-ansiedade-ja-podem-comemorar-a-tecnica-5-4-3-2-1-que-pode-causar-alivio-imediato\/","url":"https:\/\/www.correiobraziliense.com.br\/cbradar\/todos-que-tem-ansiedade-ja-podem-comemorar-a-tecnica-5-4-3-2-1-que-pode-causar-alivio-imediato\/","name":"Todos que t\u00eam ansiedade j\u00e1 podem comemorar a t\u00e9cnica 5-4-3-2-1 que pode causar al\u00edvio imediato - Correio Braziliense - Radar","isPartOf":{"@id":"https:\/\/www.correiobraziliense.com.br\/cbradar\/#website"},"primaryImageOfPage":{"@id":"https:\/\/www.correiobraziliense.com.br\/cbradar\/todos-que-tem-ansiedade-ja-podem-comemorar-a-tecnica-5-4-3-2-1-que-pode-causar-alivio-imediato\/#primaryimage"},"image":{"@id":"https:\/\/www.correiobraziliense.com.br\/cbradar\/todos-que-tem-ansiedade-ja-podem-comemorar-a-tecnica-5-4-3-2-1-que-pode-causar-alivio-imediato\/#primaryimage"},"thumbnailUrl":"https:\/\/www.correiobraziliense.com.br\/cbradar\/wp-content\/uploads\/2025\/04\/saude-mental_1744120114477.jpg","datePublished":"2025-07-11T23:43:00+00:00","author":{"@id":"https:\/\/www.correiobraziliense.com.br\/cbradar\/#\/schema\/person\/4cec7857301a9a1a2ef249893cd908d3"},"description":"Ansiedade intensa? Aprenda o passo a passo da t\u00e9cnica 5-4-3-2-1 e descubra como ela traz al\u00edvio imediato e melhora sua rotina emocional.","breadcrumb":{"@id":"https:\/\/www.correiobraziliense.com.br\/cbradar\/todos-que-tem-ansiedade-ja-podem-comemorar-a-tecnica-5-4-3-2-1-que-pode-causar-alivio-imediato\/#breadcrumb"},"inLanguage":"pt-BR","potentialAction":[{"@type":"ReadAction","target":["https:\/\/www.correiobraziliense.com.br\/cbradar\/todos-que-tem-ansiedade-ja-podem-comemorar-a-tecnica-5-4-3-2-1-que-pode-causar-alivio-imediato\/"]}]},{"@type":"ImageObject","inLanguage":"pt-BR","@id":"https:\/\/www.correiobraziliense.com.br\/cbradar\/todos-que-tem-ansiedade-ja-podem-comemorar-a-tecnica-5-4-3-2-1-que-pode-causar-alivio-imediato\/#primaryimage","url":"https:\/\/www.correiobraziliense.com.br\/cbradar\/wp-content\/uploads\/2025\/04\/saude-mental_1744120114477.jpg","contentUrl":"https:\/\/www.correiobraziliense.com.br\/cbradar\/wp-content\/uploads\/2025\/04\/saude-mental_1744120114477.jpg","width":1280,"height":720,"caption":"Uma mulher tranquila - Cr\u00e9ditos: depositphotos.com \/ AndrewLozovyi"},{"@type":"BreadcrumbList","@id":"https:\/\/www.correiobraziliense.com.br\/cbradar\/todos-que-tem-ansiedade-ja-podem-comemorar-a-tecnica-5-4-3-2-1-que-pode-causar-alivio-imediato\/#breadcrumb","itemListElement":[{"@type":"ListItem","position":1,"name":"In\u00edcio","item":"https:\/\/www.correiobraziliense.com.br\/cbradar\/"},{"@type":"ListItem","position":2,"name":"Todos que t\u00eam ansiedade j\u00e1 podem comemorar a t\u00e9cnica 5-4-3-2-1 que pode causar al\u00edvio imediato"}]},{"@type":"WebSite","@id":"https:\/\/www.correiobraziliense.com.br\/cbradar\/#website","url":"https:\/\/www.correiobraziliense.com.br\/cbradar\/","name":"Correio Braziliense - Radar","description":"Acompanhe as \u00faltimas not\u00edcias e fique bem informado sobre tudo o que acontece no Brasil e no mundo.","potentialAction":[{"@type":"SearchAction","target":{"@type":"EntryPoint","urlTemplate":"https:\/\/www.correiobraziliense.com.br\/cbradar\/?s={search_term_string}"},"query-input":{"@type":"PropertyValueSpecification","valueRequired":true,"valueName":"search_term_string"}}],"inLanguage":"pt-BR"},{"@type":"Person","@id":"https:\/\/www.correiobraziliense.com.br\/cbradar\/#\/schema\/person\/4cec7857301a9a1a2ef249893cd908d3","name":"Paulo Custodio","image":{"@type":"ImageObject","inLanguage":"pt-BR","@id":"https:\/\/www.correiobraziliense.com.br\/cbradar\/#\/schema\/person\/image\/","url":"https:\/\/secure.gravatar.com\/avatar\/bcd67168d1534e8fcf4f45c726a87cea?s=96&d=mm&r=g","contentUrl":"https:\/\/secure.gravatar.com\/avatar\/bcd67168d1534e8fcf4f45c726a87cea?s=96&d=mm&r=g","caption":"Paulo Custodio"},"sameAs":["https:\/\/www.correiobraziliense.com.br\/cbradar"],"url":"https:\/\/www.correiobraziliense.com.br\/cbradar\/author\/paulomyth\/"}]}},"_links":{"self":[{"href":"https:\/\/www.correiobraziliense.com.br\/cbradar\/wp-json\/wp\/v2\/posts\/67266","targetHints":{"allow":["GET"]}}],"collection":[{"href":"https:\/\/www.correiobraziliense.com.br\/cbradar\/wp-json\/wp\/v2\/posts"}],"about":[{"href":"https:\/\/www.correiobraziliense.com.br\/cbradar\/wp-json\/wp\/v2\/types\/post"}],"author":[{"embeddable":true,"href":"https:\/\/www.correiobraziliense.com.br\/cbradar\/wp-json\/wp\/v2\/users\/11"}],"replies":[{"embeddable":true,"href":"https:\/\/www.correiobraziliense.com.br\/cbradar\/wp-json\/wp\/v2\/comments?post=67266"}],"version-history":[{"count":2,"href":"https:\/\/www.correiobraziliense.com.br\/cbradar\/wp-json\/wp\/v2\/posts\/67266\/revisions"}],"predecessor-version":[{"id":67859,"href":"https:\/\/www.correiobraziliense.com.br\/cbradar\/wp-json\/wp\/v2\/posts\/67266\/revisions\/67859"}],"wp:featuredmedia":[{"embeddable":true,"href":"https:\/\/www.correiobraziliense.com.br\/cbradar\/wp-json\/wp\/v2\/media\/20856"}],"wp:attachment":[{"href":"https:\/\/www.correiobraziliense.com.br\/cbradar\/wp-json\/wp\/v2\/media?parent=67266"}],"wp:term":[{"taxonomy":"category","embeddable":true,"href":"https:\/\/www.correiobraziliense.com.br\/cbradar\/wp-json\/wp\/v2\/categories?post=67266"},{"taxonomy":"post_tag","embeddable":true,"href":"https:\/\/www.correiobraziliense.com.br\/cbradar\/wp-json\/wp\/v2\/tags?post=67266"}],"curies":[{"name":"wp","href":"https:\/\/api.w.org\/{rel}","templated":true}]}}