{"id":6748,"date":"2025-02-28T09:50:00","date_gmt":"2025-02-28T12:50:00","guid":{"rendered":"https:\/\/www.correiobraziliense.com.br\/cbradar\/?p=6748"},"modified":"2025-02-27T04:13:33","modified_gmt":"2025-02-27T07:13:33","slug":"mia-khalifa-sobre-oscar-de-fernanda-seria-roubo-se-ela-nao-ganhasse","status":"publish","type":"post","link":"https:\/\/www.correiobraziliense.com.br\/cbradar\/mia-khalifa-sobre-oscar-de-fernanda-seria-roubo-se-ela-nao-ganhasse\/","title":{"rendered":"Mia Khalifa sobre Oscar de Fernanda: &#8220;Seria roubo se ela n\u00e3o ganhasse&#8221;"},"content":{"rendered":"\n<p>O filme <strong><a href=\"https:\/\/www.imdb.com\/pt\/title\/tt14961016\/?ref_=nv_sr_srsg_2_tt_5_nm_0_in_0_q_Ainda%2520Estou%2520Aqui%252C\" target=\"_blank\" rel=\"noreferrer noopener\"><em>Ainda Estou Aqui<\/em>,<\/a><\/strong> que est\u00e1 fazendo grande sucesso tanto nas bilheteiras brasileiras quanto em v\u00e1rios outros pa\u00edses, tem recebido uma aclama\u00e7\u00e3o crescente do p\u00fablico e da cr\u00edtica especializada. Com tr\u00eas indica\u00e7\u00f5es no <strong><a href=\"https:\/\/www.correiobraziliense.com.br\/cbradar\/filme-em-que-al-pacino-venceu-o-oscar-chega-na-netflix\/\" target=\"_blank\" rel=\"noreferrer noopener\">Oscar<\/a> 2025<\/strong> \u2014 incluindo <strong>Melhor Filme Internacional<\/strong>, <strong>Melhor Atriz<\/strong> para<strong> Fernanda Torres <\/strong>e <strong>Melhor Filme \u2014 o longa dirigido por Walter Salles<\/strong> tem chamado a aten\u00e7\u00e3o de grandes nomes, inclusive de figuras fora da ind\u00fastria cinematogr\u00e1fica. Uma dessas figuras \u00e9 a ex-atriz porn\u00f4 e influenciadora <strong>Mia Khalifa<\/strong>, que recentemente compartilhou sua opini\u00e3o sobre o filme em uma publica\u00e7\u00e3o no <strong>Twitter<\/strong>.<\/p>\n\n\n\n<h3 class=\"wp-block-heading\"><strong>Quando Mia Khalifa se declarou impressionada com o filme?<\/strong><\/h3>\n\n\n\n<p>Em uma publica\u00e7\u00e3o feita no <strong>Twitter <\/strong>no dia <strong>25 de fevereiro,<\/strong> Mia Khalifa revelou que assistiu ao filme <em>Ainda Estou Aqui<\/em> no fim de semana anterior e ficou profundamente impressionada. Khalifa, que tem se mostrado uma verdadeira cin\u00e9fila nos \u00faltimos meses, elogiou n\u00e3o apenas a hist\u00f3ria de<strong> Marcelo Rubens Paiva<\/strong>, mas tamb\u00e9m a performance de <strong>Fernanda Torres<\/strong>. <em>\u201cOs primeiros 30 minutos foram PERFEITAMENTE escritos e atuados\u201d<\/em>, escreveu ela, ressaltando a qualidade do roteiro e das interpreta\u00e7\u00f5es.<\/p>\n\n\n\n<p>Para <strong>Mia<\/strong>, a atua\u00e7\u00e3o de Torres foi t\u00e3o excepcional que ela fez quest\u00e3o de enfatizar que, caso a atriz n\u00e3o ven\u00e7a o<strong> Oscar de Melhor Atriz<\/strong>, seria um verdadeiro <em>&#8220;roubo&#8221;<\/em>. A declara\u00e7\u00e3o refor\u00e7a o impacto que o trabalho de Fernanda Torres teve na ex-atriz, que vem acompanhando atentamente as produ\u00e7\u00f5es cinematogr\u00e1ficas recentes.<\/p>\n\n\n\n<figure class=\"wp-block-embed aligncenter is-type-video is-provider-youtube wp-block-embed-youtube wp-embed-aspect-16-9 wp-has-aspect-ratio\"><div class=\"wp-block-embed__wrapper\">\n<div class=\"jeg_video_container jeg_video_content\"><iframe loading=\"lazy\" title=\"Ainda Estou Aqui | Trailer Oficial | 7 de novembro nos cinemas\" width=\"500\" height=\"281\" src=\"https:\/\/www.youtube.com\/embed\/_NzqP0jmk3o?start=11&#038;feature=oembed\" frameborder=\"0\" allow=\"accelerometer; autoplay; clipboard-write; encrypted-media; gyroscope; picture-in-picture; web-share\" referrerpolicy=\"strict-origin-when-cross-origin\" allowfullscreen><\/iframe><\/div>\n<\/div><\/figure>\n\n\n\n<h3 class=\"wp-block-heading\"><strong>Entenda qual \u00e9 o impacto emocional e pol\u00edtico de &#8216;Ainda Estou Aqui&#8217;<\/strong><\/h3>\n\n\n\n<p>Al\u00e9m de elogiar o desempenho de Fernanda Torres, Mia Khalifa tamb\u00e9m destacou a import\u00e2ncia do filme como uma obra visceral e essencial, tanto artisticamente quanto politicamente. <em>Ainda Estou Aqui<\/em> aborda temas profundos e dolorosos da hist\u00f3ria brasileira, especialmente em rela\u00e7\u00e3o \u00e0 ditadura militar e os efeitos devastadores dessa era. Khalifa fez uma refer\u00eancia direta a Rubens Paiva, mencionando a mem\u00f3ria do ex-deputado e a trag\u00e9dia de todos os presos pol\u00edticos durante aquele per\u00edodo. Ela tamb\u00e9m compartilhou seu desejo de ler o livro de Marcelo Rubens Paiva, autor da obra que inspirou o filme, para aprender mais sobre a hist\u00f3ria dessa fam\u00edlia resiliente.<\/p>\n\n\n\n<h3 class=\"wp-block-heading\"><strong>A opini\u00e3o de Mia Khalifa \u00e9 relevante? Qual sua rela\u00e7\u00e3o com o cinema?<\/strong><\/h3>\n\n\n\n<p>Mia Khalifa tem se destacado n\u00e3o s\u00f3 como influenciadora digital, mas tamb\u00e9m como uma voz ativa e engajada no universo cinematogr\u00e1fico. Atrav\u00e9s de suas redes sociais, ela tem compartilhado suas opini\u00f5es sobre diversos filmes e s\u00e9ries, e recentemente tamb\u00e9m passou a utilizar a plataforma <strong>Letterboxd <\/strong>para expressar suas an\u00e1lises. Sua participa\u00e7\u00e3o ativa no cen\u00e1rio cinematogr\u00e1fico tem gerado interesse, especialmente pelo fato de ela ser uma figura conhecida por seu passado na ind\u00fastria adulta, mas que agora se dedica a outras \u00e1reas, como o empreendedorismo e a cr\u00edtica cultural.<\/p>\n\n\n\n<p>Com <em>Ainda Estou Aqui<\/em> recebendo cada vez mais reconhecimento, incluindo suas indica\u00e7\u00f5es ao <strong>Oscar 2025<\/strong>, fica claro que o filme est\u00e1 tocando muitas pessoas ao redor do mundo, inclusive figuras de fora da ind\u00fastria do cinema, como Mia Khalifa.<\/p>\n","protected":false},"excerpt":{"rendered":"<p>O filme Ainda Estou Aqui, que est\u00e1 fazendo grande sucesso tanto nas bilheteiras brasileiras quanto em v\u00e1rios outros pa\u00edses, tem recebido uma aclama\u00e7\u00e3o crescente do p\u00fablico e da cr\u00edtica especializada. Com tr\u00eas indica\u00e7\u00f5es no Oscar 2025 \u2014 incluindo Melhor Filme Internacional, Melhor Atriz para Fernanda Torres e Melhor Filme \u2014 o longa dirigido por Walter [&hellip;]<\/p>\n","protected":false},"author":8,"featured_media":6756,"comment_status":"open","ping_status":"open","sticky":false,"template":"","format":"standard","meta":{"jnews-multi-image_gallery":[],"jnews_single_post":{"format":"standard"},"jnews_primary_category":[],"jnews_social_meta":[],"jnews_override_counter":[],"footnotes":""},"categories":[112,140,169],"post_tag":[753,605,352,1219],"class_list":["post-6748","post","type-post","status-publish","format-standard","has-post-thumbnail","hentry","category-curiosidades","category-entretenimento","category-noticias","tag-ainda-estou-aqui","tag-entretenimento","tag-fernanda-torres","tag-mia-khalifa"],"yoast_head":"<!-- This site is optimized with the Yoast SEO plugin v24.6 - https:\/\/yoast.com\/wordpress\/plugins\/seo\/ -->\n<title>Mia Khalifa sobre Oscar de Fernanda: &quot;Seria roubo se ela n\u00e3o ganhasse&quot; - Correio Braziliense - Radar<\/title>\n<meta name=\"description\" content=\"Mia Khalifa elogia Fernanda e afirma que seria &quot;roubo&quot; se ela n\u00e3o ganhasse o Oscar, destacando seu talento e dedica\u00e7\u00e3o.\" \/>\n<meta name=\"robots\" content=\"index, follow, max-snippet:-1, max-image-preview:large, max-video-preview:-1\" \/>\n<link rel=\"canonical\" href=\"https:\/\/www.correiobraziliense.com.br\/cbradar\/mia-khalifa-sobre-oscar-de-fernanda-seria-roubo-se-ela-nao-ganhasse\/\" \/>\n<meta property=\"og:locale\" content=\"pt_BR\" \/>\n<meta property=\"og:type\" content=\"article\" \/>\n<meta property=\"og:title\" content=\"Mia Khalifa sobre Oscar de Fernanda: &quot;Seria roubo se ela n\u00e3o ganhasse&quot; - Correio Braziliense - Radar\" \/>\n<meta property=\"og:description\" content=\"Mia Khalifa elogia Fernanda e afirma que seria &quot;roubo&quot; se ela n\u00e3o ganhasse o Oscar, destacando seu talento e dedica\u00e7\u00e3o.\" \/>\n<meta property=\"og:url\" content=\"https:\/\/www.correiobraziliense.com.br\/cbradar\/mia-khalifa-sobre-oscar-de-fernanda-seria-roubo-se-ela-nao-ganhasse\/\" \/>\n<meta property=\"og:site_name\" content=\"Correio Braziliense - Radar\" \/>\n<meta property=\"article:published_time\" content=\"2025-02-28T12:50:00+00:00\" \/>\n<meta property=\"og:image\" content=\"https:\/\/www.correiobraziliense.com.br\/cbradar\/wp-content\/uploads\/2025\/02\/Samsung-Galaxy-A55-14.png\" \/>\n\t<meta property=\"og:image:width\" content=\"1280\" \/>\n\t<meta property=\"og:image:height\" content=\"720\" \/>\n\t<meta property=\"og:image:type\" content=\"image\/png\" \/>\n<meta name=\"author\" content=\"Maura Pereira\" \/>\n<meta name=\"twitter:card\" content=\"summary_large_image\" \/>\n<meta name=\"twitter:label1\" content=\"Escrito por\" \/>\n\t<meta name=\"twitter:data1\" content=\"Maura Pereira\" \/>\n\t<meta name=\"twitter:label2\" content=\"Est. tempo de leitura\" \/>\n\t<meta name=\"twitter:data2\" content=\"3 minutos\" \/>\n<!-- \/ Yoast SEO plugin. -->","yoast_head_json":{"title":"Mia Khalifa sobre Oscar de Fernanda: \"Seria roubo se ela n\u00e3o ganhasse\" - Correio Braziliense - Radar","description":"Mia Khalifa elogia Fernanda e afirma que seria \"roubo\" se ela n\u00e3o ganhasse o Oscar, destacando seu talento e dedica\u00e7\u00e3o.","robots":{"index":"index","follow":"follow","max-snippet":"max-snippet:-1","max-image-preview":"max-image-preview:large","max-video-preview":"max-video-preview:-1"},"canonical":"https:\/\/www.correiobraziliense.com.br\/cbradar\/mia-khalifa-sobre-oscar-de-fernanda-seria-roubo-se-ela-nao-ganhasse\/","og_locale":"pt_BR","og_type":"article","og_title":"Mia Khalifa sobre Oscar de Fernanda: \"Seria roubo se ela n\u00e3o ganhasse\" - Correio Braziliense - Radar","og_description":"Mia Khalifa elogia Fernanda e afirma que seria \"roubo\" se ela n\u00e3o ganhasse o Oscar, destacando seu talento e dedica\u00e7\u00e3o.","og_url":"https:\/\/www.correiobraziliense.com.br\/cbradar\/mia-khalifa-sobre-oscar-de-fernanda-seria-roubo-se-ela-nao-ganhasse\/","og_site_name":"Correio Braziliense - Radar","article_published_time":"2025-02-28T12:50:00+00:00","og_image":[{"width":1280,"height":720,"url":"https:\/\/www.correiobraziliense.com.br\/cbradar\/wp-content\/uploads\/2025\/02\/Samsung-Galaxy-A55-14.png","type":"image\/png"}],"author":"Maura Pereira","twitter_card":"summary_large_image","twitter_misc":{"Escrito por":"Maura Pereira","Est. tempo de leitura":"3 minutos"},"schema":{"@context":"https:\/\/schema.org","@graph":[{"@type":"WebPage","@id":"https:\/\/www.correiobraziliense.com.br\/cbradar\/mia-khalifa-sobre-oscar-de-fernanda-seria-roubo-se-ela-nao-ganhasse\/","url":"https:\/\/www.correiobraziliense.com.br\/cbradar\/mia-khalifa-sobre-oscar-de-fernanda-seria-roubo-se-ela-nao-ganhasse\/","name":"Mia Khalifa sobre Oscar de Fernanda: \"Seria roubo se ela n\u00e3o ganhasse\" - Correio Braziliense - Radar","isPartOf":{"@id":"https:\/\/www.correiobraziliense.com.br\/cbradar\/#website"},"primaryImageOfPage":{"@id":"https:\/\/www.correiobraziliense.com.br\/cbradar\/mia-khalifa-sobre-oscar-de-fernanda-seria-roubo-se-ela-nao-ganhasse\/#primaryimage"},"image":{"@id":"https:\/\/www.correiobraziliense.com.br\/cbradar\/mia-khalifa-sobre-oscar-de-fernanda-seria-roubo-se-ela-nao-ganhasse\/#primaryimage"},"thumbnailUrl":"https:\/\/www.correiobraziliense.com.br\/cbradar\/wp-content\/uploads\/2025\/02\/Samsung-Galaxy-A55-14.png","datePublished":"2025-02-28T12:50:00+00:00","author":{"@id":"https:\/\/www.correiobraziliense.com.br\/cbradar\/#\/schema\/person\/4053c651a9bfc785afc6f4cbc9032fd3"},"description":"Mia Khalifa elogia Fernanda e afirma que seria \"roubo\" se ela n\u00e3o ganhasse o Oscar, destacando seu talento e dedica\u00e7\u00e3o.","breadcrumb":{"@id":"https:\/\/www.correiobraziliense.com.br\/cbradar\/mia-khalifa-sobre-oscar-de-fernanda-seria-roubo-se-ela-nao-ganhasse\/#breadcrumb"},"inLanguage":"pt-BR","potentialAction":[{"@type":"ReadAction","target":["https:\/\/www.correiobraziliense.com.br\/cbradar\/mia-khalifa-sobre-oscar-de-fernanda-seria-roubo-se-ela-nao-ganhasse\/"]}]},{"@type":"ImageObject","inLanguage":"pt-BR","@id":"https:\/\/www.correiobraziliense.com.br\/cbradar\/mia-khalifa-sobre-oscar-de-fernanda-seria-roubo-se-ela-nao-ganhasse\/#primaryimage","url":"https:\/\/www.correiobraziliense.com.br\/cbradar\/wp-content\/uploads\/2025\/02\/Samsung-Galaxy-A55-14.png","contentUrl":"https:\/\/www.correiobraziliense.com.br\/cbradar\/wp-content\/uploads\/2025\/02\/Samsung-Galaxy-A55-14.png","width":1280,"height":720,"caption":"Edi\u00e7\u00e3o: Maura Pereira \/\/ Cr\u00e9ditos: Mia Khalifa on Instagram @miakhalifa and Fernanda Torres Foto por ROBYN BECK\/AFP via Getty Images (IMDB)"},{"@type":"BreadcrumbList","@id":"https:\/\/www.correiobraziliense.com.br\/cbradar\/mia-khalifa-sobre-oscar-de-fernanda-seria-roubo-se-ela-nao-ganhasse\/#breadcrumb","itemListElement":[{"@type":"ListItem","position":1,"name":"In\u00edcio","item":"https:\/\/www.correiobraziliense.com.br\/cbradar\/"},{"@type":"ListItem","position":2,"name":"Mia Khalifa sobre Oscar de Fernanda: &#8220;Seria roubo se ela n\u00e3o ganhasse&#8221;"}]},{"@type":"WebSite","@id":"https:\/\/www.correiobraziliense.com.br\/cbradar\/#website","url":"https:\/\/www.correiobraziliense.com.br\/cbradar\/","name":"Correio Braziliense - Radar","description":"Acompanhe as \u00faltimas not\u00edcias e fique bem informado sobre tudo o que acontece no Brasil e no mundo.","potentialAction":[{"@type":"SearchAction","target":{"@type":"EntryPoint","urlTemplate":"https:\/\/www.correiobraziliense.com.br\/cbradar\/?s={search_term_string}"},"query-input":{"@type":"PropertyValueSpecification","valueRequired":true,"valueName":"search_term_string"}}],"inLanguage":"pt-BR"},{"@type":"Person","@id":"https:\/\/www.correiobraziliense.com.br\/cbradar\/#\/schema\/person\/4053c651a9bfc785afc6f4cbc9032fd3","name":"Maura Pereira","image":{"@type":"ImageObject","inLanguage":"pt-BR","@id":"https:\/\/www.correiobraziliense.com.br\/cbradar\/#\/schema\/person\/image\/","url":"https:\/\/secure.gravatar.com\/avatar\/3effd6bdadfa447f15089c7f7144eaa6?s=96&d=mm&r=g","contentUrl":"https:\/\/secure.gravatar.com\/avatar\/3effd6bdadfa447f15089c7f7144eaa6?s=96&d=mm&r=g","caption":"Maura Pereira"},"sameAs":["https:\/\/www.correiobraziliense.com.br\/"],"url":"https:\/\/www.correiobraziliense.com.br\/cbradar\/author\/mauramyth\/"}]}},"_links":{"self":[{"href":"https:\/\/www.correiobraziliense.com.br\/cbradar\/wp-json\/wp\/v2\/posts\/6748","targetHints":{"allow":["GET"]}}],"collection":[{"href":"https:\/\/www.correiobraziliense.com.br\/cbradar\/wp-json\/wp\/v2\/posts"}],"about":[{"href":"https:\/\/www.correiobraziliense.com.br\/cbradar\/wp-json\/wp\/v2\/types\/post"}],"author":[{"embeddable":true,"href":"https:\/\/www.correiobraziliense.com.br\/cbradar\/wp-json\/wp\/v2\/users\/8"}],"replies":[{"embeddable":true,"href":"https:\/\/www.correiobraziliense.com.br\/cbradar\/wp-json\/wp\/v2\/comments?post=6748"}],"version-history":[{"count":7,"href":"https:\/\/www.correiobraziliense.com.br\/cbradar\/wp-json\/wp\/v2\/posts\/6748\/revisions"}],"predecessor-version":[{"id":6757,"href":"https:\/\/www.correiobraziliense.com.br\/cbradar\/wp-json\/wp\/v2\/posts\/6748\/revisions\/6757"}],"wp:featuredmedia":[{"embeddable":true,"href":"https:\/\/www.correiobraziliense.com.br\/cbradar\/wp-json\/wp\/v2\/media\/6756"}],"wp:attachment":[{"href":"https:\/\/www.correiobraziliense.com.br\/cbradar\/wp-json\/wp\/v2\/media?parent=6748"}],"wp:term":[{"taxonomy":"category","embeddable":true,"href":"https:\/\/www.correiobraziliense.com.br\/cbradar\/wp-json\/wp\/v2\/categories?post=6748"},{"taxonomy":"post_tag","embeddable":true,"href":"https:\/\/www.correiobraziliense.com.br\/cbradar\/wp-json\/wp\/v2\/post_tag?post=6748"}],"curies":[{"name":"wp","href":"https:\/\/api.w.org\/{rel}","templated":true}]}}