{"id":67481,"date":"2025-07-10T16:00:00","date_gmt":"2025-07-10T19:00:00","guid":{"rendered":"https:\/\/www.correiobraziliense.com.br\/cbradar\/?p=67481"},"modified":"2025-07-10T15:41:18","modified_gmt":"2025-07-10T18:41:18","slug":"quais-sao-as-propriedades-curativas-da-batata","status":"publish","type":"post","link":"https:\/\/www.correiobraziliense.com.br\/cbradar\/quais-sao-as-propriedades-curativas-da-batata\/","title":{"rendered":"Quais s\u00e3o as propriedades curativas da batata?"},"content":{"rendered":"\n<p>A <strong>batata<\/strong> (<em>Solanum tuberosum<\/em>) \u00e9 um dos alimentos mais consumidos no mundo e, al\u00e9m de seu valor nutricional, destaca-se pelas propriedades medicinais reconhecidas pela ci\u00eancia. Estudos indicam que a batata cont\u00e9m compostos bioativos com a\u00e7\u00e3o antioxidante, anti-inflamat\u00f3ria e benef\u00edcios para o trato digestivo.<\/p>\n\n\n\n<ul class=\"wp-block-list\">\n<li><strong>Atividade antioxidante<\/strong> que auxilia no combate ao estresse oxidativo<\/li>\n\n\n\n<li><strong>Propriedade anti-inflamat\u00f3ria<\/strong> importante para a sa\u00fade geral<\/li>\n\n\n\n<li><strong>Contribui\u00e7\u00e3o para o equil\u00edbrio digestivo<\/strong> e prote\u00e7\u00e3o g\u00e1strica<\/li>\n<\/ul>\n\n\n\n<h2 class=\"wp-block-heading\">A\u00e7\u00e3o antioxidante e combate ao estresse oxidativo<\/h2>\n\n\n\n<p>A <strong>batata<\/strong> apresenta elevados teores de compostos fen\u00f3licos, como \u00e1cido clorog\u00eanico e flavonoides, que atuam como <strong>antioxidantes naturais<\/strong>. Esses fitoqu\u00edmicos neutralizam radicais livres, contribuindo para a prote\u00e7\u00e3o das c\u00e9lulas e preven\u00e7\u00e3o de doen\u00e7as cr\u00f4nicas. Segundo pesquisa publicada na revista Food Chemistry, <\/p>\n\n\n\n<blockquote class=\"wp-block-quote is-layout-flow wp-block-quote-is-layout-flow\">\n<p><em>&#8220;Os extratos de batata demonstraram atividade antioxidante significativa em ensaios laboratoriais, sendo o \u00e1cido clorog\u00eanico o principal composto envolvido na neutraliza\u00e7\u00e3o dos radicais livres&#8221;<\/em> (REDDIVARI et al., 2007). <\/p>\n<\/blockquote>\n\n\n\n<h2 class=\"wp-block-heading\">Propriedade anti-inflamat\u00f3ria comprovada<\/h2>\n\n\n\n<p>O consumo regular da <strong>batata<\/strong> pode contribuir para a <strong>redu\u00e7\u00e3o de processos inflamat\u00f3rios<\/strong>, gra\u00e7as \u00e0 presen\u00e7a de polifen\u00f3is e glicoalcaloides. Esses princ\u00edpios ativos modulam a resposta inflamat\u00f3ria e podem beneficiar pessoas com condi\u00e7\u00f5es cr\u00f4nicas. Como descrito no livro Plant Foods and Human Nutrition,<\/p>\n\n\n\n<blockquote class=\"wp-block-quote is-layout-flow wp-block-quote-is-layout-flow\">\n<p><em>&#8220;Compostos presentes na batata, especialmente os polifen\u00f3is, apresentam efeito anti-inflamat\u00f3rio em modelos experimentais, sugerindo benef\u00edcio potencial no manejo de dist\u00farbios inflamat\u00f3rios&#8221;<\/em> (FRIEDMAN, 2015). <\/p>\n\n\n\n<p>Leia tamb\u00e9m: <a href=\"https:\/\/www.correiobraziliense.com.br\/cbradar\/quais-sao-as-propriedades-curativas-da-beterraba\/\" target=\"_blank\" rel=\"noreferrer noopener\">Quais s\u00e3o as propriedades curativas da beterraba?<\/a><\/p>\n<\/blockquote>\n\n\n\n<h2 class=\"wp-block-heading\">Benef\u00edcios para a digest\u00e3o e prote\u00e7\u00e3o g\u00e1strica<\/h2>\n\n\n\n<p>A <strong>batata<\/strong> cont\u00e9m amido resistente, fibras sol\u00faveis e compostos que ajudam na <strong>prote\u00e7\u00e3o da mucosa g\u00e1strica<\/strong>. O consumo regular auxilia no funcionamento intestinal e pode proteger o est\u00f4mago contra \u00falceras, como evidenciado em estudos publicados no World Journal of Gastroenterology.<\/p>\n\n\n\n<blockquote class=\"wp-block-quote is-layout-flow wp-block-quote-is-layout-flow\">\n<p><em>&#8220;O extrato aquoso de batata demonstrou efeito protetor da mucosa g\u00e1strica em modelos animais, reduzindo a incid\u00eancia de les\u00f5es ulcerativas causadas por agentes irritantes&#8221;<\/em> (AL-RAWI et al., 2017).<\/p>\n<\/blockquote>\n\n\n\n<figure class=\"wp-block-image size-large\"><img decoding=\"async\" width=\"1024\" height=\"576\" src=\"https:\/\/www.correiobraziliense.com.br\/cbradar\/wp-content\/uploads\/2025\/07\/batata-inglesa_1752172660444-1024x576.jpg\" alt=\"Quais s\u00e3o as propriedades curativas da batata?\" class=\"wp-image-67483\" srcset=\"https:\/\/www.correiobraziliense.com.br\/cbradar\/wp-content\/uploads\/2025\/07\/batata-inglesa_1752172660444-1024x576.jpg 1024w, https:\/\/www.correiobraziliense.com.br\/cbradar\/wp-content\/uploads\/2025\/07\/batata-inglesa_1752172660444-300x169.jpg 300w, https:\/\/www.correiobraziliense.com.br\/cbradar\/wp-content\/uploads\/2025\/07\/batata-inglesa_1752172660444-768x432.jpg 768w, https:\/\/www.correiobraziliense.com.br\/cbradar\/wp-content\/uploads\/2025\/07\/batata-inglesa_1752172660444-750x422.jpg 750w, https:\/\/www.correiobraziliense.com.br\/cbradar\/wp-content\/uploads\/2025\/07\/batata-inglesa_1752172660444-1140x641.jpg 1140w, https:\/\/www.correiobraziliense.com.br\/cbradar\/wp-content\/uploads\/2025\/07\/batata-inglesa_1752172660444.jpg 1280w\" sizes=\"(max-width: 1024px) 100vw, 1024px\" \/><figcaption class=\"wp-element-caption\">batata inglesa. Cr\u00e9ditos: depositphotos.com \/ stopkadr-dnepr<\/figcaption><\/figure>\n\n\n\n<h2 class=\"wp-block-heading\">Aplica\u00e7\u00f5es pr\u00e1ticas e modos de uso da batata para sa\u00fade<\/h2>\n\n\n\n<p>A <strong>batata<\/strong> pode ser utilizada de diferentes formas para fins terap\u00eauticos. Uma dica tradicional \u00e9 o uso do suco de batata crua, consumido em pequenas doses para aliviar sintomas g\u00e1stricos. O consumo de batata cozida com casca preserva a maior parte dos compostos bioativos, favorecendo seus benef\u00edcios medicinais. Consulte sempre um profissional de sa\u00fade antes de iniciar qualquer uso medicinal de plantas, especialmente em casos de doen\u00e7as cr\u00f4nicas.\n\nLeia tamb\u00e9m: Propriedades Curativas do Gengibre\n\n<\/p>\n\n\n\n<h2 class=\"wp-block-heading\">O que aprendemos sobre as propriedades curativas da batata<\/h2>\n\n\n\n<ul class=\"wp-block-list\">\n<li><strong>Batata<\/strong> \u00e9 fonte de compostos antioxidantes como \u00e1cido clorog\u00eanico, comprovados cientificamente.<\/li>\n\n\n\n<li>O efeito anti-inflamat\u00f3rio da batata est\u00e1 relacionado aos polifen\u00f3is presentes em sua composi\u00e7\u00e3o.<\/li>\n\n\n\n<li>Estudos apontam a contribui\u00e7\u00e3o da batata para a prote\u00e7\u00e3o digestiva e manuten\u00e7\u00e3o da sa\u00fade g\u00e1strica, sempre com respaldo em literatura cient\u00edfica confi\u00e1vel.<\/li>\n<\/ul>\n\n\n\n<h2 class=\"wp-block-heading\">Refer\u00eancias bibliogr\u00e1ficas<\/h2>\n\n\n\n<ul class=\"wp-block-list\">\n<li>AL-RAWI, M. M.; AL-MOSHEN, A. H.; JABER, N. N. Effect of potato juice on gastric ulcer induced by ethanol in rats. <em>World Journal of Gastroenterology<\/em>, v. 23, n. 41, p. 7322-7330, 2017.<\/li>\n\n\n\n<li>FRIEDMAN, Mendel. <em>Plant Foods and Human Nutrition<\/em>. 2nd ed. Boca Raton: CRC Press, 2015.<\/li>\n\n\n\n<li>REDDIVARI, Lavanya; VANAMALA, Jairam; PIKE, Laura M. et al. Antioxidant activity and phenolic content of potato (Solanum tuberosum) tubers. <em>Food Chemistry<\/em>, v. 102, n. 3, p. 452-460, 2007.<\/li>\n<\/ul>\n","protected":false},"excerpt":{"rendered":"<p>Entenda os benef\u00edcios da batata para sua alimenta\u00e7\u00e3o, especialmente se consumida todos os dias.<\/p>\n","protected":false},"author":3,"featured_media":67482,"comment_status":"open","ping_status":"open","sticky":false,"template":"","format":"standard","meta":{"_yoast_wpseo_focuskw":"propriedades curativas batata","_yoast_wpseo_title":"%%title%%","_yoast_wpseo_metadesc":"Entenda os benef\u00edcios da batata para sua alimenta\u00e7\u00e3o, especialmente se consumida todos os dias.","jnews-multi-image_gallery":[],"jnews_single_post":{"format":"standard"},"jnews_primary_category":[],"jnews_social_meta":[],"jnews_override_counter":[],"footnotes":""},"categories":[112],"post_tag":[281,1423,144],"class_list":["post-67481","post","type-post","status-publish","format-standard","has-post-thumbnail","hentry","category-curiosidades","tag-alimentacao","tag-alimentos","tag-curiosidades"],"yoast_head":"<!-- This site is optimized with the Yoast SEO plugin v24.6 - https:\/\/yoast.com\/wordpress\/plugins\/seo\/ -->\n<title>Quais s\u00e3o as propriedades curativas da batata?<\/title>\n<meta name=\"description\" content=\"Entenda os benef\u00edcios da batata para sua alimenta\u00e7\u00e3o, especialmente se consumida todos os dias.\" \/>\n<meta name=\"robots\" content=\"index, follow, max-snippet:-1, max-image-preview:large, max-video-preview:-1\" \/>\n<link rel=\"canonical\" href=\"https:\/\/www.correiobraziliense.com.br\/cbradar\/quais-sao-as-propriedades-curativas-da-batata\/\" \/>\n<meta property=\"og:locale\" content=\"pt_BR\" \/>\n<meta property=\"og:type\" content=\"article\" \/>\n<meta property=\"og:title\" content=\"Quais s\u00e3o as propriedades curativas da batata?\" \/>\n<meta property=\"og:description\" content=\"Entenda os benef\u00edcios da batata para sua alimenta\u00e7\u00e3o, especialmente se consumida todos os dias.\" \/>\n<meta property=\"og:url\" content=\"https:\/\/www.correiobraziliense.com.br\/cbradar\/quais-sao-as-propriedades-curativas-da-batata\/\" \/>\n<meta property=\"og:site_name\" content=\"Correio Braziliense - Radar\" \/>\n<meta property=\"article:published_time\" content=\"2025-07-10T19:00:00+00:00\" \/>\n<meta property=\"og:image\" content=\"https:\/\/www.correiobraziliense.com.br\/cbradar\/wp-content\/uploads\/2025\/07\/batata-inglesa_1752172619458.jpg\" \/>\n\t<meta property=\"og:image:width\" content=\"1280\" \/>\n\t<meta property=\"og:image:height\" content=\"720\" \/>\n\t<meta property=\"og:image:type\" content=\"image\/jpeg\" \/>\n<meta name=\"author\" content=\"Larissa Carvalho\" \/>\n<meta name=\"twitter:card\" content=\"summary_large_image\" \/>\n<meta name=\"twitter:label1\" content=\"Escrito por\" \/>\n\t<meta name=\"twitter:data1\" content=\"Larissa Carvalho\" \/>\n\t<meta name=\"twitter:label2\" content=\"Est. tempo de leitura\" \/>\n\t<meta name=\"twitter:data2\" content=\"3 minutos\" \/>\n<!-- \/ Yoast SEO plugin. -->","yoast_head_json":{"title":"Quais s\u00e3o as propriedades curativas da batata?","description":"Entenda os benef\u00edcios da batata para sua alimenta\u00e7\u00e3o, especialmente se consumida todos os dias.","robots":{"index":"index","follow":"follow","max-snippet":"max-snippet:-1","max-image-preview":"max-image-preview:large","max-video-preview":"max-video-preview:-1"},"canonical":"https:\/\/www.correiobraziliense.com.br\/cbradar\/quais-sao-as-propriedades-curativas-da-batata\/","og_locale":"pt_BR","og_type":"article","og_title":"Quais s\u00e3o as propriedades curativas da batata?","og_description":"Entenda os benef\u00edcios da batata para sua alimenta\u00e7\u00e3o, especialmente se consumida todos os dias.","og_url":"https:\/\/www.correiobraziliense.com.br\/cbradar\/quais-sao-as-propriedades-curativas-da-batata\/","og_site_name":"Correio Braziliense - Radar","article_published_time":"2025-07-10T19:00:00+00:00","og_image":[{"width":1280,"height":720,"url":"https:\/\/www.correiobraziliense.com.br\/cbradar\/wp-content\/uploads\/2025\/07\/batata-inglesa_1752172619458.jpg","type":"image\/jpeg"}],"author":"Larissa Carvalho","twitter_card":"summary_large_image","twitter_misc":{"Escrito por":"Larissa Carvalho","Est. tempo de leitura":"3 minutos"},"schema":{"@context":"https:\/\/schema.org","@graph":[{"@type":"WebPage","@id":"https:\/\/www.correiobraziliense.com.br\/cbradar\/quais-sao-as-propriedades-curativas-da-batata\/","url":"https:\/\/www.correiobraziliense.com.br\/cbradar\/quais-sao-as-propriedades-curativas-da-batata\/","name":"Quais s\u00e3o as propriedades curativas da batata?","isPartOf":{"@id":"https:\/\/www.correiobraziliense.com.br\/cbradar\/#website"},"primaryImageOfPage":{"@id":"https:\/\/www.correiobraziliense.com.br\/cbradar\/quais-sao-as-propriedades-curativas-da-batata\/#primaryimage"},"image":{"@id":"https:\/\/www.correiobraziliense.com.br\/cbradar\/quais-sao-as-propriedades-curativas-da-batata\/#primaryimage"},"thumbnailUrl":"https:\/\/www.correiobraziliense.com.br\/cbradar\/wp-content\/uploads\/2025\/07\/batata-inglesa_1752172619458.jpg","datePublished":"2025-07-10T19:00:00+00:00","author":{"@id":"https:\/\/www.correiobraziliense.com.br\/cbradar\/#\/schema\/person\/58422787644df994b53a19d3e56c1513"},"description":"Entenda os benef\u00edcios da batata para sua alimenta\u00e7\u00e3o, especialmente se consumida todos os dias.","breadcrumb":{"@id":"https:\/\/www.correiobraziliense.com.br\/cbradar\/quais-sao-as-propriedades-curativas-da-batata\/#breadcrumb"},"inLanguage":"pt-BR","potentialAction":[{"@type":"ReadAction","target":["https:\/\/www.correiobraziliense.com.br\/cbradar\/quais-sao-as-propriedades-curativas-da-batata\/"]}]},{"@type":"ImageObject","inLanguage":"pt-BR","@id":"https:\/\/www.correiobraziliense.com.br\/cbradar\/quais-sao-as-propriedades-curativas-da-batata\/#primaryimage","url":"https:\/\/www.correiobraziliense.com.br\/cbradar\/wp-content\/uploads\/2025\/07\/batata-inglesa_1752172619458.jpg","contentUrl":"https:\/\/www.correiobraziliense.com.br\/cbradar\/wp-content\/uploads\/2025\/07\/batata-inglesa_1752172619458.jpg","width":1280,"height":720,"caption":"batata inglesa. Cr\u00e9ditos: depositphotos.com \/ mahlebashieva.yahoo.com"},{"@type":"BreadcrumbList","@id":"https:\/\/www.correiobraziliense.com.br\/cbradar\/quais-sao-as-propriedades-curativas-da-batata\/#breadcrumb","itemListElement":[{"@type":"ListItem","position":1,"name":"In\u00edcio","item":"https:\/\/www.correiobraziliense.com.br\/cbradar\/"},{"@type":"ListItem","position":2,"name":"Quais s\u00e3o as propriedades curativas da batata?"}]},{"@type":"WebSite","@id":"https:\/\/www.correiobraziliense.com.br\/cbradar\/#website","url":"https:\/\/www.correiobraziliense.com.br\/cbradar\/","name":"Correio Braziliense - Radar","description":"Acompanhe as \u00faltimas not\u00edcias e fique bem informado sobre tudo o que acontece no Brasil e no mundo.","potentialAction":[{"@type":"SearchAction","target":{"@type":"EntryPoint","urlTemplate":"https:\/\/www.correiobraziliense.com.br\/cbradar\/?s={search_term_string}"},"query-input":{"@type":"PropertyValueSpecification","valueRequired":true,"valueName":"search_term_string"}}],"inLanguage":"pt-BR"},{"@type":"Person","@id":"https:\/\/www.correiobraziliense.com.br\/cbradar\/#\/schema\/person\/58422787644df994b53a19d3e56c1513","name":"Larissa Carvalho","image":{"@type":"ImageObject","inLanguage":"pt-BR","@id":"https:\/\/www.correiobraziliense.com.br\/cbradar\/#\/schema\/person\/image\/","url":"https:\/\/secure.gravatar.com\/avatar\/fe4f91a0de32b52a838d0d612abdc1aa?s=96&d=mm&r=g","contentUrl":"https:\/\/secure.gravatar.com\/avatar\/fe4f91a0de32b52a838d0d612abdc1aa?s=96&d=mm&r=g","caption":"Larissa Carvalho"},"url":"https:\/\/www.correiobraziliense.com.br\/cbradar\/author\/larissamyth\/"}]}},"_links":{"self":[{"href":"https:\/\/www.correiobraziliense.com.br\/cbradar\/wp-json\/wp\/v2\/posts\/67481","targetHints":{"allow":["GET"]}}],"collection":[{"href":"https:\/\/www.correiobraziliense.com.br\/cbradar\/wp-json\/wp\/v2\/posts"}],"about":[{"href":"https:\/\/www.correiobraziliense.com.br\/cbradar\/wp-json\/wp\/v2\/types\/post"}],"author":[{"embeddable":true,"href":"https:\/\/www.correiobraziliense.com.br\/cbradar\/wp-json\/wp\/v2\/users\/3"}],"replies":[{"embeddable":true,"href":"https:\/\/www.correiobraziliense.com.br\/cbradar\/wp-json\/wp\/v2\/comments?post=67481"}],"version-history":[{"count":3,"href":"https:\/\/www.correiobraziliense.com.br\/cbradar\/wp-json\/wp\/v2\/posts\/67481\/revisions"}],"predecessor-version":[{"id":67487,"href":"https:\/\/www.correiobraziliense.com.br\/cbradar\/wp-json\/wp\/v2\/posts\/67481\/revisions\/67487"}],"wp:featuredmedia":[{"embeddable":true,"href":"https:\/\/www.correiobraziliense.com.br\/cbradar\/wp-json\/wp\/v2\/media\/67482"}],"wp:attachment":[{"href":"https:\/\/www.correiobraziliense.com.br\/cbradar\/wp-json\/wp\/v2\/media?parent=67481"}],"wp:term":[{"taxonomy":"category","embeddable":true,"href":"https:\/\/www.correiobraziliense.com.br\/cbradar\/wp-json\/wp\/v2\/categories?post=67481"},{"taxonomy":"post_tag","embeddable":true,"href":"https:\/\/www.correiobraziliense.com.br\/cbradar\/wp-json\/wp\/v2\/post_tag?post=67481"}],"curies":[{"name":"wp","href":"https:\/\/api.w.org\/{rel}","templated":true}]}}