{"id":67498,"date":"2025-07-11T14:23:00","date_gmt":"2025-07-11T17:23:00","guid":{"rendered":"https:\/\/www.correiobraziliense.com.br\/cbradar\/?p=67498"},"modified":"2025-07-10T16:09:37","modified_gmt":"2025-07-10T19:09:37","slug":"por-que-voce-nao-sai-de-um-emprego-ruim-segundo-a-psicologia","status":"publish","type":"post","link":"https:\/\/www.correiobraziliense.com.br\/cbradar\/por-que-voce-nao-sai-de-um-emprego-ruim-segundo-a-psicologia\/","title":{"rendered":"Por que voc\u00ea n\u00e3o sai de um emprego ruim, segundo a psicologia"},"content":{"rendered":"\n<p>Trabalhar em um ambiente de alta rotatividade pode oferecer desafios significativos para aqueles que permanecem em seus <strong>Empregos <\/strong>por um longo tempo. O foco geralmente \u00e9 dado para aqueles que buscam novas oportunidades ou enfrentam dificuldades em seus trabalhos, mas pouca aten\u00e7\u00e3o \u00e9 conferida aos impactos sentidos por aqueles que escolhem permanecer. Este artigo busca explorar as <a href=\"https:\/\/www.correiobraziliense.com.br\/cbradar\/diabeticos-podem-comer-frutas-saiba-quais\/\" target=\"_blank\" rel=\"noreferrer noopener\">experi\u00eancias <\/a>dos empregados que ficam, com destaque para a invisibilidade percebida e os impactos psicol\u00f3gicos envolvidos.<\/p>\n\n\n\n<h2 class=\"wp-block-heading\">O que significa ser invis\u00edvel no ambiente de trabalho?<\/h2>\n\n\n\n<p>No contexto corporativo, funcion\u00e1rios que permanecem por longos per\u00edodos podem tornar-se &#8220;invis\u00edveis&#8221;. Enquanto novos colaboradores s\u00e3o recebidos com entusiasmo e despedidas s\u00e3o marcadas por cerim\u00f4nias de despedida, aqueles que permanecem recebem pouca aten\u00e7\u00e3o ou reconhecimento cont\u00ednuo.<\/p>\n\n\n\n<p>Essa invisibilidade pode ter consequ\u00eancias emocionais significativas, segundo especialistas em comportamento organizacional. O sentimento de desvaloriza\u00e7\u00e3o pode se acumular ao longo do tempo, levando a uma condi\u00e7\u00e3o que a psic\u00f3loga Pauline Boss descreve como perda amb\u00edgua. Este tipo de luto n\u00e3o resolvido resulta de aus\u00eancias n\u00e3o dram\u00e1ticas, mas persistentes, que levam \u00e0 exaust\u00e3o mental e emocional.<\/p>\n\n\n\n<h2 class=\"wp-block-heading\">S\u00edndrome do sobrevivente: um desafio para quem permanece<\/h2>\n\n\n\n<p>A &#8220;s\u00edndrome do sobrevivente&#8221; \u00e9 um termo psicol\u00f3gico frequentemente associado a pessoas que permanecem ap\u00f3s demiss\u00f5es em massa ou reestrutura\u00e7\u00f5es. No entanto, esse fen\u00f4meno tamb\u00e9m pode ocorrer em situa\u00e7\u00f5es de rotatividade comum, onde ver os colegas progredirem cria um espa\u00e7o de arrependimento ou d\u00favida.<\/p>\n\n\n\n<p>A quest\u00e3o do &#8220;e se&#8221; come\u00e7a a predominar: ser\u00e1 que ficou o tempo certo nesse emprego? Esse sentimento de d\u00favida pode ser exacerbado quando a pessoa percebe que a mem\u00f3ria organizacional est\u00e1 se perdendo, enquanto ela continua a operar em sistemas que os novos membros desconhecem.<\/p>\n\n\n\n<h2 class=\"wp-block-heading\">Como encontrar prop\u00f3sito novamente?<\/h2>\n\n\n\n<p>Permanecer em um emprego ruim n\u00e3o deve ser um ato passivo, mas muitas vezes se torna quando n\u00e3o revisitamos nossas raz\u00f5es para continuar. Encontrar um novo prop\u00f3sito pode ser facilitado por estruturas como a teoria do fluxo de Mihaly Csikszentmihalyi, onde um estado de profundo engajamento \u00e9 atingido quando os desafios est\u00e3o \u00e0 altura das habilidades.<\/p>\n\n\n\n<figure class=\"wp-block-image aligncenter size-large\"><img decoding=\"async\" width=\"1024\" height=\"576\" src=\"https:\/\/www.correiobraziliense.com.br\/cbradar\/wp-content\/uploads\/2025\/05\/idoso-trabalho_1747234622170-1024x576.jpg\" alt=\"\" class=\"wp-image-36784\" srcset=\"https:\/\/www.correiobraziliense.com.br\/cbradar\/wp-content\/uploads\/2025\/05\/idoso-trabalho_1747234622170-1024x576.jpg 1024w, https:\/\/www.correiobraziliense.com.br\/cbradar\/wp-content\/uploads\/2025\/05\/idoso-trabalho_1747234622170-300x169.jpg 300w, https:\/\/www.correiobraziliense.com.br\/cbradar\/wp-content\/uploads\/2025\/05\/idoso-trabalho_1747234622170-768x432.jpg 768w, https:\/\/www.correiobraziliense.com.br\/cbradar\/wp-content\/uploads\/2025\/05\/idoso-trabalho_1747234622170-750x422.jpg 750w, https:\/\/www.correiobraziliense.com.br\/cbradar\/wp-content\/uploads\/2025\/05\/idoso-trabalho_1747234622170-1140x641.jpg 1140w, https:\/\/www.correiobraziliense.com.br\/cbradar\/wp-content\/uploads\/2025\/05\/idoso-trabalho_1747234622170.jpg 1280w\" sizes=\"(max-width: 1024px) 100vw, 1024px\" \/><figcaption class=\"wp-element-caption\">Trabalho &#8211; Cr\u00e9ditos: depositphotos.com \/ NatashaFedorova\n\n<\/figcaption><\/figure>\n\n\n\n<p>Ao longo do tempo, o desafio \u00e9 essencial para evitar que o trabalho se torne excessivamente familiar e rotineiro. A introdu\u00e7\u00e3o de novas responsabilidades, mentoria de novos colaboradores ou redefini\u00e7\u00e3o de pap\u00e9is s\u00e3o formas de reavivar o engajamento e tornar a experi\u00eancia significativa.<\/p>\n\n\n\n<h2 class=\"wp-block-heading\">Quando \u00e9 hora de partir?<\/h2>\n\n\n\n<p>Por vezes, continuar em um emprego ruim deixa de ser ben\u00e9fico, mesmo com os melhores esfor\u00e7os para encontrar significado em suas fun\u00e7\u00f5es. Quando o contrato <a href=\"https:\/\/www.gov.br\/saude\/pt-br\" target=\"_blank\" rel=\"noreferrer noopener\">psicol\u00f3gico<\/a>, ou a expectativa entre o que se d\u00e1 e o que se recebe, parece quebrado, seguir adiante pode ser a decis\u00e3o mais honesta.<\/p>\n\n\n\n<p>Essa escolha n\u00e3o apaga a contribui\u00e7\u00e3o j\u00e1 feita, mas reconhece que Empregos e pessoas evoluem, e que a adapta\u00e7\u00e3o pode ser a resposta mais adequada. Permanecer ou partir n\u00e3o deve ser uma decis\u00e3o de desespero, mas de consci\u00eancia, onde autoestima e clareza psicol\u00f3gica s\u00e3o fundamentais.<\/p>\n\n\n\n<p>Portanto, a decis\u00e3o de ficar em um cen\u00e1rio de alta rotatividade deve ser baseada na inten\u00e7\u00e3o e no desejo de adapta\u00e7\u00e3o. Compreender e redefinir seu papel, ao mesmo tempo que reconhece as pr\u00f3prias necessidades pessoais e profissionais, pode transformar a perman\u00eancia em um ato de inten\u00e7\u00e3o e n\u00e3o de estagna\u00e7\u00e3o.<\/p>\n\n\n<a href=\"https:\/\/www.instagram.com\/dra.annaluisabf\/\" target=\"_blank\" rel=\"noopener\" style=\"text-decoration: none; color: inherit;\">\n    <span style=\"display: inline-block; border: 1px solid #ccc; border-radius: 10px; padding: 15px; max-width: 550px; font-family: sans-serif; box-shadow: 0 2px 5px rgba(0,0,0,0.1); width: 100%;\">\n\n      <!-- T\u00edtulo -->\n      <span style=\"display: block; margin: 0 0 15px 0; font-weight: bold; color: #2c3e50; text-align: center;\">\n        Entre em contato:\n      <\/span>\n\n      <!-- Linha do perfil -->\n      <span style=\"display: flex; align-items: center; gap: 15px;\">\n        <img decoding=\"async\"\n          src=\"https:\/\/www.correiobraziliense.com.br\/cbradar\/wp-content\/uploads\/2025\/08\/dra_anna_luisa.jpeg\"\n          alt=\"Foto da Dra. Anna Lu\u00edsa\"\n          style=\"border-radius: 50%; width: 80px; height: 80px; object-fit: cover;\"\n        \/>\n        <span style=\"display: flex; flex-direction: column;\">\n          <span style=\"font-size: 18px; font-weight: 700; color: #2c3e50;\">Dra. Anna Lu\u00edsa Barbosa Fernandes<\/span>\n          <span style=\"color: #555;\">CRM-GO 33.271<\/span>\n        <\/span>\n      <\/span>\n\n      <!-- Redes -->\n      <span style=\"display: flex; align-items: center; gap: 10px; margin-top: 12px;\">\n        <img decoding=\"async\" src=\"https:\/\/cdn-icons-png.flaticon.com\/24\/1384\/1384063.png\" alt=\"Instagram\" width=\"24\" height=\"24\" \/>\n        <span style=\"text-decoration: underline; color: #2c3e50;\">@dra.annaluisabf<\/span>\n      <\/span>\n\n    <\/span>\n  <\/a>","protected":false},"excerpt":{"rendered":"<p>Trabalhar em um ambiente de alta rotatividade pode oferecer desafios significativos para aqueles que permanecem em seus Empregos por um longo tempo. O foco geralmente \u00e9 dado para aqueles que buscam novas oportunidades ou enfrentam dificuldades em seus trabalhos, mas pouca aten\u00e7\u00e3o \u00e9 conferida aos impactos sentidos por aqueles que escolhem permanecer. Este artigo busca [&hellip;]<\/p>\n","protected":false},"author":14,"featured_media":67499,"comment_status":"open","ping_status":"open","sticky":false,"template":"","format":"standard","meta":{"_yoast_wpseo_focuskw":"Empregos","_yoast_wpseo_title":"","_yoast_wpseo_metadesc":"Quem fica tamb\u00e9m sente. Veja como a perman\u00eancia em um emprego inst\u00e1vel afeta autoestima, prop\u00f3sito e sa\u00fade mental.","jnews-multi-image_gallery":[],"jnews_single_post":{"format":"standard"},"jnews_primary_category":[],"jnews_social_meta":[],"jnews_override_counter":[],"footnotes":""},"categories":[4404],"tags":[344,7989,405],"class_list":["post-67498","post","type-post","status-publish","format-standard","has-post-thumbnail","hentry","category-saude","tag-carreira","tag-rotatividade","tag-saude-mental"],"yoast_head":"<!-- This site is optimized with the Yoast SEO plugin v24.6 - https:\/\/yoast.com\/wordpress\/plugins\/seo\/ -->\n<title>Por que voc\u00ea n\u00e3o sai de um emprego ruim, segundo a psicologia - Correio Braziliense - Radar<\/title>\n<meta name=\"description\" content=\"Quem fica tamb\u00e9m sente. Veja como a perman\u00eancia em um emprego inst\u00e1vel afeta autoestima, prop\u00f3sito e sa\u00fade mental.\" \/>\n<meta name=\"robots\" content=\"index, follow, max-snippet:-1, max-image-preview:large, max-video-preview:-1\" \/>\n<link rel=\"canonical\" href=\"https:\/\/www.correiobraziliense.com.br\/cbradar\/por-que-voce-nao-sai-de-um-emprego-ruim-segundo-a-psicologia\/\" \/>\n<meta property=\"og:locale\" content=\"pt_BR\" \/>\n<meta property=\"og:type\" content=\"article\" \/>\n<meta property=\"og:title\" content=\"Por que voc\u00ea n\u00e3o sai de um emprego ruim, segundo a psicologia - Correio Braziliense - Radar\" \/>\n<meta property=\"og:description\" content=\"Quem fica tamb\u00e9m sente. Veja como a perman\u00eancia em um emprego inst\u00e1vel afeta autoestima, prop\u00f3sito e sa\u00fade mental.\" \/>\n<meta property=\"og:url\" content=\"https:\/\/www.correiobraziliense.com.br\/cbradar\/por-que-voce-nao-sai-de-um-emprego-ruim-segundo-a-psicologia\/\" \/>\n<meta property=\"og:site_name\" content=\"Correio Braziliense - Radar\" \/>\n<meta property=\"article:published_time\" content=\"2025-07-11T17:23:00+00:00\" \/>\n<meta property=\"og:image\" content=\"https:\/\/www.correiobraziliense.com.br\/cbradar\/wp-content\/uploads\/2025\/07\/trabalho-ruim_1752174521553.jpg\" \/>\n\t<meta property=\"og:image:width\" content=\"1280\" \/>\n\t<meta property=\"og:image:height\" content=\"720\" \/>\n\t<meta property=\"og:image:type\" content=\"image\/jpeg\" \/>\n<meta name=\"author\" content=\"guilherme_saude\" \/>\n<meta name=\"twitter:card\" content=\"summary_large_image\" \/>\n<meta name=\"twitter:label1\" content=\"Escrito por\" \/>\n\t<meta name=\"twitter:data1\" content=\"guilherme_saude\" \/>\n\t<meta name=\"twitter:label2\" content=\"Est. tempo de leitura\" \/>\n\t<meta name=\"twitter:data2\" content=\"4 minutos\" \/>\n<!-- \/ Yoast SEO plugin. -->","yoast_head_json":{"title":"Por que voc\u00ea n\u00e3o sai de um emprego ruim, segundo a psicologia - Correio Braziliense - Radar","description":"Quem fica tamb\u00e9m sente. Veja como a perman\u00eancia em um emprego inst\u00e1vel afeta autoestima, prop\u00f3sito e sa\u00fade mental.","robots":{"index":"index","follow":"follow","max-snippet":"max-snippet:-1","max-image-preview":"max-image-preview:large","max-video-preview":"max-video-preview:-1"},"canonical":"https:\/\/www.correiobraziliense.com.br\/cbradar\/por-que-voce-nao-sai-de-um-emprego-ruim-segundo-a-psicologia\/","og_locale":"pt_BR","og_type":"article","og_title":"Por que voc\u00ea n\u00e3o sai de um emprego ruim, segundo a psicologia - Correio Braziliense - Radar","og_description":"Quem fica tamb\u00e9m sente. Veja como a perman\u00eancia em um emprego inst\u00e1vel afeta autoestima, prop\u00f3sito e sa\u00fade mental.","og_url":"https:\/\/www.correiobraziliense.com.br\/cbradar\/por-que-voce-nao-sai-de-um-emprego-ruim-segundo-a-psicologia\/","og_site_name":"Correio Braziliense - Radar","article_published_time":"2025-07-11T17:23:00+00:00","og_image":[{"width":1280,"height":720,"url":"https:\/\/www.correiobraziliense.com.br\/cbradar\/wp-content\/uploads\/2025\/07\/trabalho-ruim_1752174521553.jpg","type":"image\/jpeg"}],"author":"guilherme_saude","twitter_card":"summary_large_image","twitter_misc":{"Escrito por":"guilherme_saude","Est. tempo de leitura":"4 minutos"},"schema":{"@context":"https:\/\/schema.org","@graph":[{"@type":"WebPage","@id":"https:\/\/www.correiobraziliense.com.br\/cbradar\/por-que-voce-nao-sai-de-um-emprego-ruim-segundo-a-psicologia\/","url":"https:\/\/www.correiobraziliense.com.br\/cbradar\/por-que-voce-nao-sai-de-um-emprego-ruim-segundo-a-psicologia\/","name":"Por que voc\u00ea n\u00e3o sai de um emprego ruim, segundo a psicologia - Correio Braziliense - Radar","isPartOf":{"@id":"https:\/\/www.correiobraziliense.com.br\/cbradar\/#website"},"primaryImageOfPage":{"@id":"https:\/\/www.correiobraziliense.com.br\/cbradar\/por-que-voce-nao-sai-de-um-emprego-ruim-segundo-a-psicologia\/#primaryimage"},"image":{"@id":"https:\/\/www.correiobraziliense.com.br\/cbradar\/por-que-voce-nao-sai-de-um-emprego-ruim-segundo-a-psicologia\/#primaryimage"},"thumbnailUrl":"https:\/\/www.correiobraziliense.com.br\/cbradar\/wp-content\/uploads\/2025\/07\/trabalho-ruim_1752174521553.jpg","datePublished":"2025-07-11T17:23:00+00:00","author":{"@id":"https:\/\/www.correiobraziliense.com.br\/cbradar\/#\/schema\/person\/5aa4bf3c8fa699c267933611de12978b"},"description":"Quem fica tamb\u00e9m sente. Veja como a perman\u00eancia em um emprego inst\u00e1vel afeta autoestima, prop\u00f3sito e sa\u00fade mental.","breadcrumb":{"@id":"https:\/\/www.correiobraziliense.com.br\/cbradar\/por-que-voce-nao-sai-de-um-emprego-ruim-segundo-a-psicologia\/#breadcrumb"},"inLanguage":"pt-BR","potentialAction":[{"@type":"ReadAction","target":["https:\/\/www.correiobraziliense.com.br\/cbradar\/por-que-voce-nao-sai-de-um-emprego-ruim-segundo-a-psicologia\/"]}]},{"@type":"ImageObject","inLanguage":"pt-BR","@id":"https:\/\/www.correiobraziliense.com.br\/cbradar\/por-que-voce-nao-sai-de-um-emprego-ruim-segundo-a-psicologia\/#primaryimage","url":"https:\/\/www.correiobraziliense.com.br\/cbradar\/wp-content\/uploads\/2025\/07\/trabalho-ruim_1752174521553.jpg","contentUrl":"https:\/\/www.correiobraziliense.com.br\/cbradar\/wp-content\/uploads\/2025\/07\/trabalho-ruim_1752174521553.jpg","width":1280,"height":720,"caption":"Trabalho - Cr\u00e9ditos: depositphotos.com \/ alphaspirit"},{"@type":"BreadcrumbList","@id":"https:\/\/www.correiobraziliense.com.br\/cbradar\/por-que-voce-nao-sai-de-um-emprego-ruim-segundo-a-psicologia\/#breadcrumb","itemListElement":[{"@type":"ListItem","position":1,"name":"In\u00edcio","item":"https:\/\/www.correiobraziliense.com.br\/cbradar\/"},{"@type":"ListItem","position":2,"name":"Por que voc\u00ea n\u00e3o sai de um emprego ruim, segundo a psicologia"}]},{"@type":"WebSite","@id":"https:\/\/www.correiobraziliense.com.br\/cbradar\/#website","url":"https:\/\/www.correiobraziliense.com.br\/cbradar\/","name":"Correio Braziliense - Radar","description":"Acompanhe as \u00faltimas not\u00edcias e fique bem informado sobre tudo o que acontece no Brasil e no mundo.","potentialAction":[{"@type":"SearchAction","target":{"@type":"EntryPoint","urlTemplate":"https:\/\/www.correiobraziliense.com.br\/cbradar\/?s={search_term_string}"},"query-input":{"@type":"PropertyValueSpecification","valueRequired":true,"valueName":"search_term_string"}}],"inLanguage":"pt-BR"},{"@type":"Person","@id":"https:\/\/www.correiobraziliense.com.br\/cbradar\/#\/schema\/person\/5aa4bf3c8fa699c267933611de12978b","name":"guilherme_saude","image":{"@type":"ImageObject","inLanguage":"pt-BR","@id":"https:\/\/www.correiobraziliense.com.br\/cbradar\/#\/schema\/person\/image\/","url":"https:\/\/secure.gravatar.com\/avatar\/df9adfb835d344bc0af109d41756253f?s=96&d=mm&r=g","contentUrl":"https:\/\/secure.gravatar.com\/avatar\/df9adfb835d344bc0af109d41756253f?s=96&d=mm&r=g","caption":"guilherme_saude"},"url":"https:\/\/www.correiobraziliense.com.br\/cbradar\/author\/guilherme_saude\/"}]}},"_links":{"self":[{"href":"https:\/\/www.correiobraziliense.com.br\/cbradar\/wp-json\/wp\/v2\/posts\/67498","targetHints":{"allow":["GET"]}}],"collection":[{"href":"https:\/\/www.correiobraziliense.com.br\/cbradar\/wp-json\/wp\/v2\/posts"}],"about":[{"href":"https:\/\/www.correiobraziliense.com.br\/cbradar\/wp-json\/wp\/v2\/types\/post"}],"author":[{"embeddable":true,"href":"https:\/\/www.correiobraziliense.com.br\/cbradar\/wp-json\/wp\/v2\/users\/14"}],"replies":[{"embeddable":true,"href":"https:\/\/www.correiobraziliense.com.br\/cbradar\/wp-json\/wp\/v2\/comments?post=67498"}],"version-history":[{"count":1,"href":"https:\/\/www.correiobraziliense.com.br\/cbradar\/wp-json\/wp\/v2\/posts\/67498\/revisions"}],"predecessor-version":[{"id":67500,"href":"https:\/\/www.correiobraziliense.com.br\/cbradar\/wp-json\/wp\/v2\/posts\/67498\/revisions\/67500"}],"wp:featuredmedia":[{"embeddable":true,"href":"https:\/\/www.correiobraziliense.com.br\/cbradar\/wp-json\/wp\/v2\/media\/67499"}],"wp:attachment":[{"href":"https:\/\/www.correiobraziliense.com.br\/cbradar\/wp-json\/wp\/v2\/media?parent=67498"}],"wp:term":[{"taxonomy":"category","embeddable":true,"href":"https:\/\/www.correiobraziliense.com.br\/cbradar\/wp-json\/wp\/v2\/categories?post=67498"},{"taxonomy":"post_tag","embeddable":true,"href":"https:\/\/www.correiobraziliense.com.br\/cbradar\/wp-json\/wp\/v2\/tags?post=67498"}],"curies":[{"name":"wp","href":"https:\/\/api.w.org\/{rel}","templated":true}]}}