{"id":67605,"date":"2025-07-10T19:20:00","date_gmt":"2025-07-10T22:20:00","guid":{"rendered":"https:\/\/www.correiobraziliense.com.br\/cbradar\/?p=67605"},"modified":"2025-07-10T19:12:01","modified_gmt":"2025-07-10T22:12:01","slug":"mamifero-predador-latino-americano-que-era-considerado-extinto-ha-40-anos-reapareceu-confira","status":"publish","type":"post","link":"https:\/\/www.correiobraziliense.com.br\/cbradar\/mamifero-predador-latino-americano-que-era-considerado-extinto-ha-40-anos-reapareceu-confira\/","title":{"rendered":"Mam\u00edfero predador latino-americano que era considerado extinto h\u00e1 40 anos reapareceu, confira"},"content":{"rendered":"\n<p>Em <strong>2025<\/strong>, uma not\u00edcia surpreendente ganhou destaque no cen\u00e1rio ambiental: a reapari\u00e7\u00e3o da <strong>lontra gigante<\/strong> na <strong>Argentina<\/strong>, ap\u00f3s quase quarenta anos sem registros desse animal no pa\u00eds. Considerada extinta nacionalmente desde 1986, essa esp\u00e9cie emblem\u00e1tica foi novamente avistada no <strong>Gran Parque Iber\u00e1<\/strong>, situado na prov\u00edncia de <strong>Corrientes<\/strong>. A longevidade deste mist\u00e9rio refor\u00e7a o quanto a biodiversidade global ainda reserva surpresas ao campo da biologia e conserva\u00e7\u00e3o.<\/p>\n\n\n\n<p>O retorno da <strong>lontra gigante<\/strong>, tamb\u00e9m chamada de lobo do rio, n\u00e3o aconteceu por acaso. Gra\u00e7as a um projeto de reintrodu\u00e7\u00e3o pioneiro, uma fam\u00edlia composta por quatro indiv\u00edduos foi solta em seu habitat natural dentro do parque argentino. O evento marca um marco para a ci\u00eancia e a preserva\u00e7\u00e3o ambiental, j\u00e1 que restabelecer popula\u00e7\u00f5es de animais amea\u00e7ados exige planejamento e coopera\u00e7\u00e3o entre diversas institui\u00e7\u00f5es.<\/p>\n\n\n\n<h2 class=\"wp-block-heading\">Quais s\u00e3o as principais caracter\u00edsticas da lontra gigante?<\/h2>\n\n\n\n<p>A <strong>lontra gigante<\/strong> (Pteronura brasiliensis) pertence \u00e0 fam\u00edlia dos mustel\u00eddeos e \u00e9 reconhecida por ser o maior representante dessa linhagem na <strong>Am\u00e9rica do Sul<\/strong>. <strong>Atingindo at\u00e9 1,8 metro de comprimento e pesando mais de 30 quilos, possui pelagem marrom escura e uma mancha clara e caracter\u00edstica na garganta, al\u00e9m de bigodes sens\u00edveis, essenciais para detectar movimentos de peixes em \u00e1guas turvas.<\/strong><\/p>\n\n\n\n<p>Este mam\u00edfero possui h\u00e1bitos sociais acentuados, formando grupos com cerca de cinco a dez indiv\u00edduos. <strong>A vida \u00e9 majoritariamente aqu\u00e1tica, com adapta\u00e7\u00f5es anat\u00f4micas \u2013 como patas palmadas e pelagem imperme\u00e1vel \u2013 que facilitam a nata\u00e7\u00e3o e a ca\u00e7a.<\/strong> <strong>Sua dieta \u00e9 composta principalmente por peixes, tornando a esp\u00e9cie um importante predador nos ecossistemas onde reside.<\/strong><\/p>\n\n\n\n<p>Entre as singularidades desse animal, destacam-se:<\/p>\n\n\n\n<ul class=\"wp-block-list\">\n<li><strong>Habitat preferencial:<\/strong> margens de rios, lagoas e \u00e1reas alagadas de florestas tropicais.<\/li>\n\n\n\n<li><strong>Comportamento social:<\/strong> vivem em bandos est\u00e1veis, o que favorece a prote\u00e7\u00e3o de filhotes.<\/li>\n\n\n\n<li><strong>Ninhos:<\/strong> tocas escavadas nas margens onde descansam e criam seus filhotes.<\/li>\n\n\n\n<li><strong>Comunica\u00e7\u00e3o:<\/strong> uso de sons e sinais visuais sofisticados dentro do grupo.<\/li>\n<\/ul>\n\n\n\n<h2 class=\"wp-block-heading\">Por que a lontra gigante ficou amea\u00e7ada e quais desafios enfrenta atualmente?<\/h2>\n\n\n\n<p><strong>A extin\u00e7\u00e3o local da lontra gigante na Argentina foi resultado de m\u00faltiplos fatores.<\/strong> D\u00e9cadas atr\u00e1s, a ca\u00e7a desenfreada para obten\u00e7\u00e3o de sua valiosa pele fez com que as popula\u00e7\u00f5es fossem drasticamente reduzidas em toda a <strong>Am\u00e9rica do Sul<\/strong>. Al\u00e9m disso, a degrada\u00e7\u00e3o de habitats devido ao desmatamento, polui\u00e7\u00e3o e expans\u00e3o agr\u00edcola agravaram a vulnerabilidade da esp\u00e9cie.<\/p>\n\n\n\n<p>Nas \u00faltimas d\u00e9cadas, mesmo com leis que proibem a ca\u00e7a, outros riscos surgiram, como o aumento do tr\u00e2nsito de doen\u00e7as entre esp\u00e9cies silvestres e dom\u00e9sticas. <strong>Entre as amea\u00e7as modernas, destacam-se:<\/strong><\/p>\n\n\n\n<ol class=\"wp-block-list\">\n<li><strong>Perda de habitat:<\/strong> desmatamento de \u00e1reas ribeirinhas e contamina\u00e7\u00e3o dos corpos d\u2019\u00e1gua.<\/li>\n\n\n\n<li><strong>Pesca excessiva:<\/strong> redu\u00e7\u00e3o das presas naturais dispon\u00edveis devido \u00e0 sobrepesca humana.<\/li>\n\n\n\n<li><strong>Introdu\u00e7\u00e3o de esp\u00e9cies invasoras:<\/strong> que podem competir por alimento ou expandir doen\u00e7as.<\/li>\n\n\n\n<li><strong>Dist\u00farbios humanos:<\/strong> turismo descontrolado e urbaniza\u00e7\u00e3o nas margens de rios.<\/li>\n<\/ol>\n\n\n\n<figure class=\"wp-block-image size-large\"><img decoding=\"async\" width=\"1024\" height=\"576\" src=\"https:\/\/www.correiobraziliense.com.br\/cbradar\/wp-content\/uploads\/2025\/07\/lontra_1752185498534-1024x576.jpg\" alt=\"Mam\u00edfero predador latino-americano que era considerado extinto h\u00e1 40 anos reapareceu, confira\" class=\"wp-image-67611\" srcset=\"https:\/\/www.correiobraziliense.com.br\/cbradar\/wp-content\/uploads\/2025\/07\/lontra_1752185498534-1024x576.jpg 1024w, https:\/\/www.correiobraziliense.com.br\/cbradar\/wp-content\/uploads\/2025\/07\/lontra_1752185498534-300x169.jpg 300w, https:\/\/www.correiobraziliense.com.br\/cbradar\/wp-content\/uploads\/2025\/07\/lontra_1752185498534-768x432.jpg 768w, https:\/\/www.correiobraziliense.com.br\/cbradar\/wp-content\/uploads\/2025\/07\/lontra_1752185498534-750x422.jpg 750w, https:\/\/www.correiobraziliense.com.br\/cbradar\/wp-content\/uploads\/2025\/07\/lontra_1752185498534-1140x641.jpg 1140w, https:\/\/www.correiobraziliense.com.br\/cbradar\/wp-content\/uploads\/2025\/07\/lontra_1752185498534.jpg 1280w\" sizes=\"(max-width: 1024px) 100vw, 1024px\" \/><figcaption class=\"wp-element-caption\">lontra. Cr\u00e9ditos: depositphotos.com \/ Clivia<\/figcaption><\/figure>\n\n\n\n<h2 class=\"wp-block-heading\">Como ocorreu a redescoberta da lontra gigante no Gran Parque Iber\u00e1?<\/h2>\n\n\n\n<p><strong>No in\u00edcio de 2025, a iniciativa liderada por entidades de conserva\u00e7\u00e3o e organiza\u00e7\u00f5es internacionais resultou na reintrodu\u00e7\u00e3o de uma fam\u00edlia de lontras gigantes no Gran Parque Iber\u00e1.<\/strong> O grupo era composto por uma f\u00eamea proveniente de um zool\u00f3gico espanhol, um macho vindo da <strong>Dinamarca<\/strong> e dois filhotes nascidos j\u00e1 em solo argentino no final de 2024. <strong>A escolha do Parque Iber\u00e1 n\u00e3o foi aleat\u00f3ria: seus mais de 750 mil hectares de \u00e1reas \u00famidas oferecem as condi\u00e7\u00f5es ideais e seguras para a sobreviv\u00eancia destes animais.<\/strong><\/p>\n\n\n\n<p>Com o retorno da esp\u00e9cie a um dos principais ecossistemas aqu\u00e1ticos do pa\u00eds, <strong>esperam-se benef\u00edcios not\u00e1veis, tanto para a biodiversidade quanto para o turismo ecol\u00f3gico.<\/strong> Segundo especialistas, <strong>a presen\u00e7a da lontra gigante significa o reequil\u00edbrio do ambiente, com regula\u00e7\u00e3o natural das popula\u00e7\u00f5es de peixes e outros componentes da cadeia alimentar.<\/strong> Al\u00e9m disso, o avistamento desses animais pode fomentar o desenvolvimento sustent\u00e1vel das comunidades locais, atrav\u00e9s do incentivo ao turismo de observa\u00e7\u00e3o da vida selvagem.<\/p>\n\n\n\n<h2 class=\"wp-block-heading\">Qual a previs\u00e3o para o futuro da lontra gigante na Argentina?<\/h2>\n\n\n\n<p><strong>O sucesso dessa reintrodu\u00e7\u00e3o no Gran Parque Iber\u00e1 representa o in\u00edcio de novas tentativas de resgate da esp\u00e9cie em outras regi\u00f5es do pa\u00eds, como o Chaco.<\/strong> O objetivo n\u00e3o \u00e9 apenas o aumento populacional, mas a reconex\u00e3o entre grupos isolados, garantindo a diversidade gen\u00e9tica e a resili\u00eancia da esp\u00e9cie. <strong>A agenda de conserva\u00e7\u00e3o prev\u00ea a continuidade de monitoramento, prote\u00e7\u00e3o rigorosa das \u00e1reas naturais e educa\u00e7\u00e3o ambiental voltada para a import\u00e2ncia da lontra como parte essencial dos ecossistemas aqu\u00e1ticos sul-americanos.<\/strong><\/p>\n\n\n\n<p><strong>O ressurgimento da lontra gigante nos ambientes naturais da Argentina demonstra, principalmente, a efic\u00e1cia dos esfor\u00e7os de conserva\u00e7\u00e3o e o potencial de recupera\u00e7\u00e3o da fauna quando h\u00e1 compromisso coletivo.<\/strong> <strong>A esp\u00e9cie volta a ocupar seu papel de predador topo da cadeia alimentar, favorecendo o equil\u00edbrio ecol\u00f3gico e tornando-se s\u00edmbolo da persist\u00eancia e complexidade da natureza sul-americana.<\/strong><\/p>\n","protected":false},"excerpt":{"rendered":"<p>Ap\u00f3s quase 40 anos, a lontra gigante ressurge na Argentina. Um marco para a conserva\u00e7\u00e3o e a biologia, com desafios e esperan\u00e7as para o futuro.<\/p>\n","protected":false},"author":3,"featured_media":67610,"comment_status":"open","ping_status":"open","sticky":false,"template":"","format":"standard","meta":{"_yoast_wpseo_focuskw":"mam\u00edfero extinto reaparece","_yoast_wpseo_title":"%%title%%","_yoast_wpseo_metadesc":"Ap\u00f3s quase 40 anos, a lontra gigante ressurge na Argentina. Um marco para a conserva\u00e7\u00e3o e a biologia, com desafios e esperan\u00e7as para o futuro.","jnews-multi-image_gallery":[],"jnews_single_post":{"format":"standard"},"jnews_primary_category":[],"jnews_social_meta":[],"jnews_override_counter":[],"footnotes":""},"categories":[112],"post_tag":[230,144],"class_list":["post-67605","post","type-post","status-publish","format-standard","has-post-thumbnail","hentry","category-curiosidades","tag-animais","tag-curiosidades"],"yoast_head":"<!-- This site is optimized with the Yoast SEO plugin v24.6 - https:\/\/yoast.com\/wordpress\/plugins\/seo\/ -->\n<title>Mam\u00edfero predador latino-americano que era considerado extinto h\u00e1 40 anos reapareceu, confira<\/title>\n<meta name=\"description\" content=\"Ap\u00f3s quase 40 anos, a lontra gigante ressurge na Argentina. Um marco para a conserva\u00e7\u00e3o e a biologia, com desafios e esperan\u00e7as para o futuro.\" \/>\n<meta name=\"robots\" content=\"index, follow, max-snippet:-1, max-image-preview:large, max-video-preview:-1\" \/>\n<link rel=\"canonical\" href=\"https:\/\/www.correiobraziliense.com.br\/cbradar\/mamifero-predador-latino-americano-que-era-considerado-extinto-ha-40-anos-reapareceu-confira\/\" \/>\n<meta property=\"og:locale\" content=\"pt_BR\" \/>\n<meta property=\"og:type\" content=\"article\" \/>\n<meta property=\"og:title\" content=\"Mam\u00edfero predador latino-americano que era considerado extinto h\u00e1 40 anos reapareceu, confira\" \/>\n<meta property=\"og:description\" content=\"Ap\u00f3s quase 40 anos, a lontra gigante ressurge na Argentina. Um marco para a conserva\u00e7\u00e3o e a biologia, com desafios e esperan\u00e7as para o futuro.\" \/>\n<meta property=\"og:url\" content=\"https:\/\/www.correiobraziliense.com.br\/cbradar\/mamifero-predador-latino-americano-que-era-considerado-extinto-ha-40-anos-reapareceu-confira\/\" \/>\n<meta property=\"og:site_name\" content=\"Correio Braziliense - Radar\" \/>\n<meta property=\"article:published_time\" content=\"2025-07-10T22:20:00+00:00\" \/>\n<meta property=\"og:image\" content=\"https:\/\/www.correiobraziliense.com.br\/cbradar\/wp-content\/uploads\/2025\/07\/lontra_1752185476390.jpg\" \/>\n\t<meta property=\"og:image:width\" content=\"1280\" \/>\n\t<meta property=\"og:image:height\" content=\"720\" \/>\n\t<meta property=\"og:image:type\" content=\"image\/jpeg\" \/>\n<meta name=\"author\" content=\"Larissa Carvalho\" \/>\n<meta name=\"twitter:card\" content=\"summary_large_image\" \/>\n<meta name=\"twitter:label1\" content=\"Escrito por\" \/>\n\t<meta name=\"twitter:data1\" content=\"Larissa Carvalho\" \/>\n\t<meta name=\"twitter:label2\" content=\"Est. tempo de leitura\" \/>\n\t<meta name=\"twitter:data2\" content=\"5 minutos\" \/>\n<!-- \/ Yoast SEO plugin. -->","yoast_head_json":{"title":"Mam\u00edfero predador latino-americano que era considerado extinto h\u00e1 40 anos reapareceu, confira","description":"Ap\u00f3s quase 40 anos, a lontra gigante ressurge na Argentina. Um marco para a conserva\u00e7\u00e3o e a biologia, com desafios e esperan\u00e7as para o futuro.","robots":{"index":"index","follow":"follow","max-snippet":"max-snippet:-1","max-image-preview":"max-image-preview:large","max-video-preview":"max-video-preview:-1"},"canonical":"https:\/\/www.correiobraziliense.com.br\/cbradar\/mamifero-predador-latino-americano-que-era-considerado-extinto-ha-40-anos-reapareceu-confira\/","og_locale":"pt_BR","og_type":"article","og_title":"Mam\u00edfero predador latino-americano que era considerado extinto h\u00e1 40 anos reapareceu, confira","og_description":"Ap\u00f3s quase 40 anos, a lontra gigante ressurge na Argentina. Um marco para a conserva\u00e7\u00e3o e a biologia, com desafios e esperan\u00e7as para o futuro.","og_url":"https:\/\/www.correiobraziliense.com.br\/cbradar\/mamifero-predador-latino-americano-que-era-considerado-extinto-ha-40-anos-reapareceu-confira\/","og_site_name":"Correio Braziliense - Radar","article_published_time":"2025-07-10T22:20:00+00:00","og_image":[{"width":1280,"height":720,"url":"https:\/\/www.correiobraziliense.com.br\/cbradar\/wp-content\/uploads\/2025\/07\/lontra_1752185476390.jpg","type":"image\/jpeg"}],"author":"Larissa Carvalho","twitter_card":"summary_large_image","twitter_misc":{"Escrito por":"Larissa Carvalho","Est. tempo de leitura":"5 minutos"},"schema":{"@context":"https:\/\/schema.org","@graph":[{"@type":"WebPage","@id":"https:\/\/www.correiobraziliense.com.br\/cbradar\/mamifero-predador-latino-americano-que-era-considerado-extinto-ha-40-anos-reapareceu-confira\/","url":"https:\/\/www.correiobraziliense.com.br\/cbradar\/mamifero-predador-latino-americano-que-era-considerado-extinto-ha-40-anos-reapareceu-confira\/","name":"Mam\u00edfero predador latino-americano que era considerado extinto h\u00e1 40 anos reapareceu, confira","isPartOf":{"@id":"https:\/\/www.correiobraziliense.com.br\/cbradar\/#website"},"primaryImageOfPage":{"@id":"https:\/\/www.correiobraziliense.com.br\/cbradar\/mamifero-predador-latino-americano-que-era-considerado-extinto-ha-40-anos-reapareceu-confira\/#primaryimage"},"image":{"@id":"https:\/\/www.correiobraziliense.com.br\/cbradar\/mamifero-predador-latino-americano-que-era-considerado-extinto-ha-40-anos-reapareceu-confira\/#primaryimage"},"thumbnailUrl":"https:\/\/www.correiobraziliense.com.br\/cbradar\/wp-content\/uploads\/2025\/07\/lontra_1752185476390.jpg","datePublished":"2025-07-10T22:20:00+00:00","author":{"@id":"https:\/\/www.correiobraziliense.com.br\/cbradar\/#\/schema\/person\/58422787644df994b53a19d3e56c1513"},"description":"Ap\u00f3s quase 40 anos, a lontra gigante ressurge na Argentina. Um marco para a conserva\u00e7\u00e3o e a biologia, com desafios e esperan\u00e7as para o futuro.","breadcrumb":{"@id":"https:\/\/www.correiobraziliense.com.br\/cbradar\/mamifero-predador-latino-americano-que-era-considerado-extinto-ha-40-anos-reapareceu-confira\/#breadcrumb"},"inLanguage":"pt-BR","potentialAction":[{"@type":"ReadAction","target":["https:\/\/www.correiobraziliense.com.br\/cbradar\/mamifero-predador-latino-americano-que-era-considerado-extinto-ha-40-anos-reapareceu-confira\/"]}]},{"@type":"ImageObject","inLanguage":"pt-BR","@id":"https:\/\/www.correiobraziliense.com.br\/cbradar\/mamifero-predador-latino-americano-que-era-considerado-extinto-ha-40-anos-reapareceu-confira\/#primaryimage","url":"https:\/\/www.correiobraziliense.com.br\/cbradar\/wp-content\/uploads\/2025\/07\/lontra_1752185476390.jpg","contentUrl":"https:\/\/www.correiobraziliense.com.br\/cbradar\/wp-content\/uploads\/2025\/07\/lontra_1752185476390.jpg","width":1280,"height":720,"caption":"lontra. Cr\u00e9ditos: depositphotos.com \/ SCOOPERDIGITAL"},{"@type":"BreadcrumbList","@id":"https:\/\/www.correiobraziliense.com.br\/cbradar\/mamifero-predador-latino-americano-que-era-considerado-extinto-ha-40-anos-reapareceu-confira\/#breadcrumb","itemListElement":[{"@type":"ListItem","position":1,"name":"In\u00edcio","item":"https:\/\/www.correiobraziliense.com.br\/cbradar\/"},{"@type":"ListItem","position":2,"name":"Mam\u00edfero predador latino-americano que era considerado extinto h\u00e1 40 anos reapareceu, confira"}]},{"@type":"WebSite","@id":"https:\/\/www.correiobraziliense.com.br\/cbradar\/#website","url":"https:\/\/www.correiobraziliense.com.br\/cbradar\/","name":"Correio Braziliense - Radar","description":"Acompanhe as \u00faltimas not\u00edcias e fique bem informado sobre tudo o que acontece no Brasil e no mundo.","potentialAction":[{"@type":"SearchAction","target":{"@type":"EntryPoint","urlTemplate":"https:\/\/www.correiobraziliense.com.br\/cbradar\/?s={search_term_string}"},"query-input":{"@type":"PropertyValueSpecification","valueRequired":true,"valueName":"search_term_string"}}],"inLanguage":"pt-BR"},{"@type":"Person","@id":"https:\/\/www.correiobraziliense.com.br\/cbradar\/#\/schema\/person\/58422787644df994b53a19d3e56c1513","name":"Larissa Carvalho","image":{"@type":"ImageObject","inLanguage":"pt-BR","@id":"https:\/\/www.correiobraziliense.com.br\/cbradar\/#\/schema\/person\/image\/","url":"https:\/\/secure.gravatar.com\/avatar\/fe4f91a0de32b52a838d0d612abdc1aa?s=96&d=mm&r=g","contentUrl":"https:\/\/secure.gravatar.com\/avatar\/fe4f91a0de32b52a838d0d612abdc1aa?s=96&d=mm&r=g","caption":"Larissa Carvalho"},"url":"https:\/\/www.correiobraziliense.com.br\/cbradar\/author\/larissamyth\/"}]}},"_links":{"self":[{"href":"https:\/\/www.correiobraziliense.com.br\/cbradar\/wp-json\/wp\/v2\/posts\/67605","targetHints":{"allow":["GET"]}}],"collection":[{"href":"https:\/\/www.correiobraziliense.com.br\/cbradar\/wp-json\/wp\/v2\/posts"}],"about":[{"href":"https:\/\/www.correiobraziliense.com.br\/cbradar\/wp-json\/wp\/v2\/types\/post"}],"author":[{"embeddable":true,"href":"https:\/\/www.correiobraziliense.com.br\/cbradar\/wp-json\/wp\/v2\/users\/3"}],"replies":[{"embeddable":true,"href":"https:\/\/www.correiobraziliense.com.br\/cbradar\/wp-json\/wp\/v2\/comments?post=67605"}],"version-history":[{"count":2,"href":"https:\/\/www.correiobraziliense.com.br\/cbradar\/wp-json\/wp\/v2\/posts\/67605\/revisions"}],"predecessor-version":[{"id":67613,"href":"https:\/\/www.correiobraziliense.com.br\/cbradar\/wp-json\/wp\/v2\/posts\/67605\/revisions\/67613"}],"wp:featuredmedia":[{"embeddable":true,"href":"https:\/\/www.correiobraziliense.com.br\/cbradar\/wp-json\/wp\/v2\/media\/67610"}],"wp:attachment":[{"href":"https:\/\/www.correiobraziliense.com.br\/cbradar\/wp-json\/wp\/v2\/media?parent=67605"}],"wp:term":[{"taxonomy":"category","embeddable":true,"href":"https:\/\/www.correiobraziliense.com.br\/cbradar\/wp-json\/wp\/v2\/categories?post=67605"},{"taxonomy":"post_tag","embeddable":true,"href":"https:\/\/www.correiobraziliense.com.br\/cbradar\/wp-json\/wp\/v2\/post_tag?post=67605"}],"curies":[{"name":"wp","href":"https:\/\/api.w.org\/{rel}","templated":true}]}}