{"id":67646,"date":"2025-07-11T20:33:00","date_gmt":"2025-07-11T23:33:00","guid":{"rendered":"https:\/\/www.correiobraziliense.com.br\/cbradar\/?p=67646"},"modified":"2025-07-10T19:46:42","modified_gmt":"2025-07-10T22:46:42","slug":"o-que-significa-vivenciar-algo-que-voce-ja-sonhou-segundo-a-ciencia","status":"publish","type":"post","link":"https:\/\/www.correiobraziliense.com.br\/cbradar\/o-que-significa-vivenciar-algo-que-voce-ja-sonhou-segundo-a-ciencia\/","title":{"rendered":"O que significa vivenciar algo que voc\u00ea j\u00e1 sonhou, segundo a ci\u00eancia"},"content":{"rendered":"\n<p>A experi\u00eancia dos sonhos acompanha a humanidade desde os primeiros registros hist\u00f3ricos. Diariamente, milh\u00f5es adormecem e entram em um universo de imagens, emo\u00e7\u00f5es e hist\u00f3rias que, por vezes, permanecem na mem\u00f3ria ou se dissipam rapidamente ao acordar. Entre os v\u00e1rios fen\u00f4menos ligados \u00e0 atividade on\u00edrica, o <strong>d\u00e9j\u00e0 r\u00eav\u00e9<\/strong> desperta interesse crescente por sua particularidade. Diferente da sensa\u00e7\u00e3o de j\u00e1 ter vivido algo, o <strong>d\u00e9j\u00e0 r\u00eav\u00e9<\/strong> se refere \u00e0 impress\u00e3o v\u00edvida de j\u00e1 ter sonhado com certa situa\u00e7\u00e3o antes dela ocorrer na vida real.<\/p>\n\n\n\n<p>Com origem no franc\u00eas e significado literal de \u201cj\u00e1 sonhado\u201d, o termo destaca uma conex\u00e3o direta entre o momento presente e um fragmento de mem\u00f3ria advindo do mundo dos sonhos. Embora frequentemente confundido com o <strong>d\u00e9j\u00e0 vu<\/strong>, o <strong>d\u00e9j\u00e0 r\u00eav\u00e9<\/strong> possui distin\u00e7\u00f5es importantes, j\u00e1 que envolve o reconhecimento de lembran\u00e7as espec\u00edficas de sonhos e n\u00e3o apenas da sensa\u00e7\u00e3o de familiaridade sem contexto claro. Esse reconhecimento nem sempre \u00e9 exato, mas costuma ser acompanhado de emo\u00e7\u00e3o intensa e breve.<\/p>\n\n\n\n<h2 class=\"wp-block-heading\">O que diferencia o d\u00e9j\u00e0 r\u00eav\u00e9 do d\u00e9j\u00e0 vu?<\/h2>\n\n\n\n<p><strong>Apesar de ambos terem ra\u00edzes semelhantes na percep\u00e7\u00e3o de familiaridade, o d\u00e9j\u00e0 r\u00eav\u00e9 e o d\u00e9j\u00e0 vu divergem em aspectos fundamentais.<\/strong> No <strong>d\u00e9j\u00e0 vu<\/strong>, a pessoa acredita ter presenciado ou vivido a situa\u00e7\u00e3o anteriormente, mesmo n\u00e3o conseguindo identificar o momento exato. J\u00e1 no <strong>d\u00e9j\u00e0 r\u00eav\u00e9<\/strong>, h\u00e1 a convic\u00e7\u00e3o de que o epis\u00f3dio est\u00e1 ligado a um sonho passado, muitas vezes com recorte de detalhes ou emo\u00e7\u00f5es associadas.<\/p>\n\n\n\n<p>Pesquisas em neuropsicologia apontam que o <strong>d\u00e9j\u00e0 r\u00eav\u00e9<\/strong> pode ocorrer tanto em indiv\u00edduos saud\u00e1veis quanto em pessoas que apresentam quadros neurol\u00f3gicos, como a <strong>epilepsia do lobo temporal<\/strong>. Essa condi\u00e7\u00e3o, pelo est\u00edmulo em \u00e1reas respons\u00e1veis pela mem\u00f3ria e emo\u00e7\u00e3o, facilita o aparecimento dessas lembran\u00e7as on\u00edricas intensas durante experi\u00eancias cotidianas. No entanto, o fen\u00f4meno n\u00e3o est\u00e1 restrito a condi\u00e7\u00f5es m\u00e9dicas, tornando-se objeto de investiga\u00e7\u00e3o sobre o funcionamento da mente humana.<\/p>\n\n\n\n<p>Leia tamb\u00e9m: <a href=\"https:\/\/www.correiobraziliense.com.br\/cbradar\/o-que-significa-falar-sozinho-ou-ate-com-a-parede-segundo-a-psicologia\/\" target=\"_blank\" rel=\"noreferrer noopener\">O que significa falar sozinho ou at\u00e9 com a parede segundo a psicologia<\/a><\/p>\n\n\n\n<h2 class=\"wp-block-heading\">D\u00e9j\u00e0 r\u00eav\u00e9: causas e fatores associados<\/h2>\n\n\n\n<p><strong>Entender por que o d\u00e9j\u00e0 r\u00eav\u00e9 acontece envolve examinar uma s\u00e9rie de fatores que influenciam o c\u00e9rebro e a mem\u00f3ria.<\/strong> Entre as poss\u00edveis causas, destaca-se a ativa\u00e7\u00e3o espont\u00e2nea das recorda\u00e7\u00f5es dos sonhos, o cruzamento entre mem\u00f3rias reais e sonhos, al\u00e9m de altera\u00e7\u00f5es fisiol\u00f3gicas em \u00e1reas cerebrais sensitivas e emocionais. Elementos como <strong>priva\u00e7\u00e3o de sono<\/strong>, alto n\u00edvel de ansiedade ou experi\u00eancias impactantes tamb\u00e9m podem intensificar esse tipo de sensa\u00e7\u00e3o.<\/p>\n\n\n\n<ul class=\"wp-block-list\">\n<li>Ativa\u00e7\u00e3o da mem\u00f3ria on\u00edrica: recorda\u00e7\u00f5es de sonhos recentes podem acessar a consci\u00eancia durante o dia.<\/li>\n\n\n\n<li>Interfer\u00eancia emocional: situa\u00e7\u00f5es de forte impacto emocional tendem a ser associadas a experi\u00eancias anteriores, incluindo sonhos.<\/li>\n\n\n\n<li>Manifesta\u00e7\u00f5es neurol\u00f3gicas: principalmente relacionadas a dist\u00farbios como <strong>epilepsia do lobo temporal<\/strong>, onde epis\u00f3dios de <strong>d\u00e9j\u00e0 r\u00eav\u00e9<\/strong> s\u00e3o mais recorrentes.<\/li>\n\n\n\n<li>Fus\u00e3o de mem\u00f3rias: elementos da vida real misturam-se a fragmentos on\u00edricos, gerando sensa\u00e7\u00e3o de premoni\u00e7\u00e3o.<\/li>\n\n\n\n<li>Estresse e <strong>priva\u00e7\u00e3o de sono<\/strong>: ambos afetam o modo como mem\u00f3rias s\u00e3o consolidadas, o que pode facilitar epis\u00f3dios desse tipo.<\/li>\n<\/ul>\n\n\n\n<figure class=\"wp-block-image size-large\"><img decoding=\"async\" width=\"1024\" height=\"576\" src=\"https:\/\/www.correiobraziliense.com.br\/cbradar\/wp-content\/uploads\/2025\/07\/pessoa-pensativa_1752187515481-1024x576.jpg\" alt=\"O que significa vivenciar algo que voc\u00ea j\u00e1 sonhou, segundo a ci\u00eancia\" class=\"wp-image-67654\" srcset=\"https:\/\/www.correiobraziliense.com.br\/cbradar\/wp-content\/uploads\/2025\/07\/pessoa-pensativa_1752187515481-1024x576.jpg 1024w, https:\/\/www.correiobraziliense.com.br\/cbradar\/wp-content\/uploads\/2025\/07\/pessoa-pensativa_1752187515481-300x169.jpg 300w, https:\/\/www.correiobraziliense.com.br\/cbradar\/wp-content\/uploads\/2025\/07\/pessoa-pensativa_1752187515481-768x432.jpg 768w, https:\/\/www.correiobraziliense.com.br\/cbradar\/wp-content\/uploads\/2025\/07\/pessoa-pensativa_1752187515481-750x422.jpg 750w, https:\/\/www.correiobraziliense.com.br\/cbradar\/wp-content\/uploads\/2025\/07\/pessoa-pensativa_1752187515481-1140x641.jpg 1140w, https:\/\/www.correiobraziliense.com.br\/cbradar\/wp-content\/uploads\/2025\/07\/pessoa-pensativa_1752187515481.jpg 1280w\" sizes=\"(max-width: 1024px) 100vw, 1024px\" \/><figcaption class=\"wp-element-caption\">pessoa pensativa. Cr\u00e9ditos: depositphotos.com \/ HayDmitriy<\/figcaption><\/figure>\n\n\n\n<h2 class=\"wp-block-heading\">Como identificar e lidar com o d\u00e9j\u00e0 r\u00eav\u00e9?<\/h2>\n\n\n\n<p><strong>Reconhecer o d\u00e9j\u00e0 r\u00eav\u00e9 envolve prestar aten\u00e7\u00e3o a sensa\u00e7\u00f5es espec\u00edficas e aos padr\u00f5es de mem\u00f3ria.<\/strong> \u00c9 comum que a pessoa perceba nitidamente que j\u00e1 vivenciou a situa\u00e7\u00e3o durante o sono e, por vezes, se recorde de detalhes que pareciam irrelevantes. O fen\u00f4meno costuma surgir de forma repentina e durar poucos segundos, tornando-se marcante, mas passageiro.<\/p>\n\n\n\n<ol class=\"wp-block-list\">\n<li><strong>Mantenha um di\u00e1rio dos sonhos:<\/strong> Anotar experi\u00eancias ao acordar pode contribuir para reconhecer padr\u00f5es e identificar se situa\u00e7\u00f5es recorrentes acontecem no dia a dia.<\/li>\n\n\n\n<li><strong>Estabele\u00e7a uma rotina de sono:<\/strong> Dormir bem reduz a confus\u00e3o entre experi\u00eancias on\u00edricas e reais.<\/li>\n\n\n\n<li><strong>Busque controle emocional:<\/strong> Pr\u00e1ticas como medita\u00e7\u00e3o e exerc\u00edcios de respira\u00e7\u00e3o ajudam a diminuir epis\u00f3dios relacionados ao estresse.<\/li>\n\n\n\n<li><strong>Evite interpreta\u00e7\u00f5es precipitadas:<\/strong> Embora o <strong>d\u00e9j\u00e0 r\u00eav\u00e9<\/strong> possa parecer um press\u00e1gio, trata-se de um fen\u00f4meno natural do funcionamento cerebral.<\/li>\n\n\n\n<li><strong>Consulte um profissional se necess\u00e1rio:<\/strong> Em casos de repeti\u00e7\u00e3o frequente ou desconforto emocional, um psic\u00f3logo ou neurologista pode orientar a investiga\u00e7\u00e3o apropriada.<\/li>\n<\/ol>\n\n\n\n<h2 class=\"wp-block-heading\">Quais s\u00e3o as principais caracter\u00edsticas do d\u00e9j\u00e0 r\u00eav\u00e9?<\/h2>\n\n\n\n<p><strong>O fen\u00f4meno \u00e9 marcado por alguns tra\u00e7os comuns, reconhecidos por especialistas e pessoas que j\u00e1 passaram pela experi\u00eancia.<\/strong> Dentre eles, destacam-se:<\/p>\n\n\n\n<ul class=\"wp-block-list\">\n<li>Consci\u00eancia do sonho anterior relacionado ao fato presente.<\/li>\n\n\n\n<li>Surge com emo\u00e7\u00f5es intensas, podendo gerar fasc\u00ednio, curiosidade ou estranhamento.<\/li>\n\n\n\n<li>Sensa\u00e7\u00e3o de aviso ou premoni\u00e7\u00e3o, mesmo quando n\u00e3o h\u00e1 base racional.<\/li>\n\n\n\n<li>Dura\u00e7\u00e3o curta, semelhante \u00e0 do <strong>d\u00e9j\u00e0 vu<\/strong>.<\/li>\n\n\n\n<li>Fragmenta\u00e7\u00e3o da lembran\u00e7a, j\u00e1 que dificilmente todo o conte\u00fado do sonho \u00e9 recuperado.<\/li>\n<\/ul>\n\n\n\n<p>O <strong>d\u00e9j\u00e0 r\u00eav\u00e9<\/strong>, portanto, permanece como um campo instigante de estudo e observa\u00e7\u00e3o, seja pela ci\u00eancia, pela psicologia ou pelas experi\u00eancias singulares de cada pessoa. A pr\u00e1tica de registrar sonhos, o cuidado com o sono e a busca de equil\u00edbrio emocional s\u00e3o algumas recomenda\u00e7\u00f5es que podem ajudar a entender melhor esse fen\u00f4meno e integr\u00e1-lo \u00e0 rotina de uma maneira saud\u00e1vel.<\/p>\n","protected":false},"excerpt":{"rendered":"<p>Especialistas revelam as causas, caracter\u00edsticas e estrat\u00e9gias para identificar o d\u00e9j\u00e0 r\u00eav\u00e9. Entenda por que essa experi\u00eancia est\u00e1 ganhando aten\u00e7\u00e3o no Brasil.<\/p>\n","protected":false},"author":3,"featured_media":67649,"comment_status":"open","ping_status":"open","sticky":false,"template":"","format":"standard","meta":{"_yoast_wpseo_focuskw":"vivenciar algo j\u00e1 sonhou","_yoast_wpseo_title":"%%title%%","_yoast_wpseo_metadesc":"Especialistas revelam as causas, caracter\u00edsticas e estrat\u00e9gias para identificar o d\u00e9j\u00e0 r\u00eav\u00e9. Entenda por que essa experi\u00eancia est\u00e1 ganhando aten\u00e7\u00e3o no Brasil.","jnews-multi-image_gallery":[],"jnews_single_post":{"format":"standard"},"jnews_primary_category":[],"jnews_social_meta":[],"jnews_override_counter":[],"footnotes":""},"categories":[112],"post_tag":[144,404],"class_list":["post-67646","post","type-post","status-publish","format-standard","has-post-thumbnail","hentry","category-curiosidades","tag-curiosidades","tag-psicologia"],"yoast_head":"<!-- This site is optimized with the Yoast SEO plugin v24.6 - https:\/\/yoast.com\/wordpress\/plugins\/seo\/ -->\n<title>O que significa vivenciar algo que voc\u00ea j\u00e1 sonhou, segundo a ci\u00eancia<\/title>\n<meta name=\"description\" content=\"Especialistas revelam as causas, caracter\u00edsticas e estrat\u00e9gias para identificar o d\u00e9j\u00e0 r\u00eav\u00e9. Entenda por que essa experi\u00eancia est\u00e1 ganhando aten\u00e7\u00e3o no Brasil.\" \/>\n<meta name=\"robots\" content=\"index, follow, max-snippet:-1, max-image-preview:large, max-video-preview:-1\" \/>\n<link rel=\"canonical\" href=\"https:\/\/www.correiobraziliense.com.br\/cbradar\/o-que-significa-vivenciar-algo-que-voce-ja-sonhou-segundo-a-ciencia\/\" \/>\n<meta property=\"og:locale\" content=\"pt_BR\" \/>\n<meta property=\"og:type\" content=\"article\" \/>\n<meta property=\"og:title\" content=\"O que significa vivenciar algo que voc\u00ea j\u00e1 sonhou, segundo a ci\u00eancia\" \/>\n<meta property=\"og:description\" content=\"Especialistas revelam as causas, caracter\u00edsticas e estrat\u00e9gias para identificar o d\u00e9j\u00e0 r\u00eav\u00e9. Entenda por que essa experi\u00eancia est\u00e1 ganhando aten\u00e7\u00e3o no Brasil.\" \/>\n<meta property=\"og:url\" content=\"https:\/\/www.correiobraziliense.com.br\/cbradar\/o-que-significa-vivenciar-algo-que-voce-ja-sonhou-segundo-a-ciencia\/\" \/>\n<meta property=\"og:site_name\" content=\"Correio Braziliense - Radar\" \/>\n<meta property=\"article:published_time\" content=\"2025-07-11T23:33:00+00:00\" \/>\n<meta property=\"og:image\" content=\"https:\/\/www.correiobraziliense.com.br\/cbradar\/wp-content\/uploads\/2025\/07\/pessoa-pensativa_1752187417559.jpg\" \/>\n\t<meta property=\"og:image:width\" content=\"1280\" \/>\n\t<meta property=\"og:image:height\" content=\"720\" \/>\n\t<meta property=\"og:image:type\" content=\"image\/jpeg\" \/>\n<meta name=\"author\" content=\"Larissa Carvalho\" \/>\n<meta name=\"twitter:card\" content=\"summary_large_image\" \/>\n<meta name=\"twitter:label1\" content=\"Escrito por\" \/>\n\t<meta name=\"twitter:data1\" content=\"Larissa Carvalho\" \/>\n\t<meta name=\"twitter:label2\" content=\"Est. tempo de leitura\" \/>\n\t<meta name=\"twitter:data2\" content=\"5 minutos\" \/>\n<!-- \/ Yoast SEO plugin. -->","yoast_head_json":{"title":"O que significa vivenciar algo que voc\u00ea j\u00e1 sonhou, segundo a ci\u00eancia","description":"Especialistas revelam as causas, caracter\u00edsticas e estrat\u00e9gias para identificar o d\u00e9j\u00e0 r\u00eav\u00e9. Entenda por que essa experi\u00eancia est\u00e1 ganhando aten\u00e7\u00e3o no Brasil.","robots":{"index":"index","follow":"follow","max-snippet":"max-snippet:-1","max-image-preview":"max-image-preview:large","max-video-preview":"max-video-preview:-1"},"canonical":"https:\/\/www.correiobraziliense.com.br\/cbradar\/o-que-significa-vivenciar-algo-que-voce-ja-sonhou-segundo-a-ciencia\/","og_locale":"pt_BR","og_type":"article","og_title":"O que significa vivenciar algo que voc\u00ea j\u00e1 sonhou, segundo a ci\u00eancia","og_description":"Especialistas revelam as causas, caracter\u00edsticas e estrat\u00e9gias para identificar o d\u00e9j\u00e0 r\u00eav\u00e9. Entenda por que essa experi\u00eancia est\u00e1 ganhando aten\u00e7\u00e3o no Brasil.","og_url":"https:\/\/www.correiobraziliense.com.br\/cbradar\/o-que-significa-vivenciar-algo-que-voce-ja-sonhou-segundo-a-ciencia\/","og_site_name":"Correio Braziliense - Radar","article_published_time":"2025-07-11T23:33:00+00:00","og_image":[{"width":1280,"height":720,"url":"https:\/\/www.correiobraziliense.com.br\/cbradar\/wp-content\/uploads\/2025\/07\/pessoa-pensativa_1752187417559.jpg","type":"image\/jpeg"}],"author":"Larissa Carvalho","twitter_card":"summary_large_image","twitter_misc":{"Escrito por":"Larissa Carvalho","Est. tempo de leitura":"5 minutos"},"schema":{"@context":"https:\/\/schema.org","@graph":[{"@type":"WebPage","@id":"https:\/\/www.correiobraziliense.com.br\/cbradar\/o-que-significa-vivenciar-algo-que-voce-ja-sonhou-segundo-a-ciencia\/","url":"https:\/\/www.correiobraziliense.com.br\/cbradar\/o-que-significa-vivenciar-algo-que-voce-ja-sonhou-segundo-a-ciencia\/","name":"O que significa vivenciar algo que voc\u00ea j\u00e1 sonhou, segundo a ci\u00eancia","isPartOf":{"@id":"https:\/\/www.correiobraziliense.com.br\/cbradar\/#website"},"primaryImageOfPage":{"@id":"https:\/\/www.correiobraziliense.com.br\/cbradar\/o-que-significa-vivenciar-algo-que-voce-ja-sonhou-segundo-a-ciencia\/#primaryimage"},"image":{"@id":"https:\/\/www.correiobraziliense.com.br\/cbradar\/o-que-significa-vivenciar-algo-que-voce-ja-sonhou-segundo-a-ciencia\/#primaryimage"},"thumbnailUrl":"https:\/\/www.correiobraziliense.com.br\/cbradar\/wp-content\/uploads\/2025\/07\/pessoa-pensativa_1752187417559.jpg","datePublished":"2025-07-11T23:33:00+00:00","author":{"@id":"https:\/\/www.correiobraziliense.com.br\/cbradar\/#\/schema\/person\/58422787644df994b53a19d3e56c1513"},"description":"Especialistas revelam as causas, caracter\u00edsticas e estrat\u00e9gias para identificar o d\u00e9j\u00e0 r\u00eav\u00e9. Entenda por que essa experi\u00eancia est\u00e1 ganhando aten\u00e7\u00e3o no Brasil.","breadcrumb":{"@id":"https:\/\/www.correiobraziliense.com.br\/cbradar\/o-que-significa-vivenciar-algo-que-voce-ja-sonhou-segundo-a-ciencia\/#breadcrumb"},"inLanguage":"pt-BR","potentialAction":[{"@type":"ReadAction","target":["https:\/\/www.correiobraziliense.com.br\/cbradar\/o-que-significa-vivenciar-algo-que-voce-ja-sonhou-segundo-a-ciencia\/"]}]},{"@type":"ImageObject","inLanguage":"pt-BR","@id":"https:\/\/www.correiobraziliense.com.br\/cbradar\/o-que-significa-vivenciar-algo-que-voce-ja-sonhou-segundo-a-ciencia\/#primaryimage","url":"https:\/\/www.correiobraziliense.com.br\/cbradar\/wp-content\/uploads\/2025\/07\/pessoa-pensativa_1752187417559.jpg","contentUrl":"https:\/\/www.correiobraziliense.com.br\/cbradar\/wp-content\/uploads\/2025\/07\/pessoa-pensativa_1752187417559.jpg","width":1280,"height":720,"caption":"pessoa pensativa. Cr\u00e9ditos: depositphotos.com \/ HayDmitriy"},{"@type":"BreadcrumbList","@id":"https:\/\/www.correiobraziliense.com.br\/cbradar\/o-que-significa-vivenciar-algo-que-voce-ja-sonhou-segundo-a-ciencia\/#breadcrumb","itemListElement":[{"@type":"ListItem","position":1,"name":"In\u00edcio","item":"https:\/\/www.correiobraziliense.com.br\/cbradar\/"},{"@type":"ListItem","position":2,"name":"O que significa vivenciar algo que voc\u00ea j\u00e1 sonhou, segundo a ci\u00eancia"}]},{"@type":"WebSite","@id":"https:\/\/www.correiobraziliense.com.br\/cbradar\/#website","url":"https:\/\/www.correiobraziliense.com.br\/cbradar\/","name":"Correio Braziliense - Radar","description":"Acompanhe as \u00faltimas not\u00edcias e fique bem informado sobre tudo o que acontece no Brasil e no mundo.","potentialAction":[{"@type":"SearchAction","target":{"@type":"EntryPoint","urlTemplate":"https:\/\/www.correiobraziliense.com.br\/cbradar\/?s={search_term_string}"},"query-input":{"@type":"PropertyValueSpecification","valueRequired":true,"valueName":"search_term_string"}}],"inLanguage":"pt-BR"},{"@type":"Person","@id":"https:\/\/www.correiobraziliense.com.br\/cbradar\/#\/schema\/person\/58422787644df994b53a19d3e56c1513","name":"Larissa Carvalho","image":{"@type":"ImageObject","inLanguage":"pt-BR","@id":"https:\/\/www.correiobraziliense.com.br\/cbradar\/#\/schema\/person\/image\/","url":"https:\/\/secure.gravatar.com\/avatar\/fe4f91a0de32b52a838d0d612abdc1aa?s=96&d=mm&r=g","contentUrl":"https:\/\/secure.gravatar.com\/avatar\/fe4f91a0de32b52a838d0d612abdc1aa?s=96&d=mm&r=g","caption":"Larissa Carvalho"},"url":"https:\/\/www.correiobraziliense.com.br\/cbradar\/author\/larissamyth\/"}]}},"_links":{"self":[{"href":"https:\/\/www.correiobraziliense.com.br\/cbradar\/wp-json\/wp\/v2\/posts\/67646","targetHints":{"allow":["GET"]}}],"collection":[{"href":"https:\/\/www.correiobraziliense.com.br\/cbradar\/wp-json\/wp\/v2\/posts"}],"about":[{"href":"https:\/\/www.correiobraziliense.com.br\/cbradar\/wp-json\/wp\/v2\/types\/post"}],"author":[{"embeddable":true,"href":"https:\/\/www.correiobraziliense.com.br\/cbradar\/wp-json\/wp\/v2\/users\/3"}],"replies":[{"embeddable":true,"href":"https:\/\/www.correiobraziliense.com.br\/cbradar\/wp-json\/wp\/v2\/comments?post=67646"}],"version-history":[{"count":2,"href":"https:\/\/www.correiobraziliense.com.br\/cbradar\/wp-json\/wp\/v2\/posts\/67646\/revisions"}],"predecessor-version":[{"id":67657,"href":"https:\/\/www.correiobraziliense.com.br\/cbradar\/wp-json\/wp\/v2\/posts\/67646\/revisions\/67657"}],"wp:featuredmedia":[{"embeddable":true,"href":"https:\/\/www.correiobraziliense.com.br\/cbradar\/wp-json\/wp\/v2\/media\/67649"}],"wp:attachment":[{"href":"https:\/\/www.correiobraziliense.com.br\/cbradar\/wp-json\/wp\/v2\/media?parent=67646"}],"wp:term":[{"taxonomy":"category","embeddable":true,"href":"https:\/\/www.correiobraziliense.com.br\/cbradar\/wp-json\/wp\/v2\/categories?post=67646"},{"taxonomy":"post_tag","embeddable":true,"href":"https:\/\/www.correiobraziliense.com.br\/cbradar\/wp-json\/wp\/v2\/post_tag?post=67646"}],"curies":[{"name":"wp","href":"https:\/\/api.w.org\/{rel}","templated":true}]}}