{"id":6767,"date":"2025-02-28T11:59:00","date_gmt":"2025-02-28T14:59:00","guid":{"rendered":"https:\/\/www.correiobraziliense.com.br\/cbradar\/?p=6767"},"modified":"2025-02-28T05:02:41","modified_gmt":"2025-02-28T08:02:41","slug":"cidade-no-brasil-ganha-o-1-lugar-de-melhor-destino-turistico","status":"publish","type":"post","link":"https:\/\/www.correiobraziliense.com.br\/cbradar\/cidade-no-brasil-ganha-o-1-lugar-de-melhor-destino-turistico\/","title":{"rendered":"Cidade no Brasil Ganha o 1\u00ba lugar de MELHOR destino tur\u00edstico!"},"content":{"rendered":"\n<p>Localizada no nordeste do Brasil, Macei\u00f3, a capital de Alagoas, vem se destacando como um destino tur\u00edstico de import\u00e2ncia crescente. Suas praias paradis\u00edacas e \u00e1guas azul-turquesa atraem visitantes em busca de beleza natural e tranquilidade. Reconhecida recentemente como uma das melhores cidades para se visitar no pa\u00eds, Macei\u00f3 tem ampliado sua reputa\u00e7\u00e3o tanto nacional quanto internacionalmente.<\/p>\n\n\n\n<p>A hist\u00f3ria da cidade, fortemente influenciada pela antiga ind\u00fastria a\u00e7ucareira, ainda reverbera em sua cultura, arquitetura e tradi\u00e7\u00f5es locais. Essas caracter\u00edsticas proporcionam aos turistas uma experi\u00eancia rica e diversa, combinando elementos hist\u00f3ricos com a vibrante cultura nordestina.<\/p>\n\n\n\n<h2 class=\"wp-block-heading\">Quais Inova\u00e7\u00f5es Macei\u00f3 Tem Oferecido aos Visitantes?<\/h2>\n\n\n\n<p>Nos \u00faltimos anos, <a href=\"https:\/\/maceio.al.gov.br\/noticias\/semtur\/maceio-ganha-titulo-de-melhor-cidade-do-pais-em-premiacao-promovida-por-publicacao-de-turismo\" target=\"_blank\" rel=\"noopener\">Macei\u00f3<\/a> tem investido consideravelmente em infraestrutura e atra\u00e7\u00f5es tur\u00edsticas para receber melhor seus visitantes. As j\u00e1 famosas praias de Macei\u00f3 passaram a contar com novidades que complementam suas belezas naturais, com destaque para a roda-gigante na orla de Paju\u00e7ara, que oferece uma vista panor\u00e2mica e encantadora da regi\u00e3o.<\/p>\n\n\n\n<p>Outra atra\u00e7\u00e3o que tem chamado a aten\u00e7\u00e3o \u00e9 a imensa cadeira na praia de Ponta Verde. Projetadas para tornar a visita a Macei\u00f3 ainda mais inesquec\u00edvel, essas instala\u00e7\u00f5es tamb\u00e9m visam atender ao p\u00fablico moderno em busca de experi\u00eancias compartilh\u00e1veis nas redes sociais.<\/p>\n\n\n\n<figure class=\"wp-block-gallery has-nested-images columns-default is-cropped wp-block-gallery-1 is-layout-flex wp-block-gallery-is-layout-flex\">\n<figure class=\"wp-block-image size-large\"><img decoding=\"async\" width=\"1024\" height=\"576\" data-id=\"6773\" src=\"https:\/\/www.correiobraziliense.com.br\/cbradar\/wp-content\/uploads\/2025\/02\/maceio_1740662011125-1024x576.jpg\" alt=\"Maceio - Cr\u00e9ditos: depositphotos.com \/ losak.napior\" class=\"wp-image-6773\" srcset=\"https:\/\/www.correiobraziliense.com.br\/cbradar\/wp-content\/uploads\/2025\/02\/maceio_1740662011125-1024x576.jpg 1024w, https:\/\/www.correiobraziliense.com.br\/cbradar\/wp-content\/uploads\/2025\/02\/maceio_1740662011125-300x169.jpg 300w, https:\/\/www.correiobraziliense.com.br\/cbradar\/wp-content\/uploads\/2025\/02\/maceio_1740662011125-768x432.jpg 768w, https:\/\/www.correiobraziliense.com.br\/cbradar\/wp-content\/uploads\/2025\/02\/maceio_1740662011125-750x422.jpg 750w, https:\/\/www.correiobraziliense.com.br\/cbradar\/wp-content\/uploads\/2025\/02\/maceio_1740662011125-1140x641.jpg 1140w, https:\/\/www.correiobraziliense.com.br\/cbradar\/wp-content\/uploads\/2025\/02\/maceio_1740662011125.jpg 1280w\" sizes=\"(max-width: 1024px) 100vw, 1024px\" \/><figcaption class=\"wp-element-caption\">Maceio &#8211; Cr\u00e9ditos: depositphotos.com \/ losak.napior<\/figcaption><\/figure>\n<\/figure>\n\n\n\n<h2 class=\"wp-block-heading\">Como Macei\u00f3 Revitaliza Suas \u00c1reas Hist\u00f3ricas?<\/h2>\n\n\n\n<p>Al\u00e9m das inova\u00e7\u00f5es tur\u00edsticas, Macei\u00f3 tem se esfor\u00e7ado para preservar sua hist\u00f3ria por meio da revitaliza\u00e7\u00e3o de \u00e1reas importantes. Exemplos not\u00e1veis incluem a renova\u00e7\u00e3o da regi\u00e3o portu\u00e1ria e o desenvolvimento da orla de Jaragu\u00e1. Estas iniciativas n\u00e3o apenas resgatam a hist\u00f3ria local, mas tamb\u00e9m promovem um ambiente urbano mais moderno e acess\u00edvel.<\/p>\n\n\n\n<p>A conjuga\u00e7\u00e3o de tradi\u00e7\u00e3o e modernidade busca criar uma identidade \u00fanica para Macei\u00f3, garantindo que a cidade mantenha sua relev\u00e2ncia e atratividade frente \u00e0s transforma\u00e7\u00f5es do mercado tur\u00edstico.<\/p>\n\n\n\n<h2 class=\"wp-block-heading\">Riqueza Cultural e Gastron\u00f4mica de Macei\u00f3<\/h2>\n\n\n\n<p>A cultura de Macei\u00f3 \u00e9 um dos seus principais atrativos, oferecendo aos turistas uma ampla gama de experi\u00eancias culturais e gastron\u00f4micas. A culin\u00e1ria local, caracterizada por pratos de frutos do mar frescos e saborosos, \u00e9 uma das mais apreciadas por quem visita a cidade.<\/p>\n\n\n\n<p>Com eventos gastron\u00f4micos e festivais, Macei\u00f3 celebra sua cultura culin\u00e1ria enquanto amplia as op\u00e7\u00f5es de lazer e entretenimento. Essas iniciativas tamb\u00e9m fortalecem o turismo cultural e promovem o engajamento com a comunidade local.<\/p>\n\n\n\n<h2 class=\"wp-block-heading\">Macei\u00f3: Um Destino Ecol\u00f3gico e Sustent\u00e1vel<\/h2>\n\n\n\n<p>Macei\u00f3, al\u00e9m de suas belas praias e rica hist\u00f3ria cultural, \u00e9 tamb\u00e9m um destino ideal para os amantes do ecoturismo. A cidade oferece diversas op\u00e7\u00f5es de passeios ecol\u00f3gicos, como trilhas pela Mata Atl\u00e2ntica, visitas a reservas naturais e passeios de barco pelos manguezais. Essas atividades permitem aos visitantes um contato mais pr\u00f3ximo com a natureza, promovendo a conscientiza\u00e7\u00e3o ambiental e a preserva\u00e7\u00e3o dos ecossistemas locais.<\/p>\n\n\n\n<p>Al\u00e9m disso, Macei\u00f3 tem se destacado na implementa\u00e7\u00e3o de pr\u00e1ticas de turismo sustent\u00e1vel, visando minimizar o impacto ambiental e garantir a conserva\u00e7\u00e3o de suas belezas naturais para as futuras gera\u00e7\u00f5es.<\/p>\n\n\n\n<h2 class=\"wp-block-heading\">Macei\u00f3: Um Futuro Promissor no Turismo<\/h2>\n\n\n\n<p>\u00c0 medida que Macei\u00f3 continua a inovar e cativar seus visitantes, a cidade se afirma como um destino que promete ser inesquec\u00edvel. A combina\u00e7\u00e3o entre modernidade e tradi\u00e7\u00e3o cultural assegura experi\u00eancias \u00fanicas e marcantes, perpetuando seu atrativo para turistas de todas as partes. Com a vis\u00e3o voltada para o futuro, Macei\u00f3 trabalha constantemente para se consolidar como um dos destinos tur\u00edsticos mais destacados do Brasil.<\/p>\n","protected":false},"excerpt":{"rendered":"<p>Localizada no nordeste do Brasil, Macei\u00f3, a capital de Alagoas, vem se destacando como um destino tur\u00edstico de import\u00e2ncia crescente. Suas praias paradis\u00edacas e \u00e1guas azul-turquesa atraem visitantes em busca de beleza natural e tranquilidade.<\/p>\n","protected":false},"author":4,"featured_media":6772,"comment_status":"open","ping_status":"open","sticky":false,"template":"","format":"standard","meta":{"_yoast_wpseo_focuskw":"Macei\u00f3","_yoast_wpseo_title":"","_yoast_wpseo_metadesc":"Localizada no nordeste do Brasil, Macei\u00f3, a capital de Alagoas, vem se destacando como um destino tur\u00edstico de import\u00e2ncia crescente.","jnews-multi-image_gallery":[],"jnews_single_post":{"format":"standard"},"jnews_primary_category":[],"jnews_social_meta":[],"jnews_override_counter":[],"footnotes":""},"categories":[108,111],"tags":[1222,1223,320,861,315],"class_list":["post-6767","post","type-post","status-publish","format-standard","has-post-thumbnail","hentry","category-cidades","category-turismo","tag-ecoturismo","tag-gastronomia","tag-historia","tag-praias","tag-turismo"],"yoast_head":"<!-- This site is optimized with the Yoast SEO plugin v24.6 - https:\/\/yoast.com\/wordpress\/plugins\/seo\/ -->\n<title>Cidade no Brasil Ganha o 1\u00ba lugar de MELHOR destino tur\u00edstico! - Correio Braziliense - Radar<\/title>\n<meta name=\"description\" content=\"Localizada no nordeste do Brasil, Macei\u00f3, a capital de Alagoas, vem se destacando como um destino tur\u00edstico de import\u00e2ncia crescente.\" \/>\n<meta name=\"robots\" content=\"index, follow, max-snippet:-1, max-image-preview:large, max-video-preview:-1\" \/>\n<link rel=\"canonical\" href=\"https:\/\/www.correiobraziliense.com.br\/cbradar\/cidade-no-brasil-ganha-o-1-lugar-de-melhor-destino-turistico\/\" \/>\n<meta property=\"og:locale\" content=\"pt_BR\" \/>\n<meta property=\"og:type\" content=\"article\" \/>\n<meta property=\"og:title\" content=\"Cidade no Brasil Ganha o 1\u00ba lugar de MELHOR destino tur\u00edstico! - Correio Braziliense - Radar\" \/>\n<meta property=\"og:description\" content=\"Localizada no nordeste do Brasil, Macei\u00f3, a capital de Alagoas, vem se destacando como um destino tur\u00edstico de import\u00e2ncia crescente.\" \/>\n<meta property=\"og:url\" content=\"https:\/\/www.correiobraziliense.com.br\/cbradar\/cidade-no-brasil-ganha-o-1-lugar-de-melhor-destino-turistico\/\" \/>\n<meta property=\"og:site_name\" content=\"Correio Braziliense - Radar\" \/>\n<meta property=\"article:published_time\" content=\"2025-02-28T14:59:00+00:00\" \/>\n<meta property=\"og:image\" content=\"https:\/\/www.correiobraziliense.com.br\/cbradar\/wp-content\/uploads\/2025\/02\/maceio_1740662019446.jpg\" \/>\n\t<meta property=\"og:image:width\" content=\"1280\" \/>\n\t<meta property=\"og:image:height\" content=\"720\" \/>\n\t<meta property=\"og:image:type\" content=\"image\/jpeg\" \/>\n<meta name=\"author\" content=\"Guilherme Cremaschi\" \/>\n<meta name=\"twitter:card\" content=\"summary_large_image\" \/>\n<meta name=\"twitter:label1\" content=\"Escrito por\" \/>\n\t<meta name=\"twitter:data1\" content=\"Guilherme Cremaschi\" \/>\n\t<meta name=\"twitter:label2\" content=\"Est. tempo de leitura\" \/>\n\t<meta name=\"twitter:data2\" content=\"4 minutos\" \/>\n<!-- \/ Yoast SEO plugin. -->","yoast_head_json":{"title":"Cidade no Brasil Ganha o 1\u00ba lugar de MELHOR destino tur\u00edstico! - Correio Braziliense - Radar","description":"Localizada no nordeste do Brasil, Macei\u00f3, a capital de Alagoas, vem se destacando como um destino tur\u00edstico de import\u00e2ncia crescente.","robots":{"index":"index","follow":"follow","max-snippet":"max-snippet:-1","max-image-preview":"max-image-preview:large","max-video-preview":"max-video-preview:-1"},"canonical":"https:\/\/www.correiobraziliense.com.br\/cbradar\/cidade-no-brasil-ganha-o-1-lugar-de-melhor-destino-turistico\/","og_locale":"pt_BR","og_type":"article","og_title":"Cidade no Brasil Ganha o 1\u00ba lugar de MELHOR destino tur\u00edstico! - Correio Braziliense - Radar","og_description":"Localizada no nordeste do Brasil, Macei\u00f3, a capital de Alagoas, vem se destacando como um destino tur\u00edstico de import\u00e2ncia crescente.","og_url":"https:\/\/www.correiobraziliense.com.br\/cbradar\/cidade-no-brasil-ganha-o-1-lugar-de-melhor-destino-turistico\/","og_site_name":"Correio Braziliense - Radar","article_published_time":"2025-02-28T14:59:00+00:00","og_image":[{"width":1280,"height":720,"url":"https:\/\/www.correiobraziliense.com.br\/cbradar\/wp-content\/uploads\/2025\/02\/maceio_1740662019446.jpg","type":"image\/jpeg"}],"author":"Guilherme Cremaschi","twitter_card":"summary_large_image","twitter_misc":{"Escrito por":"Guilherme Cremaschi","Est. tempo de leitura":"4 minutos"},"schema":{"@context":"https:\/\/schema.org","@graph":[{"@type":"WebPage","@id":"https:\/\/www.correiobraziliense.com.br\/cbradar\/cidade-no-brasil-ganha-o-1-lugar-de-melhor-destino-turistico\/","url":"https:\/\/www.correiobraziliense.com.br\/cbradar\/cidade-no-brasil-ganha-o-1-lugar-de-melhor-destino-turistico\/","name":"Cidade no Brasil Ganha o 1\u00ba lugar de MELHOR destino tur\u00edstico! - Correio Braziliense - Radar","isPartOf":{"@id":"https:\/\/www.correiobraziliense.com.br\/cbradar\/#website"},"primaryImageOfPage":{"@id":"https:\/\/www.correiobraziliense.com.br\/cbradar\/cidade-no-brasil-ganha-o-1-lugar-de-melhor-destino-turistico\/#primaryimage"},"image":{"@id":"https:\/\/www.correiobraziliense.com.br\/cbradar\/cidade-no-brasil-ganha-o-1-lugar-de-melhor-destino-turistico\/#primaryimage"},"thumbnailUrl":"https:\/\/www.correiobraziliense.com.br\/cbradar\/wp-content\/uploads\/2025\/02\/maceio_1740662019446.jpg","datePublished":"2025-02-28T14:59:00+00:00","author":{"@id":"https:\/\/www.correiobraziliense.com.br\/cbradar\/#\/schema\/person\/4760856b25506e84ce34d5de2b0d95f1"},"description":"Localizada no nordeste do Brasil, Macei\u00f3, a capital de Alagoas, vem se destacando como um destino tur\u00edstico de import\u00e2ncia crescente.","breadcrumb":{"@id":"https:\/\/www.correiobraziliense.com.br\/cbradar\/cidade-no-brasil-ganha-o-1-lugar-de-melhor-destino-turistico\/#breadcrumb"},"inLanguage":"pt-BR","potentialAction":[{"@type":"ReadAction","target":["https:\/\/www.correiobraziliense.com.br\/cbradar\/cidade-no-brasil-ganha-o-1-lugar-de-melhor-destino-turistico\/"]}]},{"@type":"ImageObject","inLanguage":"pt-BR","@id":"https:\/\/www.correiobraziliense.com.br\/cbradar\/cidade-no-brasil-ganha-o-1-lugar-de-melhor-destino-turistico\/#primaryimage","url":"https:\/\/www.correiobraziliense.com.br\/cbradar\/wp-content\/uploads\/2025\/02\/maceio_1740662019446.jpg","contentUrl":"https:\/\/www.correiobraziliense.com.br\/cbradar\/wp-content\/uploads\/2025\/02\/maceio_1740662019446.jpg","width":1280,"height":720,"caption":"Cidade no Brasil Ganha o 1\u00ba lugar de MELHOR destino tur\u00edstico! Cr\u00e9ditos: depositphotos.com \/ Cristian_Lourenco"},{"@type":"BreadcrumbList","@id":"https:\/\/www.correiobraziliense.com.br\/cbradar\/cidade-no-brasil-ganha-o-1-lugar-de-melhor-destino-turistico\/#breadcrumb","itemListElement":[{"@type":"ListItem","position":1,"name":"In\u00edcio","item":"https:\/\/www.correiobraziliense.com.br\/cbradar\/"},{"@type":"ListItem","position":2,"name":"Cidade no Brasil Ganha o 1\u00ba lugar de MELHOR destino tur\u00edstico!"}]},{"@type":"WebSite","@id":"https:\/\/www.correiobraziliense.com.br\/cbradar\/#website","url":"https:\/\/www.correiobraziliense.com.br\/cbradar\/","name":"Correio Braziliense - Radar","description":"Acompanhe as \u00faltimas not\u00edcias e fique bem informado sobre tudo o que acontece no Brasil e no mundo.","potentialAction":[{"@type":"SearchAction","target":{"@type":"EntryPoint","urlTemplate":"https:\/\/www.correiobraziliense.com.br\/cbradar\/?s={search_term_string}"},"query-input":{"@type":"PropertyValueSpecification","valueRequired":true,"valueName":"search_term_string"}}],"inLanguage":"pt-BR"},{"@type":"Person","@id":"https:\/\/www.correiobraziliense.com.br\/cbradar\/#\/schema\/person\/4760856b25506e84ce34d5de2b0d95f1","name":"Guilherme Cremaschi","image":{"@type":"ImageObject","inLanguage":"pt-BR","@id":"https:\/\/www.correiobraziliense.com.br\/cbradar\/#\/schema\/person\/image\/","url":"https:\/\/secure.gravatar.com\/avatar\/6a059d20d980bdeb1d1d6b0fa2b4633c?s=96&d=mm&r=g","contentUrl":"https:\/\/secure.gravatar.com\/avatar\/6a059d20d980bdeb1d1d6b0fa2b4633c?s=96&d=mm&r=g","caption":"Guilherme Cremaschi"},"sameAs":["https:\/\/www.correiobraziliense.com.br\/"],"url":"https:\/\/www.correiobraziliense.com.br\/cbradar\/author\/guilhermemyth\/"}]}},"_links":{"self":[{"href":"https:\/\/www.correiobraziliense.com.br\/cbradar\/wp-json\/wp\/v2\/posts\/6767","targetHints":{"allow":["GET"]}}],"collection":[{"href":"https:\/\/www.correiobraziliense.com.br\/cbradar\/wp-json\/wp\/v2\/posts"}],"about":[{"href":"https:\/\/www.correiobraziliense.com.br\/cbradar\/wp-json\/wp\/v2\/types\/post"}],"author":[{"embeddable":true,"href":"https:\/\/www.correiobraziliense.com.br\/cbradar\/wp-json\/wp\/v2\/users\/4"}],"replies":[{"embeddable":true,"href":"https:\/\/www.correiobraziliense.com.br\/cbradar\/wp-json\/wp\/v2\/comments?post=6767"}],"version-history":[{"count":1,"href":"https:\/\/www.correiobraziliense.com.br\/cbradar\/wp-json\/wp\/v2\/posts\/6767\/revisions"}],"predecessor-version":[{"id":6774,"href":"https:\/\/www.correiobraziliense.com.br\/cbradar\/wp-json\/wp\/v2\/posts\/6767\/revisions\/6774"}],"wp:featuredmedia":[{"embeddable":true,"href":"https:\/\/www.correiobraziliense.com.br\/cbradar\/wp-json\/wp\/v2\/media\/6772"}],"wp:attachment":[{"href":"https:\/\/www.correiobraziliense.com.br\/cbradar\/wp-json\/wp\/v2\/media?parent=6767"}],"wp:term":[{"taxonomy":"category","embeddable":true,"href":"https:\/\/www.correiobraziliense.com.br\/cbradar\/wp-json\/wp\/v2\/categories?post=6767"},{"taxonomy":"post_tag","embeddable":true,"href":"https:\/\/www.correiobraziliense.com.br\/cbradar\/wp-json\/wp\/v2\/tags?post=6767"}],"curies":[{"name":"wp","href":"https:\/\/api.w.org\/{rel}","templated":true}]}}