{"id":67693,"date":"2025-07-11T18:13:00","date_gmt":"2025-07-11T21:13:00","guid":{"rendered":"https:\/\/www.correiobraziliense.com.br\/cbradar\/?p=67693"},"modified":"2025-07-10T20:03:42","modified_gmt":"2025-07-10T23:03:42","slug":"especialistas-alertam-sobre-suplemento-popular-que-pode-ser-puro-desperdicio","status":"publish","type":"post","link":"https:\/\/www.correiobraziliense.com.br\/cbradar\/especialistas-alertam-sobre-suplemento-popular-que-pode-ser-puro-desperdicio\/","title":{"rendered":"Especialistas alertam sobre suplemento popular que pode ser puro desperd\u00edcio"},"content":{"rendered":"\n<p>No per\u00edodo do ver\u00e3o, cresce a busca por suplementos alimentares como forma de potencializar o bem-estar e melhorar a apar\u00eancia f\u00edsica. No entanto, especialistas em sa\u00fade alertam que, embora o consumo dessas subst\u00e2ncias seja popular, nem todos os suplementos cumprem o que prometem. Tr\u00eas tipos, em particular, s\u00e3o amplamente utilizados, mas considerados desnecess\u00e1rios pela comunidade m\u00e9dica quando inseridos em uma rotina alimentar equilibrada.<\/p>\n\n\n\n<p>A oferta de diferentes comprimidos e p\u00f3s, dispon\u00edveis em farm\u00e1cias, supermercados e academias, contribui para a percep\u00e7\u00e3o de que existe um suplemento ideal para cada situa\u00e7\u00e3o. Muitas pessoas acabam consumindo v\u00e1rios produtos por dia, acreditando que essa pr\u00e1tica trar\u00e1 resultados imediatos para a sa\u00fade ou est\u00e9tica. Entretanto, m\u00e9dicos afirmam que, em muitos casos, a suplementa\u00e7\u00e3o n\u00e3o substitui as fun\u00e7\u00f5es de uma dieta equilibrada e pode gerar despesas e riscos desnecess\u00e1rios.<\/p>\n\n\n\n<h2 class=\"wp-block-heading\">Qual \u00e9 o papel dos suplementos alimentares?<\/h2>\n\n\n\n<p><strong>Os suplementos alimentares, como o pr\u00f3prio nome indica, t\u00eam a fun\u00e7\u00e3o de complementar poss\u00edveis lacunas nutricionais nos h\u00e1bitos alimentares di\u00e1rios.<\/strong> S\u00e3o indicados, em geral, quando diagn\u00f3sticos m\u00e9dicos apontam car\u00eancias espec\u00edficas ou em situa\u00e7\u00f5es muito particulares, como dist\u00farbios de absor\u00e7\u00e3o intestinal ou necessidades aumentadas em per\u00edodos de doen\u00e7a. Fora dessas condi\u00e7\u00f5es, a ingest\u00e3o desses produtos dificilmente apresenta benef\u00edcios adicionais para indiv\u00edduos saud\u00e1veis.<\/p>\n\n\n\n<p>Entre os suplementos comuns est\u00e3o os <strong>multivitam\u00ednicos<\/strong>, o <strong>col\u00e1geno hidrolisado<\/strong> e a <strong>vitamina C<\/strong> em c\u00e1psulas ou comprimidos. Em uma rotina alimentar rica e variada, repleta de frutas, legumes, verduras, cereais integrais e prote\u00ednas magras, raramente h\u00e1 espa\u00e7o para defici\u00eancias que justifiquem a suplementa\u00e7\u00e3o indiscriminada desses compostos. Portanto, a escolha de incorporar tais produtos deve ser fundamentada em orienta\u00e7\u00e3o profissional e exames cl\u00ednicos regulares.<\/p>\n\n\n\n<h2 class=\"wp-block-heading\">Quais suplementos alimentares s\u00e3o considerados desnecess\u00e1rios?<\/h2>\n\n\n\n<p><strong>Segundo especialistas, tr\u00eas tipos de suplementos destacam-se como os mais utilizados e, ao mesmo tempo, menos eficazes quando n\u00e3o h\u00e1 defici\u00eancia comprovada.<\/strong> S\u00e3o eles:<\/p>\n\n\n\n<ul class=\"wp-block-list\">\n<li><strong>Multivitam\u00ednicos:<\/strong> Apesar de serem uma escolha recorrente, principalmente entre quem busca preven\u00e7\u00e3o a car\u00eancias vitam\u00ednicas, os multivitam\u00ednicos apresentam quantidades pequenas e gen\u00e9ricas de diversos nutrientes. Para quem j\u00e1 possui uma alimenta\u00e7\u00e3o equilibrada, esse suplemento costuma ser redundante e n\u00e3o substitui a obten\u00e7\u00e3o dos micronutrientes diretamente dos alimentos.<\/li>\n\n\n\n<li><strong>Col\u00e1geno:<\/strong> Muito propagado por sua suposta atua\u00e7\u00e3o na beleza da pele e articula\u00e7\u00f5es, o col\u00e1geno ingerido n\u00e3o age de maneira espec\u00edfica onde o usu\u00e1rio espera. Ao ser digerido, transforma-se em amino\u00e1cidos que ser\u00e3o distribu\u00eddos de acordo com a demanda de todo o organismo, sem direcionamento exclusivamente \u00e0 pele, unhas ou cabelos.<\/li>\n\n\n\n<li><strong>Vitamina C:<\/strong> Famosa pelo potencial antioxidante e apoio ao sistema imunol\u00f3gico, a vitamina C est\u00e1 presente em quantidade suficiente em frutas e hortali\u00e7as, como laranja, acerola, morango e br\u00f3colis. Dessa forma, a suplementa\u00e7\u00e3o torna-se dispens\u00e1vel para aqueles que mant\u00eam o consumo regular desses alimentos.<\/li>\n<\/ul>\n\n\n\n<p><strong>O investimento nesses tr\u00eas produtos, salvo indica\u00e7\u00e3o m\u00e9dica espec\u00edfica, acaba sendo apenas um gasto a mais, sem retorno comprovado em termos de benef\u00edcios \u00e0 sa\u00fade.<\/strong><\/p>\n\n\n\n<figure class=\"wp-block-image size-large\"><img decoding=\"async\" width=\"1024\" height=\"576\" src=\"https:\/\/www.correiobraziliense.com.br\/cbradar\/wp-content\/uploads\/2025\/07\/suplemento-alimentar_1752188610457-1024x576.jpg\" alt=\"Especialistas alertam sobre suplemento popular que pode ser puro desperd\u00edcio\" class=\"wp-image-67696\" srcset=\"https:\/\/www.correiobraziliense.com.br\/cbradar\/wp-content\/uploads\/2025\/07\/suplemento-alimentar_1752188610457-1024x576.jpg 1024w, https:\/\/www.correiobraziliense.com.br\/cbradar\/wp-content\/uploads\/2025\/07\/suplemento-alimentar_1752188610457-300x169.jpg 300w, https:\/\/www.correiobraziliense.com.br\/cbradar\/wp-content\/uploads\/2025\/07\/suplemento-alimentar_1752188610457-768x432.jpg 768w, https:\/\/www.correiobraziliense.com.br\/cbradar\/wp-content\/uploads\/2025\/07\/suplemento-alimentar_1752188610457-750x422.jpg 750w, https:\/\/www.correiobraziliense.com.br\/cbradar\/wp-content\/uploads\/2025\/07\/suplemento-alimentar_1752188610457-1140x641.jpg 1140w, https:\/\/www.correiobraziliense.com.br\/cbradar\/wp-content\/uploads\/2025\/07\/suplemento-alimentar_1752188610457.jpg 1280w\" sizes=\"(max-width: 1024px) 100vw, 1024px\" \/><figcaption class=\"wp-element-caption\">Suplemento. Cr\u00e9ditos: depositphotos.com \/ Farion_O<\/figcaption><\/figure>\n\n\n\n<h2 class=\"wp-block-heading\">Quais s\u00e3o os riscos e orienta\u00e7\u00f5es sobre o uso de suplementos?<\/h2>\n\n\n\n<p><strong>M\u00e9dicos destacam que suplementos alimentares n\u00e3o s\u00e3o isentos de riscos.<\/strong> Mesmo que sejam comercializados livremente, seu uso inadequado pode gerar efeitos indesejados, como desequil\u00edbrios em n\u00edveis de vitaminas sol\u00faveis em gordura, sobrecarga renal e at\u00e9 intera\u00e7\u00e3o com medicamentos. Assim, a automedica\u00e7\u00e3o ou o uso excessivo devem ser evitados.<\/p>\n\n\n\n<p><strong>Ao ponderar sobre a necessidade de ingerir qualquer suplemento, \u00e9 imprescind\u00edvel buscar o aconselhamento de um profissional de sa\u00fade.<\/strong> Somente uma avalia\u00e7\u00e3o detalhada pode determinar a real necessidade de complementa\u00e7\u00e3o nutricional. Al\u00e9m disso, adotar uma alimenta\u00e7\u00e3o variada, rica em frutas, vegetais e outros alimentos naturais, \u00e9 o principal caminho para a manuten\u00e7\u00e3o de uma boa sa\u00fade e preven\u00e7\u00e3o de doen\u00e7as.<\/p>\n\n\n\n<ul class=\"wp-block-list\">\n<li>Consultar m\u00e9dicos ou nutricionistas antes de iniciar suplementa\u00e7\u00e3o.<\/li>\n\n\n\n<li>Prestar aten\u00e7\u00e3o ao consumo di\u00e1rio de nutrientes por meio dos alimentos.<\/li>\n\n\n\n<li>Evitar m\u00faltiplos suplementos sem orienta\u00e7\u00e3o apropriada.<\/li>\n\n\n\n<li>Realizar exames peri\u00f3dicos para acompanhamento da sa\u00fade nutricional.<\/li>\n<\/ul>\n\n\n\n<h2 class=\"wp-block-heading\">Por que focar em uma alimenta\u00e7\u00e3o equilibrada ao inv\u00e9s de suplementos alimentares?<\/h2>\n\n\n\n<p><strong>O h\u00e1bito de recorrer a suplementos alimentares reflete, frequentemente, um esfor\u00e7o para compensar desequil\u00edbrios alimentares ou buscar solu\u00e7\u00f5es r\u00e1pidas para quest\u00f5es de sa\u00fade e est\u00e9tica.<\/strong> Contudo, estudos recentes refor\u00e7am que os nutrientes provenientes de fontes naturais s\u00e3o mais bem aproveitados pelo organismo do que aqueles presentes em c\u00e1psulas e comprimidos.<\/p>\n\n\n\n<p>Frutas, verduras e legumes, al\u00e9m de fornecerem vitaminas e minerais, oferecem fibras, antioxidantes e in\u00fameros outros compostos que atuam sinergicamente e n\u00e3o podem ser totalmente replicados pelos suplementos industrializados. Por esse motivo, a recomenda\u00e7\u00e3o dos \u00f3rg\u00e3os de sa\u00fade nacionais e internacionais permanece clara: priorizar uma alimenta\u00e7\u00e3o variada antes de buscar qualquer forma de suplementa\u00e7\u00e3o.<\/p>\n\n\n\n<p><strong>Em s\u00edntese, a valoriza\u00e7\u00e3o de uma dieta balanceada continua sendo o m\u00e9todo mais eficaz e seguro para garantir a ingest\u00e3o de todos os nutrientes indispens\u00e1veis ao funcionamento do corpo.<\/strong> Assim, evita-se o gasto desnecess\u00e1rio com produtos de efic\u00e1cia limitada e previne-se poss\u00edveis riscos associados ao consumo excessivo desses suplementos.<\/p>\n","protected":false},"excerpt":{"rendered":"<p>Saiba os riscos do uso indiscriminado de multivitam\u00ednicos, col\u00e1geno e vitamina C. Veja as orienta\u00e7\u00f5es de especialistas e evite gastos sem necessidade!<\/p>\n","protected":false},"author":3,"featured_media":67695,"comment_status":"open","ping_status":"open","sticky":false,"template":"","format":"standard","meta":{"_yoast_wpseo_focuskw":"suplemento popular desperd\u00edcio","_yoast_wpseo_title":"%%title%%","_yoast_wpseo_metadesc":"Saiba os riscos do uso indiscriminado de multivitam\u00ednicos, col\u00e1geno e vitamina C. Veja as orienta\u00e7\u00f5es de especialistas e evite gastos sem necessidade!","jnews-multi-image_gallery":[],"jnews_single_post":{"format":"standard"},"jnews_primary_category":[],"jnews_social_meta":[],"jnews_override_counter":[],"footnotes":""},"categories":[112],"post_tag":[281,1423,144],"class_list":["post-67693","post","type-post","status-publish","format-standard","has-post-thumbnail","hentry","category-curiosidades","tag-alimentacao","tag-alimentos","tag-curiosidades"],"yoast_head":"<!-- This site is optimized with the Yoast SEO plugin v24.6 - https:\/\/yoast.com\/wordpress\/plugins\/seo\/ -->\n<title>Especialistas alertam sobre suplemento popular que pode ser puro desperd\u00edcio<\/title>\n<meta name=\"description\" content=\"Saiba os riscos do uso indiscriminado de multivitam\u00ednicos, col\u00e1geno e vitamina C. Veja as orienta\u00e7\u00f5es de especialistas e evite gastos sem necessidade!\" \/>\n<meta name=\"robots\" content=\"index, follow, max-snippet:-1, max-image-preview:large, max-video-preview:-1\" \/>\n<link rel=\"canonical\" href=\"https:\/\/www.correiobraziliense.com.br\/cbradar\/especialistas-alertam-sobre-suplemento-popular-que-pode-ser-puro-desperdicio\/\" \/>\n<meta property=\"og:locale\" content=\"pt_BR\" \/>\n<meta property=\"og:type\" content=\"article\" \/>\n<meta property=\"og:title\" content=\"Especialistas alertam sobre suplemento popular que pode ser puro desperd\u00edcio\" \/>\n<meta property=\"og:description\" content=\"Saiba os riscos do uso indiscriminado de multivitam\u00ednicos, col\u00e1geno e vitamina C. Veja as orienta\u00e7\u00f5es de especialistas e evite gastos sem necessidade!\" \/>\n<meta property=\"og:url\" content=\"https:\/\/www.correiobraziliense.com.br\/cbradar\/especialistas-alertam-sobre-suplemento-popular-que-pode-ser-puro-desperdicio\/\" \/>\n<meta property=\"og:site_name\" content=\"Correio Braziliense - Radar\" \/>\n<meta property=\"article:published_time\" content=\"2025-07-11T21:13:00+00:00\" \/>\n<meta property=\"og:image\" content=\"https:\/\/www.correiobraziliense.com.br\/cbradar\/wp-content\/uploads\/2025\/07\/suplemento-alimentar_1752188536203.jpg\" \/>\n\t<meta property=\"og:image:width\" content=\"1280\" \/>\n\t<meta property=\"og:image:height\" content=\"720\" \/>\n\t<meta property=\"og:image:type\" content=\"image\/jpeg\" \/>\n<meta name=\"author\" content=\"Larissa Carvalho\" \/>\n<meta name=\"twitter:card\" content=\"summary_large_image\" \/>\n<meta name=\"twitter:label1\" content=\"Escrito por\" \/>\n\t<meta name=\"twitter:data1\" content=\"Larissa Carvalho\" \/>\n\t<meta name=\"twitter:label2\" content=\"Est. tempo de leitura\" \/>\n\t<meta name=\"twitter:data2\" content=\"5 minutos\" \/>\n<!-- \/ Yoast SEO plugin. -->","yoast_head_json":{"title":"Especialistas alertam sobre suplemento popular que pode ser puro desperd\u00edcio","description":"Saiba os riscos do uso indiscriminado de multivitam\u00ednicos, col\u00e1geno e vitamina C. Veja as orienta\u00e7\u00f5es de especialistas e evite gastos sem necessidade!","robots":{"index":"index","follow":"follow","max-snippet":"max-snippet:-1","max-image-preview":"max-image-preview:large","max-video-preview":"max-video-preview:-1"},"canonical":"https:\/\/www.correiobraziliense.com.br\/cbradar\/especialistas-alertam-sobre-suplemento-popular-que-pode-ser-puro-desperdicio\/","og_locale":"pt_BR","og_type":"article","og_title":"Especialistas alertam sobre suplemento popular que pode ser puro desperd\u00edcio","og_description":"Saiba os riscos do uso indiscriminado de multivitam\u00ednicos, col\u00e1geno e vitamina C. Veja as orienta\u00e7\u00f5es de especialistas e evite gastos sem necessidade!","og_url":"https:\/\/www.correiobraziliense.com.br\/cbradar\/especialistas-alertam-sobre-suplemento-popular-que-pode-ser-puro-desperdicio\/","og_site_name":"Correio Braziliense - Radar","article_published_time":"2025-07-11T21:13:00+00:00","og_image":[{"width":1280,"height":720,"url":"https:\/\/www.correiobraziliense.com.br\/cbradar\/wp-content\/uploads\/2025\/07\/suplemento-alimentar_1752188536203.jpg","type":"image\/jpeg"}],"author":"Larissa Carvalho","twitter_card":"summary_large_image","twitter_misc":{"Escrito por":"Larissa Carvalho","Est. tempo de leitura":"5 minutos"},"schema":{"@context":"https:\/\/schema.org","@graph":[{"@type":"WebPage","@id":"https:\/\/www.correiobraziliense.com.br\/cbradar\/especialistas-alertam-sobre-suplemento-popular-que-pode-ser-puro-desperdicio\/","url":"https:\/\/www.correiobraziliense.com.br\/cbradar\/especialistas-alertam-sobre-suplemento-popular-que-pode-ser-puro-desperdicio\/","name":"Especialistas alertam sobre suplemento popular que pode ser puro desperd\u00edcio","isPartOf":{"@id":"https:\/\/www.correiobraziliense.com.br\/cbradar\/#website"},"primaryImageOfPage":{"@id":"https:\/\/www.correiobraziliense.com.br\/cbradar\/especialistas-alertam-sobre-suplemento-popular-que-pode-ser-puro-desperdicio\/#primaryimage"},"image":{"@id":"https:\/\/www.correiobraziliense.com.br\/cbradar\/especialistas-alertam-sobre-suplemento-popular-que-pode-ser-puro-desperdicio\/#primaryimage"},"thumbnailUrl":"https:\/\/www.correiobraziliense.com.br\/cbradar\/wp-content\/uploads\/2025\/07\/suplemento-alimentar_1752188536203.jpg","datePublished":"2025-07-11T21:13:00+00:00","author":{"@id":"https:\/\/www.correiobraziliense.com.br\/cbradar\/#\/schema\/person\/58422787644df994b53a19d3e56c1513"},"description":"Saiba os riscos do uso indiscriminado de multivitam\u00ednicos, col\u00e1geno e vitamina C. Veja as orienta\u00e7\u00f5es de especialistas e evite gastos sem necessidade!","breadcrumb":{"@id":"https:\/\/www.correiobraziliense.com.br\/cbradar\/especialistas-alertam-sobre-suplemento-popular-que-pode-ser-puro-desperdicio\/#breadcrumb"},"inLanguage":"pt-BR","potentialAction":[{"@type":"ReadAction","target":["https:\/\/www.correiobraziliense.com.br\/cbradar\/especialistas-alertam-sobre-suplemento-popular-que-pode-ser-puro-desperdicio\/"]}]},{"@type":"ImageObject","inLanguage":"pt-BR","@id":"https:\/\/www.correiobraziliense.com.br\/cbradar\/especialistas-alertam-sobre-suplemento-popular-que-pode-ser-puro-desperdicio\/#primaryimage","url":"https:\/\/www.correiobraziliense.com.br\/cbradar\/wp-content\/uploads\/2025\/07\/suplemento-alimentar_1752188536203.jpg","contentUrl":"https:\/\/www.correiobraziliense.com.br\/cbradar\/wp-content\/uploads\/2025\/07\/suplemento-alimentar_1752188536203.jpg","width":1280,"height":720,"caption":"suplemento alimentar. Cr\u00e9ditos: depositphotos.com \/ elenathewise"},{"@type":"BreadcrumbList","@id":"https:\/\/www.correiobraziliense.com.br\/cbradar\/especialistas-alertam-sobre-suplemento-popular-que-pode-ser-puro-desperdicio\/#breadcrumb","itemListElement":[{"@type":"ListItem","position":1,"name":"In\u00edcio","item":"https:\/\/www.correiobraziliense.com.br\/cbradar\/"},{"@type":"ListItem","position":2,"name":"Especialistas alertam sobre suplemento popular que pode ser puro desperd\u00edcio"}]},{"@type":"WebSite","@id":"https:\/\/www.correiobraziliense.com.br\/cbradar\/#website","url":"https:\/\/www.correiobraziliense.com.br\/cbradar\/","name":"Correio Braziliense - Radar","description":"Acompanhe as \u00faltimas not\u00edcias e fique bem informado sobre tudo o que acontece no Brasil e no mundo.","potentialAction":[{"@type":"SearchAction","target":{"@type":"EntryPoint","urlTemplate":"https:\/\/www.correiobraziliense.com.br\/cbradar\/?s={search_term_string}"},"query-input":{"@type":"PropertyValueSpecification","valueRequired":true,"valueName":"search_term_string"}}],"inLanguage":"pt-BR"},{"@type":"Person","@id":"https:\/\/www.correiobraziliense.com.br\/cbradar\/#\/schema\/person\/58422787644df994b53a19d3e56c1513","name":"Larissa Carvalho","image":{"@type":"ImageObject","inLanguage":"pt-BR","@id":"https:\/\/www.correiobraziliense.com.br\/cbradar\/#\/schema\/person\/image\/","url":"https:\/\/secure.gravatar.com\/avatar\/fe4f91a0de32b52a838d0d612abdc1aa?s=96&d=mm&r=g","contentUrl":"https:\/\/secure.gravatar.com\/avatar\/fe4f91a0de32b52a838d0d612abdc1aa?s=96&d=mm&r=g","caption":"Larissa Carvalho"},"url":"https:\/\/www.correiobraziliense.com.br\/cbradar\/author\/larissamyth\/"}]}},"_links":{"self":[{"href":"https:\/\/www.correiobraziliense.com.br\/cbradar\/wp-json\/wp\/v2\/posts\/67693","targetHints":{"allow":["GET"]}}],"collection":[{"href":"https:\/\/www.correiobraziliense.com.br\/cbradar\/wp-json\/wp\/v2\/posts"}],"about":[{"href":"https:\/\/www.correiobraziliense.com.br\/cbradar\/wp-json\/wp\/v2\/types\/post"}],"author":[{"embeddable":true,"href":"https:\/\/www.correiobraziliense.com.br\/cbradar\/wp-json\/wp\/v2\/users\/3"}],"replies":[{"embeddable":true,"href":"https:\/\/www.correiobraziliense.com.br\/cbradar\/wp-json\/wp\/v2\/comments?post=67693"}],"version-history":[{"count":2,"href":"https:\/\/www.correiobraziliense.com.br\/cbradar\/wp-json\/wp\/v2\/posts\/67693\/revisions"}],"predecessor-version":[{"id":67697,"href":"https:\/\/www.correiobraziliense.com.br\/cbradar\/wp-json\/wp\/v2\/posts\/67693\/revisions\/67697"}],"wp:featuredmedia":[{"embeddable":true,"href":"https:\/\/www.correiobraziliense.com.br\/cbradar\/wp-json\/wp\/v2\/media\/67695"}],"wp:attachment":[{"href":"https:\/\/www.correiobraziliense.com.br\/cbradar\/wp-json\/wp\/v2\/media?parent=67693"}],"wp:term":[{"taxonomy":"category","embeddable":true,"href":"https:\/\/www.correiobraziliense.com.br\/cbradar\/wp-json\/wp\/v2\/categories?post=67693"},{"taxonomy":"post_tag","embeddable":true,"href":"https:\/\/www.correiobraziliense.com.br\/cbradar\/wp-json\/wp\/v2\/post_tag?post=67693"}],"curies":[{"name":"wp","href":"https:\/\/api.w.org\/{rel}","templated":true}]}}