{"id":67811,"date":"2025-07-11T21:03:00","date_gmt":"2025-07-12T00:03:00","guid":{"rendered":"https:\/\/www.correiobraziliense.com.br\/cbradar\/?p=67811"},"modified":"2025-07-10T20:46:11","modified_gmt":"2025-07-10T23:46:11","slug":"por-que-seu-cachorro-te-acompanha-o-tempo-todo-pela-casa-segundo-especialistas","status":"publish","type":"post","link":"https:\/\/www.correiobraziliense.com.br\/cbradar\/por-que-seu-cachorro-te-acompanha-o-tempo-todo-pela-casa-segundo-especialistas\/","title":{"rendered":"Por que seu cachorro te acompanha o tempo todo pela casa segundo especialistas"},"content":{"rendered":"\n<p><strong>O comportamento de seguir o tutor<\/strong> por todos os cantos \u00e9 muito comum entre os c\u00e3es e desperta curiosidade at\u00e9 nos tutores mais experientes. Essa atitude vai al\u00e9m de simples companhia e revela aspectos importantes da rela\u00e7\u00e3o entre o pet e a fam\u00edlia. Entenda as principais raz\u00f5es pelas quais os cachorros acompanham seus donos t\u00e3o de perto.<\/p>\n\n\n\n<ul class=\"wp-block-list\">\n<li><strong>Motiva\u00e7\u00f5es emocionais<\/strong> e instintivas por tr\u00e1s desse comportamento.<\/li>\n\n\n\n<li><strong>Sinais de depend\u00eancia ou apego saud\u00e1vel<\/strong> no relacionamento.<\/li>\n\n\n\n<li><strong>Como lidar<\/strong> se o h\u00e1bito se tornar exagerado ou inc\u00f4modo.<\/li>\n<\/ul>\n\n\n\n<h2 class=\"wp-block-heading\">Por que os cachorros seguem tanto os tutores?<\/h2>\n\n\n\n<p><strong>O instinto de matilha<\/strong> faz com que o cachorro busque proximidade com quem ele considera parte do grupo. Em casa, o tutor assume esse papel de l\u00edder, estimulando a presen\u00e7a constante do animal ao lado.<\/p>\n\n\n\n<p><strong>Al\u00e9m do instinto<\/strong>, c\u00e3es associam o tutor a seguran\u00e7a, alimenta\u00e7\u00e3o, carinho e brincadeiras, refor\u00e7ando o v\u00ednculo e a vontade de estar junto em todos os momentos.<\/p>\n\n\n\n<h2 class=\"wp-block-heading\">\u00c9 normal o cachorro n\u00e3o desgrudar do dono?<\/h2>\n\n\n\n<p><strong>Na maioria dos casos<\/strong>, seguir o tutor \u00e9 uma express\u00e3o de afeto, confian\u00e7a e desejo de intera\u00e7\u00e3o. O comportamento \u00e9 especialmente comum em c\u00e3es mais jovens ou em ra\u00e7as conhecidas por serem companheiras.<\/p>\n\n\n\n<p>Leia tamb\u00e9m: <a href=\"https:\/\/www.correiobraziliense.com.br\/cbradar\/5-sinais-de-que-seu-cachorro-precisa-de-mais-convivencia-com-outros-caes\/\" target=\"_blank\" rel=\"noreferrer noopener\">5 sinais de que seu cachorro precisa de mais conviv\u00eancia com outros c\u00e3es<\/a><\/p>\n\n\n\n<figure class=\"wp-block-image size-large\"><img decoding=\"async\" width=\"1024\" height=\"576\" src=\"https:\/\/www.correiobraziliense.com.br\/cbradar\/wp-content\/uploads\/2025\/07\/cachorro_1752191145642-1024x576.jpg\" alt=\"Por que seu cachorro te acompanha o tempo todo pela casa segundo especialistas\" class=\"wp-image-67815\" srcset=\"https:\/\/www.correiobraziliense.com.br\/cbradar\/wp-content\/uploads\/2025\/07\/cachorro_1752191145642-1024x576.jpg 1024w, https:\/\/www.correiobraziliense.com.br\/cbradar\/wp-content\/uploads\/2025\/07\/cachorro_1752191145642-300x169.jpg 300w, https:\/\/www.correiobraziliense.com.br\/cbradar\/wp-content\/uploads\/2025\/07\/cachorro_1752191145642-768x432.jpg 768w, https:\/\/www.correiobraziliense.com.br\/cbradar\/wp-content\/uploads\/2025\/07\/cachorro_1752191145642-750x422.jpg 750w, https:\/\/www.correiobraziliense.com.br\/cbradar\/wp-content\/uploads\/2025\/07\/cachorro_1752191145642-1140x641.jpg 1140w, https:\/\/www.correiobraziliense.com.br\/cbradar\/wp-content\/uploads\/2025\/07\/cachorro_1752191145642.jpg 1280w\" sizes=\"(max-width: 1024px) 100vw, 1024px\" \/><figcaption class=\"wp-element-caption\">cachorro. Cr\u00e9ditos: depositphotos.com \/ ViktoriaSapata<\/figcaption><\/figure>\n\n\n\n<h2 class=\"wp-block-heading\">Quando o comportamento pode indicar excesso de depend\u00eancia?<\/h2>\n\n\n\n<p><strong>Se o cachorro demonstra ansiedade<\/strong> ao ficar sozinho, destr\u00f3i objetos ou chora intensamente, pode ser sinal de depend\u00eancia emocional. Nesses casos, o ideal \u00e9 trabalhar a independ\u00eancia do pet com pequenas aus\u00eancias e refor\u00e7o positivo.<\/p>\n\n\n\n<ul class=\"wp-block-list\">\n<li>Crie rotinas em que o cachorro fique um tempo sozinho de forma tranquila.<\/li>\n\n\n\n<li>Ofere\u00e7a brinquedos e atividades para entreter o animal quando voc\u00ea n\u00e3o estiver presente.<\/li>\n\n\n\n<li>Evite recompensar comportamentos ansiosos com aten\u00e7\u00e3o imediata.<\/li>\n<\/ul>\n\n\n\n<h2 class=\"wp-block-heading\">O que esse h\u00e1bito revela sobre o seu cachorro?<\/h2>\n\n\n\n<ul class=\"wp-block-list\">\n<li><strong>Seguir o tutor<\/strong> \u00e9 natural, sinal de afeto e confian\u00e7a.<\/li>\n\n\n\n<li><strong>Excesso de apego<\/strong> pode ser corrigido com treino e est\u00edmulo \u00e0 independ\u00eancia.<\/li>\n\n\n\n<li><strong>Compreender o comportamento<\/strong> ajuda a fortalecer a rela\u00e7\u00e3o entre voc\u00ea e seu c\u00e3o.<\/li>\n<\/ul>\n","protected":false},"excerpt":{"rendered":"<p>Seu cachorro te acompanha pela casa? Entenda as causas, os sinais de depend\u00eancia e como garantir uma rela\u00e7\u00e3o saud\u00e1vel e equilibrada com seu pet.<\/p>\n","protected":false},"author":3,"featured_media":67813,"comment_status":"open","ping_status":"open","sticky":false,"template":"","format":"standard","meta":{"_yoast_wpseo_focuskw":"cachorro acompanha tempo todo","_yoast_wpseo_title":"%%title%%","_yoast_wpseo_metadesc":"Seu cachorro te acompanha pela casa? Entenda as causas, os sinais de depend\u00eancia e como garantir uma rela\u00e7\u00e3o saud\u00e1vel e equilibrada com seu pet.","jnews-multi-image_gallery":[],"jnews_single_post":{"format":"standard"},"jnews_primary_category":[],"jnews_social_meta":[],"jnews_override_counter":[],"footnotes":""},"categories":[112],"post_tag":[230,1977,378,144],"class_list":["post-67811","post","type-post","status-publish","format-standard","has-post-thumbnail","hentry","category-curiosidades","tag-animais","tag-animais-de-estimacao","tag-cachorro","tag-curiosidades"],"yoast_head":"<!-- This site is optimized with the Yoast SEO plugin v24.6 - https:\/\/yoast.com\/wordpress\/plugins\/seo\/ -->\n<title>Por que seu cachorro te acompanha o tempo todo pela casa segundo especialistas<\/title>\n<meta name=\"description\" content=\"Seu cachorro te acompanha pela casa? Entenda as causas, os sinais de depend\u00eancia e como garantir uma rela\u00e7\u00e3o saud\u00e1vel e equilibrada com seu pet.\" \/>\n<meta name=\"robots\" content=\"index, follow, max-snippet:-1, max-image-preview:large, max-video-preview:-1\" \/>\n<link rel=\"canonical\" href=\"https:\/\/www.correiobraziliense.com.br\/cbradar\/por-que-seu-cachorro-te-acompanha-o-tempo-todo-pela-casa-segundo-especialistas\/\" \/>\n<meta property=\"og:locale\" content=\"pt_BR\" \/>\n<meta property=\"og:type\" content=\"article\" \/>\n<meta property=\"og:title\" content=\"Por que seu cachorro te acompanha o tempo todo pela casa segundo especialistas\" \/>\n<meta property=\"og:description\" content=\"Seu cachorro te acompanha pela casa? Entenda as causas, os sinais de depend\u00eancia e como garantir uma rela\u00e7\u00e3o saud\u00e1vel e equilibrada com seu pet.\" \/>\n<meta property=\"og:url\" content=\"https:\/\/www.correiobraziliense.com.br\/cbradar\/por-que-seu-cachorro-te-acompanha-o-tempo-todo-pela-casa-segundo-especialistas\/\" \/>\n<meta property=\"og:site_name\" content=\"Correio Braziliense - Radar\" \/>\n<meta property=\"article:published_time\" content=\"2025-07-12T00:03:00+00:00\" \/>\n<meta property=\"og:image\" content=\"https:\/\/www.correiobraziliense.com.br\/cbradar\/wp-content\/uploads\/2025\/07\/cachorro_1752191082001.jpg\" \/>\n\t<meta property=\"og:image:width\" content=\"1280\" \/>\n\t<meta property=\"og:image:height\" content=\"720\" \/>\n\t<meta property=\"og:image:type\" content=\"image\/jpeg\" \/>\n<meta name=\"author\" content=\"Larissa Carvalho\" \/>\n<meta name=\"twitter:card\" content=\"summary_large_image\" \/>\n<meta name=\"twitter:label1\" content=\"Escrito por\" \/>\n\t<meta name=\"twitter:data1\" content=\"Larissa Carvalho\" \/>\n\t<meta name=\"twitter:label2\" content=\"Est. tempo de leitura\" \/>\n\t<meta name=\"twitter:data2\" content=\"3 minutos\" \/>\n<!-- \/ Yoast SEO plugin. -->","yoast_head_json":{"title":"Por que seu cachorro te acompanha o tempo todo pela casa segundo especialistas","description":"Seu cachorro te acompanha pela casa? Entenda as causas, os sinais de depend\u00eancia e como garantir uma rela\u00e7\u00e3o saud\u00e1vel e equilibrada com seu pet.","robots":{"index":"index","follow":"follow","max-snippet":"max-snippet:-1","max-image-preview":"max-image-preview:large","max-video-preview":"max-video-preview:-1"},"canonical":"https:\/\/www.correiobraziliense.com.br\/cbradar\/por-que-seu-cachorro-te-acompanha-o-tempo-todo-pela-casa-segundo-especialistas\/","og_locale":"pt_BR","og_type":"article","og_title":"Por que seu cachorro te acompanha o tempo todo pela casa segundo especialistas","og_description":"Seu cachorro te acompanha pela casa? Entenda as causas, os sinais de depend\u00eancia e como garantir uma rela\u00e7\u00e3o saud\u00e1vel e equilibrada com seu pet.","og_url":"https:\/\/www.correiobraziliense.com.br\/cbradar\/por-que-seu-cachorro-te-acompanha-o-tempo-todo-pela-casa-segundo-especialistas\/","og_site_name":"Correio Braziliense - Radar","article_published_time":"2025-07-12T00:03:00+00:00","og_image":[{"width":1280,"height":720,"url":"https:\/\/www.correiobraziliense.com.br\/cbradar\/wp-content\/uploads\/2025\/07\/cachorro_1752191082001.jpg","type":"image\/jpeg"}],"author":"Larissa Carvalho","twitter_card":"summary_large_image","twitter_misc":{"Escrito por":"Larissa Carvalho","Est. tempo de leitura":"3 minutos"},"schema":{"@context":"https:\/\/schema.org","@graph":[{"@type":"WebPage","@id":"https:\/\/www.correiobraziliense.com.br\/cbradar\/por-que-seu-cachorro-te-acompanha-o-tempo-todo-pela-casa-segundo-especialistas\/","url":"https:\/\/www.correiobraziliense.com.br\/cbradar\/por-que-seu-cachorro-te-acompanha-o-tempo-todo-pela-casa-segundo-especialistas\/","name":"Por que seu cachorro te acompanha o tempo todo pela casa segundo especialistas","isPartOf":{"@id":"https:\/\/www.correiobraziliense.com.br\/cbradar\/#website"},"primaryImageOfPage":{"@id":"https:\/\/www.correiobraziliense.com.br\/cbradar\/por-que-seu-cachorro-te-acompanha-o-tempo-todo-pela-casa-segundo-especialistas\/#primaryimage"},"image":{"@id":"https:\/\/www.correiobraziliense.com.br\/cbradar\/por-que-seu-cachorro-te-acompanha-o-tempo-todo-pela-casa-segundo-especialistas\/#primaryimage"},"thumbnailUrl":"https:\/\/www.correiobraziliense.com.br\/cbradar\/wp-content\/uploads\/2025\/07\/cachorro_1752191082001.jpg","datePublished":"2025-07-12T00:03:00+00:00","author":{"@id":"https:\/\/www.correiobraziliense.com.br\/cbradar\/#\/schema\/person\/58422787644df994b53a19d3e56c1513"},"description":"Seu cachorro te acompanha pela casa? Entenda as causas, os sinais de depend\u00eancia e como garantir uma rela\u00e7\u00e3o saud\u00e1vel e equilibrada com seu pet.","breadcrumb":{"@id":"https:\/\/www.correiobraziliense.com.br\/cbradar\/por-que-seu-cachorro-te-acompanha-o-tempo-todo-pela-casa-segundo-especialistas\/#breadcrumb"},"inLanguage":"pt-BR","potentialAction":[{"@type":"ReadAction","target":["https:\/\/www.correiobraziliense.com.br\/cbradar\/por-que-seu-cachorro-te-acompanha-o-tempo-todo-pela-casa-segundo-especialistas\/"]}]},{"@type":"ImageObject","inLanguage":"pt-BR","@id":"https:\/\/www.correiobraziliense.com.br\/cbradar\/por-que-seu-cachorro-te-acompanha-o-tempo-todo-pela-casa-segundo-especialistas\/#primaryimage","url":"https:\/\/www.correiobraziliense.com.br\/cbradar\/wp-content\/uploads\/2025\/07\/cachorro_1752191082001.jpg","contentUrl":"https:\/\/www.correiobraziliense.com.br\/cbradar\/wp-content\/uploads\/2025\/07\/cachorro_1752191082001.jpg","width":1280,"height":720,"caption":"cachorro. Cr\u00e9ditos: depositphotos.com \/ AllaSerebrina"},{"@type":"BreadcrumbList","@id":"https:\/\/www.correiobraziliense.com.br\/cbradar\/por-que-seu-cachorro-te-acompanha-o-tempo-todo-pela-casa-segundo-especialistas\/#breadcrumb","itemListElement":[{"@type":"ListItem","position":1,"name":"In\u00edcio","item":"https:\/\/www.correiobraziliense.com.br\/cbradar\/"},{"@type":"ListItem","position":2,"name":"Por que seu cachorro te acompanha o tempo todo pela casa segundo especialistas"}]},{"@type":"WebSite","@id":"https:\/\/www.correiobraziliense.com.br\/cbradar\/#website","url":"https:\/\/www.correiobraziliense.com.br\/cbradar\/","name":"Correio Braziliense - Radar","description":"Acompanhe as \u00faltimas not\u00edcias e fique bem informado sobre tudo o que acontece no Brasil e no mundo.","potentialAction":[{"@type":"SearchAction","target":{"@type":"EntryPoint","urlTemplate":"https:\/\/www.correiobraziliense.com.br\/cbradar\/?s={search_term_string}"},"query-input":{"@type":"PropertyValueSpecification","valueRequired":true,"valueName":"search_term_string"}}],"inLanguage":"pt-BR"},{"@type":"Person","@id":"https:\/\/www.correiobraziliense.com.br\/cbradar\/#\/schema\/person\/58422787644df994b53a19d3e56c1513","name":"Larissa Carvalho","image":{"@type":"ImageObject","inLanguage":"pt-BR","@id":"https:\/\/www.correiobraziliense.com.br\/cbradar\/#\/schema\/person\/image\/","url":"https:\/\/secure.gravatar.com\/avatar\/fe4f91a0de32b52a838d0d612abdc1aa?s=96&d=mm&r=g","contentUrl":"https:\/\/secure.gravatar.com\/avatar\/fe4f91a0de32b52a838d0d612abdc1aa?s=96&d=mm&r=g","caption":"Larissa Carvalho"},"url":"https:\/\/www.correiobraziliense.com.br\/cbradar\/author\/larissamyth\/"}]}},"_links":{"self":[{"href":"https:\/\/www.correiobraziliense.com.br\/cbradar\/wp-json\/wp\/v2\/posts\/67811","targetHints":{"allow":["GET"]}}],"collection":[{"href":"https:\/\/www.correiobraziliense.com.br\/cbradar\/wp-json\/wp\/v2\/posts"}],"about":[{"href":"https:\/\/www.correiobraziliense.com.br\/cbradar\/wp-json\/wp\/v2\/types\/post"}],"author":[{"embeddable":true,"href":"https:\/\/www.correiobraziliense.com.br\/cbradar\/wp-json\/wp\/v2\/users\/3"}],"replies":[{"embeddable":true,"href":"https:\/\/www.correiobraziliense.com.br\/cbradar\/wp-json\/wp\/v2\/comments?post=67811"}],"version-history":[{"count":1,"href":"https:\/\/www.correiobraziliense.com.br\/cbradar\/wp-json\/wp\/v2\/posts\/67811\/revisions"}],"predecessor-version":[{"id":67817,"href":"https:\/\/www.correiobraziliense.com.br\/cbradar\/wp-json\/wp\/v2\/posts\/67811\/revisions\/67817"}],"wp:featuredmedia":[{"embeddable":true,"href":"https:\/\/www.correiobraziliense.com.br\/cbradar\/wp-json\/wp\/v2\/media\/67813"}],"wp:attachment":[{"href":"https:\/\/www.correiobraziliense.com.br\/cbradar\/wp-json\/wp\/v2\/media?parent=67811"}],"wp:term":[{"taxonomy":"category","embeddable":true,"href":"https:\/\/www.correiobraziliense.com.br\/cbradar\/wp-json\/wp\/v2\/categories?post=67811"},{"taxonomy":"post_tag","embeddable":true,"href":"https:\/\/www.correiobraziliense.com.br\/cbradar\/wp-json\/wp\/v2\/post_tag?post=67811"}],"curies":[{"name":"wp","href":"https:\/\/api.w.org\/{rel}","templated":true}]}}