{"id":67818,"date":"2025-07-11T08:23:00","date_gmt":"2025-07-11T11:23:00","guid":{"rendered":"https:\/\/www.correiobraziliense.com.br\/cbradar\/?p=67818"},"modified":"2025-07-11T07:27:58","modified_gmt":"2025-07-11T10:27:58","slug":"o-maior-erro-ao-usar-cafeteira-eletrica-que-muita-gente-comete-sem-saber","status":"publish","type":"post","link":"https:\/\/www.correiobraziliense.com.br\/cbradar\/o-maior-erro-ao-usar-cafeteira-eletrica-que-muita-gente-comete-sem-saber\/","title":{"rendered":"O maior erro ao usar cafeteira el\u00e9trica que muita gente comete sem saber"},"content":{"rendered":"\n<p><strong>A cafeteira el\u00e9trica<\/strong> \u00e9 um aparelho presente em praticamente toda cozinha italiana, sendo utilizada diariamente para o preparo do tradicional caf\u00e9 expresso. Por quest\u00f5es de seguran\u00e7a e economia de energia, especialistas recomendam desligar a cafeteira sempre que ela n\u00e3o estiver em uso.<\/p>\n\n\n\n<ul class=\"wp-block-list\">\n<li><strong>Evita riscos de acidentes<\/strong> el\u00e9tricos ou superaquecimento.<\/li>\n\n\n\n<li><strong>Reduz o consumo<\/strong> desnecess\u00e1rio de energia el\u00e9trica.<\/li>\n\n\n\n<li><strong>Aumenta a durabilidade<\/strong> do equipamento ao evitar funcionamento cont\u00ednuo.<\/li>\n<\/ul>\n\n\n\n<h2 class=\"wp-block-heading\">Por que desligar a cafeteira el\u00e9trica ap\u00f3s o uso?<\/h2>\n\n\n\n<p><strong>Manter a cafeteira ligada<\/strong> sem necessidade pode causar aquecimento excessivo e desgaste dos componentes internos. O h\u00e1bito de desligar o aparelho protege sua casa contra curtos-circuitos e outros acidentes dom\u00e9sticos.<\/p>\n\n\n\n<p><strong>Al\u00e9m disso<\/strong>, desligar a cafeteira contribui para a sustentabilidade, j\u00e1 que evita desperd\u00edcio de energia el\u00e9trica ao longo do tempo.<\/p>\n\n\n\n<p>Leia tamb\u00e9m: <a href=\"https:\/\/www.correiobraziliense.com.br\/cbradar\/esses-eletrodomesticos-sao-os-viloes-da-sua-conta-de-luz\/\" target=\"_blank\" rel=\"noreferrer noopener\">Esses eletrodom\u00e9sticos s\u00e3o os vil\u00f5es da sua conta de luz<\/a><\/p>\n\n\n\n<figure class=\"wp-block-image size-large\"><img decoding=\"async\" width=\"1024\" height=\"576\" src=\"https:\/\/www.correiobraziliense.com.br\/cbradar\/wp-content\/uploads\/2025\/07\/cafeteira-eletrica_1752191367900-1024x576.jpg\" alt=\"O maior erro ao usar cafeteira el\u00e9trica que muita gente comete sem saber\" class=\"wp-image-67823\" srcset=\"https:\/\/www.correiobraziliense.com.br\/cbradar\/wp-content\/uploads\/2025\/07\/cafeteira-eletrica_1752191367900-1024x576.jpg 1024w, https:\/\/www.correiobraziliense.com.br\/cbradar\/wp-content\/uploads\/2025\/07\/cafeteira-eletrica_1752191367900-300x169.jpg 300w, https:\/\/www.correiobraziliense.com.br\/cbradar\/wp-content\/uploads\/2025\/07\/cafeteira-eletrica_1752191367900-768x432.jpg 768w, https:\/\/www.correiobraziliense.com.br\/cbradar\/wp-content\/uploads\/2025\/07\/cafeteira-eletrica_1752191367900-750x422.jpg 750w, https:\/\/www.correiobraziliense.com.br\/cbradar\/wp-content\/uploads\/2025\/07\/cafeteira-eletrica_1752191367900-1140x641.jpg 1140w, https:\/\/www.correiobraziliense.com.br\/cbradar\/wp-content\/uploads\/2025\/07\/cafeteira-eletrica_1752191367900.jpg 1280w\" sizes=\"(max-width: 1024px) 100vw, 1024px\" \/><figcaption class=\"wp-element-caption\">cafeteira el\u00e9trica. Cr\u00e9ditos: depositphotos.com \/ serezniy<\/figcaption><\/figure>\n\n\n\n<h2 class=\"wp-block-heading\">Outros aparelhos el\u00e9tricos comuns em cozinhas italianas que exigem aten\u00e7\u00e3o<\/h2>\n\n\n\n<p><strong>Forno el\u00e9trico, torradeira<\/strong> e <strong>liquidificador<\/strong> tamb\u00e9m devem ser desligados da tomada quando n\u00e3o est\u00e3o em uso, seguindo a mesma l\u00f3gica de seguran\u00e7a e economia.<\/p>\n\n\n\n<ul class=\"wp-block-list\">\n<li>Desconectar aparelhos ap\u00f3s o uso evita danos por oscila\u00e7\u00f5es de energia.<\/li>\n\n\n\n<li>H\u00e1bito recomendado por eletricistas e especialistas em seguran\u00e7a dom\u00e9stica.<\/li>\n<\/ul>\n\n\n\n<h2 class=\"wp-block-heading\">Desligar aparelhos ap\u00f3s o uso faz toda a diferen\u00e7a<\/h2>\n\n\n\n<ul class=\"wp-block-list\">\n<li><strong>Cafeteira el\u00e9trica<\/strong> deve ser desligada para evitar riscos e desperd\u00edcios.<\/li>\n\n\n\n<li><strong>Outros eletrodom\u00e9sticos<\/strong> de uso frequente tamb\u00e9m exigem esse cuidado.<\/li>\n\n\n\n<li><strong>Pr\u00e1tica simples<\/strong> aumenta a seguran\u00e7a e ajuda a poupar energia na cozinha.<\/li>\n<\/ul>\n","protected":false},"excerpt":{"rendered":"<p>Especialistas recomendam: desligar a cafeteira el\u00e9trica previne acidentes e desperd\u00edcios. Veja dicas para manter a seguran\u00e7a e economizar energia todo dia.<\/p>\n","protected":false},"author":3,"featured_media":67822,"comment_status":"open","ping_status":"open","sticky":false,"template":"","format":"standard","meta":{"_yoast_wpseo_focuskw":"erro cafeteira el\u00e9trica","_yoast_wpseo_title":"%%title%%","_yoast_wpseo_metadesc":"Especialistas recomendam: desligar a cafeteira el\u00e9trica previne acidentes e desperd\u00edcios. Veja dicas para manter a seguran\u00e7a e economizar energia todo dia.","jnews-multi-image_gallery":[],"jnews_single_post":{"format":"standard"},"jnews_primary_category":[],"jnews_social_meta":[],"jnews_override_counter":[],"footnotes":""},"categories":[112],"post_tag":[8012,144,1709],"class_list":["post-67818","post","type-post","status-publish","format-standard","has-post-thumbnail","hentry","category-curiosidades","tag-cafeteira-eletrica","tag-curiosidades","tag-eletrodomesticos"],"yoast_head":"<!-- This site is optimized with the Yoast SEO plugin v24.6 - https:\/\/yoast.com\/wordpress\/plugins\/seo\/ -->\n<title>O maior erro ao usar cafeteira el\u00e9trica que muita gente comete sem saber<\/title>\n<meta name=\"description\" content=\"Especialistas recomendam: desligar a cafeteira el\u00e9trica previne acidentes e desperd\u00edcios. Veja dicas para manter a seguran\u00e7a e economizar energia todo dia.\" \/>\n<meta name=\"robots\" content=\"index, follow, max-snippet:-1, max-image-preview:large, max-video-preview:-1\" \/>\n<link rel=\"canonical\" href=\"https:\/\/www.correiobraziliense.com.br\/cbradar\/o-maior-erro-ao-usar-cafeteira-eletrica-que-muita-gente-comete-sem-saber\/\" \/>\n<meta property=\"og:locale\" content=\"pt_BR\" \/>\n<meta property=\"og:type\" content=\"article\" \/>\n<meta property=\"og:title\" content=\"O maior erro ao usar cafeteira el\u00e9trica que muita gente comete sem saber\" \/>\n<meta property=\"og:description\" content=\"Especialistas recomendam: desligar a cafeteira el\u00e9trica previne acidentes e desperd\u00edcios. Veja dicas para manter a seguran\u00e7a e economizar energia todo dia.\" \/>\n<meta property=\"og:url\" content=\"https:\/\/www.correiobraziliense.com.br\/cbradar\/o-maior-erro-ao-usar-cafeteira-eletrica-que-muita-gente-comete-sem-saber\/\" \/>\n<meta property=\"og:site_name\" content=\"Correio Braziliense - Radar\" \/>\n<meta property=\"article:published_time\" content=\"2025-07-11T11:23:00+00:00\" \/>\n<meta property=\"og:image\" content=\"https:\/\/www.correiobraziliense.com.br\/cbradar\/wp-content\/uploads\/2025\/07\/cafeteira-eletrica_1752191327501.jpg\" \/>\n\t<meta property=\"og:image:width\" content=\"1280\" \/>\n\t<meta property=\"og:image:height\" content=\"720\" \/>\n\t<meta property=\"og:image:type\" content=\"image\/jpeg\" \/>\n<meta name=\"author\" content=\"Larissa Carvalho\" \/>\n<meta name=\"twitter:card\" content=\"summary_large_image\" \/>\n<meta name=\"twitter:label1\" content=\"Escrito por\" \/>\n\t<meta name=\"twitter:data1\" content=\"Larissa Carvalho\" \/>\n\t<meta name=\"twitter:label2\" content=\"Est. tempo de leitura\" \/>\n\t<meta name=\"twitter:data2\" content=\"2 minutos\" \/>\n<!-- \/ Yoast SEO plugin. -->","yoast_head_json":{"title":"O maior erro ao usar cafeteira el\u00e9trica que muita gente comete sem saber","description":"Especialistas recomendam: desligar a cafeteira el\u00e9trica previne acidentes e desperd\u00edcios. Veja dicas para manter a seguran\u00e7a e economizar energia todo dia.","robots":{"index":"index","follow":"follow","max-snippet":"max-snippet:-1","max-image-preview":"max-image-preview:large","max-video-preview":"max-video-preview:-1"},"canonical":"https:\/\/www.correiobraziliense.com.br\/cbradar\/o-maior-erro-ao-usar-cafeteira-eletrica-que-muita-gente-comete-sem-saber\/","og_locale":"pt_BR","og_type":"article","og_title":"O maior erro ao usar cafeteira el\u00e9trica que muita gente comete sem saber","og_description":"Especialistas recomendam: desligar a cafeteira el\u00e9trica previne acidentes e desperd\u00edcios. Veja dicas para manter a seguran\u00e7a e economizar energia todo dia.","og_url":"https:\/\/www.correiobraziliense.com.br\/cbradar\/o-maior-erro-ao-usar-cafeteira-eletrica-que-muita-gente-comete-sem-saber\/","og_site_name":"Correio Braziliense - Radar","article_published_time":"2025-07-11T11:23:00+00:00","og_image":[{"width":1280,"height":720,"url":"https:\/\/www.correiobraziliense.com.br\/cbradar\/wp-content\/uploads\/2025\/07\/cafeteira-eletrica_1752191327501.jpg","type":"image\/jpeg"}],"author":"Larissa Carvalho","twitter_card":"summary_large_image","twitter_misc":{"Escrito por":"Larissa Carvalho","Est. tempo de leitura":"2 minutos"},"schema":{"@context":"https:\/\/schema.org","@graph":[{"@type":"WebPage","@id":"https:\/\/www.correiobraziliense.com.br\/cbradar\/o-maior-erro-ao-usar-cafeteira-eletrica-que-muita-gente-comete-sem-saber\/","url":"https:\/\/www.correiobraziliense.com.br\/cbradar\/o-maior-erro-ao-usar-cafeteira-eletrica-que-muita-gente-comete-sem-saber\/","name":"O maior erro ao usar cafeteira el\u00e9trica que muita gente comete sem saber","isPartOf":{"@id":"https:\/\/www.correiobraziliense.com.br\/cbradar\/#website"},"primaryImageOfPage":{"@id":"https:\/\/www.correiobraziliense.com.br\/cbradar\/o-maior-erro-ao-usar-cafeteira-eletrica-que-muita-gente-comete-sem-saber\/#primaryimage"},"image":{"@id":"https:\/\/www.correiobraziliense.com.br\/cbradar\/o-maior-erro-ao-usar-cafeteira-eletrica-que-muita-gente-comete-sem-saber\/#primaryimage"},"thumbnailUrl":"https:\/\/www.correiobraziliense.com.br\/cbradar\/wp-content\/uploads\/2025\/07\/cafeteira-eletrica_1752191327501.jpg","datePublished":"2025-07-11T11:23:00+00:00","author":{"@id":"https:\/\/www.correiobraziliense.com.br\/cbradar\/#\/schema\/person\/58422787644df994b53a19d3e56c1513"},"description":"Especialistas recomendam: desligar a cafeteira el\u00e9trica previne acidentes e desperd\u00edcios. Veja dicas para manter a seguran\u00e7a e economizar energia todo dia.","breadcrumb":{"@id":"https:\/\/www.correiobraziliense.com.br\/cbradar\/o-maior-erro-ao-usar-cafeteira-eletrica-que-muita-gente-comete-sem-saber\/#breadcrumb"},"inLanguage":"pt-BR","potentialAction":[{"@type":"ReadAction","target":["https:\/\/www.correiobraziliense.com.br\/cbradar\/o-maior-erro-ao-usar-cafeteira-eletrica-que-muita-gente-comete-sem-saber\/"]}]},{"@type":"ImageObject","inLanguage":"pt-BR","@id":"https:\/\/www.correiobraziliense.com.br\/cbradar\/o-maior-erro-ao-usar-cafeteira-eletrica-que-muita-gente-comete-sem-saber\/#primaryimage","url":"https:\/\/www.correiobraziliense.com.br\/cbradar\/wp-content\/uploads\/2025\/07\/cafeteira-eletrica_1752191327501.jpg","contentUrl":"https:\/\/www.correiobraziliense.com.br\/cbradar\/wp-content\/uploads\/2025\/07\/cafeteira-eletrica_1752191327501.jpg","width":1280,"height":720,"caption":"cafeteira el\u00e9trica. Cr\u00e9ditos: depositphotos.com \/ HayDmitriy"},{"@type":"BreadcrumbList","@id":"https:\/\/www.correiobraziliense.com.br\/cbradar\/o-maior-erro-ao-usar-cafeteira-eletrica-que-muita-gente-comete-sem-saber\/#breadcrumb","itemListElement":[{"@type":"ListItem","position":1,"name":"In\u00edcio","item":"https:\/\/www.correiobraziliense.com.br\/cbradar\/"},{"@type":"ListItem","position":2,"name":"O maior erro ao usar cafeteira el\u00e9trica que muita gente comete sem saber"}]},{"@type":"WebSite","@id":"https:\/\/www.correiobraziliense.com.br\/cbradar\/#website","url":"https:\/\/www.correiobraziliense.com.br\/cbradar\/","name":"Correio Braziliense - Radar","description":"Acompanhe as \u00faltimas not\u00edcias e fique bem informado sobre tudo o que acontece no Brasil e no mundo.","potentialAction":[{"@type":"SearchAction","target":{"@type":"EntryPoint","urlTemplate":"https:\/\/www.correiobraziliense.com.br\/cbradar\/?s={search_term_string}"},"query-input":{"@type":"PropertyValueSpecification","valueRequired":true,"valueName":"search_term_string"}}],"inLanguage":"pt-BR"},{"@type":"Person","@id":"https:\/\/www.correiobraziliense.com.br\/cbradar\/#\/schema\/person\/58422787644df994b53a19d3e56c1513","name":"Larissa Carvalho","image":{"@type":"ImageObject","inLanguage":"pt-BR","@id":"https:\/\/www.correiobraziliense.com.br\/cbradar\/#\/schema\/person\/image\/","url":"https:\/\/secure.gravatar.com\/avatar\/fe4f91a0de32b52a838d0d612abdc1aa?s=96&d=mm&r=g","contentUrl":"https:\/\/secure.gravatar.com\/avatar\/fe4f91a0de32b52a838d0d612abdc1aa?s=96&d=mm&r=g","caption":"Larissa Carvalho"},"url":"https:\/\/www.correiobraziliense.com.br\/cbradar\/author\/larissamyth\/"}]}},"_links":{"self":[{"href":"https:\/\/www.correiobraziliense.com.br\/cbradar\/wp-json\/wp\/v2\/posts\/67818","targetHints":{"allow":["GET"]}}],"collection":[{"href":"https:\/\/www.correiobraziliense.com.br\/cbradar\/wp-json\/wp\/v2\/posts"}],"about":[{"href":"https:\/\/www.correiobraziliense.com.br\/cbradar\/wp-json\/wp\/v2\/types\/post"}],"author":[{"embeddable":true,"href":"https:\/\/www.correiobraziliense.com.br\/cbradar\/wp-json\/wp\/v2\/users\/3"}],"replies":[{"embeddable":true,"href":"https:\/\/www.correiobraziliense.com.br\/cbradar\/wp-json\/wp\/v2\/comments?post=67818"}],"version-history":[{"count":2,"href":"https:\/\/www.correiobraziliense.com.br\/cbradar\/wp-json\/wp\/v2\/posts\/67818\/revisions"}],"predecessor-version":[{"id":67868,"href":"https:\/\/www.correiobraziliense.com.br\/cbradar\/wp-json\/wp\/v2\/posts\/67818\/revisions\/67868"}],"wp:featuredmedia":[{"embeddable":true,"href":"https:\/\/www.correiobraziliense.com.br\/cbradar\/wp-json\/wp\/v2\/media\/67822"}],"wp:attachment":[{"href":"https:\/\/www.correiobraziliense.com.br\/cbradar\/wp-json\/wp\/v2\/media?parent=67818"}],"wp:term":[{"taxonomy":"category","embeddable":true,"href":"https:\/\/www.correiobraziliense.com.br\/cbradar\/wp-json\/wp\/v2\/categories?post=67818"},{"taxonomy":"post_tag","embeddable":true,"href":"https:\/\/www.correiobraziliense.com.br\/cbradar\/wp-json\/wp\/v2\/post_tag?post=67818"}],"curies":[{"name":"wp","href":"https:\/\/api.w.org\/{rel}","templated":true}]}}