{"id":6791,"date":"2025-02-28T18:50:00","date_gmt":"2025-02-28T21:50:00","guid":{"rendered":"https:\/\/www.correiobraziliense.com.br\/cbradar\/?p=6791"},"modified":"2025-02-27T17:50:20","modified_gmt":"2025-02-27T20:50:20","slug":"photoshop-lanca-versao-avancada-para-celulares-veja-o-que-mudou","status":"publish","type":"post","link":"https:\/\/www.correiobraziliense.com.br\/cbradar\/photoshop-lanca-versao-avancada-para-celulares-veja-o-que-mudou\/","title":{"rendered":"Photoshop lan\u00e7a vers\u00e3o avan\u00e7ada para celulares, veja o que mudou"},"content":{"rendered":"\n<p>Em uma movimenta\u00e7\u00e3o que promete revolucionar a edi\u00e7\u00e3o de imagens em dispositivos m\u00f3veis, a Adobe lan\u00e7ou oficialmente um novo aplicativo do<strong> <a href=\"https:\/\/www.adobe.com\/br\/products\/photoshop.html\" target=\"_blank\" rel=\"noreferrer noopener\">Photoshop<\/a><\/strong> para celulares. Este lan\u00e7amento, ocorrido em 25 de mar\u00e7o de 2025, oferece aos usu\u00e1rios ferramentas de edi\u00e7\u00e3o avan\u00e7adas, semelhantes \u00e0s encontradas na vers\u00e3o para<strong> desktop,<\/strong> e uma integra\u00e7\u00e3o perfeita com a vers\u00e3o web do <strong>software<\/strong>. Esta novidade marca uma evolu\u00e7\u00e3o significativa em rela\u00e7\u00e3o ao <strong>Photoshop Express<\/strong>, que estava dispon\u00edvel desde 2010.<\/p>\n\n\n\n<p>O novo aplicativo para celular \u00e9 projetado para atender tanto amadores quanto profissionais, proporcionando uma experi\u00eancia de edi\u00e7\u00e3o mais robusta. Com recursos como controle de camadas, m\u00e1scaras e sele\u00e7\u00f5es, o app tamb\u00e9m se integra ao ecossistema da <strong>Creative Cloud<\/strong>, facilitando o acesso a outros softwares da Adobe, como o Adobe Express, Lightroom e Fresco. Al\u00e9m disso, incorpora as solu\u00e7\u00f5es de intelig\u00eancia artificial do<strong> Adobe Firefly<\/strong>, como <strong>o Generative Fill e o Generative Expand AI.<\/strong><\/p>\n\n\n\n<h2 class=\"wp-block-heading\"><strong>Quais s\u00e3o as funcionalidades do novo app do Photoshop para celular?<\/strong><\/h2>\n\n\n\n<p>O aplicativo oferece uma gama de funcionalidades que elevam a edi\u00e7\u00e3o de imagens em dispositivos m\u00f3veis a um novo patamar. Entre as principais ferramentas, destacam-se:<\/p>\n\n\n\n<figure class=\"wp-block-image size-large\"><img decoding=\"async\" width=\"1024\" height=\"576\" src=\"https:\/\/www.correiobraziliense.com.br\/cbradar\/wp-content\/uploads\/2025\/02\/Adobe-Photoshop_1740664758102-1024x576.jpg\" alt=\"Photoshop lan\u00e7a vers\u00e3o avan\u00e7ada para celulares, veja o que mudou\" class=\"wp-image-6793\" srcset=\"https:\/\/www.correiobraziliense.com.br\/cbradar\/wp-content\/uploads\/2025\/02\/Adobe-Photoshop_1740664758102-1024x576.jpg 1024w, https:\/\/www.correiobraziliense.com.br\/cbradar\/wp-content\/uploads\/2025\/02\/Adobe-Photoshop_1740664758102-300x169.jpg 300w, https:\/\/www.correiobraziliense.com.br\/cbradar\/wp-content\/uploads\/2025\/02\/Adobe-Photoshop_1740664758102-768x432.jpg 768w, https:\/\/www.correiobraziliense.com.br\/cbradar\/wp-content\/uploads\/2025\/02\/Adobe-Photoshop_1740664758102-750x422.jpg 750w, https:\/\/www.correiobraziliense.com.br\/cbradar\/wp-content\/uploads\/2025\/02\/Adobe-Photoshop_1740664758102-1140x641.jpg 1140w, https:\/\/www.correiobraziliense.com.br\/cbradar\/wp-content\/uploads\/2025\/02\/Adobe-Photoshop_1740664758102.jpg 1280w\" sizes=\"(max-width: 1024px) 100vw, 1024px\" \/><figcaption class=\"wp-element-caption\">Novo Photoshop Avan\u00e7ado. Cr\u00e9ditos: depositphotos.com \/ monticello<\/figcaption><\/figure>\n\n\n\n<ul class=\"wp-block-list\">\n<li><strong>Combina\u00e7\u00e3o e composi\u00e7\u00e3o de imagens:<\/strong>&nbsp;Utilizando sele\u00e7\u00f5es, camadas e m\u00e1scaras, os usu\u00e1rios podem criar composi\u00e7\u00f5es complexas diretamente no celular.<\/li>\n\n\n\n<li><strong>Tap Select:<\/strong>&nbsp;Permite a remo\u00e7\u00e3o, coloriza\u00e7\u00e3o e reposi\u00e7\u00e3o de elementos de forma intuitiva.<\/li>\n\n\n\n<li><strong>Ferramentas generativas do Adobe Firefly:<\/strong>&nbsp;Integra\u00e7\u00e3o com solu\u00e7\u00f5es de IA para cria\u00e7\u00e3o e edi\u00e7\u00e3o de imagens.<\/li>\n\n\n\n<li><strong>Acesso ao Adobe Stock:<\/strong>&nbsp;Disponibiliza uma vasta biblioteca de assets para enriquecer os projetos.<\/li>\n<\/ul>\n\n\n\n<h2 class=\"wp-block-heading\"><strong>Qual \u00e9 o impacto do novo plano Photoshop mobile e Web?<\/strong><\/h2>\n\n\n\n<p>Junto com o lan\u00e7amento do aplicativo, a Adobe anunciou o plano <strong>Photoshop Mobile e Web<\/strong>, que oferece recursos exclusivos tanto no app quanto na vers\u00e3o web do<strong> Photoshop<\/strong>. Este plano inclui a cria\u00e7\u00e3o de imagens com intelig\u00eancia artificial, acesso a mais de 20 mil fontes, sele\u00e7\u00f5es precisas com o Object Select e controles avan\u00e7ados de transpar\u00eancia e efeitos de cor. O plano est\u00e1 dispon\u00edvel por US$ 7,99 mensais ou US$ 69,99 anuais, embora os pre\u00e7os para o mercado brasileiro ainda n\u00e3o tenham sido divulgados.<\/p>\n\n\n\n<h2 class=\"wp-block-heading\"><strong>Disponibilidade e compatibilidade do novo aplicativo<\/strong><\/h2>\n\n\n\n<p>Atualmente, o aplicativo do <strong>Photoshop<\/strong> est\u00e1 dispon\u00edvel exclusivamente para iPhone, acess\u00edvel via <strong>App Store<\/strong>. A Adobe planeja lan\u00e7ar a vers\u00e3o para <strong>Android<\/strong> ainda este ano, ampliando o alcance do aplicativo para uma base de usu\u00e1rios ainda maior. Esta expans\u00e3o \u00e9 aguardada com expectativa, dado o potencial de transforma\u00e7\u00e3o que o aplicativo oferece para a edi\u00e7\u00e3o de imagens em dispositivos m\u00f3veis.<\/p>\n\n\n\n<p>O lan\u00e7amento do novo aplicativo do <strong>Photoshop <\/strong>para celulares representa um avan\u00e7o significativo na forma como as imagens s\u00e3o editadas em dispositivos m\u00f3veis. Com ferramentas avan\u00e7adas e integra\u00e7\u00e3o com a<strong> Creative Cloud, a Adobe<\/strong> continua a liderar o mercado de edi\u00e7\u00e3o de imagens, oferecendo solu\u00e7\u00f5es inovadoras que atendem \u00e0s necessidades de um p\u00fablico diversificado.<\/p>\n","protected":false},"excerpt":{"rendered":"<p>O lan\u00e7amento do aplicativo m\u00f3vel Adobe Photoshop oferece ferramentas avan\u00e7adas de edi\u00e7\u00e3o de imagens para dispositivos m\u00f3veis<\/p>\n","protected":false},"author":3,"featured_media":6792,"comment_status":"open","ping_status":"open","sticky":false,"template":"","format":"standard","meta":{"_yoast_wpseo_focuskw":"Photoshop","_yoast_wpseo_title":"%%title%%","_yoast_wpseo_metadesc":"O lan\u00e7amento do aplicativo m\u00f3vel Adobe Photoshop oferece ferramentas avan\u00e7adas de edi\u00e7\u00e3o de imagens para dispositivos m\u00f3veis","jnews-multi-image_gallery":[],"jnews_single_post":{"format":"standard"},"jnews_primary_category":[],"jnews_social_meta":[],"jnews_override_counter":[],"footnotes":""},"categories":[115],"post_tag":[1268],"class_list":["post-6791","post","type-post","status-publish","format-standard","has-post-thumbnail","hentry","category-tecnologia","tag-photoshop"],"yoast_head":"<!-- This site is optimized with the Yoast SEO plugin v24.6 - https:\/\/yoast.com\/wordpress\/plugins\/seo\/ -->\n<title>Photoshop lan\u00e7a vers\u00e3o avan\u00e7ada para celulares, veja o que mudou<\/title>\n<meta name=\"description\" content=\"O lan\u00e7amento do aplicativo m\u00f3vel Adobe Photoshop oferece ferramentas avan\u00e7adas de edi\u00e7\u00e3o de imagens para dispositivos m\u00f3veis\" \/>\n<meta name=\"robots\" content=\"index, follow, max-snippet:-1, max-image-preview:large, max-video-preview:-1\" \/>\n<link rel=\"canonical\" href=\"https:\/\/www.correiobraziliense.com.br\/cbradar\/photoshop-lanca-versao-avancada-para-celulares-veja-o-que-mudou\/\" \/>\n<meta property=\"og:locale\" content=\"pt_BR\" \/>\n<meta property=\"og:type\" content=\"article\" \/>\n<meta property=\"og:title\" content=\"Photoshop lan\u00e7a vers\u00e3o avan\u00e7ada para celulares, veja o que mudou\" \/>\n<meta property=\"og:description\" content=\"O lan\u00e7amento do aplicativo m\u00f3vel Adobe Photoshop oferece ferramentas avan\u00e7adas de edi\u00e7\u00e3o de imagens para dispositivos m\u00f3veis\" \/>\n<meta property=\"og:url\" content=\"https:\/\/www.correiobraziliense.com.br\/cbradar\/photoshop-lanca-versao-avancada-para-celulares-veja-o-que-mudou\/\" \/>\n<meta property=\"og:site_name\" content=\"Correio Braziliense - Radar\" \/>\n<meta property=\"article:published_time\" content=\"2025-02-28T21:50:00+00:00\" \/>\n<meta property=\"og:image\" content=\"https:\/\/www.correiobraziliense.com.br\/cbradar\/wp-content\/uploads\/2025\/02\/Adobe-Photoshop_1740664702568.jpg\" \/>\n\t<meta property=\"og:image:width\" content=\"1280\" \/>\n\t<meta property=\"og:image:height\" content=\"720\" \/>\n\t<meta property=\"og:image:type\" content=\"image\/jpeg\" \/>\n<meta name=\"author\" content=\"Larissa Carvalho\" \/>\n<meta name=\"twitter:card\" content=\"summary_large_image\" \/>\n<meta name=\"twitter:label1\" content=\"Escrito por\" \/>\n\t<meta name=\"twitter:data1\" content=\"Larissa Carvalho\" \/>\n\t<meta name=\"twitter:label2\" content=\"Est. tempo de leitura\" \/>\n\t<meta name=\"twitter:data2\" content=\"3 minutos\" \/>\n<!-- \/ Yoast SEO plugin. -->","yoast_head_json":{"title":"Photoshop lan\u00e7a vers\u00e3o avan\u00e7ada para celulares, veja o que mudou","description":"O lan\u00e7amento do aplicativo m\u00f3vel Adobe Photoshop oferece ferramentas avan\u00e7adas de edi\u00e7\u00e3o de imagens para dispositivos m\u00f3veis","robots":{"index":"index","follow":"follow","max-snippet":"max-snippet:-1","max-image-preview":"max-image-preview:large","max-video-preview":"max-video-preview:-1"},"canonical":"https:\/\/www.correiobraziliense.com.br\/cbradar\/photoshop-lanca-versao-avancada-para-celulares-veja-o-que-mudou\/","og_locale":"pt_BR","og_type":"article","og_title":"Photoshop lan\u00e7a vers\u00e3o avan\u00e7ada para celulares, veja o que mudou","og_description":"O lan\u00e7amento do aplicativo m\u00f3vel Adobe Photoshop oferece ferramentas avan\u00e7adas de edi\u00e7\u00e3o de imagens para dispositivos m\u00f3veis","og_url":"https:\/\/www.correiobraziliense.com.br\/cbradar\/photoshop-lanca-versao-avancada-para-celulares-veja-o-que-mudou\/","og_site_name":"Correio Braziliense - Radar","article_published_time":"2025-02-28T21:50:00+00:00","og_image":[{"width":1280,"height":720,"url":"https:\/\/www.correiobraziliense.com.br\/cbradar\/wp-content\/uploads\/2025\/02\/Adobe-Photoshop_1740664702568.jpg","type":"image\/jpeg"}],"author":"Larissa Carvalho","twitter_card":"summary_large_image","twitter_misc":{"Escrito por":"Larissa Carvalho","Est. tempo de leitura":"3 minutos"},"schema":{"@context":"https:\/\/schema.org","@graph":[{"@type":"WebPage","@id":"https:\/\/www.correiobraziliense.com.br\/cbradar\/photoshop-lanca-versao-avancada-para-celulares-veja-o-que-mudou\/","url":"https:\/\/www.correiobraziliense.com.br\/cbradar\/photoshop-lanca-versao-avancada-para-celulares-veja-o-que-mudou\/","name":"Photoshop lan\u00e7a vers\u00e3o avan\u00e7ada para celulares, veja o que mudou","isPartOf":{"@id":"https:\/\/www.correiobraziliense.com.br\/cbradar\/#website"},"primaryImageOfPage":{"@id":"https:\/\/www.correiobraziliense.com.br\/cbradar\/photoshop-lanca-versao-avancada-para-celulares-veja-o-que-mudou\/#primaryimage"},"image":{"@id":"https:\/\/www.correiobraziliense.com.br\/cbradar\/photoshop-lanca-versao-avancada-para-celulares-veja-o-que-mudou\/#primaryimage"},"thumbnailUrl":"https:\/\/www.correiobraziliense.com.br\/cbradar\/wp-content\/uploads\/2025\/02\/Adobe-Photoshop_1740664702568.jpg","datePublished":"2025-02-28T21:50:00+00:00","author":{"@id":"https:\/\/www.correiobraziliense.com.br\/cbradar\/#\/schema\/person\/58422787644df994b53a19d3e56c1513"},"description":"O lan\u00e7amento do aplicativo m\u00f3vel Adobe Photoshop oferece ferramentas avan\u00e7adas de edi\u00e7\u00e3o de imagens para dispositivos m\u00f3veis","breadcrumb":{"@id":"https:\/\/www.correiobraziliense.com.br\/cbradar\/photoshop-lanca-versao-avancada-para-celulares-veja-o-que-mudou\/#breadcrumb"},"inLanguage":"pt-BR","potentialAction":[{"@type":"ReadAction","target":["https:\/\/www.correiobraziliense.com.br\/cbradar\/photoshop-lanca-versao-avancada-para-celulares-veja-o-que-mudou\/"]}]},{"@type":"ImageObject","inLanguage":"pt-BR","@id":"https:\/\/www.correiobraziliense.com.br\/cbradar\/photoshop-lanca-versao-avancada-para-celulares-veja-o-que-mudou\/#primaryimage","url":"https:\/\/www.correiobraziliense.com.br\/cbradar\/wp-content\/uploads\/2025\/02\/Adobe-Photoshop_1740664702568.jpg","contentUrl":"https:\/\/www.correiobraziliense.com.br\/cbradar\/wp-content\/uploads\/2025\/02\/Adobe-Photoshop_1740664702568.jpg","width":1280,"height":720,"caption":"Photoshop. Cr\u00e9ditos: depositphotos.com \/ Daniel.Constante"},{"@type":"BreadcrumbList","@id":"https:\/\/www.correiobraziliense.com.br\/cbradar\/photoshop-lanca-versao-avancada-para-celulares-veja-o-que-mudou\/#breadcrumb","itemListElement":[{"@type":"ListItem","position":1,"name":"In\u00edcio","item":"https:\/\/www.correiobraziliense.com.br\/cbradar\/"},{"@type":"ListItem","position":2,"name":"Photoshop lan\u00e7a vers\u00e3o avan\u00e7ada para celulares, veja o que mudou"}]},{"@type":"WebSite","@id":"https:\/\/www.correiobraziliense.com.br\/cbradar\/#website","url":"https:\/\/www.correiobraziliense.com.br\/cbradar\/","name":"Correio Braziliense - Radar","description":"Acompanhe as \u00faltimas not\u00edcias e fique bem informado sobre tudo o que acontece no Brasil e no mundo.","potentialAction":[{"@type":"SearchAction","target":{"@type":"EntryPoint","urlTemplate":"https:\/\/www.correiobraziliense.com.br\/cbradar\/?s={search_term_string}"},"query-input":{"@type":"PropertyValueSpecification","valueRequired":true,"valueName":"search_term_string"}}],"inLanguage":"pt-BR"},{"@type":"Person","@id":"https:\/\/www.correiobraziliense.com.br\/cbradar\/#\/schema\/person\/58422787644df994b53a19d3e56c1513","name":"Larissa Carvalho","image":{"@type":"ImageObject","inLanguage":"pt-BR","@id":"https:\/\/www.correiobraziliense.com.br\/cbradar\/#\/schema\/person\/image\/","url":"https:\/\/secure.gravatar.com\/avatar\/fe4f91a0de32b52a838d0d612abdc1aa?s=96&d=mm&r=g","contentUrl":"https:\/\/secure.gravatar.com\/avatar\/fe4f91a0de32b52a838d0d612abdc1aa?s=96&d=mm&r=g","caption":"Larissa Carvalho"},"url":"https:\/\/www.correiobraziliense.com.br\/cbradar\/author\/larissamyth\/"}]}},"_links":{"self":[{"href":"https:\/\/www.correiobraziliense.com.br\/cbradar\/wp-json\/wp\/v2\/posts\/6791","targetHints":{"allow":["GET"]}}],"collection":[{"href":"https:\/\/www.correiobraziliense.com.br\/cbradar\/wp-json\/wp\/v2\/posts"}],"about":[{"href":"https:\/\/www.correiobraziliense.com.br\/cbradar\/wp-json\/wp\/v2\/types\/post"}],"author":[{"embeddable":true,"href":"https:\/\/www.correiobraziliense.com.br\/cbradar\/wp-json\/wp\/v2\/users\/3"}],"replies":[{"embeddable":true,"href":"https:\/\/www.correiobraziliense.com.br\/cbradar\/wp-json\/wp\/v2\/comments?post=6791"}],"version-history":[{"count":2,"href":"https:\/\/www.correiobraziliense.com.br\/cbradar\/wp-json\/wp\/v2\/posts\/6791\/revisions"}],"predecessor-version":[{"id":6834,"href":"https:\/\/www.correiobraziliense.com.br\/cbradar\/wp-json\/wp\/v2\/posts\/6791\/revisions\/6834"}],"wp:featuredmedia":[{"embeddable":true,"href":"https:\/\/www.correiobraziliense.com.br\/cbradar\/wp-json\/wp\/v2\/media\/6792"}],"wp:attachment":[{"href":"https:\/\/www.correiobraziliense.com.br\/cbradar\/wp-json\/wp\/v2\/media?parent=6791"}],"wp:term":[{"taxonomy":"category","embeddable":true,"href":"https:\/\/www.correiobraziliense.com.br\/cbradar\/wp-json\/wp\/v2\/categories?post=6791"},{"taxonomy":"post_tag","embeddable":true,"href":"https:\/\/www.correiobraziliense.com.br\/cbradar\/wp-json\/wp\/v2\/post_tag?post=6791"}],"curies":[{"name":"wp","href":"https:\/\/api.w.org\/{rel}","templated":true}]}}