{"id":68240,"date":"2025-07-12T07:33:00","date_gmt":"2025-07-12T10:33:00","guid":{"rendered":"https:\/\/www.correiobraziliense.com.br\/cbradar\/?p=68240"},"modified":"2025-07-12T06:08:14","modified_gmt":"2025-07-12T09:08:14","slug":"fenomeno-quantico-previsto-ha-65-anos-e-confirmado-em-experimento-inedito","status":"publish","type":"post","link":"https:\/\/www.correiobraziliense.com.br\/cbradar\/fenomeno-quantico-previsto-ha-65-anos-e-confirmado-em-experimento-inedito\/","title":{"rendered":"Fen\u00f4meno qu\u00e2ntico previsto h\u00e1 65 anos \u00e9 confirmado em experimento in\u00e9dito"},"content":{"rendered":"\n<p><strong>Uma descoberta hist\u00f3rica na f\u00edsica qu\u00e2ntica<\/strong> acaba de ser confirmada ap\u00f3s mais de seis d\u00e9cadas de espera. Cientistas dinamarqueses conseguiram observar, pela primeira vez, os chamados estados <strong>Caroli-de Gennes-Matricon (CdGM)<\/strong>, fen\u00f4meno teorizado em 1964 e considerado inalcan\u00e7\u00e1vel pelos m\u00e9todos tradicionais. O avan\u00e7o abre novas perspectivas para a compreens\u00e3o de materiais ex\u00f3ticos e aplica\u00e7\u00f5es tecnol\u00f3gicas inovadoras.<\/p>\n\n\n\n<ul class=\"wp-block-list\">\n<li><strong>Estados qu\u00e2nticos CdGM<\/strong> previstos desde os anos 1960 finalmente observados em laborat\u00f3rio.<\/li>\n\n\n\n<li><strong>V\u00f3rtices artificiais<\/strong> permitiram recriar condi\u00e7\u00f5es in\u00e9ditas para o experimento.<\/li>\n\n\n\n<li><strong>Descoberta pode impulsionar<\/strong> pesquisas em supercondutividade e computa\u00e7\u00e3o qu\u00e2ntica.<\/li>\n<\/ul>\n\n\n\n<h2 class=\"wp-block-heading\">O que s\u00e3o os estados qu\u00e2nticos Caroli-de Gennes-Matricon?<\/h2>\n\n\n\n<p><strong>Estados CdGM s\u00e3o padr\u00f5es especiais<\/strong> de energia que surgem no n\u00facleo de v\u00f3rtices dentro de supercondutores do tipo II. Nesses pontos, os el\u00e9trons se comportam de maneira totalmente diferente, formando uma estrutura energ\u00e9tica quase imposs\u00edvel de detectar at\u00e9 hoje.<\/p>\n\n\n\n<p><strong>O desafio experimental<\/strong> sempre foi a separa\u00e7\u00e3o min\u00fascula entre os estados de energia, menor que um mil\u00e9simo do padr\u00e3o observado por instrumentos convencionais, o que tornava imposs\u00edvel a confirma\u00e7\u00e3o em supercondutores comuns.<\/p>\n\n\n\n<p>Leia tamb\u00e9m: <a href=\"https:\/\/www.correiobraziliense.com.br\/cbradar\/5-fatos-sobre-jupiter-no-inicio-do-sistema-solar-que-impressionam-a-ciencia\/\" target=\"_blank\" rel=\"noreferrer noopener\">5 fatos sobre J\u00fapiter no in\u00edcio do Sistema Solar que impressionam a ci\u00eancia<\/a><\/p>\n\n\n\n<h2 class=\"wp-block-heading\">Como a ci\u00eancia conseguiu confirmar o fen\u00f4meno ap\u00f3s 65 anos?<\/h2>\n\n\n\n<p><strong>Cientistas do Instituto Niels Bohr<\/strong> inovaram ao criar uma estrutura artificial capaz de simular o ambiente qu\u00e2ntico onde os estados CdGM surgem. Usando nanofios de arsenieto de \u00edndio revestidos com alum\u00ednio, a equipe aplicou um campo magn\u00e9tico e formou \u201cv\u00f3rtices artificiais\u201d, abrindo caminho para a observa\u00e7\u00e3o dos estados qu\u00e2nticos previstos em 1964.<\/p>\n\n\n\n<p><strong>O experimento permitiu<\/strong> controle total dos par\u00e2metros, como espessura do revestimento e intensidade do campo magn\u00e9tico, facilitando a identifica\u00e7\u00e3o clara dos estados qu\u00e2nticos e o estudo de suas propriedades em laborat\u00f3rio.<\/p>\n\n\n\n<figure class=\"wp-block-image size-large\"><img decoding=\"async\" width=\"1024\" height=\"576\" src=\"https:\/\/www.correiobraziliense.com.br\/cbradar\/wp-content\/uploads\/2025\/07\/fisica-quantica_1752311249283-1024x576.jpg\" alt=\"Fen\u00f4meno qu\u00e2ntico previsto h\u00e1 65 anos \u00e9 confirmado em experimento in\u00e9dito\" class=\"wp-image-68242\" srcset=\"https:\/\/www.correiobraziliense.com.br\/cbradar\/wp-content\/uploads\/2025\/07\/fisica-quantica_1752311249283-1024x576.jpg 1024w, https:\/\/www.correiobraziliense.com.br\/cbradar\/wp-content\/uploads\/2025\/07\/fisica-quantica_1752311249283-300x169.jpg 300w, https:\/\/www.correiobraziliense.com.br\/cbradar\/wp-content\/uploads\/2025\/07\/fisica-quantica_1752311249283-768x432.jpg 768w, https:\/\/www.correiobraziliense.com.br\/cbradar\/wp-content\/uploads\/2025\/07\/fisica-quantica_1752311249283-750x422.jpg 750w, https:\/\/www.correiobraziliense.com.br\/cbradar\/wp-content\/uploads\/2025\/07\/fisica-quantica_1752311249283-1140x641.jpg 1140w, https:\/\/www.correiobraziliense.com.br\/cbradar\/wp-content\/uploads\/2025\/07\/fisica-quantica_1752311249283.jpg 1280w\" sizes=\"(max-width: 1024px) 100vw, 1024px\" \/><figcaption class=\"wp-element-caption\">f\u00edsica qu\u00e2ntica. Cr\u00e9ditos: depositphotos.com \/ ezumeimages<\/figcaption><\/figure>\n\n\n\n<h2 class=\"wp-block-heading\">O papel do efeito Little-Parks na confirma\u00e7\u00e3o do experimento<\/h2>\n\n\n\n<p><strong>O efeito Little-Parks<\/strong>, conhecido desde 1962, foi usado como evid\u00eancia final para validar a descoberta. Ao observar oscila\u00e7\u00f5es espec\u00edficas na temperatura cr\u00edtica do supercondutor, os cientistas detectaram padr\u00f5es que confirmam as previs\u00f5es te\u00f3ricas dos estados CdGM, sem margem para d\u00favidas experimentais.<\/p>\n\n\n\n<ul class=\"wp-block-list\">\n<li>As singularidades observadas bateram com os c\u00e1lculos e simula\u00e7\u00f5es previstos desde os anos 1960.<\/li>\n\n\n\n<li>O sistema criado em laborat\u00f3rio permitiu observar detalhes imposs\u00edveis de serem vistos em materiais naturais.<\/li>\n<\/ul>\n\n\n\n<p>Leia tamb\u00e9m: <a href=\"https:\/\/www.correiobraziliense.com.br\/cbradar\/o-que-acontece-com-a-terra-quando-o-sol-morrer-segundo-a-ciencia\/\" target=\"_blank\" rel=\"noreferrer noopener\">O que acontece com a Terra quando o Sol morrer segundo a ci\u00eancia<\/a><\/p>\n\n\n\n<h2 class=\"wp-block-heading\">Por que essa descoberta \u00e9 t\u00e3o importante para a ci\u00eancia<\/h2>\n\n\n\n<p><strong>Al\u00e9m de solucionar um mist\u00e9rio de d\u00e9cadas<\/strong>, a confirma\u00e7\u00e3o dos estados CdGM abre portas para pesquisas em materiais avan\u00e7ados, novas aplica\u00e7\u00f5es em supercondutividade e avan\u00e7os em computa\u00e7\u00e3o qu\u00e2ntica. A possibilidade de manipular esses estados no laborat\u00f3rio pode levar ao desenvolvimento de tecnologias at\u00e9 ent\u00e3o consideradas futuristas.<\/p>\n\n\n\n<p><strong>Exemplo pr\u00e1tico:<\/strong> controlar estados qu\u00e2nticos ex\u00f3ticos pode resultar em computadores ultrarr\u00e1pidos ou dispositivos de transmiss\u00e3o de energia com efici\u00eancia in\u00e9dita.<\/p>\n\n\n\n<h2 class=\"wp-block-heading\">Principais destaques sobre a descoberta dos estados qu\u00e2nticos CdGM<\/h2>\n\n\n\n<ul class=\"wp-block-list\">\n<li><strong>Fen\u00f4meno previsto h\u00e1 65 anos<\/strong> finalmente foi comprovado com tecnologia de ponta.<\/li>\n\n\n\n<li><strong>V\u00f3rtices artificiais<\/strong> e efeito Little-Parks foram essenciais para o sucesso do experimento.<\/li>\n\n\n\n<li><strong>Abrang\u00eancia tecnol\u00f3gica<\/strong>: descobertas podem transformar \u00e1reas como computa\u00e7\u00e3o qu\u00e2ntica e eletr\u00f4nica avan\u00e7ada.<\/li>\n<\/ul>\n","protected":false},"excerpt":{"rendered":"<p>Fen\u00f4meno qu\u00e2ntico hist\u00f3rico \u00e9 comprovado ap\u00f3s 65 anos de teoria. Saiba como isso pode impulsionar avan\u00e7os em supercondutividade e computa\u00e7\u00e3o qu\u00e2ntica.<\/p>\n","protected":false},"author":3,"featured_media":68241,"comment_status":"open","ping_status":"open","sticky":false,"template":"","format":"standard","meta":{"_yoast_wpseo_focuskw":"Fen\u00f4meno qu\u00e2ntico 65 anos","_yoast_wpseo_title":"%%title%%","_yoast_wpseo_metadesc":"Fen\u00f4meno qu\u00e2ntico hist\u00f3rico \u00e9 comprovado ap\u00f3s 65 anos de teoria. Saiba como isso pode impulsionar avan\u00e7os em supercondutividade e computa\u00e7\u00e3o qu\u00e2ntica.","jnews-multi-image_gallery":[],"jnews_single_post":{"format":"standard"},"jnews_primary_category":[],"jnews_social_meta":[],"jnews_override_counter":[],"footnotes":""},"categories":[112],"post_tag":[179,736,144],"class_list":["post-68240","post","type-post","status-publish","format-standard","has-post-thumbnail","hentry","category-curiosidades","tag-astronomia","tag-ciencia","tag-curiosidades"],"yoast_head":"<!-- This site is optimized with the Yoast SEO plugin v24.6 - https:\/\/yoast.com\/wordpress\/plugins\/seo\/ -->\n<title>Fen\u00f4meno qu\u00e2ntico previsto h\u00e1 65 anos \u00e9 confirmado em experimento in\u00e9dito<\/title>\n<meta name=\"description\" content=\"Fen\u00f4meno qu\u00e2ntico hist\u00f3rico \u00e9 comprovado ap\u00f3s 65 anos de teoria. Saiba como isso pode impulsionar avan\u00e7os em supercondutividade e computa\u00e7\u00e3o qu\u00e2ntica.\" \/>\n<meta name=\"robots\" content=\"index, follow, max-snippet:-1, max-image-preview:large, max-video-preview:-1\" \/>\n<link rel=\"canonical\" href=\"https:\/\/www.correiobraziliense.com.br\/cbradar\/fenomeno-quantico-previsto-ha-65-anos-e-confirmado-em-experimento-inedito\/\" \/>\n<meta property=\"og:locale\" content=\"pt_BR\" \/>\n<meta property=\"og:type\" content=\"article\" \/>\n<meta property=\"og:title\" content=\"Fen\u00f4meno qu\u00e2ntico previsto h\u00e1 65 anos \u00e9 confirmado em experimento in\u00e9dito\" \/>\n<meta property=\"og:description\" content=\"Fen\u00f4meno qu\u00e2ntico hist\u00f3rico \u00e9 comprovado ap\u00f3s 65 anos de teoria. Saiba como isso pode impulsionar avan\u00e7os em supercondutividade e computa\u00e7\u00e3o qu\u00e2ntica.\" \/>\n<meta property=\"og:url\" content=\"https:\/\/www.correiobraziliense.com.br\/cbradar\/fenomeno-quantico-previsto-ha-65-anos-e-confirmado-em-experimento-inedito\/\" \/>\n<meta property=\"og:site_name\" content=\"Correio Braziliense - Radar\" \/>\n<meta property=\"article:published_time\" content=\"2025-07-12T10:33:00+00:00\" \/>\n<meta property=\"og:image\" content=\"https:\/\/www.correiobraziliense.com.br\/cbradar\/wp-content\/uploads\/2025\/07\/fisica-quantica_1752311223869.jpg\" \/>\n\t<meta property=\"og:image:width\" content=\"1280\" \/>\n\t<meta property=\"og:image:height\" content=\"720\" \/>\n\t<meta property=\"og:image:type\" content=\"image\/jpeg\" \/>\n<meta name=\"author\" content=\"Larissa Carvalho\" \/>\n<meta name=\"twitter:card\" content=\"summary_large_image\" \/>\n<meta name=\"twitter:label1\" content=\"Escrito por\" \/>\n\t<meta name=\"twitter:data1\" content=\"Larissa Carvalho\" \/>\n\t<meta name=\"twitter:label2\" content=\"Est. tempo de leitura\" \/>\n\t<meta name=\"twitter:data2\" content=\"4 minutos\" \/>\n<!-- \/ Yoast SEO plugin. -->","yoast_head_json":{"title":"Fen\u00f4meno qu\u00e2ntico previsto h\u00e1 65 anos \u00e9 confirmado em experimento in\u00e9dito","description":"Fen\u00f4meno qu\u00e2ntico hist\u00f3rico \u00e9 comprovado ap\u00f3s 65 anos de teoria. Saiba como isso pode impulsionar avan\u00e7os em supercondutividade e computa\u00e7\u00e3o qu\u00e2ntica.","robots":{"index":"index","follow":"follow","max-snippet":"max-snippet:-1","max-image-preview":"max-image-preview:large","max-video-preview":"max-video-preview:-1"},"canonical":"https:\/\/www.correiobraziliense.com.br\/cbradar\/fenomeno-quantico-previsto-ha-65-anos-e-confirmado-em-experimento-inedito\/","og_locale":"pt_BR","og_type":"article","og_title":"Fen\u00f4meno qu\u00e2ntico previsto h\u00e1 65 anos \u00e9 confirmado em experimento in\u00e9dito","og_description":"Fen\u00f4meno qu\u00e2ntico hist\u00f3rico \u00e9 comprovado ap\u00f3s 65 anos de teoria. Saiba como isso pode impulsionar avan\u00e7os em supercondutividade e computa\u00e7\u00e3o qu\u00e2ntica.","og_url":"https:\/\/www.correiobraziliense.com.br\/cbradar\/fenomeno-quantico-previsto-ha-65-anos-e-confirmado-em-experimento-inedito\/","og_site_name":"Correio Braziliense - Radar","article_published_time":"2025-07-12T10:33:00+00:00","og_image":[{"width":1280,"height":720,"url":"https:\/\/www.correiobraziliense.com.br\/cbradar\/wp-content\/uploads\/2025\/07\/fisica-quantica_1752311223869.jpg","type":"image\/jpeg"}],"author":"Larissa Carvalho","twitter_card":"summary_large_image","twitter_misc":{"Escrito por":"Larissa Carvalho","Est. tempo de leitura":"4 minutos"},"schema":{"@context":"https:\/\/schema.org","@graph":[{"@type":"WebPage","@id":"https:\/\/www.correiobraziliense.com.br\/cbradar\/fenomeno-quantico-previsto-ha-65-anos-e-confirmado-em-experimento-inedito\/","url":"https:\/\/www.correiobraziliense.com.br\/cbradar\/fenomeno-quantico-previsto-ha-65-anos-e-confirmado-em-experimento-inedito\/","name":"Fen\u00f4meno qu\u00e2ntico previsto h\u00e1 65 anos \u00e9 confirmado em experimento in\u00e9dito","isPartOf":{"@id":"https:\/\/www.correiobraziliense.com.br\/cbradar\/#website"},"primaryImageOfPage":{"@id":"https:\/\/www.correiobraziliense.com.br\/cbradar\/fenomeno-quantico-previsto-ha-65-anos-e-confirmado-em-experimento-inedito\/#primaryimage"},"image":{"@id":"https:\/\/www.correiobraziliense.com.br\/cbradar\/fenomeno-quantico-previsto-ha-65-anos-e-confirmado-em-experimento-inedito\/#primaryimage"},"thumbnailUrl":"https:\/\/www.correiobraziliense.com.br\/cbradar\/wp-content\/uploads\/2025\/07\/fisica-quantica_1752311223869.jpg","datePublished":"2025-07-12T10:33:00+00:00","author":{"@id":"https:\/\/www.correiobraziliense.com.br\/cbradar\/#\/schema\/person\/58422787644df994b53a19d3e56c1513"},"description":"Fen\u00f4meno qu\u00e2ntico hist\u00f3rico \u00e9 comprovado ap\u00f3s 65 anos de teoria. Saiba como isso pode impulsionar avan\u00e7os em supercondutividade e computa\u00e7\u00e3o qu\u00e2ntica.","breadcrumb":{"@id":"https:\/\/www.correiobraziliense.com.br\/cbradar\/fenomeno-quantico-previsto-ha-65-anos-e-confirmado-em-experimento-inedito\/#breadcrumb"},"inLanguage":"pt-BR","potentialAction":[{"@type":"ReadAction","target":["https:\/\/www.correiobraziliense.com.br\/cbradar\/fenomeno-quantico-previsto-ha-65-anos-e-confirmado-em-experimento-inedito\/"]}]},{"@type":"ImageObject","inLanguage":"pt-BR","@id":"https:\/\/www.correiobraziliense.com.br\/cbradar\/fenomeno-quantico-previsto-ha-65-anos-e-confirmado-em-experimento-inedito\/#primaryimage","url":"https:\/\/www.correiobraziliense.com.br\/cbradar\/wp-content\/uploads\/2025\/07\/fisica-quantica_1752311223869.jpg","contentUrl":"https:\/\/www.correiobraziliense.com.br\/cbradar\/wp-content\/uploads\/2025\/07\/fisica-quantica_1752311223869.jpg","width":1280,"height":720,"caption":"f\u00edsica qu\u00e2ntica. Cr\u00e9ditos: depositphotos.com \/ ezumeimages"},{"@type":"BreadcrumbList","@id":"https:\/\/www.correiobraziliense.com.br\/cbradar\/fenomeno-quantico-previsto-ha-65-anos-e-confirmado-em-experimento-inedito\/#breadcrumb","itemListElement":[{"@type":"ListItem","position":1,"name":"In\u00edcio","item":"https:\/\/www.correiobraziliense.com.br\/cbradar\/"},{"@type":"ListItem","position":2,"name":"Fen\u00f4meno qu\u00e2ntico previsto h\u00e1 65 anos \u00e9 confirmado em experimento in\u00e9dito"}]},{"@type":"WebSite","@id":"https:\/\/www.correiobraziliense.com.br\/cbradar\/#website","url":"https:\/\/www.correiobraziliense.com.br\/cbradar\/","name":"Correio Braziliense - Radar","description":"Acompanhe as \u00faltimas not\u00edcias e fique bem informado sobre tudo o que acontece no Brasil e no mundo.","potentialAction":[{"@type":"SearchAction","target":{"@type":"EntryPoint","urlTemplate":"https:\/\/www.correiobraziliense.com.br\/cbradar\/?s={search_term_string}"},"query-input":{"@type":"PropertyValueSpecification","valueRequired":true,"valueName":"search_term_string"}}],"inLanguage":"pt-BR"},{"@type":"Person","@id":"https:\/\/www.correiobraziliense.com.br\/cbradar\/#\/schema\/person\/58422787644df994b53a19d3e56c1513","name":"Larissa Carvalho","image":{"@type":"ImageObject","inLanguage":"pt-BR","@id":"https:\/\/www.correiobraziliense.com.br\/cbradar\/#\/schema\/person\/image\/","url":"https:\/\/secure.gravatar.com\/avatar\/fe4f91a0de32b52a838d0d612abdc1aa?s=96&d=mm&r=g","contentUrl":"https:\/\/secure.gravatar.com\/avatar\/fe4f91a0de32b52a838d0d612abdc1aa?s=96&d=mm&r=g","caption":"Larissa Carvalho"},"url":"https:\/\/www.correiobraziliense.com.br\/cbradar\/author\/larissamyth\/"}]}},"_links":{"self":[{"href":"https:\/\/www.correiobraziliense.com.br\/cbradar\/wp-json\/wp\/v2\/posts\/68240","targetHints":{"allow":["GET"]}}],"collection":[{"href":"https:\/\/www.correiobraziliense.com.br\/cbradar\/wp-json\/wp\/v2\/posts"}],"about":[{"href":"https:\/\/www.correiobraziliense.com.br\/cbradar\/wp-json\/wp\/v2\/types\/post"}],"author":[{"embeddable":true,"href":"https:\/\/www.correiobraziliense.com.br\/cbradar\/wp-json\/wp\/v2\/users\/3"}],"replies":[{"embeddable":true,"href":"https:\/\/www.correiobraziliense.com.br\/cbradar\/wp-json\/wp\/v2\/comments?post=68240"}],"version-history":[{"count":1,"href":"https:\/\/www.correiobraziliense.com.br\/cbradar\/wp-json\/wp\/v2\/posts\/68240\/revisions"}],"predecessor-version":[{"id":68243,"href":"https:\/\/www.correiobraziliense.com.br\/cbradar\/wp-json\/wp\/v2\/posts\/68240\/revisions\/68243"}],"wp:featuredmedia":[{"embeddable":true,"href":"https:\/\/www.correiobraziliense.com.br\/cbradar\/wp-json\/wp\/v2\/media\/68241"}],"wp:attachment":[{"href":"https:\/\/www.correiobraziliense.com.br\/cbradar\/wp-json\/wp\/v2\/media?parent=68240"}],"wp:term":[{"taxonomy":"category","embeddable":true,"href":"https:\/\/www.correiobraziliense.com.br\/cbradar\/wp-json\/wp\/v2\/categories?post=68240"},{"taxonomy":"post_tag","embeddable":true,"href":"https:\/\/www.correiobraziliense.com.br\/cbradar\/wp-json\/wp\/v2\/post_tag?post=68240"}],"curies":[{"name":"wp","href":"https:\/\/api.w.org\/{rel}","templated":true}]}}