{"id":68374,"date":"2025-07-13T16:03:00","date_gmt":"2025-07-13T19:03:00","guid":{"rendered":"https:\/\/www.correiobraziliense.com.br\/cbradar\/?p=68374"},"modified":"2025-07-12T10:48:40","modified_gmt":"2025-07-12T13:48:40","slug":"os-dias-mais-curtos-de-2025-surpreendem-cientistas-e-afetam-sistemas-globais","status":"publish","type":"post","link":"https:\/\/www.correiobraziliense.com.br\/cbradar\/os-dias-mais-curtos-de-2025-surpreendem-cientistas-e-afetam-sistemas-globais\/","title":{"rendered":"Os dias mais curtos de 2025 surpreendem cientistas e afetam sistemas globais"},"content":{"rendered":"\n<p>A rota\u00e7\u00e3o da <strong>Terra<\/strong> \u00e9 respons\u00e1vel pela altern\u00e2ncia entre os dias e as noites, determinando o ritmo de vida em todo o planeta. Esse movimento, que dura aproximadamente 24 horas, n\u00e3o \u00e9 fixo e pode variar por causas naturais. Nos meses de julho e agosto de 2025, foi observado que alguns dias ficaram mais curtos que o habitual, resultado de uma acelera\u00e7\u00e3o inesperada no giro do planeta. Para as pessoas no dia a dia, mudan\u00e7as t\u00e3o pequenas passam despercebidas, mas s\u00e3o objeto de estudo detalhado para cientistas e institui\u00e7\u00f5es dedicadas ao controle do tempo.<\/p>\n\n\n\n<p>S\u00e3o in\u00fameros os fatores que influenciam a velocidade com que a <strong>Terra<\/strong> gira em torno de seu eixo. Entre eles, destacam-se a posi\u00e7\u00e3o da <strong>Lua<\/strong>, as for\u00e7as gravitacionais exercidas pelo <strong>Sol<\/strong>, altera\u00e7\u00f5es na atmosfera e at\u00e9 mesmo fen\u00f4menos no n\u00facleo do planeta. Em dias como 9 de julho, 22 de julho e 5 de agosto de 2025, por exemplo, a <strong>Terra<\/strong> completou uma volta ligeiramente mais r\u00e1pida, tornando esses dias entre 1,3 a 1,5 milissegundos mais curtos que o padr\u00e3o de 86.400 segundos. Mesmo sendo uma diferen\u00e7a min\u00fascula, para equipamentos e sistemas que dependem de medi\u00e7\u00e3o ultraprecisa do tempo, essa varia\u00e7\u00e3o pode gerar desafios adicionais.<\/p>\n\n\n\n<h2 class=\"wp-block-heading\">Por que a Terra est\u00e1 girando mais r\u00e1pido neste ver\u00e3o?<\/h2>\n\n\n\n<p><strong>O principal motivo para a acelera\u00e7\u00e3o da rota\u00e7\u00e3o terrestre nestes meses est\u00e1 relacionado \u00e0 influ\u00eancia da Lua.<\/strong> Quando o sat\u00e9lite natural encontra-se mais afastado do equador, seu campo gravitacional atua de forma diferente no planeta, provocando mudan\u00e7as no ritmo do giro terrestre. Esse efeito pode ser comparado ao de um pi\u00e3o: conforme se modifica o ponto de apoio, a velocidade do objeto muda. No caso da <strong>Terra<\/strong>, quando a <strong>Lua<\/strong> permanece mais pr\u00f3xima dos polos, o planeta tende a girar ligeiramente mais r\u00e1pido, encurtando a dura\u00e7\u00e3o de um dia.<\/p>\n\n\n\n<ul class=\"wp-block-list\">\n<li><strong>Posi\u00e7\u00e3o da Lua<\/strong>: altera a intensidade da for\u00e7a gravitacional que age sobre a rota\u00e7\u00e3o da <strong>Terra<\/strong>.<\/li>\n\n\n\n<li><strong>Intera\u00e7\u00e3o entre Terra, Lua e Sol<\/strong>: contribui para oscila\u00e7\u00f5es naturais na dura\u00e7\u00e3o do dia.<\/li>\n\n\n\n<li><strong>Eventos atmosf\u00e9ricos e movimentos internos<\/strong>: mudan\u00e7as de massa e redistribui\u00e7\u00e3o de energia dentro e fora do planeta tamb\u00e9m afetam a rota\u00e7\u00e3o.<\/li>\n<\/ul>\n\n\n\n<p>A intera\u00e7\u00e3o entre esses elementos resulta em varia\u00e7\u00f5es ao longo do ano, por\u00e9m, aceleradas em momentos espec\u00edficos pela disposi\u00e7\u00e3o orbital da <strong>Lua<\/strong>.<\/p>\n\n\n\n<figure class=\"wp-block-image size-large\"><img decoding=\"async\" width=\"1024\" height=\"576\" src=\"https:\/\/www.correiobraziliense.com.br\/cbradar\/wp-content\/uploads\/2025\/07\/planeta-Terra_1752328079561-1024x576.jpg\" alt=\"Os dias mais curtos de 2025 surpreendem cientistas e afetam sistemas globais\" class=\"wp-image-68377\" srcset=\"https:\/\/www.correiobraziliense.com.br\/cbradar\/wp-content\/uploads\/2025\/07\/planeta-Terra_1752328079561-1024x576.jpg 1024w, https:\/\/www.correiobraziliense.com.br\/cbradar\/wp-content\/uploads\/2025\/07\/planeta-Terra_1752328079561-300x169.jpg 300w, https:\/\/www.correiobraziliense.com.br\/cbradar\/wp-content\/uploads\/2025\/07\/planeta-Terra_1752328079561-768x432.jpg 768w, https:\/\/www.correiobraziliense.com.br\/cbradar\/wp-content\/uploads\/2025\/07\/planeta-Terra_1752328079561-750x422.jpg 750w, https:\/\/www.correiobraziliense.com.br\/cbradar\/wp-content\/uploads\/2025\/07\/planeta-Terra_1752328079561-1140x641.jpg 1140w, https:\/\/www.correiobraziliense.com.br\/cbradar\/wp-content\/uploads\/2025\/07\/planeta-Terra_1752328079561.jpg 1280w\" sizes=\"(max-width: 1024px) 100vw, 1024px\" \/><figcaption class=\"wp-element-caption\">planeta Terra. Cr\u00e9ditos: depositphotos.com \/ JohanSwanepoel<\/figcaption><\/figure>\n\n\n\n<h2 class=\"wp-block-heading\">Como a redu\u00e7\u00e3o de milissegundos nos dias afeta a vida cotidiana?<\/h2>\n\n\n\n<p><strong>Para a grande maioria dos habitantes do planeta, a perda de fra\u00e7\u00f5es t\u00e3o pequenas de tempo n\u00e3o tem impacto pr\u00e1tico.<\/strong> Entretanto, sistemas que precisam de sincroniza\u00e7\u00e3o extrema, como redes banc\u00e1rias, centrais de energia, sat\u00e9lites de <strong>GPS<\/strong> e grandes telesc\u00f3pios, dependem do alinhamento absoluto de seus rel\u00f3gios. Nesses casos, cada milissegundo pode ser crucial para evitar falhas ou perdas de dados.<\/p>\n\n\n\n<ol class=\"wp-block-list\">\n<li><strong>Sistemas financeiros<\/strong>: transa\u00e7\u00f5es exigem precis\u00e3o para assegurar a seguran\u00e7a e autenticidade das opera\u00e7\u00f5es.<\/li>\n\n\n\n<li><strong>Comunica\u00e7\u00f5es digitais<\/strong>: o tr\u00e1fego intenso de dados precisa ser ordenado corretamente para evitar conflitos de informa\u00e7\u00e3o.<\/li>\n\n\n\n<li><strong>Posicionamento via sat\u00e9lite (GPS)<\/strong>: aplica\u00e7\u00f5es que dependem de localiza\u00e7\u00e3o e sincroniza\u00e7\u00e3o sofrem com desvios m\u00ednima de tempo.<\/li>\n<\/ol>\n\n\n\n<p>A refer\u00eancia global de tempo, conhecida como <strong>Tempo Universal Coordenado (UTC)<\/strong>, \u00e9 baseada em centenas de rel\u00f3gios at\u00f4micos distribu\u00eddos pelo planeta, que mant\u00eam a contagem do tempo independentemente das varia\u00e7\u00f5es do giro terrestre. Quando as discrep\u00e2ncias se acumulam ao longo dos anos, \u00e9 comum inserir segundos extras, chamados segundos bissextos, para ajustar o padr\u00e3o temporal mundial. Contudo, tal ajuste dever\u00e1 ser descontinuado at\u00e9 2035, conforme decis\u00e3o da comunidade internacional de cronometristas, devido a transtornos operacionais gerados em sistemas tecnol\u00f3gicos sens\u00edveis.<\/p>\n\n\n\n<p>Leia tamb\u00e9m: <a href=\"https:\/\/www.correiobraziliense.com.br\/cbradar\/o-que-acontece-com-a-terra-quando-o-sol-morrer-segundo-a-ciencia\/\" target=\"_blank\" rel=\"noreferrer noopener\">O que acontece com a Terra quando o Sol morrer segundo a ci\u00eancia<\/a><\/p>\n\n\n\n<h2 class=\"wp-block-heading\">Os dias est\u00e3o mesmo ficando mais curtos ao longo do tempo?<\/h2>\n\n\n\n<p><strong>Apesar dessas recentes acelera\u00e7\u00f5es, o padr\u00e3o hist\u00f3rico aponta que a Terra, ao longo de bilh\u00f5es de anos, tem reduzido gradualmente sua velocidade de rota\u00e7\u00e3o.<\/strong> Pesquisas indicam que, h\u00e1 cerca de 1 a 2 bilh\u00f5es de anos, um dia durava somente 19 horas. Esse fen\u00f4meno \u00e9 atribu\u00eddo principalmente ao afastamento progressivo da <strong>Lua<\/strong>, tornando sua for\u00e7a gravitacional menos efetiva e fazendo o planeta girar mais devagar.<\/p>\n\n\n\n<p>No entanto, nos \u00faltimos cinco anos, a ci\u00eancia observou uma tend\u00eancia oposta, com a <strong>Terra<\/strong> completando suas rota\u00e7\u00f5es em intervalos cada vez menores \u2014 uma situa\u00e7\u00e3o que n\u00e3o ocorria desde meados do s\u00e9culo passado. Cientistas continuam investigando as causas e buscam compreender se essa acelera\u00e7\u00e3o ser\u00e1 passageira ou representar\u00e1 uma nova fase de comportamento do planeta. Os sistemas respons\u00e1veis pelo controle mundial do tempo mant\u00eam vigil\u00e2ncia constante, prontos para aplicar corre\u00e7\u00f5es sempre que necess\u00e1rio.<\/p>\n\n\n\n<p>O fen\u00f4meno dos dias mais curtos sintetiza a complexidade e a din\u00e2mica do planeta <strong>Terra<\/strong>, onde fatores astron\u00f4micos e geof\u00edsicos interagem constantemente. Embora para a maioria esses detalhes passem despercebidos, os bastidores da contagem do tempo s\u00e3o fundamentais para garantir o funcionamento preciso dos recursos modernos da sociedade.<\/p>\n","protected":false},"excerpt":{"rendered":"<p>A Terra girou mais r\u00e1pido neste ver\u00e3o, encurtando alguns dias. Veja por que isso acontece, quais os riscos para tecnologia e o que dizem os cientistas.<\/p>\n","protected":false},"author":3,"featured_media":68376,"comment_status":"open","ping_status":"open","sticky":false,"template":"","format":"standard","meta":{"jnews-multi-image_gallery":[],"jnews_single_post":{"format":"standard"},"jnews_primary_category":[],"jnews_social_meta":[],"jnews_override_counter":[],"footnotes":""},"categories":[112],"post_tag":[179,736,144,3527],"class_list":["post-68374","post","type-post","status-publish","format-standard","has-post-thumbnail","hentry","category-curiosidades","tag-astronomia","tag-ciencia","tag-curiosidades","tag-planeta"],"yoast_head":"<!-- This site is optimized with the Yoast SEO plugin v24.6 - https:\/\/yoast.com\/wordpress\/plugins\/seo\/ -->\n<title>Os dias mais curtos de 2025 surpreendem cientistas e afetam sistemas globais<\/title>\n<meta name=\"description\" content=\"A Terra girou mais r\u00e1pido neste ver\u00e3o, encurtando alguns dias. Veja por que isso acontece, quais os riscos para tecnologia e o que dizem os cientistas.\" \/>\n<meta name=\"robots\" content=\"index, follow, max-snippet:-1, max-image-preview:large, max-video-preview:-1\" \/>\n<link rel=\"canonical\" href=\"https:\/\/www.correiobraziliense.com.br\/cbradar\/os-dias-mais-curtos-de-2025-surpreendem-cientistas-e-afetam-sistemas-globais\/\" \/>\n<meta property=\"og:locale\" content=\"pt_BR\" \/>\n<meta property=\"og:type\" content=\"article\" \/>\n<meta property=\"og:title\" content=\"Os dias mais curtos de 2025 surpreendem cientistas e afetam sistemas globais\" \/>\n<meta property=\"og:description\" content=\"A Terra girou mais r\u00e1pido neste ver\u00e3o, encurtando alguns dias. Veja por que isso acontece, quais os riscos para tecnologia e o que dizem os cientistas.\" \/>\n<meta property=\"og:url\" content=\"https:\/\/www.correiobraziliense.com.br\/cbradar\/os-dias-mais-curtos-de-2025-surpreendem-cientistas-e-afetam-sistemas-globais\/\" \/>\n<meta property=\"og:site_name\" content=\"Correio Braziliense - Radar\" \/>\n<meta property=\"article:published_time\" content=\"2025-07-13T19:03:00+00:00\" \/>\n<meta property=\"og:image\" content=\"https:\/\/www.correiobraziliense.com.br\/cbradar\/wp-content\/uploads\/2025\/07\/planeta-Terra_1752328062780.jpg\" \/>\n\t<meta property=\"og:image:width\" content=\"1280\" \/>\n\t<meta property=\"og:image:height\" content=\"720\" \/>\n\t<meta property=\"og:image:type\" content=\"image\/jpeg\" \/>\n<meta name=\"author\" content=\"Larissa Carvalho\" \/>\n<meta name=\"twitter:card\" content=\"summary_large_image\" \/>\n<meta name=\"twitter:label1\" content=\"Escrito por\" \/>\n\t<meta name=\"twitter:data1\" content=\"Larissa Carvalho\" \/>\n\t<meta name=\"twitter:label2\" content=\"Est. tempo de leitura\" \/>\n\t<meta name=\"twitter:data2\" content=\"5 minutos\" \/>\n<!-- \/ Yoast SEO plugin. -->","yoast_head_json":{"title":"Os dias mais curtos de 2025 surpreendem cientistas e afetam sistemas globais","description":"A Terra girou mais r\u00e1pido neste ver\u00e3o, encurtando alguns dias. Veja por que isso acontece, quais os riscos para tecnologia e o que dizem os cientistas.","robots":{"index":"index","follow":"follow","max-snippet":"max-snippet:-1","max-image-preview":"max-image-preview:large","max-video-preview":"max-video-preview:-1"},"canonical":"https:\/\/www.correiobraziliense.com.br\/cbradar\/os-dias-mais-curtos-de-2025-surpreendem-cientistas-e-afetam-sistemas-globais\/","og_locale":"pt_BR","og_type":"article","og_title":"Os dias mais curtos de 2025 surpreendem cientistas e afetam sistemas globais","og_description":"A Terra girou mais r\u00e1pido neste ver\u00e3o, encurtando alguns dias. Veja por que isso acontece, quais os riscos para tecnologia e o que dizem os cientistas.","og_url":"https:\/\/www.correiobraziliense.com.br\/cbradar\/os-dias-mais-curtos-de-2025-surpreendem-cientistas-e-afetam-sistemas-globais\/","og_site_name":"Correio Braziliense - Radar","article_published_time":"2025-07-13T19:03:00+00:00","og_image":[{"width":1280,"height":720,"url":"https:\/\/www.correiobraziliense.com.br\/cbradar\/wp-content\/uploads\/2025\/07\/planeta-Terra_1752328062780.jpg","type":"image\/jpeg"}],"author":"Larissa Carvalho","twitter_card":"summary_large_image","twitter_misc":{"Escrito por":"Larissa Carvalho","Est. tempo de leitura":"5 minutos"},"schema":{"@context":"https:\/\/schema.org","@graph":[{"@type":"WebPage","@id":"https:\/\/www.correiobraziliense.com.br\/cbradar\/os-dias-mais-curtos-de-2025-surpreendem-cientistas-e-afetam-sistemas-globais\/","url":"https:\/\/www.correiobraziliense.com.br\/cbradar\/os-dias-mais-curtos-de-2025-surpreendem-cientistas-e-afetam-sistemas-globais\/","name":"Os dias mais curtos de 2025 surpreendem cientistas e afetam sistemas globais","isPartOf":{"@id":"https:\/\/www.correiobraziliense.com.br\/cbradar\/#website"},"primaryImageOfPage":{"@id":"https:\/\/www.correiobraziliense.com.br\/cbradar\/os-dias-mais-curtos-de-2025-surpreendem-cientistas-e-afetam-sistemas-globais\/#primaryimage"},"image":{"@id":"https:\/\/www.correiobraziliense.com.br\/cbradar\/os-dias-mais-curtos-de-2025-surpreendem-cientistas-e-afetam-sistemas-globais\/#primaryimage"},"thumbnailUrl":"https:\/\/www.correiobraziliense.com.br\/cbradar\/wp-content\/uploads\/2025\/07\/planeta-Terra_1752328062780.jpg","datePublished":"2025-07-13T19:03:00+00:00","author":{"@id":"https:\/\/www.correiobraziliense.com.br\/cbradar\/#\/schema\/person\/58422787644df994b53a19d3e56c1513"},"description":"A Terra girou mais r\u00e1pido neste ver\u00e3o, encurtando alguns dias. Veja por que isso acontece, quais os riscos para tecnologia e o que dizem os cientistas.","breadcrumb":{"@id":"https:\/\/www.correiobraziliense.com.br\/cbradar\/os-dias-mais-curtos-de-2025-surpreendem-cientistas-e-afetam-sistemas-globais\/#breadcrumb"},"inLanguage":"pt-BR","potentialAction":[{"@type":"ReadAction","target":["https:\/\/www.correiobraziliense.com.br\/cbradar\/os-dias-mais-curtos-de-2025-surpreendem-cientistas-e-afetam-sistemas-globais\/"]}]},{"@type":"ImageObject","inLanguage":"pt-BR","@id":"https:\/\/www.correiobraziliense.com.br\/cbradar\/os-dias-mais-curtos-de-2025-surpreendem-cientistas-e-afetam-sistemas-globais\/#primaryimage","url":"https:\/\/www.correiobraziliense.com.br\/cbradar\/wp-content\/uploads\/2025\/07\/planeta-Terra_1752328062780.jpg","contentUrl":"https:\/\/www.correiobraziliense.com.br\/cbradar\/wp-content\/uploads\/2025\/07\/planeta-Terra_1752328062780.jpg","width":1280,"height":720,"caption":"planeta Terra. Cr\u00e9ditos: depositphotos.com \/ Rangizzz"},{"@type":"BreadcrumbList","@id":"https:\/\/www.correiobraziliense.com.br\/cbradar\/os-dias-mais-curtos-de-2025-surpreendem-cientistas-e-afetam-sistemas-globais\/#breadcrumb","itemListElement":[{"@type":"ListItem","position":1,"name":"In\u00edcio","item":"https:\/\/www.correiobraziliense.com.br\/cbradar\/"},{"@type":"ListItem","position":2,"name":"Os dias mais curtos de 2025 surpreendem cientistas e afetam sistemas globais"}]},{"@type":"WebSite","@id":"https:\/\/www.correiobraziliense.com.br\/cbradar\/#website","url":"https:\/\/www.correiobraziliense.com.br\/cbradar\/","name":"Correio Braziliense - Radar","description":"Acompanhe as \u00faltimas not\u00edcias e fique bem informado sobre tudo o que acontece no Brasil e no mundo.","potentialAction":[{"@type":"SearchAction","target":{"@type":"EntryPoint","urlTemplate":"https:\/\/www.correiobraziliense.com.br\/cbradar\/?s={search_term_string}"},"query-input":{"@type":"PropertyValueSpecification","valueRequired":true,"valueName":"search_term_string"}}],"inLanguage":"pt-BR"},{"@type":"Person","@id":"https:\/\/www.correiobraziliense.com.br\/cbradar\/#\/schema\/person\/58422787644df994b53a19d3e56c1513","name":"Larissa Carvalho","image":{"@type":"ImageObject","inLanguage":"pt-BR","@id":"https:\/\/www.correiobraziliense.com.br\/cbradar\/#\/schema\/person\/image\/","url":"https:\/\/secure.gravatar.com\/avatar\/fe4f91a0de32b52a838d0d612abdc1aa?s=96&d=mm&r=g","contentUrl":"https:\/\/secure.gravatar.com\/avatar\/fe4f91a0de32b52a838d0d612abdc1aa?s=96&d=mm&r=g","caption":"Larissa Carvalho"},"url":"https:\/\/www.correiobraziliense.com.br\/cbradar\/author\/larissamyth\/"}]}},"_links":{"self":[{"href":"https:\/\/www.correiobraziliense.com.br\/cbradar\/wp-json\/wp\/v2\/posts\/68374","targetHints":{"allow":["GET"]}}],"collection":[{"href":"https:\/\/www.correiobraziliense.com.br\/cbradar\/wp-json\/wp\/v2\/posts"}],"about":[{"href":"https:\/\/www.correiobraziliense.com.br\/cbradar\/wp-json\/wp\/v2\/types\/post"}],"author":[{"embeddable":true,"href":"https:\/\/www.correiobraziliense.com.br\/cbradar\/wp-json\/wp\/v2\/users\/3"}],"replies":[{"embeddable":true,"href":"https:\/\/www.correiobraziliense.com.br\/cbradar\/wp-json\/wp\/v2\/comments?post=68374"}],"version-history":[{"count":2,"href":"https:\/\/www.correiobraziliense.com.br\/cbradar\/wp-json\/wp\/v2\/posts\/68374\/revisions"}],"predecessor-version":[{"id":68378,"href":"https:\/\/www.correiobraziliense.com.br\/cbradar\/wp-json\/wp\/v2\/posts\/68374\/revisions\/68378"}],"wp:featuredmedia":[{"embeddable":true,"href":"https:\/\/www.correiobraziliense.com.br\/cbradar\/wp-json\/wp\/v2\/media\/68376"}],"wp:attachment":[{"href":"https:\/\/www.correiobraziliense.com.br\/cbradar\/wp-json\/wp\/v2\/media?parent=68374"}],"wp:term":[{"taxonomy":"category","embeddable":true,"href":"https:\/\/www.correiobraziliense.com.br\/cbradar\/wp-json\/wp\/v2\/categories?post=68374"},{"taxonomy":"post_tag","embeddable":true,"href":"https:\/\/www.correiobraziliense.com.br\/cbradar\/wp-json\/wp\/v2\/post_tag?post=68374"}],"curies":[{"name":"wp","href":"https:\/\/api.w.org\/{rel}","templated":true}]}}