{"id":68396,"date":"2025-07-13T18:13:00","date_gmt":"2025-07-13T21:13:00","guid":{"rendered":"https:\/\/www.correiobraziliense.com.br\/cbradar\/?p=68396"},"modified":"2025-07-13T16:28:54","modified_gmt":"2025-07-13T19:28:54","slug":"o-segredo-para-dizer-adeus-ao-intestino-preso-pode-estar-no-seu-prato","status":"publish","type":"post","link":"https:\/\/www.correiobraziliense.com.br\/cbradar\/o-segredo-para-dizer-adeus-ao-intestino-preso-pode-estar-no-seu-prato\/","title":{"rendered":"O segredo para dizer adeus ao intestino preso pode estar no seu prato"},"content":{"rendered":"\n<p>Estudos recentes realizados nos <strong>Estados Unidos<\/strong> analisaram o impacto de diferentes padr\u00f5es alimentares na ocorr\u00eancia de constipa\u00e7\u00e3o \u2013 condi\u00e7\u00e3o marcada por evacua\u00e7\u00f5es infrequentes ou dificuldade para eliminar fezes, que acomete uma parcela significativa da popula\u00e7\u00e3o, especialmente acima dos 60 anos. Ao examinar dados de milhares de participantes acompanhados ao longo de d\u00e9cadas, os pesquisadores buscaram entender como as escolhas alimentares podem influenciar ou evitar esses desconfortos gastrointestinais comuns.<\/p>\n\n\n\n<p>Constipa\u00e7\u00e3o \u00e9 definida clinicamente pela frequ\u00eancia inferior a tr\u00eas evacua\u00e7\u00f5es semanais, presen\u00e7a de fezes ressecadas, esfor\u00e7o excessivo, sensa\u00e7\u00e3o de evacua\u00e7\u00e3o incompleta ou ainda a combina\u00e7\u00e3o desses fatores. Embora aumentar o consumo de fibras e l\u00edquidos seja uma orienta\u00e7\u00e3o bastante difundida, <strong>novas evid\u00eancias sugerem que o tipo de dieta seguida exerce influ\u00eancia adicional na sa\u00fade intestinal, independentemente das fibras consumidas.<\/strong><\/p>\n\n\n\n<h2 class=\"wp-block-heading\">Como padr\u00f5es alimentares afetam o risco de constipa\u00e7\u00e3o?<\/h2>\n\n\n\n<p>A pesquisa conduzida utilizou question\u00e1rios alimentares e de sa\u00fade aplicados regularmente em tr\u00eas grandes coortes: o <strong>Nurses\u2019 Health Study<\/strong>, o <strong>Nurses\u2019 Health Study II<\/strong> e o <strong>Health Professionals\u2019 Follow-Up Study<\/strong>. Participantes foram classificados conforme sua ades\u00e3o a diferentes padr\u00f5es alimentares, entre eles a dieta mediterr\u00e2nea, dietas \u00e0 base de plantas, dieta ocidental tradicional e dietas consideradas pr\u00f3-inflamat\u00f3rias.<\/p>\n\n\n\n<p><strong>Os resultados indicaram que aqueles com maior ader\u00eancia \u00e0s dietas mediterr\u00e2neas e dietas plant-based apresentaram entre 16% e 20% menos risco de desenvolver constipa\u00e7\u00e3o cr\u00f4nica, mesmo quando ajustado o consumo de fibras.<\/strong> Por outro lado, aqueles que seguiam dietas mais pr\u00f3ximas do padr\u00e3o ocidental \u2013 caracterizadas por consumo elevado de carnes processadas, gorduras saturadas, latic\u00ednios integrais e a\u00e7\u00facares refinados \u2013 <strong>registraram at\u00e9 24% mais risco de apresentar quadro constipante.<\/strong><\/p>\n\n\n\n<p>Leia tamb\u00e9m: <a href=\"https:\/\/www.correiobraziliense.com.br\/cbradar\/3-alimentos-que-ajudam-a-controlar-a-ansiedade\/\" target=\"_blank\" rel=\"noreferrer noopener\">3 Alimentos que ajudam a controlar a Ansiedade<\/a><\/p>\n\n\n\n<h2 class=\"wp-block-heading\">Por que a dieta mediterr\u00e2nea e plant-based ajudam na sa\u00fade intestinal?<\/h2>\n\n\n\n<p>O estudo trouxe ainda um olhar aprofundado para alimentos espec\u00edficos que mais contribu\u00edram para a redu\u00e7\u00e3o do risco de constipa\u00e7\u00e3o. Entre eles destacam-se os vegetais variados (especialmente tomates, folhas verdes, vegetais cruc\u00edferos como br\u00f3colis e couve-flor, al\u00e9m dos de colora\u00e7\u00e3o amarela ou alaranjada), oleaginosas como nozes e castanhas, e gorduras consideradas saud\u00e1veis, presentes em azeite de oliva e abacate.<\/p>\n\n\n\n<p><strong>Mesmo com o ajuste em rela\u00e7\u00e3o ao consumo de fibras, esses alimentos mantiveram a associa\u00e7\u00e3o protetora, sugerindo que compostos bioativos como polifen\u00f3is, antioxidantes e gorduras insaturadas desempenham um papel adicional.<\/strong> Tais compostos parecem influenciar positivamente a microbiota intestinal e o funcionamento do intestino grosso, possivelmente estimulando a produ\u00e7\u00e3o de \u00e1cidos graxos de cadeia curta ben\u00e9ficos ao organismo.<\/p>\n\n\n\n<figure class=\"wp-block-image size-large\"><img decoding=\"async\" width=\"1024\" height=\"576\" src=\"https:\/\/www.correiobraziliense.com.br\/cbradar\/wp-content\/uploads\/2025\/07\/alimentacao_1752328547446-1024x576.jpg\" alt=\"O segredo para dizer adeus ao intestino preso pode estar no seu prato\" class=\"wp-image-68400\" srcset=\"https:\/\/www.correiobraziliense.com.br\/cbradar\/wp-content\/uploads\/2025\/07\/alimentacao_1752328547446-1024x576.jpg 1024w, https:\/\/www.correiobraziliense.com.br\/cbradar\/wp-content\/uploads\/2025\/07\/alimentacao_1752328547446-300x169.jpg 300w, https:\/\/www.correiobraziliense.com.br\/cbradar\/wp-content\/uploads\/2025\/07\/alimentacao_1752328547446-768x432.jpg 768w, https:\/\/www.correiobraziliense.com.br\/cbradar\/wp-content\/uploads\/2025\/07\/alimentacao_1752328547446-750x422.jpg 750w, https:\/\/www.correiobraziliense.com.br\/cbradar\/wp-content\/uploads\/2025\/07\/alimentacao_1752328547446-1140x641.jpg 1140w, https:\/\/www.correiobraziliense.com.br\/cbradar\/wp-content\/uploads\/2025\/07\/alimentacao_1752328547446.jpg 1280w\" sizes=\"(max-width: 1024px) 100vw, 1024px\" \/><figcaption class=\"wp-element-caption\">alimenta\u00e7\u00e3o. Cr\u00e9ditos: depositphotos.com \/ VadimVasenin<\/figcaption><\/figure>\n\n\n\n<h2 class=\"wp-block-heading\">Quais h\u00e1bitos alimentares facilitam a preven\u00e7\u00e3o da constipa\u00e7\u00e3o?<\/h2>\n\n\n\n<p><strong>Incorporar uma variedade maior de hortali\u00e7as, sementes, oleaginosas e azeites ao card\u00e1pio pode contribuir para o funcionamento intestinal sem necessidade de mudan\u00e7as radicais na alimenta\u00e7\u00e3o.<\/strong> Confira algumas recomenda\u00e7\u00f5es baseadas nos achados da pesquisa:<\/p>\n\n\n\n<ul class=\"wp-block-list\">\n<li>Inclua tomates, folhas verdes, ab\u00f3bora e br\u00f3colis nas principais refei\u00e7\u00f5es.<\/li>\n\n\n\n<li>Adicione castanhas, nozes, sementes de ab\u00f3bora ou girassol a lanches, ou saladas.<\/li>\n\n\n\n<li>Utilize azeite de oliva como fonte principal de gordura nas prepara\u00e7\u00f5es culin\u00e1rias.<\/li>\n\n\n\n<li>Opte por fontes vegetais de prote\u00edna, como lentilhas, feij\u00e3o e gr\u00e3o-de-bico.<\/li>\n\n\n\n<li>Mantenha o h\u00e1bito de ingerir l\u00edquidos durante o dia para potencializar os efeitos positivos das fibras e fitonutrientes.<\/li>\n<\/ul>\n\n\n\n<h2 class=\"wp-block-heading\">O que evitar e quais outros fatores influenciam a constipa\u00e7\u00e3o?<\/h2>\n\n\n\n<p><strong>Al\u00e9m de priorizar uma alimenta\u00e7\u00e3o rica em frutas e vegetais, \u00e9 recomendado o consumo moderado de carnes vermelhas, frituras, produtos industrializados ricos em a\u00e7\u00facar e gordura saturada.<\/strong> O estudo tamb\u00e9m destaca que a constipa\u00e7\u00e3o n\u00e3o depende apenas da alimenta\u00e7\u00e3o \u2013 fatores como sedentarismo, estresse excessivo e consumo insuficiente de \u00e1gua podem piorar o quadro, enquanto a pr\u00e1tica regular de exerc\u00edcios e a manuten\u00e7\u00e3o de uma rotina saud\u00e1vel promovem uma fun\u00e7\u00e3o intestinal mais eficiente.<\/p>\n\n\n\n<p><strong>A adapta\u00e7\u00e3o gradual a padr\u00f5es alimentares mais pr\u00f3ximos da dieta mediterr\u00e2nea ou plant-based pode ser uma estrat\u00e9gia eficaz para quem procura reduzir o desconforto intestinal e prevenir a constipa\u00e7\u00e3o cr\u00f4nica.<\/strong> O destaque vai para a import\u00e2ncia dos vegetais, das gorduras saud\u00e1veis e das oleaginosas, que devem compor o prato diariamente, promovendo n\u00e3o apenas o equil\u00edbrio do intestino, mas benef\u00edcios amplos \u00e0 sa\u00fade.<\/p>\n","protected":false},"excerpt":{"rendered":"<p>Intestino preso? Veja como novos estudos mostram que dietas ricas em vegetais, azeite e oleaginosas reduzem o risco de constipa\u00e7\u00e3o em qualquer idade.<\/p>\n","protected":false},"author":3,"featured_media":68399,"comment_status":"open","ping_status":"open","sticky":false,"template":"","format":"standard","meta":{"_yoast_wpseo_focuskw":"intestino preso prato","_yoast_wpseo_title":"%%title%%","_yoast_wpseo_metadesc":"Intestino preso? Veja como novos estudos mostram que dietas ricas em vegetais, azeite e oleaginosas reduzem o risco de constipa\u00e7\u00e3o em qualquer idade.","jnews-multi-image_gallery":[],"jnews_single_post":{"format":"standard"},"jnews_primary_category":[],"jnews_social_meta":[],"jnews_override_counter":[],"footnotes":""},"categories":[112],"post_tag":[281,1423,144],"class_list":["post-68396","post","type-post","status-publish","format-standard","has-post-thumbnail","hentry","category-curiosidades","tag-alimentacao","tag-alimentos","tag-curiosidades"],"yoast_head":"<!-- This site is optimized with the Yoast SEO plugin v24.6 - https:\/\/yoast.com\/wordpress\/plugins\/seo\/ -->\n<title>O segredo para dizer adeus ao intestino preso pode estar no seu prato<\/title>\n<meta name=\"description\" content=\"Intestino preso? Veja como novos estudos mostram que dietas ricas em vegetais, azeite e oleaginosas reduzem o risco de constipa\u00e7\u00e3o em qualquer idade.\" \/>\n<meta name=\"robots\" content=\"index, follow, max-snippet:-1, max-image-preview:large, max-video-preview:-1\" \/>\n<link rel=\"canonical\" href=\"https:\/\/www.correiobraziliense.com.br\/cbradar\/o-segredo-para-dizer-adeus-ao-intestino-preso-pode-estar-no-seu-prato\/\" \/>\n<meta property=\"og:locale\" content=\"pt_BR\" \/>\n<meta property=\"og:type\" content=\"article\" \/>\n<meta property=\"og:title\" content=\"O segredo para dizer adeus ao intestino preso pode estar no seu prato\" \/>\n<meta property=\"og:description\" content=\"Intestino preso? Veja como novos estudos mostram que dietas ricas em vegetais, azeite e oleaginosas reduzem o risco de constipa\u00e7\u00e3o em qualquer idade.\" \/>\n<meta property=\"og:url\" content=\"https:\/\/www.correiobraziliense.com.br\/cbradar\/o-segredo-para-dizer-adeus-ao-intestino-preso-pode-estar-no-seu-prato\/\" \/>\n<meta property=\"og:site_name\" content=\"Correio Braziliense - Radar\" \/>\n<meta property=\"article:published_time\" content=\"2025-07-13T21:13:00+00:00\" \/>\n<meta property=\"og:image\" content=\"https:\/\/www.correiobraziliense.com.br\/cbradar\/wp-content\/uploads\/2025\/07\/alimentacao_1752328509095.jpg\" \/>\n\t<meta property=\"og:image:width\" content=\"1280\" \/>\n\t<meta property=\"og:image:height\" content=\"720\" \/>\n\t<meta property=\"og:image:type\" content=\"image\/jpeg\" \/>\n<meta name=\"author\" content=\"Larissa Carvalho\" \/>\n<meta name=\"twitter:card\" content=\"summary_large_image\" \/>\n<meta name=\"twitter:label1\" content=\"Escrito por\" \/>\n\t<meta name=\"twitter:data1\" content=\"Larissa Carvalho\" \/>\n\t<meta name=\"twitter:label2\" content=\"Est. tempo de leitura\" \/>\n\t<meta name=\"twitter:data2\" content=\"4 minutos\" \/>\n<!-- \/ Yoast SEO plugin. -->","yoast_head_json":{"title":"O segredo para dizer adeus ao intestino preso pode estar no seu prato","description":"Intestino preso? Veja como novos estudos mostram que dietas ricas em vegetais, azeite e oleaginosas reduzem o risco de constipa\u00e7\u00e3o em qualquer idade.","robots":{"index":"index","follow":"follow","max-snippet":"max-snippet:-1","max-image-preview":"max-image-preview:large","max-video-preview":"max-video-preview:-1"},"canonical":"https:\/\/www.correiobraziliense.com.br\/cbradar\/o-segredo-para-dizer-adeus-ao-intestino-preso-pode-estar-no-seu-prato\/","og_locale":"pt_BR","og_type":"article","og_title":"O segredo para dizer adeus ao intestino preso pode estar no seu prato","og_description":"Intestino preso? Veja como novos estudos mostram que dietas ricas em vegetais, azeite e oleaginosas reduzem o risco de constipa\u00e7\u00e3o em qualquer idade.","og_url":"https:\/\/www.correiobraziliense.com.br\/cbradar\/o-segredo-para-dizer-adeus-ao-intestino-preso-pode-estar-no-seu-prato\/","og_site_name":"Correio Braziliense - Radar","article_published_time":"2025-07-13T21:13:00+00:00","og_image":[{"width":1280,"height":720,"url":"https:\/\/www.correiobraziliense.com.br\/cbradar\/wp-content\/uploads\/2025\/07\/alimentacao_1752328509095.jpg","type":"image\/jpeg"}],"author":"Larissa Carvalho","twitter_card":"summary_large_image","twitter_misc":{"Escrito por":"Larissa Carvalho","Est. tempo de leitura":"4 minutos"},"schema":{"@context":"https:\/\/schema.org","@graph":[{"@type":"WebPage","@id":"https:\/\/www.correiobraziliense.com.br\/cbradar\/o-segredo-para-dizer-adeus-ao-intestino-preso-pode-estar-no-seu-prato\/","url":"https:\/\/www.correiobraziliense.com.br\/cbradar\/o-segredo-para-dizer-adeus-ao-intestino-preso-pode-estar-no-seu-prato\/","name":"O segredo para dizer adeus ao intestino preso pode estar no seu prato","isPartOf":{"@id":"https:\/\/www.correiobraziliense.com.br\/cbradar\/#website"},"primaryImageOfPage":{"@id":"https:\/\/www.correiobraziliense.com.br\/cbradar\/o-segredo-para-dizer-adeus-ao-intestino-preso-pode-estar-no-seu-prato\/#primaryimage"},"image":{"@id":"https:\/\/www.correiobraziliense.com.br\/cbradar\/o-segredo-para-dizer-adeus-ao-intestino-preso-pode-estar-no-seu-prato\/#primaryimage"},"thumbnailUrl":"https:\/\/www.correiobraziliense.com.br\/cbradar\/wp-content\/uploads\/2025\/07\/alimentacao_1752328509095.jpg","datePublished":"2025-07-13T21:13:00+00:00","author":{"@id":"https:\/\/www.correiobraziliense.com.br\/cbradar\/#\/schema\/person\/58422787644df994b53a19d3e56c1513"},"description":"Intestino preso? Veja como novos estudos mostram que dietas ricas em vegetais, azeite e oleaginosas reduzem o risco de constipa\u00e7\u00e3o em qualquer idade.","breadcrumb":{"@id":"https:\/\/www.correiobraziliense.com.br\/cbradar\/o-segredo-para-dizer-adeus-ao-intestino-preso-pode-estar-no-seu-prato\/#breadcrumb"},"inLanguage":"pt-BR","potentialAction":[{"@type":"ReadAction","target":["https:\/\/www.correiobraziliense.com.br\/cbradar\/o-segredo-para-dizer-adeus-ao-intestino-preso-pode-estar-no-seu-prato\/"]}]},{"@type":"ImageObject","inLanguage":"pt-BR","@id":"https:\/\/www.correiobraziliense.com.br\/cbradar\/o-segredo-para-dizer-adeus-ao-intestino-preso-pode-estar-no-seu-prato\/#primaryimage","url":"https:\/\/www.correiobraziliense.com.br\/cbradar\/wp-content\/uploads\/2025\/07\/alimentacao_1752328509095.jpg","contentUrl":"https:\/\/www.correiobraziliense.com.br\/cbradar\/wp-content\/uploads\/2025\/07\/alimentacao_1752328509095.jpg","width":1280,"height":720,"caption":"alimenta\u00e7\u00e3o. Cr\u00e9ditos: depositphotos.com \/ beats1"},{"@type":"BreadcrumbList","@id":"https:\/\/www.correiobraziliense.com.br\/cbradar\/o-segredo-para-dizer-adeus-ao-intestino-preso-pode-estar-no-seu-prato\/#breadcrumb","itemListElement":[{"@type":"ListItem","position":1,"name":"In\u00edcio","item":"https:\/\/www.correiobraziliense.com.br\/cbradar\/"},{"@type":"ListItem","position":2,"name":"O segredo para dizer adeus ao intestino preso pode estar no seu prato"}]},{"@type":"WebSite","@id":"https:\/\/www.correiobraziliense.com.br\/cbradar\/#website","url":"https:\/\/www.correiobraziliense.com.br\/cbradar\/","name":"Correio Braziliense - Radar","description":"Acompanhe as \u00faltimas not\u00edcias e fique bem informado sobre tudo o que acontece no Brasil e no mundo.","potentialAction":[{"@type":"SearchAction","target":{"@type":"EntryPoint","urlTemplate":"https:\/\/www.correiobraziliense.com.br\/cbradar\/?s={search_term_string}"},"query-input":{"@type":"PropertyValueSpecification","valueRequired":true,"valueName":"search_term_string"}}],"inLanguage":"pt-BR"},{"@type":"Person","@id":"https:\/\/www.correiobraziliense.com.br\/cbradar\/#\/schema\/person\/58422787644df994b53a19d3e56c1513","name":"Larissa Carvalho","image":{"@type":"ImageObject","inLanguage":"pt-BR","@id":"https:\/\/www.correiobraziliense.com.br\/cbradar\/#\/schema\/person\/image\/","url":"https:\/\/secure.gravatar.com\/avatar\/fe4f91a0de32b52a838d0d612abdc1aa?s=96&d=mm&r=g","contentUrl":"https:\/\/secure.gravatar.com\/avatar\/fe4f91a0de32b52a838d0d612abdc1aa?s=96&d=mm&r=g","caption":"Larissa Carvalho"},"url":"https:\/\/www.correiobraziliense.com.br\/cbradar\/author\/larissamyth\/"}]}},"_links":{"self":[{"href":"https:\/\/www.correiobraziliense.com.br\/cbradar\/wp-json\/wp\/v2\/posts\/68396","targetHints":{"allow":["GET"]}}],"collection":[{"href":"https:\/\/www.correiobraziliense.com.br\/cbradar\/wp-json\/wp\/v2\/posts"}],"about":[{"href":"https:\/\/www.correiobraziliense.com.br\/cbradar\/wp-json\/wp\/v2\/types\/post"}],"author":[{"embeddable":true,"href":"https:\/\/www.correiobraziliense.com.br\/cbradar\/wp-json\/wp\/v2\/users\/3"}],"replies":[{"embeddable":true,"href":"https:\/\/www.correiobraziliense.com.br\/cbradar\/wp-json\/wp\/v2\/comments?post=68396"}],"version-history":[{"count":3,"href":"https:\/\/www.correiobraziliense.com.br\/cbradar\/wp-json\/wp\/v2\/posts\/68396\/revisions"}],"predecessor-version":[{"id":69448,"href":"https:\/\/www.correiobraziliense.com.br\/cbradar\/wp-json\/wp\/v2\/posts\/68396\/revisions\/69448"}],"wp:featuredmedia":[{"embeddable":true,"href":"https:\/\/www.correiobraziliense.com.br\/cbradar\/wp-json\/wp\/v2\/media\/68399"}],"wp:attachment":[{"href":"https:\/\/www.correiobraziliense.com.br\/cbradar\/wp-json\/wp\/v2\/media?parent=68396"}],"wp:term":[{"taxonomy":"category","embeddable":true,"href":"https:\/\/www.correiobraziliense.com.br\/cbradar\/wp-json\/wp\/v2\/categories?post=68396"},{"taxonomy":"post_tag","embeddable":true,"href":"https:\/\/www.correiobraziliense.com.br\/cbradar\/wp-json\/wp\/v2\/post_tag?post=68396"}],"curies":[{"name":"wp","href":"https:\/\/api.w.org\/{rel}","templated":true}]}}