{"id":68417,"date":"2025-07-13T13:03:00","date_gmt":"2025-07-13T16:03:00","guid":{"rendered":"https:\/\/www.correiobraziliense.com.br\/cbradar\/?p=68417"},"modified":"2025-07-12T11:06:33","modified_gmt":"2025-07-12T14:06:33","slug":"o-segredo-mais-eficaz-para-emagrecer-rapido-no-verao-com-saude","status":"publish","type":"post","link":"https:\/\/www.correiobraziliense.com.br\/cbradar\/o-segredo-mais-eficaz-para-emagrecer-rapido-no-verao-com-saude\/","title":{"rendered":"O segredo mais eficaz para emagrecer r\u00e1pido no ver\u00e3o com sa\u00fade"},"content":{"rendered":"\n<p>Muitas pessoas buscam atingir a <strong>forma f\u00edsica ideal<\/strong> com a chegada do ver\u00e3o. O desejo de aproveitar o clima, relaxar na praia e exibir uma pele bronzeada incentiva milhares de indiv\u00edduos a iniciar dietas r\u00edgidas, especialmente ap\u00f3s um per\u00edodo de descuido motivado pela rotina corrida e pelo estresse. Frequentemente, planos alimentares restritivos e mudan\u00e7as dr\u00e1sticas s\u00e3o vistos como caminhos r\u00e1pidos para eliminar o excesso de peso e, assim, sentir-se mais confort\u00e1vel durante a esta\u00e7\u00e3o mais quente do ano.<\/p>\n\n\n\n<p>No entanto, grande parte desses esfor\u00e7os acaba trazendo frustra\u00e7\u00e3o. <strong>A cren\u00e7a comum de que basta entrar em d\u00e9ficit cal\u00f3rico para emagrecer revela-se insuficiente para provocar resultados duradouros e saud\u00e1veis.<\/strong> Essa percep\u00e7\u00e3o pode desmotivar, j\u00e1 que nem sempre se observa uma redu\u00e7\u00e3o significativa do peso logo nas primeiras semanas. Al\u00e9m disso, a pressa em transformar o corpo muitas vezes leva a estrat\u00e9gias pouco orientadas, sem acompanhamento profissional, ou mesmo \u00e0 desist\u00eancia diante dos primeiros obst\u00e1culos.<\/p>\n\n\n\n<h2 class=\"wp-block-heading\">Por que a dieta isolada n\u00e3o garante o emagrecimento?<\/h2>\n\n\n\n<p><strong>Adotar um regime alimentar restrito pode parecer a solu\u00e7\u00e3o mais simples, mas h\u00e1 uma s\u00e9rie de armadilhas nesse comportamento.<\/strong> Reduzir drasticamente as calorias consumidas sem considerar a reativa\u00e7\u00e3o do metabolismo \u00e9 um deslize cometido por nove em cada dez pessoas, dificultando o progresso rumo \u00e0 perda de peso. O organismo responde \u00e0 restri\u00e7\u00e3o exagerada desacelerando processos metab\u00f3licos, tornando mais dif\u00edcil queima de gordura acumulada ao longo do tempo.<\/p>\n\n\n\n<p><strong>Al\u00e9m disso, manter a motiva\u00e7\u00e3o \u00e9 mais dif\u00edcil quando resultados s\u00e3o lentos ou inexistentes.<\/strong> A expectativa de emagrecer rapidamente pode ser prejudicial, comprometendo a continuidade da dieta. Buscar apoio profissional de um nutricionista \u00e9 fundamental para ajustar o card\u00e1pio de acordo com as necessidades individuais, sem prejudicar a sa\u00fade, e identificar estrat\u00e9gias para contornar eventuais deslizes nos fins de semana ou em festas, comuns durante o ver\u00e3o.<\/p>\n\n\n\n<p>Leia tamb\u00e9m: <a href=\"https:\/\/www.correiobraziliense.com.br\/cbradar\/a-dica-simples-que-te-ajuda-a-emagrecer-sem-sofrimento\/\" target=\"_blank\" rel=\"noreferrer noopener\">A dica simples que te ajuda a emagrecer sem sofrimento<\/a><\/p>\n\n\n\n<h2 class=\"wp-block-heading\">Como acelerar o emagrecimento de modo saud\u00e1vel?<\/h2>\n\n\n\n<p><strong>Especialistas em nutri\u00e7\u00e3o e condicionamento f\u00edsico afirmam que apenas a restri\u00e7\u00e3o alimentar dificilmente proporciona uma transforma\u00e7\u00e3o corporal significativa.<\/strong> <strong>Combinar a dieta equilibrada com exerc\u00edcios f\u00edsicos regulares<\/strong> \u00e9 a chave para acelerar a queima cal\u00f3rica e garantir resultados mais satisfat\u00f3rios. A atividade aer\u00f3bica, como a corrida ou caminhada cont\u00ednua \u2014 seja ao ar livre ou em esteiras \u2014, \u00e9 especialmente eficiente para eliminar l\u00edquidos retidos e gordura corporal.<\/p>\n\n\n\n<ul class=\"wp-block-list\">\n<li><strong>Pr\u00e1tica constante:<\/strong> Realizar atividades f\u00edsicas sistematicamente, sem longas pausas.<\/li>\n\n\n\n<li><strong>Variedade nos exerc\u00edcios:<\/strong> Alternar treinos aer\u00f3bicos e de for\u00e7a para estimular diferentes grupos musculares.<\/li>\n\n\n\n<li><strong>Descanso adequado:<\/strong> Permitir que o corpo se recupere, evitando excesso de treinos ou sobrecarga muscular.<\/li>\n<\/ul>\n\n\n\n<p><strong>Outro aspecto relevante est\u00e1 no desenvolvimento muscular.<\/strong> O aumento da massa magra contribui para que o organismo consuma mais energia, mesmo em repouso. Esse efeito \u00e9 resultado da intensa atividade metab\u00f3lica dos m\u00fasculos, que continuam a gastar calorias durante a recupera\u00e7\u00e3o p\u00f3s-exerc\u00edcio.<\/p>\n\n\n\n<figure class=\"wp-block-image size-large\"><img decoding=\"async\" width=\"1024\" height=\"576\" src=\"https:\/\/www.correiobraziliense.com.br\/cbradar\/wp-content\/uploads\/2025\/07\/emagrecimento_1752329050604-1024x576.jpg\" alt=\"O segredo mais eficaz para emagrecer r\u00e1pido no ver\u00e3o com sa\u00fade\" class=\"wp-image-68420\" srcset=\"https:\/\/www.correiobraziliense.com.br\/cbradar\/wp-content\/uploads\/2025\/07\/emagrecimento_1752329050604-1024x576.jpg 1024w, https:\/\/www.correiobraziliense.com.br\/cbradar\/wp-content\/uploads\/2025\/07\/emagrecimento_1752329050604-300x169.jpg 300w, https:\/\/www.correiobraziliense.com.br\/cbradar\/wp-content\/uploads\/2025\/07\/emagrecimento_1752329050604-768x432.jpg 768w, https:\/\/www.correiobraziliense.com.br\/cbradar\/wp-content\/uploads\/2025\/07\/emagrecimento_1752329050604-750x422.jpg 750w, https:\/\/www.correiobraziliense.com.br\/cbradar\/wp-content\/uploads\/2025\/07\/emagrecimento_1752329050604-1140x641.jpg 1140w, https:\/\/www.correiobraziliense.com.br\/cbradar\/wp-content\/uploads\/2025\/07\/emagrecimento_1752329050604.jpg 1280w\" sizes=\"(max-width: 1024px) 100vw, 1024px\" \/><figcaption class=\"wp-element-caption\">emagrecimento. Cr\u00e9ditos: depositphotos.com \/ HayDmitriy<\/figcaption><\/figure>\n\n\n\n<h2 class=\"wp-block-heading\">Qual \u00e9 o papel da massa muscular na queima de gordura?<\/h2>\n\n\n\n<p><strong>Pesquisas recentes indicam que fortalecer o tecido muscular potencializa a perda de peso de forma indireta e duradoura.<\/strong> Segundo especialistas, cada quilo ganho de massa muscular \u00e9 capaz de aumentar o gasto cal\u00f3rico di\u00e1rio em cerca de 100 calorias. Isso significa que, ao investir no fortalecimento muscular por meio de treinos de resist\u00eancia, o indiv\u00edduo torna seu metabolismo naturalmente mais ativo, facilitando a redu\u00e7\u00e3o do tecido adiposo.<\/p>\n\n\n\n<p><strong>O consultor em nutri\u00e7\u00e3o Jos\u00e9 Manuel Felices<\/strong> explica que os m\u00fasculos funcionam como verdadeiros \u201cfornos metab\u00f3licos\u201d, capazes de manter o corpo queimando calorias por horas ap\u00f3s o treino. Por isso, incluir sess\u00f5es de muscula\u00e7\u00e3o ou treinos funcionais na rotina semanal pode tornar a caminhada rumo ao emagrecimento mais eficiente. Com mais m\u00fasculos, mesmo atividades corriqueiras do dia a dia tornam-se oportunidades para gastar energia, favorecendo a reeduca\u00e7\u00e3o alimentar e a manuten\u00e7\u00e3o do peso.<\/p>\n\n\n\n<h2 class=\"wp-block-heading\">Como manter o equil\u00edbrio durante o ver\u00e3o e evitar reca\u00eddas?<\/h2>\n\n\n\n<p><strong>A esta\u00e7\u00e3o mais quente do ano traz in\u00fameras ocasi\u00f5es de socializa\u00e7\u00e3o, o que pode dificultar a ades\u00e3o rigorosa ao planejamento alimentar.<\/strong> Eventos, festas e encontros exigem modera\u00e7\u00e3o, mas pequenos deslizes n\u00e3o comprometem definitivamente o processo de transforma\u00e7\u00e3o corporal quando h\u00e1 retorno imediato \u00e0 rotina saud\u00e1vel. O segredo est\u00e1 em retomar os h\u00e1bitos recomendados pelo nutricionista logo ap\u00f3s eventual excesso, evitando a autossabotagem comum ap\u00f3s epis\u00f3dios de exagero.<\/p>\n\n\n\n<p><strong>Manter disciplina e flexibilidade, buscar acompanhamento profissional e adotar um programa de exerc\u00edcios ajustado ao perfil de cada pessoa s\u00e3o fatores que favorecem o sucesso no objetivo de atingir a forma f\u00edsica desejada.<\/strong> Com informa\u00e7\u00f5es atualizadas e estrat\u00e9gias alinhadas \u00e0s necessidades individuais, \u00e9 poss\u00edvel emagrecer de forma consciente e sustent\u00e1vel, sem recorrer a m\u00e9todos extremos ou perigosos.<\/p>\n","protected":false},"excerpt":{"rendered":"<p>Entenda por que s\u00f3 reduzir calorias n\u00e3o basta para emagrecer no ver\u00e3o. Veja dicas para acelerar o metabolismo e manter o peso com sa\u00fade e motiva\u00e7\u00e3o.<\/p>\n","protected":false},"author":3,"featured_media":68419,"comment_status":"open","ping_status":"open","sticky":false,"template":"","format":"standard","meta":{"_yoast_wpseo_focuskw":"emagrecer r\u00e1pido com sa\u00fade","_yoast_wpseo_title":"%%title%%","_yoast_wpseo_metadesc":"Entenda por que s\u00f3 reduzir calorias n\u00e3o basta para emagrecer no ver\u00e3o. Veja dicas para acelerar o metabolismo e manter o peso com sa\u00fade e motiva\u00e7\u00e3o.","jnews-multi-image_gallery":[],"jnews_single_post":{"format":"standard"},"jnews_primary_category":[],"jnews_social_meta":[],"jnews_override_counter":[],"footnotes":""},"categories":[112],"post_tag":[144,367,565],"class_list":["post-68417","post","type-post","status-publish","format-standard","has-post-thumbnail","hentry","category-curiosidades","tag-curiosidades","tag-emagrecimento","tag-saude"],"yoast_head":"<!-- This site is optimized with the Yoast SEO plugin v24.6 - https:\/\/yoast.com\/wordpress\/plugins\/seo\/ -->\n<title>O segredo mais eficaz para emagrecer r\u00e1pido no ver\u00e3o com sa\u00fade<\/title>\n<meta name=\"description\" content=\"Entenda por que s\u00f3 reduzir calorias n\u00e3o basta para emagrecer no ver\u00e3o. Veja dicas para acelerar o metabolismo e manter o peso com sa\u00fade e motiva\u00e7\u00e3o.\" \/>\n<meta name=\"robots\" content=\"index, follow, max-snippet:-1, max-image-preview:large, max-video-preview:-1\" \/>\n<link rel=\"canonical\" href=\"https:\/\/www.correiobraziliense.com.br\/cbradar\/o-segredo-mais-eficaz-para-emagrecer-rapido-no-verao-com-saude\/\" \/>\n<meta property=\"og:locale\" content=\"pt_BR\" \/>\n<meta property=\"og:type\" content=\"article\" \/>\n<meta property=\"og:title\" content=\"O segredo mais eficaz para emagrecer r\u00e1pido no ver\u00e3o com sa\u00fade\" \/>\n<meta property=\"og:description\" content=\"Entenda por que s\u00f3 reduzir calorias n\u00e3o basta para emagrecer no ver\u00e3o. Veja dicas para acelerar o metabolismo e manter o peso com sa\u00fade e motiva\u00e7\u00e3o.\" \/>\n<meta property=\"og:url\" content=\"https:\/\/www.correiobraziliense.com.br\/cbradar\/o-segredo-mais-eficaz-para-emagrecer-rapido-no-verao-com-saude\/\" \/>\n<meta property=\"og:site_name\" content=\"Correio Braziliense - Radar\" \/>\n<meta property=\"article:published_time\" content=\"2025-07-13T16:03:00+00:00\" \/>\n<meta property=\"og:image\" content=\"https:\/\/www.correiobraziliense.com.br\/cbradar\/wp-content\/uploads\/2025\/07\/emagrecimento_1752329025014.jpg\" \/>\n\t<meta property=\"og:image:width\" content=\"1280\" \/>\n\t<meta property=\"og:image:height\" content=\"720\" \/>\n\t<meta property=\"og:image:type\" content=\"image\/jpeg\" \/>\n<meta name=\"author\" content=\"Larissa Carvalho\" \/>\n<meta name=\"twitter:card\" content=\"summary_large_image\" \/>\n<meta name=\"twitter:label1\" content=\"Escrito por\" \/>\n\t<meta name=\"twitter:data1\" content=\"Larissa Carvalho\" \/>\n\t<meta name=\"twitter:label2\" content=\"Est. tempo de leitura\" \/>\n\t<meta name=\"twitter:data2\" content=\"5 minutos\" \/>\n<!-- \/ Yoast SEO plugin. -->","yoast_head_json":{"title":"O segredo mais eficaz para emagrecer r\u00e1pido no ver\u00e3o com sa\u00fade","description":"Entenda por que s\u00f3 reduzir calorias n\u00e3o basta para emagrecer no ver\u00e3o. Veja dicas para acelerar o metabolismo e manter o peso com sa\u00fade e motiva\u00e7\u00e3o.","robots":{"index":"index","follow":"follow","max-snippet":"max-snippet:-1","max-image-preview":"max-image-preview:large","max-video-preview":"max-video-preview:-1"},"canonical":"https:\/\/www.correiobraziliense.com.br\/cbradar\/o-segredo-mais-eficaz-para-emagrecer-rapido-no-verao-com-saude\/","og_locale":"pt_BR","og_type":"article","og_title":"O segredo mais eficaz para emagrecer r\u00e1pido no ver\u00e3o com sa\u00fade","og_description":"Entenda por que s\u00f3 reduzir calorias n\u00e3o basta para emagrecer no ver\u00e3o. Veja dicas para acelerar o metabolismo e manter o peso com sa\u00fade e motiva\u00e7\u00e3o.","og_url":"https:\/\/www.correiobraziliense.com.br\/cbradar\/o-segredo-mais-eficaz-para-emagrecer-rapido-no-verao-com-saude\/","og_site_name":"Correio Braziliense - Radar","article_published_time":"2025-07-13T16:03:00+00:00","og_image":[{"width":1280,"height":720,"url":"https:\/\/www.correiobraziliense.com.br\/cbradar\/wp-content\/uploads\/2025\/07\/emagrecimento_1752329025014.jpg","type":"image\/jpeg"}],"author":"Larissa Carvalho","twitter_card":"summary_large_image","twitter_misc":{"Escrito por":"Larissa Carvalho","Est. tempo de leitura":"5 minutos"},"schema":{"@context":"https:\/\/schema.org","@graph":[{"@type":"WebPage","@id":"https:\/\/www.correiobraziliense.com.br\/cbradar\/o-segredo-mais-eficaz-para-emagrecer-rapido-no-verao-com-saude\/","url":"https:\/\/www.correiobraziliense.com.br\/cbradar\/o-segredo-mais-eficaz-para-emagrecer-rapido-no-verao-com-saude\/","name":"O segredo mais eficaz para emagrecer r\u00e1pido no ver\u00e3o com sa\u00fade","isPartOf":{"@id":"https:\/\/www.correiobraziliense.com.br\/cbradar\/#website"},"primaryImageOfPage":{"@id":"https:\/\/www.correiobraziliense.com.br\/cbradar\/o-segredo-mais-eficaz-para-emagrecer-rapido-no-verao-com-saude\/#primaryimage"},"image":{"@id":"https:\/\/www.correiobraziliense.com.br\/cbradar\/o-segredo-mais-eficaz-para-emagrecer-rapido-no-verao-com-saude\/#primaryimage"},"thumbnailUrl":"https:\/\/www.correiobraziliense.com.br\/cbradar\/wp-content\/uploads\/2025\/07\/emagrecimento_1752329025014.jpg","datePublished":"2025-07-13T16:03:00+00:00","author":{"@id":"https:\/\/www.correiobraziliense.com.br\/cbradar\/#\/schema\/person\/58422787644df994b53a19d3e56c1513"},"description":"Entenda por que s\u00f3 reduzir calorias n\u00e3o basta para emagrecer no ver\u00e3o. Veja dicas para acelerar o metabolismo e manter o peso com sa\u00fade e motiva\u00e7\u00e3o.","breadcrumb":{"@id":"https:\/\/www.correiobraziliense.com.br\/cbradar\/o-segredo-mais-eficaz-para-emagrecer-rapido-no-verao-com-saude\/#breadcrumb"},"inLanguage":"pt-BR","potentialAction":[{"@type":"ReadAction","target":["https:\/\/www.correiobraziliense.com.br\/cbradar\/o-segredo-mais-eficaz-para-emagrecer-rapido-no-verao-com-saude\/"]}]},{"@type":"ImageObject","inLanguage":"pt-BR","@id":"https:\/\/www.correiobraziliense.com.br\/cbradar\/o-segredo-mais-eficaz-para-emagrecer-rapido-no-verao-com-saude\/#primaryimage","url":"https:\/\/www.correiobraziliense.com.br\/cbradar\/wp-content\/uploads\/2025\/07\/emagrecimento_1752329025014.jpg","contentUrl":"https:\/\/www.correiobraziliense.com.br\/cbradar\/wp-content\/uploads\/2025\/07\/emagrecimento_1752329025014.jpg","width":1280,"height":720,"caption":"emagrecimento. Cr\u00e9ditos: depositphotos.com \/ VaDrobotBO"},{"@type":"BreadcrumbList","@id":"https:\/\/www.correiobraziliense.com.br\/cbradar\/o-segredo-mais-eficaz-para-emagrecer-rapido-no-verao-com-saude\/#breadcrumb","itemListElement":[{"@type":"ListItem","position":1,"name":"In\u00edcio","item":"https:\/\/www.correiobraziliense.com.br\/cbradar\/"},{"@type":"ListItem","position":2,"name":"O segredo mais eficaz para emagrecer r\u00e1pido no ver\u00e3o com sa\u00fade"}]},{"@type":"WebSite","@id":"https:\/\/www.correiobraziliense.com.br\/cbradar\/#website","url":"https:\/\/www.correiobraziliense.com.br\/cbradar\/","name":"Correio Braziliense - Radar","description":"Acompanhe as \u00faltimas not\u00edcias e fique bem informado sobre tudo o que acontece no Brasil e no mundo.","potentialAction":[{"@type":"SearchAction","target":{"@type":"EntryPoint","urlTemplate":"https:\/\/www.correiobraziliense.com.br\/cbradar\/?s={search_term_string}"},"query-input":{"@type":"PropertyValueSpecification","valueRequired":true,"valueName":"search_term_string"}}],"inLanguage":"pt-BR"},{"@type":"Person","@id":"https:\/\/www.correiobraziliense.com.br\/cbradar\/#\/schema\/person\/58422787644df994b53a19d3e56c1513","name":"Larissa Carvalho","image":{"@type":"ImageObject","inLanguage":"pt-BR","@id":"https:\/\/www.correiobraziliense.com.br\/cbradar\/#\/schema\/person\/image\/","url":"https:\/\/secure.gravatar.com\/avatar\/fe4f91a0de32b52a838d0d612abdc1aa?s=96&d=mm&r=g","contentUrl":"https:\/\/secure.gravatar.com\/avatar\/fe4f91a0de32b52a838d0d612abdc1aa?s=96&d=mm&r=g","caption":"Larissa Carvalho"},"url":"https:\/\/www.correiobraziliense.com.br\/cbradar\/author\/larissamyth\/"}]}},"_links":{"self":[{"href":"https:\/\/www.correiobraziliense.com.br\/cbradar\/wp-json\/wp\/v2\/posts\/68417","targetHints":{"allow":["GET"]}}],"collection":[{"href":"https:\/\/www.correiobraziliense.com.br\/cbradar\/wp-json\/wp\/v2\/posts"}],"about":[{"href":"https:\/\/www.correiobraziliense.com.br\/cbradar\/wp-json\/wp\/v2\/types\/post"}],"author":[{"embeddable":true,"href":"https:\/\/www.correiobraziliense.com.br\/cbradar\/wp-json\/wp\/v2\/users\/3"}],"replies":[{"embeddable":true,"href":"https:\/\/www.correiobraziliense.com.br\/cbradar\/wp-json\/wp\/v2\/comments?post=68417"}],"version-history":[{"count":2,"href":"https:\/\/www.correiobraziliense.com.br\/cbradar\/wp-json\/wp\/v2\/posts\/68417\/revisions"}],"predecessor-version":[{"id":68421,"href":"https:\/\/www.correiobraziliense.com.br\/cbradar\/wp-json\/wp\/v2\/posts\/68417\/revisions\/68421"}],"wp:featuredmedia":[{"embeddable":true,"href":"https:\/\/www.correiobraziliense.com.br\/cbradar\/wp-json\/wp\/v2\/media\/68419"}],"wp:attachment":[{"href":"https:\/\/www.correiobraziliense.com.br\/cbradar\/wp-json\/wp\/v2\/media?parent=68417"}],"wp:term":[{"taxonomy":"category","embeddable":true,"href":"https:\/\/www.correiobraziliense.com.br\/cbradar\/wp-json\/wp\/v2\/categories?post=68417"},{"taxonomy":"post_tag","embeddable":true,"href":"https:\/\/www.correiobraziliense.com.br\/cbradar\/wp-json\/wp\/v2\/post_tag?post=68417"}],"curies":[{"name":"wp","href":"https:\/\/api.w.org\/{rel}","templated":true}]}}