{"id":68478,"date":"2025-07-13T14:03:00","date_gmt":"2025-07-13T17:03:00","guid":{"rendered":"https:\/\/www.correiobraziliense.com.br\/cbradar\/?p=68478"},"modified":"2025-07-12T12:01:31","modified_gmt":"2025-07-12T15:01:31","slug":"as-5-racas-de-caes-mais-baratas-e-faceis-para-quem-esta-comecando","status":"publish","type":"post","link":"https:\/\/www.correiobraziliense.com.br\/cbradar\/as-5-racas-de-caes-mais-baratas-e-faceis-para-quem-esta-comecando\/","title":{"rendered":"As 5 ra\u00e7as de c\u00e3es mais baratas e f\u00e1ceis para quem est\u00e1 come\u00e7ando"},"content":{"rendered":"\n<p><strong>Escolher um c\u00e3o de ra\u00e7a barata e f\u00e1cil de cuidar faz toda a diferen\u00e7a<\/strong> para fam\u00edlias e tutores de primeira viagem. <strong>Algumas ra\u00e7as oferecem baixo custo de manuten\u00e7\u00e3o<\/strong>, al\u00e9m de serem amig\u00e1veis, adapt\u00e1veis e ideais para quem busca companhia sem grandes despesas.<\/p>\n\n\n\n<ul class=\"wp-block-list\">\n<li><strong>Ra\u00e7as econ\u00f4micas demandam menos gastos com alimenta\u00e7\u00e3o e cuidados<\/strong><\/li>\n\n\n\n<li><strong>S\u00e3o \u00f3timas op\u00e7\u00f5es para quem quer come\u00e7ar com um pet equilibrado e d\u00f3cil<\/strong><\/li>\n\n\n\n<li><strong>Facilidade de adapta\u00e7\u00e3o em casas, apartamentos e conv\u00edvio familiar<\/strong><\/li>\n<\/ul>\n\n\n\n<h2 class=\"wp-block-heading\">Quais s\u00e3o as ra\u00e7as de c\u00e3es mais baratas para manter?<\/h2>\n\n\n\n<p><strong>O custo de um cachorro envolve alimenta\u00e7\u00e3o, sa\u00fade, banho e tosa<\/strong>. <strong>Ra\u00e7as de pequeno a m\u00e9dio porte, com pelagem curta<\/strong>, costumam ser mais baratas por precisarem de menos cuidados espec\u00edficos.<\/p>\n\n\n\n<p>Leia tamb\u00e9m: <a href=\"https:\/\/www.correiobraziliense.com.br\/cbradar\/por-que-seu-cachorro-te-acompanha-o-tempo-todo-pela-casa-segundo-especialistas\/\" target=\"_blank\" rel=\"noreferrer noopener\">Por que seu cachorro te acompanha o tempo todo pela casa segundo especialistas<\/a><\/p>\n\n\n\n<h2 class=\"wp-block-heading\">Top 5 ra\u00e7as de c\u00e3es baratas e f\u00e1ceis para iniciantes<\/h2>\n\n\n\n<ul class=\"wp-block-list\">\n<li><strong>Vira-lata (SRD)<\/strong>: Adotados gratuitamente, s\u00e3o resistentes e t\u00eam poucos problemas de sa\u00fade.<\/li>\n\n\n\n<li><strong>Beagle<\/strong>: Pequeno, ativo, pouco exigente em cuidados e manuten\u00e7\u00e3o.<\/li>\n\n\n\n<li><strong>Pinscher<\/strong>: Porte reduzido, come pouco e raramente precisa de banho em pet shop.<\/li>\n\n\n\n<li><strong>Fox Paulistinha<\/strong>: Adapt\u00e1vel, saud\u00e1vel, f\u00e1cil de alimentar e manter limpo.<\/li>\n\n\n\n<li><strong>Basset Hound<\/strong>: Boa conviv\u00eancia com crian\u00e7as, requer menos tosa e costuma ser robusto.<\/li>\n<\/ul>\n\n\n\n<figure class=\"wp-block-image size-large\"><img decoding=\"async\" width=\"1024\" height=\"576\" src=\"https:\/\/www.correiobraziliense.com.br\/cbradar\/wp-content\/uploads\/2025\/07\/cachorro_1752332472801-1024x576.jpg\" alt=\"As 5 ra\u00e7as de c\u00e3es mais baratas e f\u00e1ceis para quem est\u00e1 come\u00e7ando\" class=\"wp-image-68480\" srcset=\"https:\/\/www.correiobraziliense.com.br\/cbradar\/wp-content\/uploads\/2025\/07\/cachorro_1752332472801-1024x576.jpg 1024w, https:\/\/www.correiobraziliense.com.br\/cbradar\/wp-content\/uploads\/2025\/07\/cachorro_1752332472801-300x169.jpg 300w, https:\/\/www.correiobraziliense.com.br\/cbradar\/wp-content\/uploads\/2025\/07\/cachorro_1752332472801-768x432.jpg 768w, https:\/\/www.correiobraziliense.com.br\/cbradar\/wp-content\/uploads\/2025\/07\/cachorro_1752332472801-750x422.jpg 750w, https:\/\/www.correiobraziliense.com.br\/cbradar\/wp-content\/uploads\/2025\/07\/cachorro_1752332472801-1140x641.jpg 1140w, https:\/\/www.correiobraziliense.com.br\/cbradar\/wp-content\/uploads\/2025\/07\/cachorro_1752332472801.jpg 1280w\" sizes=\"(max-width: 1024px) 100vw, 1024px\" \/><figcaption class=\"wp-element-caption\">cachorro. Cr\u00e9ditos: depositphotos.com \/ VitalikRadko<\/figcaption><\/figure>\n\n\n\n<h2 class=\"wp-block-heading\">Como economizar com o novo pet sem abrir m\u00e3o do bem-estar?<\/h2>\n\n\n\n<p><strong>Investir em preven\u00e7\u00e3o e alimenta\u00e7\u00e3o de qualidade<\/strong> reduz gastos com veterin\u00e1rio no futuro. <strong>Escolher ra\u00e7as menos propensas a doen\u00e7as gen\u00e9ticas<\/strong> e de f\u00e1cil manuten\u00e7\u00e3o facilita o dia a dia do tutor.<\/p>\n\n\n\n<p>Dica r\u00e1pida: Prefira ado\u00e7\u00e3o respons\u00e1vel. Vira-latas e c\u00e3es de ONGs geralmente t\u00eam vacina\u00e7\u00e3o em dia e j\u00e1 s\u00e3o castrados, diminuindo custos iniciais.<\/p>\n\n\n\n<p>Leia tamb\u00e9m: <a href=\"https:\/\/www.correiobraziliense.com.br\/cbradar\/o-que-ninguem-te-conta-sobre-dividir-a-cama-com-o-cachorro-nas-noites-frias\/\" target=\"_blank\" rel=\"noreferrer noopener\">O que ningu\u00e9m te conta sobre dividir a cama com o cachorro nas noites frias<\/a><\/p>\n\n\n\n<h2 class=\"wp-block-heading\">O que avaliar antes de escolher uma ra\u00e7a econ\u00f4mica?<\/h2>\n\n\n\n<p><strong>Al\u00e9m do custo, \u00e9 importante considerar o perfil da fam\u00edlia<\/strong>, espa\u00e7o dispon\u00edvel, tempo para passeios e intera\u00e7\u00e3o. <strong>Ra\u00e7as de baixo custo podem ser \u00f3timas companheiras se houver carinho e dedica\u00e7\u00e3o<\/strong>.<\/p>\n\n\n\n<p>Opte por c\u00e3es que se adaptam facilmente ao ambiente dom\u00e9stico e n\u00e3o exigem muitos cuidados est\u00e9ticos ou m\u00e9dicos frequentes.<\/p>\n\n\n\n<h2 class=\"wp-block-heading\">Ra\u00e7as econ\u00f4micas e d\u00f3ceis s\u00e3o ideais para tutores iniciantes<\/h2>\n\n\n\n<ul class=\"wp-block-list\">\n<li><strong>Vira-latas, Beagle, Pinscher, Fox Paulistinha e Basset Hound<\/strong> unem baixo custo e f\u00e1cil conviv\u00eancia<\/li>\n\n\n\n<li><strong>Preven\u00e7\u00e3o e cuidados b\u00e1sicos<\/strong> garantem economia e sa\u00fade para o pet<\/li>\n\n\n\n<li><strong>Ado\u00e7\u00e3o respons\u00e1vel \u00e9 o melhor caminho<\/strong> para fam\u00edlias que buscam um amigo fiel sem grandes despesas<\/li>\n<\/ul>\n","protected":false},"excerpt":{"rendered":"<p>Quer um pet econ\u00f4mico? Veja quais ra\u00e7as exigem menos gastos e oferecem conviv\u00eancia tranquila e saud\u00e1vel para toda a fam\u00edlia.<\/p>\n","protected":false},"author":3,"featured_media":68479,"comment_status":"open","ping_status":"open","sticky":false,"template":"","format":"standard","meta":{"_yoast_wpseo_focuskw":"ra\u00e7as c\u00e3es mais baratas","_yoast_wpseo_title":"%%title%%","_yoast_wpseo_metadesc":"Quer um pet econ\u00f4mico? Veja quais ra\u00e7as exigem menos gastos e oferecem conviv\u00eancia tranquila e saud\u00e1vel para toda a fam\u00edlia.","jnews-multi-image_gallery":[],"jnews_single_post":{"format":"standard"},"jnews_primary_category":[],"jnews_social_meta":[],"jnews_override_counter":[],"footnotes":""},"categories":[112],"post_tag":[1977,378,144],"class_list":["post-68478","post","type-post","status-publish","format-standard","has-post-thumbnail","hentry","category-curiosidades","tag-animais-de-estimacao","tag-cachorro","tag-curiosidades"],"yoast_head":"<!-- This site is optimized with the Yoast SEO plugin v24.6 - https:\/\/yoast.com\/wordpress\/plugins\/seo\/ -->\n<title>As 5 ra\u00e7as de c\u00e3es mais baratas e f\u00e1ceis para quem est\u00e1 come\u00e7ando<\/title>\n<meta name=\"description\" content=\"Quer um pet econ\u00f4mico? Veja quais ra\u00e7as exigem menos gastos e oferecem conviv\u00eancia tranquila e saud\u00e1vel para toda a fam\u00edlia.\" \/>\n<meta name=\"robots\" content=\"index, follow, max-snippet:-1, max-image-preview:large, max-video-preview:-1\" \/>\n<link rel=\"canonical\" href=\"https:\/\/www.correiobraziliense.com.br\/cbradar\/as-5-racas-de-caes-mais-baratas-e-faceis-para-quem-esta-comecando\/\" \/>\n<meta property=\"og:locale\" content=\"pt_BR\" \/>\n<meta property=\"og:type\" content=\"article\" \/>\n<meta property=\"og:title\" content=\"As 5 ra\u00e7as de c\u00e3es mais baratas e f\u00e1ceis para quem est\u00e1 come\u00e7ando\" \/>\n<meta property=\"og:description\" content=\"Quer um pet econ\u00f4mico? Veja quais ra\u00e7as exigem menos gastos e oferecem conviv\u00eancia tranquila e saud\u00e1vel para toda a fam\u00edlia.\" \/>\n<meta property=\"og:url\" content=\"https:\/\/www.correiobraziliense.com.br\/cbradar\/as-5-racas-de-caes-mais-baratas-e-faceis-para-quem-esta-comecando\/\" \/>\n<meta property=\"og:site_name\" content=\"Correio Braziliense - Radar\" \/>\n<meta property=\"article:published_time\" content=\"2025-07-13T17:03:00+00:00\" \/>\n<meta property=\"og:image\" content=\"https:\/\/www.correiobraziliense.com.br\/cbradar\/wp-content\/uploads\/2025\/07\/cachorro_1752332379715.jpg\" \/>\n\t<meta property=\"og:image:width\" content=\"1280\" \/>\n\t<meta property=\"og:image:height\" content=\"720\" \/>\n\t<meta property=\"og:image:type\" content=\"image\/jpeg\" \/>\n<meta name=\"author\" content=\"Larissa Carvalho\" \/>\n<meta name=\"twitter:card\" content=\"summary_large_image\" \/>\n<meta name=\"twitter:label1\" content=\"Escrito por\" \/>\n\t<meta name=\"twitter:data1\" content=\"Larissa Carvalho\" \/>\n\t<meta name=\"twitter:label2\" content=\"Est. tempo de leitura\" \/>\n\t<meta name=\"twitter:data2\" content=\"3 minutos\" \/>\n<!-- \/ Yoast SEO plugin. -->","yoast_head_json":{"title":"As 5 ra\u00e7as de c\u00e3es mais baratas e f\u00e1ceis para quem est\u00e1 come\u00e7ando","description":"Quer um pet econ\u00f4mico? Veja quais ra\u00e7as exigem menos gastos e oferecem conviv\u00eancia tranquila e saud\u00e1vel para toda a fam\u00edlia.","robots":{"index":"index","follow":"follow","max-snippet":"max-snippet:-1","max-image-preview":"max-image-preview:large","max-video-preview":"max-video-preview:-1"},"canonical":"https:\/\/www.correiobraziliense.com.br\/cbradar\/as-5-racas-de-caes-mais-baratas-e-faceis-para-quem-esta-comecando\/","og_locale":"pt_BR","og_type":"article","og_title":"As 5 ra\u00e7as de c\u00e3es mais baratas e f\u00e1ceis para quem est\u00e1 come\u00e7ando","og_description":"Quer um pet econ\u00f4mico? Veja quais ra\u00e7as exigem menos gastos e oferecem conviv\u00eancia tranquila e saud\u00e1vel para toda a fam\u00edlia.","og_url":"https:\/\/www.correiobraziliense.com.br\/cbradar\/as-5-racas-de-caes-mais-baratas-e-faceis-para-quem-esta-comecando\/","og_site_name":"Correio Braziliense - Radar","article_published_time":"2025-07-13T17:03:00+00:00","og_image":[{"width":1280,"height":720,"url":"https:\/\/www.correiobraziliense.com.br\/cbradar\/wp-content\/uploads\/2025\/07\/cachorro_1752332379715.jpg","type":"image\/jpeg"}],"author":"Larissa Carvalho","twitter_card":"summary_large_image","twitter_misc":{"Escrito por":"Larissa Carvalho","Est. tempo de leitura":"3 minutos"},"schema":{"@context":"https:\/\/schema.org","@graph":[{"@type":"WebPage","@id":"https:\/\/www.correiobraziliense.com.br\/cbradar\/as-5-racas-de-caes-mais-baratas-e-faceis-para-quem-esta-comecando\/","url":"https:\/\/www.correiobraziliense.com.br\/cbradar\/as-5-racas-de-caes-mais-baratas-e-faceis-para-quem-esta-comecando\/","name":"As 5 ra\u00e7as de c\u00e3es mais baratas e f\u00e1ceis para quem est\u00e1 come\u00e7ando","isPartOf":{"@id":"https:\/\/www.correiobraziliense.com.br\/cbradar\/#website"},"primaryImageOfPage":{"@id":"https:\/\/www.correiobraziliense.com.br\/cbradar\/as-5-racas-de-caes-mais-baratas-e-faceis-para-quem-esta-comecando\/#primaryimage"},"image":{"@id":"https:\/\/www.correiobraziliense.com.br\/cbradar\/as-5-racas-de-caes-mais-baratas-e-faceis-para-quem-esta-comecando\/#primaryimage"},"thumbnailUrl":"https:\/\/www.correiobraziliense.com.br\/cbradar\/wp-content\/uploads\/2025\/07\/cachorro_1752332379715.jpg","datePublished":"2025-07-13T17:03:00+00:00","author":{"@id":"https:\/\/www.correiobraziliense.com.br\/cbradar\/#\/schema\/person\/58422787644df994b53a19d3e56c1513"},"description":"Quer um pet econ\u00f4mico? Veja quais ra\u00e7as exigem menos gastos e oferecem conviv\u00eancia tranquila e saud\u00e1vel para toda a fam\u00edlia.","breadcrumb":{"@id":"https:\/\/www.correiobraziliense.com.br\/cbradar\/as-5-racas-de-caes-mais-baratas-e-faceis-para-quem-esta-comecando\/#breadcrumb"},"inLanguage":"pt-BR","potentialAction":[{"@type":"ReadAction","target":["https:\/\/www.correiobraziliense.com.br\/cbradar\/as-5-racas-de-caes-mais-baratas-e-faceis-para-quem-esta-comecando\/"]}]},{"@type":"ImageObject","inLanguage":"pt-BR","@id":"https:\/\/www.correiobraziliense.com.br\/cbradar\/as-5-racas-de-caes-mais-baratas-e-faceis-para-quem-esta-comecando\/#primaryimage","url":"https:\/\/www.correiobraziliense.com.br\/cbradar\/wp-content\/uploads\/2025\/07\/cachorro_1752332379715.jpg","contentUrl":"https:\/\/www.correiobraziliense.com.br\/cbradar\/wp-content\/uploads\/2025\/07\/cachorro_1752332379715.jpg","width":1280,"height":720,"caption":"cachorro. Cr\u00e9ditos: depositphotos.com \/ AllaSerebrina"},{"@type":"BreadcrumbList","@id":"https:\/\/www.correiobraziliense.com.br\/cbradar\/as-5-racas-de-caes-mais-baratas-e-faceis-para-quem-esta-comecando\/#breadcrumb","itemListElement":[{"@type":"ListItem","position":1,"name":"In\u00edcio","item":"https:\/\/www.correiobraziliense.com.br\/cbradar\/"},{"@type":"ListItem","position":2,"name":"As 5 ra\u00e7as de c\u00e3es mais baratas e f\u00e1ceis para quem est\u00e1 come\u00e7ando"}]},{"@type":"WebSite","@id":"https:\/\/www.correiobraziliense.com.br\/cbradar\/#website","url":"https:\/\/www.correiobraziliense.com.br\/cbradar\/","name":"Correio Braziliense - Radar","description":"Acompanhe as \u00faltimas not\u00edcias e fique bem informado sobre tudo o que acontece no Brasil e no mundo.","potentialAction":[{"@type":"SearchAction","target":{"@type":"EntryPoint","urlTemplate":"https:\/\/www.correiobraziliense.com.br\/cbradar\/?s={search_term_string}"},"query-input":{"@type":"PropertyValueSpecification","valueRequired":true,"valueName":"search_term_string"}}],"inLanguage":"pt-BR"},{"@type":"Person","@id":"https:\/\/www.correiobraziliense.com.br\/cbradar\/#\/schema\/person\/58422787644df994b53a19d3e56c1513","name":"Larissa Carvalho","image":{"@type":"ImageObject","inLanguage":"pt-BR","@id":"https:\/\/www.correiobraziliense.com.br\/cbradar\/#\/schema\/person\/image\/","url":"https:\/\/secure.gravatar.com\/avatar\/fe4f91a0de32b52a838d0d612abdc1aa?s=96&d=mm&r=g","contentUrl":"https:\/\/secure.gravatar.com\/avatar\/fe4f91a0de32b52a838d0d612abdc1aa?s=96&d=mm&r=g","caption":"Larissa Carvalho"},"url":"https:\/\/www.correiobraziliense.com.br\/cbradar\/author\/larissamyth\/"}]}},"_links":{"self":[{"href":"https:\/\/www.correiobraziliense.com.br\/cbradar\/wp-json\/wp\/v2\/posts\/68478","targetHints":{"allow":["GET"]}}],"collection":[{"href":"https:\/\/www.correiobraziliense.com.br\/cbradar\/wp-json\/wp\/v2\/posts"}],"about":[{"href":"https:\/\/www.correiobraziliense.com.br\/cbradar\/wp-json\/wp\/v2\/types\/post"}],"author":[{"embeddable":true,"href":"https:\/\/www.correiobraziliense.com.br\/cbradar\/wp-json\/wp\/v2\/users\/3"}],"replies":[{"embeddable":true,"href":"https:\/\/www.correiobraziliense.com.br\/cbradar\/wp-json\/wp\/v2\/comments?post=68478"}],"version-history":[{"count":1,"href":"https:\/\/www.correiobraziliense.com.br\/cbradar\/wp-json\/wp\/v2\/posts\/68478\/revisions"}],"predecessor-version":[{"id":68481,"href":"https:\/\/www.correiobraziliense.com.br\/cbradar\/wp-json\/wp\/v2\/posts\/68478\/revisions\/68481"}],"wp:featuredmedia":[{"embeddable":true,"href":"https:\/\/www.correiobraziliense.com.br\/cbradar\/wp-json\/wp\/v2\/media\/68479"}],"wp:attachment":[{"href":"https:\/\/www.correiobraziliense.com.br\/cbradar\/wp-json\/wp\/v2\/media?parent=68478"}],"wp:term":[{"taxonomy":"category","embeddable":true,"href":"https:\/\/www.correiobraziliense.com.br\/cbradar\/wp-json\/wp\/v2\/categories?post=68478"},{"taxonomy":"post_tag","embeddable":true,"href":"https:\/\/www.correiobraziliense.com.br\/cbradar\/wp-json\/wp\/v2\/post_tag?post=68478"}],"curies":[{"name":"wp","href":"https:\/\/api.w.org\/{rel}","templated":true}]}}