{"id":68495,"date":"2025-07-13T19:13:00","date_gmt":"2025-07-13T22:13:00","guid":{"rendered":"https:\/\/www.correiobraziliense.com.br\/cbradar\/?p=68495"},"modified":"2025-07-12T12:17:27","modified_gmt":"2025-07-12T15:17:27","slug":"descubra-qual-treino-mais-combina-com-voce-de-acordo-com-seu-perfil","status":"publish","type":"post","link":"https:\/\/www.correiobraziliense.com.br\/cbradar\/descubra-qual-treino-mais-combina-com-voce-de-acordo-com-seu-perfil\/","title":{"rendered":"Descubra qual treino mais combina com voc\u00ea de acordo com seu perfil"},"content":{"rendered":"\n<p><strong>Sua personalidade pode influenciar diretamente a escolha e a satisfa\u00e7\u00e3o com a atividade f\u00edsica<\/strong>. <strong>Um novo estudo aponta que certos tipos de treino se adaptam melhor a perfis espec\u00edficos<\/strong>, tornando o exerc\u00edcio mais prazeroso e eficiente. Entender essa rela\u00e7\u00e3o ajuda a criar rotinas mais consistentes e alinhadas aos seus objetivos.<\/p>\n\n\n\n<ul class=\"wp-block-list\">\n<li><strong>Pessoas extrovertidas e neur\u00f3ticas respondem melhor a treinos intensos<\/strong><\/li>\n\n\n\n<li><strong>Indiv\u00edduos conscienciosos se destacam em atividades focadas em metas<\/strong><\/li>\n\n\n\n<li><strong>A escolha do exerc\u00edcio pode aumentar motiva\u00e7\u00e3o e bem-estar<\/strong><\/li>\n<\/ul>\n\n\n\n<h2 class=\"wp-block-heading\">Treinos de alta intensidade s\u00e3o melhores para extrovertidos e neur\u00f3ticos?<\/h2>\n\n\n\n<p><strong>Pessoas com altos \u00edndices de neuroticismo ou extrovers\u00e3o tendem a preferir exerc\u00edcios intensos<\/strong>, como HIIT (treino intervalado de alta intensidade), circuitos din\u00e2micos ou aulas coletivas animadas. <strong>Essas atividades r\u00e1pidas e vigorosas<\/strong> ajudam a manter o foco e canalizam a energia, evitando a monotonia e o excesso de pensamentos negativos.<\/p>\n\n\n\n<p>O estudo destaca que, para quem \u00e9 neur\u00f3tico, treinos longos podem dar espa\u00e7o para ansiedade e autocr\u00edtica, enquanto sess\u00f5es intensas e curtas favorecem o engajamento e o bem-estar.<\/p>\n\n\n\n<p>Leia tamb\u00e9m: <a href=\"https:\/\/www.correiobraziliense.com.br\/cbradar\/essa-atividade-fisica-e-recomendada-para-quem-sente-dores-nas-articulacoes\/\" target=\"_blank\" rel=\"noreferrer noopener\">Essa atividade f\u00edsica \u00e9 recomendada para quem sente dores nas articula\u00e7\u00f5es<\/a><\/p>\n\n\n\n<figure class=\"wp-block-image size-large\"><img decoding=\"async\" width=\"1024\" height=\"576\" src=\"https:\/\/www.correiobraziliense.com.br\/cbradar\/wp-content\/uploads\/2025\/07\/atividade-fisica_1752333338717-1024x576.jpg\" alt=\"Descubra qual treino mais combina com voc\u00ea de acordo com seu perfil\" class=\"wp-image-68497\" srcset=\"https:\/\/www.correiobraziliense.com.br\/cbradar\/wp-content\/uploads\/2025\/07\/atividade-fisica_1752333338717-1024x576.jpg 1024w, https:\/\/www.correiobraziliense.com.br\/cbradar\/wp-content\/uploads\/2025\/07\/atividade-fisica_1752333338717-300x169.jpg 300w, https:\/\/www.correiobraziliense.com.br\/cbradar\/wp-content\/uploads\/2025\/07\/atividade-fisica_1752333338717-768x432.jpg 768w, https:\/\/www.correiobraziliense.com.br\/cbradar\/wp-content\/uploads\/2025\/07\/atividade-fisica_1752333338717-750x422.jpg 750w, https:\/\/www.correiobraziliense.com.br\/cbradar\/wp-content\/uploads\/2025\/07\/atividade-fisica_1752333338717-1140x641.jpg 1140w, https:\/\/www.correiobraziliense.com.br\/cbradar\/wp-content\/uploads\/2025\/07\/atividade-fisica_1752333338717.jpg 1280w\" sizes=\"(max-width: 1024px) 100vw, 1024px\" \/><figcaption class=\"wp-element-caption\">atividade f\u00edsica. Cr\u00e9ditos: depositphotos.com \/ Ivanko1980<\/figcaption><\/figure>\n\n\n\n<h2 class=\"wp-block-heading\">Conscienciosos: o perfil dos focados em metas<\/h2>\n\n\n\n<p><strong>Pessoas que pontuam alto em conscienciosidade t\u00eam facilidade para seguir rotinas estruturadas e atingir objetivos<\/strong>. <strong>Exerc\u00edcios que envolvem planejamento e progresso mensur\u00e1vel<\/strong>, como corrida de longa dist\u00e2ncia, nata\u00e7\u00e3o, ciclismo ou muscula\u00e7\u00e3o, s\u00e3o ideais para esse grupo.<\/p>\n\n\n\n<p>Estabelecer desafios, como completar uma maratona ou manter uma rotina consistente por meses, mant\u00e9m a motiva\u00e7\u00e3o desses indiv\u00edduos sempre em alta.<\/p>\n\n\n\n<p>Dica r\u00e1pida: Defina metas claras e acompanhe o progresso em aplicativos ou planilhas para estimular ainda mais o comprometimento.<\/p>\n\n\n\n<h2 class=\"wp-block-heading\">Por que adaptar o exerc\u00edcio ao seu perfil faz diferen\u00e7a?<\/h2>\n\n\n\n<p><strong>Escolher uma atividade f\u00edsica compat\u00edvel com a personalidade<\/strong> aumenta a ades\u00e3o ao treino, reduz o risco de desist\u00eancia e potencializa os benef\u00edcios \u00e0 sa\u00fade. <strong>Al\u00e9m disso, respeitar suas prefer\u00eancias torna o exerc\u00edcio um momento de prazer e autoconhecimento<\/strong>.<\/p>\n\n\n\n<p>Buscar orienta\u00e7\u00e3o profissional pode ajudar a explorar novas modalidades e encontrar o ajuste perfeito entre treino, motiva\u00e7\u00e3o e rotina.<\/p>\n\n\n\n<p>Leia tamb\u00e9m: <a href=\"https:\/\/www.correiobraziliense.com.br\/cbradar\/a-corrida-e-a-atividade-fisica-que-vai-salvar-o-seu-bem-estar-diario\/\" target=\"_blank\" rel=\"noreferrer noopener\">A corrida \u00e9 a atividade f\u00edsica que vai salvar o seu bem-estar di\u00e1rio<\/a><\/p>\n\n\n\n<h2 class=\"wp-block-heading\">Exerc\u00edcio certo para sua personalidade potencializa resultados<\/h2>\n\n\n\n<ul class=\"wp-block-list\">\n<li><strong>Treinos intensos favorecem extrovertidos e neur\u00f3ticos<\/strong>, mantendo foco e energia elevada<\/li>\n\n\n\n<li><strong>Atividades com metas claras motivam os conscienciosos<\/strong> e promovem progresso consistente<\/li>\n\n\n\n<li><strong>Ajustar o exerc\u00edcio ao seu perfil<\/strong> aumenta a satisfa\u00e7\u00e3o, os resultados e o bem-estar f\u00edsico e mental<\/li>\n<\/ul>\n","protected":false},"excerpt":{"rendered":"<p>O segredo do treino ideal est\u00e1 no seu perfil! Veja como adaptar a atividade f\u00edsica \u00e0 sua personalidade e conquistar motiva\u00e7\u00e3o e sa\u00fade.<\/p>\n","protected":false},"author":3,"featured_media":68496,"comment_status":"open","ping_status":"open","sticky":false,"template":"","format":"standard","meta":{"jnews-multi-image_gallery":[],"jnews_single_post":{"format":"standard"},"jnews_primary_category":[],"jnews_social_meta":[],"jnews_override_counter":[],"footnotes":""},"categories":[112],"post_tag":[144,444,1067],"class_list":["post-68495","post","type-post","status-publish","format-standard","has-post-thumbnail","hentry","category-curiosidades","tag-curiosidades","tag-exercicio-fisico","tag-treino"],"yoast_head":"<!-- This site is optimized with the Yoast SEO plugin v24.6 - https:\/\/yoast.com\/wordpress\/plugins\/seo\/ -->\n<title>Descubra qual treino mais combina com voc\u00ea de acordo com seu perfil<\/title>\n<meta name=\"description\" content=\"O segredo do treino ideal est\u00e1 no seu perfil! Veja como adaptar a atividade f\u00edsica \u00e0 sua personalidade e conquistar motiva\u00e7\u00e3o e sa\u00fade.\" \/>\n<meta name=\"robots\" content=\"index, follow, max-snippet:-1, max-image-preview:large, max-video-preview:-1\" \/>\n<link rel=\"canonical\" href=\"https:\/\/www.correiobraziliense.com.br\/cbradar\/descubra-qual-treino-mais-combina-com-voce-de-acordo-com-seu-perfil\/\" \/>\n<meta property=\"og:locale\" content=\"pt_BR\" \/>\n<meta property=\"og:type\" content=\"article\" \/>\n<meta property=\"og:title\" content=\"Descubra qual treino mais combina com voc\u00ea de acordo com seu perfil\" \/>\n<meta property=\"og:description\" content=\"O segredo do treino ideal est\u00e1 no seu perfil! Veja como adaptar a atividade f\u00edsica \u00e0 sua personalidade e conquistar motiva\u00e7\u00e3o e sa\u00fade.\" \/>\n<meta property=\"og:url\" content=\"https:\/\/www.correiobraziliense.com.br\/cbradar\/descubra-qual-treino-mais-combina-com-voce-de-acordo-com-seu-perfil\/\" \/>\n<meta property=\"og:site_name\" content=\"Correio Braziliense - Radar\" \/>\n<meta property=\"article:published_time\" content=\"2025-07-13T22:13:00+00:00\" \/>\n<meta property=\"og:image\" content=\"https:\/\/www.correiobraziliense.com.br\/cbradar\/wp-content\/uploads\/2025\/07\/atividade-fisica_1752333259961.jpg\" \/>\n\t<meta property=\"og:image:width\" content=\"1280\" \/>\n\t<meta property=\"og:image:height\" content=\"720\" \/>\n\t<meta property=\"og:image:type\" content=\"image\/jpeg\" \/>\n<meta name=\"author\" content=\"Larissa Carvalho\" \/>\n<meta name=\"twitter:card\" content=\"summary_large_image\" \/>\n<meta name=\"twitter:label1\" content=\"Escrito por\" \/>\n\t<meta name=\"twitter:data1\" content=\"Larissa Carvalho\" \/>\n\t<meta name=\"twitter:label2\" content=\"Est. tempo de leitura\" \/>\n\t<meta name=\"twitter:data2\" content=\"3 minutos\" \/>\n<!-- \/ Yoast SEO plugin. -->","yoast_head_json":{"title":"Descubra qual treino mais combina com voc\u00ea de acordo com seu perfil","description":"O segredo do treino ideal est\u00e1 no seu perfil! Veja como adaptar a atividade f\u00edsica \u00e0 sua personalidade e conquistar motiva\u00e7\u00e3o e sa\u00fade.","robots":{"index":"index","follow":"follow","max-snippet":"max-snippet:-1","max-image-preview":"max-image-preview:large","max-video-preview":"max-video-preview:-1"},"canonical":"https:\/\/www.correiobraziliense.com.br\/cbradar\/descubra-qual-treino-mais-combina-com-voce-de-acordo-com-seu-perfil\/","og_locale":"pt_BR","og_type":"article","og_title":"Descubra qual treino mais combina com voc\u00ea de acordo com seu perfil","og_description":"O segredo do treino ideal est\u00e1 no seu perfil! Veja como adaptar a atividade f\u00edsica \u00e0 sua personalidade e conquistar motiva\u00e7\u00e3o e sa\u00fade.","og_url":"https:\/\/www.correiobraziliense.com.br\/cbradar\/descubra-qual-treino-mais-combina-com-voce-de-acordo-com-seu-perfil\/","og_site_name":"Correio Braziliense - Radar","article_published_time":"2025-07-13T22:13:00+00:00","og_image":[{"width":1280,"height":720,"url":"https:\/\/www.correiobraziliense.com.br\/cbradar\/wp-content\/uploads\/2025\/07\/atividade-fisica_1752333259961.jpg","type":"image\/jpeg"}],"author":"Larissa Carvalho","twitter_card":"summary_large_image","twitter_misc":{"Escrito por":"Larissa Carvalho","Est. tempo de leitura":"3 minutos"},"schema":{"@context":"https:\/\/schema.org","@graph":[{"@type":"WebPage","@id":"https:\/\/www.correiobraziliense.com.br\/cbradar\/descubra-qual-treino-mais-combina-com-voce-de-acordo-com-seu-perfil\/","url":"https:\/\/www.correiobraziliense.com.br\/cbradar\/descubra-qual-treino-mais-combina-com-voce-de-acordo-com-seu-perfil\/","name":"Descubra qual treino mais combina com voc\u00ea de acordo com seu perfil","isPartOf":{"@id":"https:\/\/www.correiobraziliense.com.br\/cbradar\/#website"},"primaryImageOfPage":{"@id":"https:\/\/www.correiobraziliense.com.br\/cbradar\/descubra-qual-treino-mais-combina-com-voce-de-acordo-com-seu-perfil\/#primaryimage"},"image":{"@id":"https:\/\/www.correiobraziliense.com.br\/cbradar\/descubra-qual-treino-mais-combina-com-voce-de-acordo-com-seu-perfil\/#primaryimage"},"thumbnailUrl":"https:\/\/www.correiobraziliense.com.br\/cbradar\/wp-content\/uploads\/2025\/07\/atividade-fisica_1752333259961.jpg","datePublished":"2025-07-13T22:13:00+00:00","author":{"@id":"https:\/\/www.correiobraziliense.com.br\/cbradar\/#\/schema\/person\/58422787644df994b53a19d3e56c1513"},"description":"O segredo do treino ideal est\u00e1 no seu perfil! Veja como adaptar a atividade f\u00edsica \u00e0 sua personalidade e conquistar motiva\u00e7\u00e3o e sa\u00fade.","breadcrumb":{"@id":"https:\/\/www.correiobraziliense.com.br\/cbradar\/descubra-qual-treino-mais-combina-com-voce-de-acordo-com-seu-perfil\/#breadcrumb"},"inLanguage":"pt-BR","potentialAction":[{"@type":"ReadAction","target":["https:\/\/www.correiobraziliense.com.br\/cbradar\/descubra-qual-treino-mais-combina-com-voce-de-acordo-com-seu-perfil\/"]}]},{"@type":"ImageObject","inLanguage":"pt-BR","@id":"https:\/\/www.correiobraziliense.com.br\/cbradar\/descubra-qual-treino-mais-combina-com-voce-de-acordo-com-seu-perfil\/#primaryimage","url":"https:\/\/www.correiobraziliense.com.br\/cbradar\/wp-content\/uploads\/2025\/07\/atividade-fisica_1752333259961.jpg","contentUrl":"https:\/\/www.correiobraziliense.com.br\/cbradar\/wp-content\/uploads\/2025\/07\/atividade-fisica_1752333259961.jpg","width":1280,"height":720,"caption":"atividade f\u00edsica. Cr\u00e9ditos: depositphotos.com \/ ArturVerkhovetskiy"},{"@type":"BreadcrumbList","@id":"https:\/\/www.correiobraziliense.com.br\/cbradar\/descubra-qual-treino-mais-combina-com-voce-de-acordo-com-seu-perfil\/#breadcrumb","itemListElement":[{"@type":"ListItem","position":1,"name":"In\u00edcio","item":"https:\/\/www.correiobraziliense.com.br\/cbradar\/"},{"@type":"ListItem","position":2,"name":"Descubra qual treino mais combina com voc\u00ea de acordo com seu perfil"}]},{"@type":"WebSite","@id":"https:\/\/www.correiobraziliense.com.br\/cbradar\/#website","url":"https:\/\/www.correiobraziliense.com.br\/cbradar\/","name":"Correio Braziliense - Radar","description":"Acompanhe as \u00faltimas not\u00edcias e fique bem informado sobre tudo o que acontece no Brasil e no mundo.","potentialAction":[{"@type":"SearchAction","target":{"@type":"EntryPoint","urlTemplate":"https:\/\/www.correiobraziliense.com.br\/cbradar\/?s={search_term_string}"},"query-input":{"@type":"PropertyValueSpecification","valueRequired":true,"valueName":"search_term_string"}}],"inLanguage":"pt-BR"},{"@type":"Person","@id":"https:\/\/www.correiobraziliense.com.br\/cbradar\/#\/schema\/person\/58422787644df994b53a19d3e56c1513","name":"Larissa Carvalho","image":{"@type":"ImageObject","inLanguage":"pt-BR","@id":"https:\/\/www.correiobraziliense.com.br\/cbradar\/#\/schema\/person\/image\/","url":"https:\/\/secure.gravatar.com\/avatar\/fe4f91a0de32b52a838d0d612abdc1aa?s=96&d=mm&r=g","contentUrl":"https:\/\/secure.gravatar.com\/avatar\/fe4f91a0de32b52a838d0d612abdc1aa?s=96&d=mm&r=g","caption":"Larissa Carvalho"},"url":"https:\/\/www.correiobraziliense.com.br\/cbradar\/author\/larissamyth\/"}]}},"_links":{"self":[{"href":"https:\/\/www.correiobraziliense.com.br\/cbradar\/wp-json\/wp\/v2\/posts\/68495","targetHints":{"allow":["GET"]}}],"collection":[{"href":"https:\/\/www.correiobraziliense.com.br\/cbradar\/wp-json\/wp\/v2\/posts"}],"about":[{"href":"https:\/\/www.correiobraziliense.com.br\/cbradar\/wp-json\/wp\/v2\/types\/post"}],"author":[{"embeddable":true,"href":"https:\/\/www.correiobraziliense.com.br\/cbradar\/wp-json\/wp\/v2\/users\/3"}],"replies":[{"embeddable":true,"href":"https:\/\/www.correiobraziliense.com.br\/cbradar\/wp-json\/wp\/v2\/comments?post=68495"}],"version-history":[{"count":1,"href":"https:\/\/www.correiobraziliense.com.br\/cbradar\/wp-json\/wp\/v2\/posts\/68495\/revisions"}],"predecessor-version":[{"id":68498,"href":"https:\/\/www.correiobraziliense.com.br\/cbradar\/wp-json\/wp\/v2\/posts\/68495\/revisions\/68498"}],"wp:featuredmedia":[{"embeddable":true,"href":"https:\/\/www.correiobraziliense.com.br\/cbradar\/wp-json\/wp\/v2\/media\/68496"}],"wp:attachment":[{"href":"https:\/\/www.correiobraziliense.com.br\/cbradar\/wp-json\/wp\/v2\/media?parent=68495"}],"wp:term":[{"taxonomy":"category","embeddable":true,"href":"https:\/\/www.correiobraziliense.com.br\/cbradar\/wp-json\/wp\/v2\/categories?post=68495"},{"taxonomy":"post_tag","embeddable":true,"href":"https:\/\/www.correiobraziliense.com.br\/cbradar\/wp-json\/wp\/v2\/post_tag?post=68495"}],"curies":[{"name":"wp","href":"https:\/\/api.w.org\/{rel}","templated":true}]}}