{"id":68499,"date":"2025-07-13T21:03:00","date_gmt":"2025-07-14T00:03:00","guid":{"rendered":"https:\/\/www.correiobraziliense.com.br\/cbradar\/?p=68499"},"modified":"2025-07-13T23:27:23","modified_gmt":"2025-07-14T02:27:23","slug":"golden-ou-labrador-qual-e-o-melhor-cao-de-familia-segundo-especialistas","status":"publish","type":"post","link":"https:\/\/www.correiobraziliense.com.br\/cbradar\/golden-ou-labrador-qual-e-o-melhor-cao-de-familia-segundo-especialistas\/","title":{"rendered":"Golden ou Labrador? Qual \u00e9 o melhor c\u00e3o de fam\u00edlia segundo especialistas"},"content":{"rendered":"\n<p><strong>Golden Retriever e Labrador Retriever est\u00e3o entre as ra\u00e7as de c\u00e3es mais queridas do mundo<\/strong>, conhecidas pelo temperamento d\u00f3cil e esp\u00edrito companheiro. <strong>Apesar de semelhan\u00e7as, cada ra\u00e7a tem caracter\u00edsticas que podem influenciar na escolha ideal<\/strong> para fam\u00edlias, crian\u00e7as e donos de primeira viagem. Entenda as principais diferen\u00e7as e descubra qual delas combina mais com seu estilo de vida.<\/p>\n\n\n\n<ul class=\"wp-block-list\">\n<li><strong>Ambas as ra\u00e7as s\u00e3o afetuosas e adapt\u00e1veis ao conv\u00edvio familiar<\/strong><\/li>\n\n\n\n<li><strong>Golden e Labrador t\u00eam n\u00edveis de energia e necessidades de cuidados distintos<\/strong><\/li>\n\n\n\n<li><strong>A escolha depende do seu tempo, espa\u00e7o e rotina<\/strong><\/li>\n<\/ul>\n\n\n\n<h2 class=\"wp-block-heading\">Principais diferen\u00e7as entre Golden Retriever e Labrador Retriever<\/h2>\n\n\n\n<p><strong>O Golden Retriever se destaca pelo pelo longo e sedoso<\/strong>, exigindo escova\u00e7\u00e3o frequente para evitar n\u00f3s. <strong>O Labrador Retriever tem pelagem curta e f\u00e1cil de manter<\/strong>, sendo pr\u00e1tico para quem tem menos tempo para cuidados di\u00e1rios.<\/p>\n\n\n\n<p>Ambas as ra\u00e7as s\u00e3o inteligentes, mas o Golden costuma ser mais calmo e sens\u00edvel, enquanto o Labrador tem energia elevada e pode ser mais brincalh\u00e3o.<\/p>\n\n\n\n<p>Leia tamb\u00e9m: <a href=\"https:\/\/www.correiobraziliense.com.br\/cbradar\/por-que-seu-cachorro-te-acompanha-o-tempo-todo-pela-casa-segundo-especialistas\/\" target=\"_blank\" rel=\"noreferrer noopener\">Por que seu cachorro te acompanha o tempo todo pela casa segundo especialistas<\/a><\/p>\n\n\n\n<h2 class=\"wp-block-heading\">Qual se adapta melhor a fam\u00edlias e crian\u00e7as?<\/h2>\n\n\n\n<p><strong>Os dois c\u00e3es s\u00e3o excelentes com crian\u00e7as e muito pacientes<\/strong>. <strong>Golden Retriever tende a ser mais gentil<\/strong>, enquanto o Labrador costuma ser mais expansivo e pode ser agitado, especialmente quando jovem.<\/p>\n\n\n\n<p>Para fam\u00edlias com crian\u00e7as pequenas, o Golden pode ser uma escolha ligeiramente mais tranquila. J\u00e1 o Labrador encanta por sua vitalidade e disposi\u00e7\u00e3o para brincadeiras ao ar livre.<\/p>\n\n\n\n<h2 class=\"wp-block-heading\">Cuidados e necessidades de cada ra\u00e7a<\/h2>\n\n\n\n<p><strong>O Golden Retriever precisa de mais escova\u00e7\u00e3o e cuidados com o pelo<\/strong>, especialmente em \u00e9pocas de troca. <strong>Labrador Retriever demanda aten\u00e7\u00e3o para exerc\u00edcios f\u00edsicos<\/strong>, pois pode ganhar peso com facilidade se n\u00e3o gastar energia suficiente.<\/p>\n\n\n\n<p>Ambas as ra\u00e7as apreciam passeios di\u00e1rios, atividades e intera\u00e7\u00e3o constante com a fam\u00edlia. S\u00e3o c\u00e3es que sofrem se deixados sozinhos por muito tempo.<\/p>\n\n\n\n<p>Dica r\u00e1pida: Antes de escolher, considere o espa\u00e7o dispon\u00edvel em casa e o tempo para passeios, brincadeiras e cuidados de higiene.<\/p>\n\n\n\n<figure class=\"wp-block-image size-large\"><img decoding=\"async\" width=\"1024\" height=\"576\" src=\"https:\/\/www.correiobraziliense.com.br\/cbradar\/wp-content\/uploads\/2025\/07\/Labrador-cachorro_1752333609432-1024x576.jpg\" alt=\"Golden ou Labrador: qual \u00e9 o melhor c\u00e3o de fam\u00edlia segundo especialistas\" class=\"wp-image-68501\" srcset=\"https:\/\/www.correiobraziliense.com.br\/cbradar\/wp-content\/uploads\/2025\/07\/Labrador-cachorro_1752333609432-1024x576.jpg 1024w, https:\/\/www.correiobraziliense.com.br\/cbradar\/wp-content\/uploads\/2025\/07\/Labrador-cachorro_1752333609432-300x169.jpg 300w, https:\/\/www.correiobraziliense.com.br\/cbradar\/wp-content\/uploads\/2025\/07\/Labrador-cachorro_1752333609432-768x432.jpg 768w, https:\/\/www.correiobraziliense.com.br\/cbradar\/wp-content\/uploads\/2025\/07\/Labrador-cachorro_1752333609432-750x422.jpg 750w, https:\/\/www.correiobraziliense.com.br\/cbradar\/wp-content\/uploads\/2025\/07\/Labrador-cachorro_1752333609432-1140x641.jpg 1140w, https:\/\/www.correiobraziliense.com.br\/cbradar\/wp-content\/uploads\/2025\/07\/Labrador-cachorro_1752333609432.jpg 1280w\" sizes=\"(max-width: 1024px) 100vw, 1024px\" \/><figcaption class=\"wp-element-caption\">Labrador cachorro. Cr\u00e9ditos: depositphotos.com \/ ArturVerkhovetskiy<\/figcaption><\/figure>\n\n\n\n<h2 class=\"wp-block-heading\">Golden Retriever e Labrador Retriever: pr\u00f3s e contras<\/h2>\n\n\n\n<ul class=\"wp-block-list\">\n<li><strong>Golden Retriever<\/strong>: Gentil, inteligente, sens\u00edvel, exige mais cuidados com o pelo<\/li>\n\n\n\n<li><strong>Labrador Retriever<\/strong>: Brincalh\u00e3o, energ\u00e9tico, pr\u00e1tico na manuten\u00e7\u00e3o, pode ser agitado<\/li>\n<\/ul>\n\n\n\n<p>Ambos s\u00e3o \u00f3timos c\u00e3es para fam\u00edlias, desde que recebam aten\u00e7\u00e3o e exerc\u00edcio adequados.<\/p>\n\n\n\n<h2 class=\"wp-block-heading\">A escolha depende do seu perfil e rotina<\/h2>\n\n\n\n<ul class=\"wp-block-list\">\n<li><strong>Golden Retriever \u00e9 ideal para quem busca um c\u00e3o calmo e sens\u00edvel<\/strong>, com tempo para cuidados com a pelagem<\/li>\n\n\n\n<li><strong>Labrador Retriever \u00e9 indicado para fam\u00edlias ativas<\/strong>, que querem um companheiro brincalh\u00e3o e f\u00e1cil de cuidar<\/li>\n\n\n\n<li><strong>Ambas as ra\u00e7as oferecem amor, lealdade e companheirismo<\/strong> em qualquer contexto familiar<\/li>\n<\/ul>\n","protected":false},"excerpt":{"rendered":"<p>Golden e Labrador s\u00e3o excelentes com crian\u00e7as, mas cada um tem caracter\u00edsticas \u00fanicas. Entenda pr\u00f3s e contras e fa\u00e7a a escolha ideal.<\/p>\n","protected":false},"author":3,"featured_media":68500,"comment_status":"open","ping_status":"open","sticky":false,"template":"","format":"standard","meta":{"_yoast_wpseo_focuskw":"golden labrador melhor c\u00e3o","_yoast_wpseo_title":"%%title%%","_yoast_wpseo_metadesc":"Golden e Labrador s\u00e3o excelentes com crian\u00e7as, mas cada um tem caracter\u00edsticas \u00fanicas. Entenda pr\u00f3s e contras e fa\u00e7a a escolha ideal.","jnews-multi-image_gallery":[],"jnews_single_post":{"format":"standard"},"jnews_primary_category":[],"jnews_social_meta":[],"jnews_override_counter":[],"footnotes":""},"categories":[112],"post_tag":[230,1977,378,144],"class_list":["post-68499","post","type-post","status-publish","format-standard","has-post-thumbnail","hentry","category-curiosidades","tag-animais","tag-animais-de-estimacao","tag-cachorro","tag-curiosidades"],"yoast_head":"<!-- This site is optimized with the Yoast SEO plugin v24.6 - https:\/\/yoast.com\/wordpress\/plugins\/seo\/ -->\n<title>Golden ou Labrador? Qual \u00e9 o melhor c\u00e3o de fam\u00edlia segundo especialistas<\/title>\n<meta name=\"description\" content=\"Golden e Labrador s\u00e3o excelentes com crian\u00e7as, mas cada um tem caracter\u00edsticas \u00fanicas. Entenda pr\u00f3s e contras e fa\u00e7a a escolha ideal.\" \/>\n<meta name=\"robots\" content=\"index, follow, max-snippet:-1, max-image-preview:large, max-video-preview:-1\" \/>\n<link rel=\"canonical\" href=\"https:\/\/www.correiobraziliense.com.br\/cbradar\/golden-ou-labrador-qual-e-o-melhor-cao-de-familia-segundo-especialistas\/\" \/>\n<meta property=\"og:locale\" content=\"pt_BR\" \/>\n<meta property=\"og:type\" content=\"article\" \/>\n<meta property=\"og:title\" content=\"Golden ou Labrador? Qual \u00e9 o melhor c\u00e3o de fam\u00edlia segundo especialistas\" \/>\n<meta property=\"og:description\" content=\"Golden e Labrador s\u00e3o excelentes com crian\u00e7as, mas cada um tem caracter\u00edsticas \u00fanicas. Entenda pr\u00f3s e contras e fa\u00e7a a escolha ideal.\" \/>\n<meta property=\"og:url\" content=\"https:\/\/www.correiobraziliense.com.br\/cbradar\/golden-ou-labrador-qual-e-o-melhor-cao-de-familia-segundo-especialistas\/\" \/>\n<meta property=\"og:site_name\" content=\"Correio Braziliense - Radar\" \/>\n<meta property=\"article:published_time\" content=\"2025-07-14T00:03:00+00:00\" \/>\n<meta property=\"article:modified_time\" content=\"2025-07-14T02:27:23+00:00\" \/>\n<meta property=\"og:image\" content=\"https:\/\/www.correiobraziliense.com.br\/cbradar\/wp-content\/uploads\/2025\/07\/Labrador-Retriever_1752333557048.jpg\" \/>\n\t<meta property=\"og:image:width\" content=\"1280\" \/>\n\t<meta property=\"og:image:height\" content=\"720\" \/>\n\t<meta property=\"og:image:type\" content=\"image\/jpeg\" \/>\n<meta name=\"author\" content=\"Larissa Carvalho\" \/>\n<meta name=\"twitter:card\" content=\"summary_large_image\" \/>\n<meta name=\"twitter:label1\" content=\"Escrito por\" \/>\n\t<meta name=\"twitter:data1\" content=\"Larissa Carvalho\" \/>\n\t<meta name=\"twitter:label2\" content=\"Est. tempo de leitura\" \/>\n\t<meta name=\"twitter:data2\" content=\"3 minutos\" \/>\n<!-- \/ Yoast SEO plugin. -->","yoast_head_json":{"title":"Golden ou Labrador? Qual \u00e9 o melhor c\u00e3o de fam\u00edlia segundo especialistas","description":"Golden e Labrador s\u00e3o excelentes com crian\u00e7as, mas cada um tem caracter\u00edsticas \u00fanicas. Entenda pr\u00f3s e contras e fa\u00e7a a escolha ideal.","robots":{"index":"index","follow":"follow","max-snippet":"max-snippet:-1","max-image-preview":"max-image-preview:large","max-video-preview":"max-video-preview:-1"},"canonical":"https:\/\/www.correiobraziliense.com.br\/cbradar\/golden-ou-labrador-qual-e-o-melhor-cao-de-familia-segundo-especialistas\/","og_locale":"pt_BR","og_type":"article","og_title":"Golden ou Labrador? Qual \u00e9 o melhor c\u00e3o de fam\u00edlia segundo especialistas","og_description":"Golden e Labrador s\u00e3o excelentes com crian\u00e7as, mas cada um tem caracter\u00edsticas \u00fanicas. Entenda pr\u00f3s e contras e fa\u00e7a a escolha ideal.","og_url":"https:\/\/www.correiobraziliense.com.br\/cbradar\/golden-ou-labrador-qual-e-o-melhor-cao-de-familia-segundo-especialistas\/","og_site_name":"Correio Braziliense - Radar","article_published_time":"2025-07-14T00:03:00+00:00","article_modified_time":"2025-07-14T02:27:23+00:00","og_image":[{"width":1280,"height":720,"url":"https:\/\/www.correiobraziliense.com.br\/cbradar\/wp-content\/uploads\/2025\/07\/Labrador-Retriever_1752333557048.jpg","type":"image\/jpeg"}],"author":"Larissa Carvalho","twitter_card":"summary_large_image","twitter_misc":{"Escrito por":"Larissa Carvalho","Est. tempo de leitura":"3 minutos"},"schema":{"@context":"https:\/\/schema.org","@graph":[{"@type":"WebPage","@id":"https:\/\/www.correiobraziliense.com.br\/cbradar\/golden-ou-labrador-qual-e-o-melhor-cao-de-familia-segundo-especialistas\/","url":"https:\/\/www.correiobraziliense.com.br\/cbradar\/golden-ou-labrador-qual-e-o-melhor-cao-de-familia-segundo-especialistas\/","name":"Golden ou Labrador? Qual \u00e9 o melhor c\u00e3o de fam\u00edlia segundo especialistas","isPartOf":{"@id":"https:\/\/www.correiobraziliense.com.br\/cbradar\/#website"},"primaryImageOfPage":{"@id":"https:\/\/www.correiobraziliense.com.br\/cbradar\/golden-ou-labrador-qual-e-o-melhor-cao-de-familia-segundo-especialistas\/#primaryimage"},"image":{"@id":"https:\/\/www.correiobraziliense.com.br\/cbradar\/golden-ou-labrador-qual-e-o-melhor-cao-de-familia-segundo-especialistas\/#primaryimage"},"thumbnailUrl":"https:\/\/www.correiobraziliense.com.br\/cbradar\/wp-content\/uploads\/2025\/07\/Labrador-Retriever_1752333557048.jpg","datePublished":"2025-07-14T00:03:00+00:00","dateModified":"2025-07-14T02:27:23+00:00","author":{"@id":"https:\/\/www.correiobraziliense.com.br\/cbradar\/#\/schema\/person\/58422787644df994b53a19d3e56c1513"},"description":"Golden e Labrador s\u00e3o excelentes com crian\u00e7as, mas cada um tem caracter\u00edsticas \u00fanicas. Entenda pr\u00f3s e contras e fa\u00e7a a escolha ideal.","breadcrumb":{"@id":"https:\/\/www.correiobraziliense.com.br\/cbradar\/golden-ou-labrador-qual-e-o-melhor-cao-de-familia-segundo-especialistas\/#breadcrumb"},"inLanguage":"pt-BR","potentialAction":[{"@type":"ReadAction","target":["https:\/\/www.correiobraziliense.com.br\/cbradar\/golden-ou-labrador-qual-e-o-melhor-cao-de-familia-segundo-especialistas\/"]}]},{"@type":"ImageObject","inLanguage":"pt-BR","@id":"https:\/\/www.correiobraziliense.com.br\/cbradar\/golden-ou-labrador-qual-e-o-melhor-cao-de-familia-segundo-especialistas\/#primaryimage","url":"https:\/\/www.correiobraziliense.com.br\/cbradar\/wp-content\/uploads\/2025\/07\/Labrador-Retriever_1752333557048.jpg","contentUrl":"https:\/\/www.correiobraziliense.com.br\/cbradar\/wp-content\/uploads\/2025\/07\/Labrador-Retriever_1752333557048.jpg","width":1280,"height":720,"caption":"Labrador Retriever. Cr\u00e9ditos: depositphotos.com \/ AllaSerebrina"},{"@type":"BreadcrumbList","@id":"https:\/\/www.correiobraziliense.com.br\/cbradar\/golden-ou-labrador-qual-e-o-melhor-cao-de-familia-segundo-especialistas\/#breadcrumb","itemListElement":[{"@type":"ListItem","position":1,"name":"In\u00edcio","item":"https:\/\/www.correiobraziliense.com.br\/cbradar\/"},{"@type":"ListItem","position":2,"name":"Golden ou Labrador? Qual \u00e9 o melhor c\u00e3o de fam\u00edlia segundo especialistas"}]},{"@type":"WebSite","@id":"https:\/\/www.correiobraziliense.com.br\/cbradar\/#website","url":"https:\/\/www.correiobraziliense.com.br\/cbradar\/","name":"Correio Braziliense - Radar","description":"Acompanhe as \u00faltimas not\u00edcias e fique bem informado sobre tudo o que acontece no Brasil e no mundo.","potentialAction":[{"@type":"SearchAction","target":{"@type":"EntryPoint","urlTemplate":"https:\/\/www.correiobraziliense.com.br\/cbradar\/?s={search_term_string}"},"query-input":{"@type":"PropertyValueSpecification","valueRequired":true,"valueName":"search_term_string"}}],"inLanguage":"pt-BR"},{"@type":"Person","@id":"https:\/\/www.correiobraziliense.com.br\/cbradar\/#\/schema\/person\/58422787644df994b53a19d3e56c1513","name":"Larissa Carvalho","image":{"@type":"ImageObject","inLanguage":"pt-BR","@id":"https:\/\/www.correiobraziliense.com.br\/cbradar\/#\/schema\/person\/image\/","url":"https:\/\/secure.gravatar.com\/avatar\/fe4f91a0de32b52a838d0d612abdc1aa?s=96&d=mm&r=g","contentUrl":"https:\/\/secure.gravatar.com\/avatar\/fe4f91a0de32b52a838d0d612abdc1aa?s=96&d=mm&r=g","caption":"Larissa Carvalho"},"url":"https:\/\/www.correiobraziliense.com.br\/cbradar\/author\/larissamyth\/"}]}},"_links":{"self":[{"href":"https:\/\/www.correiobraziliense.com.br\/cbradar\/wp-json\/wp\/v2\/posts\/68499","targetHints":{"allow":["GET"]}}],"collection":[{"href":"https:\/\/www.correiobraziliense.com.br\/cbradar\/wp-json\/wp\/v2\/posts"}],"about":[{"href":"https:\/\/www.correiobraziliense.com.br\/cbradar\/wp-json\/wp\/v2\/types\/post"}],"author":[{"embeddable":true,"href":"https:\/\/www.correiobraziliense.com.br\/cbradar\/wp-json\/wp\/v2\/users\/3"}],"replies":[{"embeddable":true,"href":"https:\/\/www.correiobraziliense.com.br\/cbradar\/wp-json\/wp\/v2\/comments?post=68499"}],"version-history":[{"count":2,"href":"https:\/\/www.correiobraziliense.com.br\/cbradar\/wp-json\/wp\/v2\/posts\/68499\/revisions"}],"predecessor-version":[{"id":69465,"href":"https:\/\/www.correiobraziliense.com.br\/cbradar\/wp-json\/wp\/v2\/posts\/68499\/revisions\/69465"}],"wp:featuredmedia":[{"embeddable":true,"href":"https:\/\/www.correiobraziliense.com.br\/cbradar\/wp-json\/wp\/v2\/media\/68500"}],"wp:attachment":[{"href":"https:\/\/www.correiobraziliense.com.br\/cbradar\/wp-json\/wp\/v2\/media?parent=68499"}],"wp:term":[{"taxonomy":"category","embeddable":true,"href":"https:\/\/www.correiobraziliense.com.br\/cbradar\/wp-json\/wp\/v2\/categories?post=68499"},{"taxonomy":"post_tag","embeddable":true,"href":"https:\/\/www.correiobraziliense.com.br\/cbradar\/wp-json\/wp\/v2\/post_tag?post=68499"}],"curies":[{"name":"wp","href":"https:\/\/api.w.org\/{rel}","templated":true}]}}