{"id":6905,"date":"2025-02-28T22:10:00","date_gmt":"2025-03-01T01:10:00","guid":{"rendered":"https:\/\/www.correiobraziliense.com.br\/cbradar\/?p=6905"},"modified":"2025-02-28T02:49:26","modified_gmt":"2025-02-28T05:49:26","slug":"bolsa-familia-antecipa-pagamentos-veja-novas-datas","status":"publish","type":"post","link":"https:\/\/www.correiobraziliense.com.br\/cbradar\/bolsa-familia-antecipa-pagamentos-veja-novas-datas\/","title":{"rendered":"Bolsa Fam\u00edlia antecipa pagamentos, veja novas as datas de mar\u00e7o"},"content":{"rendered":"\n<p>O <strong><a href=\"https:\/\/www.gov.br\/mds\/pt-br\/acoes-e-programas\/bolsa-familia\" target=\"_blank\" rel=\"noreferrer noopener\">Minist\u00e9rio do Desenvolvimento e Assist\u00eancia Social, Fam\u00edlia e Combate \u00e0 Fome<\/a><\/strong> anunciou a antecipa\u00e7\u00e3o dos pagamentos do <strong>Bolsa Fam\u00edlia<\/strong> para mar\u00e7o de 2025. Os valores ser\u00e3o liberados entre os dias 18 e 31 do m\u00eas, seguindo a escala tradicional baseada no final do <strong>N\u00famero de Identifica\u00e7\u00e3o Social (NIS)<\/strong>. Essa medida visa evitar sobrecargas no sistema banc\u00e1rio e garantir seguran\u00e7a no acesso aos benef\u00edcios.<\/p>\n\n\n\n<p>Atualmente, o programa atende cerca de 20,5 milh\u00f5es de fam\u00edlias em situa\u00e7\u00e3o de vulnerabilidade social, sendo um dos principais instrumentos de combate \u00e0 pobreza no Brasil. Al\u00e9m do valor m\u00ednimo de R$ 600, os benefici\u00e1rios podem receber adicionais para crian\u00e7as, adolescentes, gestantes e nutrizes. Em 2023, o programa passou por uma reformula\u00e7\u00e3o significativa, ampliando seu alcance e refor\u00e7ando medidas de fiscaliza\u00e7\u00e3o.<\/p>\n\n\n\n<h2 class=\"wp-block-heading\"><strong>Quais s\u00e3o os crit\u00e9rios e valores do Bolsa Fam\u00edlia em 2025?<\/strong><\/h2>\n\n\n\n<p>O Bolsa Fam\u00edlia foi reformulado para aumentar sua efici\u00eancia no atendimento \u00e0s fam\u00edlias vulner\u00e1veis. O pagamento m\u00ednimo de R$ 600 por fam\u00edlia \u00e9 mantido, com benef\u00edcios adicionais para grupos espec\u00edficos. Este modelo visa ampliar a assist\u00eancia financeira e contribuir para o desenvolvimento infantil, a perman\u00eancia dos jovens na escola e a sa\u00fade das gestantes e nutrizes.<\/p>\n\n\n\n<ul class=\"wp-block-list\">\n<li><strong>Benef\u00edcio Primeira Inf\u00e2ncia:<\/strong>\u00a0R$ 150 mensais para crian\u00e7as de at\u00e9 6 anos.<\/li>\n\n\n\n<li><strong>Benef\u00edcio Vari\u00e1vel Familiar:<\/strong>\u00a0R$ 50 mensais para cada crian\u00e7a ou adolescente entre 7 e 18 anos e para gestantes cadastradas.<\/li>\n\n\n\n<li><strong>Benef\u00edcio Vari\u00e1vel Nutriz:<\/strong>\u00a0R$ 50 mensais por beb\u00ea de at\u00e9 seis meses.<\/li>\n<\/ul>\n\n\n\n<p>A m\u00e9dia de valores recebidos por fam\u00edlia gira em torno de R$ 674, podendo ser maior para fam\u00edlias numerosas ou em situa\u00e7\u00e3o de extrema vulnerabilidade.<\/p>\n\n\n\n<figure class=\"wp-block-image size-large\"><img decoding=\"async\" width=\"1024\" height=\"576\" src=\"https:\/\/www.correiobraziliense.com.br\/cbradar\/wp-content\/uploads\/2025\/02\/Bolsa-Familia-2-1024x576.png\" alt=\"Bolsa Fam\u00edlia antecipa pagamentos, veja novas datas\" class=\"wp-image-6909\" srcset=\"https:\/\/www.correiobraziliense.com.br\/cbradar\/wp-content\/uploads\/2025\/02\/Bolsa-Familia-2-1024x576.png 1024w, https:\/\/www.correiobraziliense.com.br\/cbradar\/wp-content\/uploads\/2025\/02\/Bolsa-Familia-2-300x169.png 300w, https:\/\/www.correiobraziliense.com.br\/cbradar\/wp-content\/uploads\/2025\/02\/Bolsa-Familia-2-768x432.png 768w, https:\/\/www.correiobraziliense.com.br\/cbradar\/wp-content\/uploads\/2025\/02\/Bolsa-Familia-2-750x422.png 750w, https:\/\/www.correiobraziliense.com.br\/cbradar\/wp-content\/uploads\/2025\/02\/Bolsa-Familia-2-1140x641.png 1140w, https:\/\/www.correiobraziliense.com.br\/cbradar\/wp-content\/uploads\/2025\/02\/Bolsa-Familia-2.png 1280w\" sizes=\"(max-width: 1024px) 100vw, 1024px\" \/><figcaption class=\"wp-element-caption\">Bolsa Fam\u00edlia. Fonte: Lyon Santos, MDS \/ Ag\u00eancia Brasil<\/figcaption><\/figure>\n\n\n\n<h2 class=\"wp-block-heading\"><strong>Como ser\u00e1 o calend\u00e1rio de pagamento do Bolsa Fam\u00edlia em mar\u00e7o de 2025?<\/strong><\/h2>\n\n\n\n<p>O pagamento seguir\u00e1 o escalonamento tradicional baseado no \u00faltimo d\u00edgito do NIS, garantindo que os repasses sejam distribu\u00eddos de forma ordenada. Isso evita sobrecarga nos sistemas banc\u00e1rios e aglomera\u00e7\u00f5es nos dias de saque.<\/p>\n\n\n\n<ol class=\"wp-block-list\">\n<li>NIS final 1 \u2013 18 de mar\u00e7o<\/li>\n\n\n\n<li>NIS final 2 \u2013 19 de mar\u00e7o<\/li>\n\n\n\n<li>NIS final 3 \u2013 20 de mar\u00e7o<\/li>\n\n\n\n<li>NIS final 4 \u2013 21 de mar\u00e7o<\/li>\n\n\n\n<li>NIS final 5 \u2013 24 de mar\u00e7o<\/li>\n\n\n\n<li>NIS final 6 \u2013 25 de mar\u00e7o<\/li>\n\n\n\n<li>NIS final 7 \u2013 26 de mar\u00e7o<\/li>\n\n\n\n<li>NIS final 8 \u2013 27 de mar\u00e7o<\/li>\n\n\n\n<li>NIS final 9 \u2013 28 de mar\u00e7o<\/li>\n\n\n\n<li>NIS final 0 \u2013 31 de mar\u00e7o<\/li>\n<\/ol>\n\n\n\n<p>Os benefici\u00e1rios podem consultar as datas e valores nos aplicativos Bolsa Fam\u00edlia e Caixa Tem. Os saques podem ser realizados em ag\u00eancias da Caixa Econ\u00f4mica Federal, casas lot\u00e9ricas e terminais de autoatendimento.<\/p>\n\n\n\n<h2 class=\"wp-block-heading\"><strong>Quais s\u00e3o as regras para perman\u00eancia no Bolsa Fam\u00edlia?<\/strong><\/h2>\n\n\n\n<p>Os benefici\u00e1rios precisam cumprir algumas exig\u00eancias para garantir a continuidade do pagamento do benef\u00edcio. Essas contrapartidas t\u00eam o objetivo de promover o acesso a servi\u00e7os essenciais e incentivar a melhoria das condi\u00e7\u00f5es de vida das fam\u00edlias atendidas.<\/p>\n\n\n\n<ul class=\"wp-block-list\">\n<li><strong>Frequ\u00eancia escolar:<\/strong>\u00a0Crian\u00e7as e adolescentes de 6 a 15 anos devem manter uma frequ\u00eancia m\u00ednima de 85% nas aulas. Jovens de 16 e 17 anos precisam ter ao menos 75% de presen\u00e7a escolar.<\/li>\n\n\n\n<li><strong>Vacina\u00e7\u00e3o:<\/strong>\u00a0A carteira de vacina\u00e7\u00e3o das crian\u00e7as e adolescentes deve estar sempre atualizada.<\/li>\n\n\n\n<li><strong>Acompanhamento pr\u00e9-natal:<\/strong>\u00a0Gestantes cadastradas precisam comparecer regularmente \u00e0s consultas m\u00e9dicas no sistema p\u00fablico de sa\u00fade.<\/li>\n\n\n\n<li><strong>Monitoramento infantil:<\/strong>\u00a0Crian\u00e7as menores de 7 anos devem ser acompanhadas por programas de crescimento e desenvolvimento.<\/li>\n<\/ul>\n\n\n\n<p>O descumprimento dessas exig\u00eancias pode levar ao bloqueio ou suspens\u00e3o do pagamento do benef\u00edcio.<\/p>\n\n\n\n<h2 class=\"wp-block-heading\"><strong>Impacto do Bolsa Fam\u00edlia na economia e sociedade brasileira<\/strong><\/h2>\n\n\n\n<p>Desde sua cria\u00e7\u00e3o em 2003, o Bolsa Fam\u00edlia tem sido uma das principais pol\u00edticas p\u00fablicas de combate \u00e0 pobreza no Brasil. Em 2025, o governo federal estima destinar cerca de R$ 166,3 bilh\u00f5es ao programa, garantindo assist\u00eancia para mais de 20,5 milh\u00f5es de fam\u00edlias em todo o pa\u00eds.<\/p>\n\n\n\n<p>Estudos indicam que aproximadamente 90% dos valores recebidos pelos benefici\u00e1rios s\u00e3o utilizados para alimenta\u00e7\u00e3o, fortalecendo a seguran\u00e7a alimentar de milh\u00f5es de brasileiros. Al\u00e9m disso, o programa impacta diretamente a economia local, estimulando o com\u00e9rcio e gerando empregos, especialmente nas regi\u00f5es mais carentes do pa\u00eds.<\/p>\n","protected":false},"excerpt":{"rendered":"<p>Veja as novas datas de pagamento do Bolsa Fam\u00edlia, que sofrer\u00e1 altera\u00e7\u00f5es para o pr\u00f3ximo m\u00eas. Confira detalhes!<\/p>\n","protected":false},"author":3,"featured_media":6907,"comment_status":"open","ping_status":"open","sticky":false,"template":"","format":"standard","meta":{"_yoast_wpseo_focuskw":"Bolsa Fam\u00edlia","_yoast_wpseo_title":"%%title%%","_yoast_wpseo_metadesc":"Veja as novas datas de pagamento do Bolsa Fam\u00edlia, que sofrer\u00e1 altera\u00e7\u00f5es para o pr\u00f3ximo m\u00eas. Confira detalhes!","jnews-multi-image_gallery":[],"jnews_single_post":{"format":"standard"},"jnews_primary_category":[],"jnews_social_meta":[],"jnews_override_counter":[],"footnotes":""},"categories":[112],"post_tag":[130],"class_list":["post-6905","post","type-post","status-publish","format-standard","has-post-thumbnail","hentry","category-curiosidades","tag-bolsa-familia"],"yoast_head":"<!-- This site is optimized with the Yoast SEO plugin v24.6 - https:\/\/yoast.com\/wordpress\/plugins\/seo\/ -->\n<title>Bolsa Fam\u00edlia antecipa pagamentos, veja novas as datas de mar\u00e7o<\/title>\n<meta name=\"description\" content=\"Veja as novas datas de pagamento do Bolsa Fam\u00edlia, que sofrer\u00e1 altera\u00e7\u00f5es para o pr\u00f3ximo m\u00eas. Confira detalhes!\" \/>\n<meta name=\"robots\" content=\"index, follow, max-snippet:-1, max-image-preview:large, max-video-preview:-1\" \/>\n<link rel=\"canonical\" href=\"https:\/\/www.correiobraziliense.com.br\/cbradar\/bolsa-familia-antecipa-pagamentos-veja-novas-datas\/\" \/>\n<meta property=\"og:locale\" content=\"pt_BR\" \/>\n<meta property=\"og:type\" content=\"article\" \/>\n<meta property=\"og:title\" content=\"Bolsa Fam\u00edlia antecipa pagamentos, veja novas as datas de mar\u00e7o\" \/>\n<meta property=\"og:description\" content=\"Veja as novas datas de pagamento do Bolsa Fam\u00edlia, que sofrer\u00e1 altera\u00e7\u00f5es para o pr\u00f3ximo m\u00eas. Confira detalhes!\" \/>\n<meta property=\"og:url\" content=\"https:\/\/www.correiobraziliense.com.br\/cbradar\/bolsa-familia-antecipa-pagamentos-veja-novas-datas\/\" \/>\n<meta property=\"og:site_name\" content=\"Correio Braziliense - Radar\" \/>\n<meta property=\"article:published_time\" content=\"2025-03-01T01:10:00+00:00\" \/>\n<meta property=\"og:image\" content=\"https:\/\/www.correiobraziliense.com.br\/cbradar\/wp-content\/uploads\/2025\/02\/Bolsa-Familia.png\" \/>\n\t<meta property=\"og:image:width\" content=\"1280\" \/>\n\t<meta property=\"og:image:height\" content=\"720\" \/>\n\t<meta property=\"og:image:type\" content=\"image\/png\" \/>\n<meta name=\"author\" content=\"Larissa Carvalho\" \/>\n<meta name=\"twitter:card\" content=\"summary_large_image\" \/>\n<meta name=\"twitter:label1\" content=\"Escrito por\" \/>\n\t<meta name=\"twitter:data1\" content=\"Larissa Carvalho\" \/>\n\t<meta name=\"twitter:label2\" content=\"Est. tempo de leitura\" \/>\n\t<meta name=\"twitter:data2\" content=\"4 minutos\" \/>\n<!-- \/ Yoast SEO plugin. -->","yoast_head_json":{"title":"Bolsa Fam\u00edlia antecipa pagamentos, veja novas as datas de mar\u00e7o","description":"Veja as novas datas de pagamento do Bolsa Fam\u00edlia, que sofrer\u00e1 altera\u00e7\u00f5es para o pr\u00f3ximo m\u00eas. Confira detalhes!","robots":{"index":"index","follow":"follow","max-snippet":"max-snippet:-1","max-image-preview":"max-image-preview:large","max-video-preview":"max-video-preview:-1"},"canonical":"https:\/\/www.correiobraziliense.com.br\/cbradar\/bolsa-familia-antecipa-pagamentos-veja-novas-datas\/","og_locale":"pt_BR","og_type":"article","og_title":"Bolsa Fam\u00edlia antecipa pagamentos, veja novas as datas de mar\u00e7o","og_description":"Veja as novas datas de pagamento do Bolsa Fam\u00edlia, que sofrer\u00e1 altera\u00e7\u00f5es para o pr\u00f3ximo m\u00eas. Confira detalhes!","og_url":"https:\/\/www.correiobraziliense.com.br\/cbradar\/bolsa-familia-antecipa-pagamentos-veja-novas-datas\/","og_site_name":"Correio Braziliense - Radar","article_published_time":"2025-03-01T01:10:00+00:00","og_image":[{"width":1280,"height":720,"url":"https:\/\/www.correiobraziliense.com.br\/cbradar\/wp-content\/uploads\/2025\/02\/Bolsa-Familia.png","type":"image\/png"}],"author":"Larissa Carvalho","twitter_card":"summary_large_image","twitter_misc":{"Escrito por":"Larissa Carvalho","Est. tempo de leitura":"4 minutos"},"schema":{"@context":"https:\/\/schema.org","@graph":[{"@type":"WebPage","@id":"https:\/\/www.correiobraziliense.com.br\/cbradar\/bolsa-familia-antecipa-pagamentos-veja-novas-datas\/","url":"https:\/\/www.correiobraziliense.com.br\/cbradar\/bolsa-familia-antecipa-pagamentos-veja-novas-datas\/","name":"Bolsa Fam\u00edlia antecipa pagamentos, veja novas as datas de mar\u00e7o","isPartOf":{"@id":"https:\/\/www.correiobraziliense.com.br\/cbradar\/#website"},"primaryImageOfPage":{"@id":"https:\/\/www.correiobraziliense.com.br\/cbradar\/bolsa-familia-antecipa-pagamentos-veja-novas-datas\/#primaryimage"},"image":{"@id":"https:\/\/www.correiobraziliense.com.br\/cbradar\/bolsa-familia-antecipa-pagamentos-veja-novas-datas\/#primaryimage"},"thumbnailUrl":"https:\/\/www.correiobraziliense.com.br\/cbradar\/wp-content\/uploads\/2025\/02\/Bolsa-Familia.png","datePublished":"2025-03-01T01:10:00+00:00","author":{"@id":"https:\/\/www.correiobraziliense.com.br\/cbradar\/#\/schema\/person\/58422787644df994b53a19d3e56c1513"},"description":"Veja as novas datas de pagamento do Bolsa Fam\u00edlia, que sofrer\u00e1 altera\u00e7\u00f5es para o pr\u00f3ximo m\u00eas. Confira detalhes!","breadcrumb":{"@id":"https:\/\/www.correiobraziliense.com.br\/cbradar\/bolsa-familia-antecipa-pagamentos-veja-novas-datas\/#breadcrumb"},"inLanguage":"pt-BR","potentialAction":[{"@type":"ReadAction","target":["https:\/\/www.correiobraziliense.com.br\/cbradar\/bolsa-familia-antecipa-pagamentos-veja-novas-datas\/"]}]},{"@type":"ImageObject","inLanguage":"pt-BR","@id":"https:\/\/www.correiobraziliense.com.br\/cbradar\/bolsa-familia-antecipa-pagamentos-veja-novas-datas\/#primaryimage","url":"https:\/\/www.correiobraziliense.com.br\/cbradar\/wp-content\/uploads\/2025\/02\/Bolsa-Familia.png","contentUrl":"https:\/\/www.correiobraziliense.com.br\/cbradar\/wp-content\/uploads\/2025\/02\/Bolsa-Familia.png","width":1280,"height":720,"caption":"Bolsa Fam\u00edlia. Fonte: Lyon Santos, MDS \/ Ag\u00eancia Brasil"},{"@type":"BreadcrumbList","@id":"https:\/\/www.correiobraziliense.com.br\/cbradar\/bolsa-familia-antecipa-pagamentos-veja-novas-datas\/#breadcrumb","itemListElement":[{"@type":"ListItem","position":1,"name":"In\u00edcio","item":"https:\/\/www.correiobraziliense.com.br\/cbradar\/"},{"@type":"ListItem","position":2,"name":"Bolsa Fam\u00edlia antecipa pagamentos, veja novas as datas de mar\u00e7o"}]},{"@type":"WebSite","@id":"https:\/\/www.correiobraziliense.com.br\/cbradar\/#website","url":"https:\/\/www.correiobraziliense.com.br\/cbradar\/","name":"Correio Braziliense - Radar","description":"Acompanhe as \u00faltimas not\u00edcias e fique bem informado sobre tudo o que acontece no Brasil e no mundo.","potentialAction":[{"@type":"SearchAction","target":{"@type":"EntryPoint","urlTemplate":"https:\/\/www.correiobraziliense.com.br\/cbradar\/?s={search_term_string}"},"query-input":{"@type":"PropertyValueSpecification","valueRequired":true,"valueName":"search_term_string"}}],"inLanguage":"pt-BR"},{"@type":"Person","@id":"https:\/\/www.correiobraziliense.com.br\/cbradar\/#\/schema\/person\/58422787644df994b53a19d3e56c1513","name":"Larissa Carvalho","image":{"@type":"ImageObject","inLanguage":"pt-BR","@id":"https:\/\/www.correiobraziliense.com.br\/cbradar\/#\/schema\/person\/image\/","url":"https:\/\/secure.gravatar.com\/avatar\/fe4f91a0de32b52a838d0d612abdc1aa?s=96&d=mm&r=g","contentUrl":"https:\/\/secure.gravatar.com\/avatar\/fe4f91a0de32b52a838d0d612abdc1aa?s=96&d=mm&r=g","caption":"Larissa Carvalho"},"url":"https:\/\/www.correiobraziliense.com.br\/cbradar\/author\/larissamyth\/"}]}},"_links":{"self":[{"href":"https:\/\/www.correiobraziliense.com.br\/cbradar\/wp-json\/wp\/v2\/posts\/6905","targetHints":{"allow":["GET"]}}],"collection":[{"href":"https:\/\/www.correiobraziliense.com.br\/cbradar\/wp-json\/wp\/v2\/posts"}],"about":[{"href":"https:\/\/www.correiobraziliense.com.br\/cbradar\/wp-json\/wp\/v2\/types\/post"}],"author":[{"embeddable":true,"href":"https:\/\/www.correiobraziliense.com.br\/cbradar\/wp-json\/wp\/v2\/users\/3"}],"replies":[{"embeddable":true,"href":"https:\/\/www.correiobraziliense.com.br\/cbradar\/wp-json\/wp\/v2\/comments?post=6905"}],"version-history":[{"count":2,"href":"https:\/\/www.correiobraziliense.com.br\/cbradar\/wp-json\/wp\/v2\/posts\/6905\/revisions"}],"predecessor-version":[{"id":7434,"href":"https:\/\/www.correiobraziliense.com.br\/cbradar\/wp-json\/wp\/v2\/posts\/6905\/revisions\/7434"}],"wp:featuredmedia":[{"embeddable":true,"href":"https:\/\/www.correiobraziliense.com.br\/cbradar\/wp-json\/wp\/v2\/media\/6907"}],"wp:attachment":[{"href":"https:\/\/www.correiobraziliense.com.br\/cbradar\/wp-json\/wp\/v2\/media?parent=6905"}],"wp:term":[{"taxonomy":"category","embeddable":true,"href":"https:\/\/www.correiobraziliense.com.br\/cbradar\/wp-json\/wp\/v2\/categories?post=6905"},{"taxonomy":"post_tag","embeddable":true,"href":"https:\/\/www.correiobraziliense.com.br\/cbradar\/wp-json\/wp\/v2\/post_tag?post=6905"}],"curies":[{"name":"wp","href":"https:\/\/api.w.org\/{rel}","templated":true}]}}