{"id":6906,"date":"2025-02-28T15:30:00","date_gmt":"2025-02-28T18:30:00","guid":{"rendered":"https:\/\/www.correiobraziliense.com.br\/cbradar\/?p=6906"},"modified":"2025-02-28T02:29:08","modified_gmt":"2025-02-28T05:29:08","slug":"se-voce-gostou-de-dia-zero-na-netflix-essas-series-sao-para-voce","status":"publish","type":"post","link":"https:\/\/www.correiobraziliense.com.br\/cbradar\/se-voce-gostou-de-dia-zero-na-netflix-essas-series-sao-para-voce\/","title":{"rendered":"Se voc\u00ea gostou de &#8216;Dia Zero&#8217; na Netflix, essas s\u00e9ries s\u00e3o para voc\u00ea"},"content":{"rendered":"\n<p>Com o lan\u00e7amento da miniss\u00e9rie\u00a0<strong><a href=\"https:\/\/www.correiobraziliense.com.br\/cbradar\/dia-zero-robert-de-niro-estreia-na-netflix\/\" target=\"_blank\" rel=\"noreferrer noopener\">Dia Zero<\/a><\/strong>\u00a0na <strong><a href=\"https:\/\/www.netflix.com\/br\/\" target=\"_blank\" rel=\"noreferrer noopener\">Netflix<\/a><\/strong>, muitos espectadores est\u00e3o em busca de produ\u00e7\u00f5es similares que ofere\u00e7am uma experi\u00eancia envolvente e cheia de suspense. A plataforma de streaming, conhecida por seu vasto cat\u00e1logo, n\u00e3o decepciona quando se trata de s\u00e9ries de mist\u00e9rio e thrillers pol\u00edticos. A seguir, exploramos algumas das produ\u00e7\u00f5es que prometem capturar a aten\u00e7\u00e3o de quem gostou de\u00a0<em><strong>Dia Zero<\/strong><\/em>.<\/p>\n\n\n\n<p>Essas s\u00e9ries, al\u00e9m de entreter, tamb\u00e9m desafiam o espectador a desvendar intrigas complexas e acompanhar personagens em situa\u00e7\u00f5es de alta tens\u00e3o. Vamos conhecer algumas dessas hist\u00f3rias que prometem prender a aten\u00e7\u00e3o do p\u00fablico.<\/p>\n\n\n\n<h2 class=\"wp-block-heading\"><strong>Quais s\u00e3o as s\u00e9ries recomendadas para f\u00e3s de Dia Zero?<\/strong><\/h2>\n\n\n\n<p>A <strong>Netflix <\/strong>oferece uma variedade de s\u00e9ries que compartilham elementos de mist\u00e9rio e intriga pol\u00edtica semelhantes aos de&nbsp;<strong>Dia Zero<\/strong>. Abaixo, listamos seis produ\u00e7\u00f5es que merecem destaque:<\/p>\n\n\n\n<figure class=\"wp-block-image size-large\"><img decoding=\"async\" width=\"1024\" height=\"576\" src=\"https:\/\/www.correiobraziliense.com.br\/cbradar\/wp-content\/uploads\/2025\/02\/netflix_1740681491205-1024x576.jpg\" alt=\"Se voc\u00ea gostou de 'Dia Zero' na Netflix, essas s\u00e9ries s\u00e3o para voc\u00ea\" class=\"wp-image-6920\" srcset=\"https:\/\/www.correiobraziliense.com.br\/cbradar\/wp-content\/uploads\/2025\/02\/netflix_1740681491205-1024x576.jpg 1024w, https:\/\/www.correiobraziliense.com.br\/cbradar\/wp-content\/uploads\/2025\/02\/netflix_1740681491205-300x169.jpg 300w, https:\/\/www.correiobraziliense.com.br\/cbradar\/wp-content\/uploads\/2025\/02\/netflix_1740681491205-768x432.jpg 768w, https:\/\/www.correiobraziliense.com.br\/cbradar\/wp-content\/uploads\/2025\/02\/netflix_1740681491205-750x422.jpg 750w, https:\/\/www.correiobraziliense.com.br\/cbradar\/wp-content\/uploads\/2025\/02\/netflix_1740681491205-1140x641.jpg 1140w, https:\/\/www.correiobraziliense.com.br\/cbradar\/wp-content\/uploads\/2025\/02\/netflix_1740681491205.jpg 1280w\" sizes=\"(max-width: 1024px) 100vw, 1024px\" \/><figcaption class=\"wp-element-caption\">Netflix\nCr\u00e9ditos: depositphotos.com \/ burdun<\/figcaption><\/figure>\n\n\n\n<h2 class=\"wp-block-heading\"><strong>A Diplomata<\/strong><\/h2>\n\n\n\n<p><strong>A Diplomata<\/strong>&nbsp;segue a hist\u00f3ria de <strong>Kate Wyler<\/strong>, uma diplomata que enfrenta uma crise pol\u00edtica de grandes propor\u00e7\u00f5es. A s\u00e9rie explora os desafios pessoais e profissionais de <strong>Kate<\/strong>, enquanto ela tenta equilibrar sua carreira com as complexidades de seu casamento. A trama destaca como decis\u00f5es pol\u00edticas podem ter repercuss\u00f5es globais, afetando n\u00e3o apenas na\u00e7\u00f5es, mas tamb\u00e9m rela\u00e7\u00f5es pessoais.<\/p>\n\n\n\n<h2 class=\"wp-block-heading\"><strong>Anatomia de um Esc\u00e2ndalo<\/strong><\/h2>\n\n\n\n<p>Baseada no livro de <strong>Sarah Vaughan<\/strong>,&nbsp;<strong>Anatomia de um Esc\u00e2ndalo<\/strong>&nbsp;mergulha nos esc\u00e2ndalos que abalam a elite brit\u00e2nica. A s\u00e9rie acompanha <strong>Sophie Whitehouse<\/strong>, cuja vida perfeita \u00e9 destru\u00edda quando seu marido, <strong>James<\/strong>, \u00e9 acusado de um crime terr\u00edvel. A narrativa se desenrola em um jogo de poder e justi\u00e7a, onde <strong>Sophie <\/strong>luta para proteger sua fam\u00edlia enquanto descobre verdades perturbadoras.<\/p>\n\n\n\n<h2 class=\"wp-block-heading\"><strong>Designated Survivor<\/strong><\/h2>\n\n\n\n<p>Em&nbsp;<strong>Designated Survivor<\/strong>, <strong>Tom Kirkman<\/strong>, um funcion\u00e1rio p\u00fablico de baixo escal\u00e3o, \u00e9 inesperadamente nomeado presidente dos <strong>Estados Unidos<\/strong> ap\u00f3s um ataque devastador. A s\u00e9rie explora a luta de <strong>Kirkman <\/strong>para liderar uma na\u00e7\u00e3o em crise, enquanto enfrenta conspira\u00e7\u00f5es e amea\u00e7as \u00e0 sua seguran\u00e7a e \u00e0 de sua fam\u00edlia. A trama \u00e9 um emocionante thriller pol\u00edtico que mant\u00e9m o espectador na ponta da cadeira.<\/p>\n\n\n\n<h2 class=\"wp-block-heading\"><strong>O Agente Noturno<\/strong><\/h2>\n\n\n\n<p><strong>O Agente Noturno<\/strong>&nbsp;segue <strong>Peter Sutherland<\/strong>, um agente do <strong>FBI <\/strong>que se v\u00ea envolvido em uma conspira\u00e7\u00e3o que amea\u00e7a a seguran\u00e7a nacional. Trabalhando em uma linha telef\u00f4nica de emerg\u00eancias na <strong>Casa Branca<\/strong>, <strong>Peter <\/strong>\u00e9 lan\u00e7ado em uma trama de espionagem e a\u00e7\u00e3o quando finalmente recebe uma liga\u00e7\u00e3o crucial. A s\u00e9rie combina suspense e a\u00e7\u00e3o, oferecendo uma vis\u00e3o intrigante do mundo da espionagem.<\/p>\n\n\n\n<h2 class=\"wp-block-heading\"><strong>Trai\u00e7\u00e3o<\/strong><\/h2>\n\n\n\n<p>Na miniss\u00e9rie&nbsp;<strong>Trai\u00e7\u00e3o<\/strong>, <strong>Adam Lawrence<\/strong>, um jovem l\u00edder do <strong>MI6<\/strong>, enfrenta desafios internos e externos ap\u00f3s uma tentativa de assassinato contra seu chefe. A s\u00e9rie explora as complexidades da espionagem internacional e as consequ\u00eancias pessoais para <strong>Adam<\/strong>, cuja lealdade \u00e9 constantemente questionada. Com um enredo cheio de reviravoltas,&nbsp;<strong><em>Trai\u00e7\u00e3o<\/em>&nbsp;<\/strong>\u00e9 uma escolha perfeita para os f\u00e3s de intrigas pol\u00edticas.<\/p>\n\n\n\n<h2 class=\"wp-block-heading\"><strong>Por que essas s\u00e9ries s\u00e3o imperd\u00edveis?<\/strong><\/h2>\n\n\n\n<p>Essas s\u00e9ries oferecem mais do que apenas entretenimento; elas proporcionam uma reflex\u00e3o sobre o poder, a justi\u00e7a e as complexidades das rela\u00e7\u00f5es humanas em cen\u00e1rios de alta tens\u00e3o. Com enredos bem elaborados e personagens complexos, cada uma dessas produ\u00e7\u00f5es garante uma experi\u00eancia envolvente e memor\u00e1vel para os espectadores.<\/p>\n\n\n\n<p>Para aqueles que buscam mergulhar em hist\u00f3rias de mist\u00e9rio e intriga pol\u00edtica, a <strong>Netflix <\/strong>oferece um cat\u00e1logo robusto que promete satisfazer at\u00e9 os espectadores mais exigentes. Explore essas s\u00e9ries e descubra novos mundos de suspense e emo\u00e7\u00e3o.<\/p>\n","protected":false},"excerpt":{"rendered":"<p>Um guia de s\u00e9ries de mist\u00e9rio e thriller pol\u00edtico dispon\u00edveis na Netflix em 2025, para todos aqueles que gostaram de &#8216;Dia Zero&#8217;. <\/p>\n","protected":false},"author":3,"featured_media":6918,"comment_status":"open","ping_status":"open","sticky":false,"template":"","format":"standard","meta":{"_yoast_wpseo_focuskw":"netflix","_yoast_wpseo_title":"%%title%%","_yoast_wpseo_metadesc":"Um guia de s\u00e9ries de mist\u00e9rio e thriller pol\u00edtico dispon\u00edveis na Netflix em 2025, para todos aqueles que gostaram de 'Dia Zero'.","jnews-multi-image_gallery":[],"jnews_single_post":{"format":"standard"},"jnews_primary_category":[],"jnews_social_meta":[],"jnews_override_counter":[],"footnotes":""},"categories":[1],"post_tag":[1267,141],"class_list":["post-6906","post","type-post","status-publish","format-standard","has-post-thumbnail","hentry","category-uncategorized","tag-dia-zero","tag-netflix"],"yoast_head":"<!-- This site is optimized with the Yoast SEO plugin v24.6 - https:\/\/yoast.com\/wordpress\/plugins\/seo\/ -->\n<title>Se voc\u00ea gostou de &#039;Dia Zero&#039; na Netflix, essas s\u00e9ries s\u00e3o para voc\u00ea<\/title>\n<meta name=\"description\" content=\"Um guia de s\u00e9ries de mist\u00e9rio e thriller pol\u00edtico dispon\u00edveis na Netflix em 2025, para todos aqueles que gostaram de &#039;Dia Zero&#039;.\" \/>\n<meta name=\"robots\" content=\"index, follow, max-snippet:-1, max-image-preview:large, max-video-preview:-1\" \/>\n<link rel=\"canonical\" href=\"https:\/\/www.correiobraziliense.com.br\/cbradar\/se-voce-gostou-de-dia-zero-na-netflix-essas-series-sao-para-voce\/\" \/>\n<meta property=\"og:locale\" content=\"pt_BR\" \/>\n<meta property=\"og:type\" content=\"article\" \/>\n<meta property=\"og:title\" content=\"Se voc\u00ea gostou de &#039;Dia Zero&#039; na Netflix, essas s\u00e9ries s\u00e3o para voc\u00ea\" \/>\n<meta property=\"og:description\" content=\"Um guia de s\u00e9ries de mist\u00e9rio e thriller pol\u00edtico dispon\u00edveis na Netflix em 2025, para todos aqueles que gostaram de &#039;Dia Zero&#039;.\" \/>\n<meta property=\"og:url\" content=\"https:\/\/www.correiobraziliense.com.br\/cbradar\/se-voce-gostou-de-dia-zero-na-netflix-essas-series-sao-para-voce\/\" \/>\n<meta property=\"og:site_name\" content=\"Correio Braziliense - Radar\" \/>\n<meta property=\"article:published_time\" content=\"2025-02-28T18:30:00+00:00\" \/>\n<meta property=\"og:image\" content=\"https:\/\/www.correiobraziliense.com.br\/cbradar\/wp-content\/uploads\/2025\/02\/netflix_1740681383095.jpg\" \/>\n\t<meta property=\"og:image:width\" content=\"1280\" \/>\n\t<meta property=\"og:image:height\" content=\"720\" \/>\n\t<meta property=\"og:image:type\" content=\"image\/jpeg\" \/>\n<meta name=\"author\" content=\"Larissa Carvalho\" \/>\n<meta name=\"twitter:card\" content=\"summary_large_image\" \/>\n<meta name=\"twitter:label1\" content=\"Escrito por\" \/>\n\t<meta name=\"twitter:data1\" content=\"Larissa Carvalho\" \/>\n\t<meta name=\"twitter:label2\" content=\"Est. tempo de leitura\" \/>\n\t<meta name=\"twitter:data2\" content=\"4 minutos\" \/>\n<!-- \/ Yoast SEO plugin. -->","yoast_head_json":{"title":"Se voc\u00ea gostou de 'Dia Zero' na Netflix, essas s\u00e9ries s\u00e3o para voc\u00ea","description":"Um guia de s\u00e9ries de mist\u00e9rio e thriller pol\u00edtico dispon\u00edveis na Netflix em 2025, para todos aqueles que gostaram de 'Dia Zero'.","robots":{"index":"index","follow":"follow","max-snippet":"max-snippet:-1","max-image-preview":"max-image-preview:large","max-video-preview":"max-video-preview:-1"},"canonical":"https:\/\/www.correiobraziliense.com.br\/cbradar\/se-voce-gostou-de-dia-zero-na-netflix-essas-series-sao-para-voce\/","og_locale":"pt_BR","og_type":"article","og_title":"Se voc\u00ea gostou de 'Dia Zero' na Netflix, essas s\u00e9ries s\u00e3o para voc\u00ea","og_description":"Um guia de s\u00e9ries de mist\u00e9rio e thriller pol\u00edtico dispon\u00edveis na Netflix em 2025, para todos aqueles que gostaram de 'Dia Zero'.","og_url":"https:\/\/www.correiobraziliense.com.br\/cbradar\/se-voce-gostou-de-dia-zero-na-netflix-essas-series-sao-para-voce\/","og_site_name":"Correio Braziliense - Radar","article_published_time":"2025-02-28T18:30:00+00:00","og_image":[{"width":1280,"height":720,"url":"https:\/\/www.correiobraziliense.com.br\/cbradar\/wp-content\/uploads\/2025\/02\/netflix_1740681383095.jpg","type":"image\/jpeg"}],"author":"Larissa Carvalho","twitter_card":"summary_large_image","twitter_misc":{"Escrito por":"Larissa Carvalho","Est. tempo de leitura":"4 minutos"},"schema":{"@context":"https:\/\/schema.org","@graph":[{"@type":"WebPage","@id":"https:\/\/www.correiobraziliense.com.br\/cbradar\/se-voce-gostou-de-dia-zero-na-netflix-essas-series-sao-para-voce\/","url":"https:\/\/www.correiobraziliense.com.br\/cbradar\/se-voce-gostou-de-dia-zero-na-netflix-essas-series-sao-para-voce\/","name":"Se voc\u00ea gostou de 'Dia Zero' na Netflix, essas s\u00e9ries s\u00e3o para voc\u00ea","isPartOf":{"@id":"https:\/\/www.correiobraziliense.com.br\/cbradar\/#website"},"primaryImageOfPage":{"@id":"https:\/\/www.correiobraziliense.com.br\/cbradar\/se-voce-gostou-de-dia-zero-na-netflix-essas-series-sao-para-voce\/#primaryimage"},"image":{"@id":"https:\/\/www.correiobraziliense.com.br\/cbradar\/se-voce-gostou-de-dia-zero-na-netflix-essas-series-sao-para-voce\/#primaryimage"},"thumbnailUrl":"https:\/\/www.correiobraziliense.com.br\/cbradar\/wp-content\/uploads\/2025\/02\/netflix_1740681383095.jpg","datePublished":"2025-02-28T18:30:00+00:00","author":{"@id":"https:\/\/www.correiobraziliense.com.br\/cbradar\/#\/schema\/person\/58422787644df994b53a19d3e56c1513"},"description":"Um guia de s\u00e9ries de mist\u00e9rio e thriller pol\u00edtico dispon\u00edveis na Netflix em 2025, para todos aqueles que gostaram de 'Dia Zero'.","breadcrumb":{"@id":"https:\/\/www.correiobraziliense.com.br\/cbradar\/se-voce-gostou-de-dia-zero-na-netflix-essas-series-sao-para-voce\/#breadcrumb"},"inLanguage":"pt-BR","potentialAction":[{"@type":"ReadAction","target":["https:\/\/www.correiobraziliense.com.br\/cbradar\/se-voce-gostou-de-dia-zero-na-netflix-essas-series-sao-para-voce\/"]}]},{"@type":"ImageObject","inLanguage":"pt-BR","@id":"https:\/\/www.correiobraziliense.com.br\/cbradar\/se-voce-gostou-de-dia-zero-na-netflix-essas-series-sao-para-voce\/#primaryimage","url":"https:\/\/www.correiobraziliense.com.br\/cbradar\/wp-content\/uploads\/2025\/02\/netflix_1740681383095.jpg","contentUrl":"https:\/\/www.correiobraziliense.com.br\/cbradar\/wp-content\/uploads\/2025\/02\/netflix_1740681383095.jpg","width":1280,"height":720,"caption":"Netflix. Cr\u00e9ditos: depositphotos.com \/ sharafmaksumov"},{"@type":"BreadcrumbList","@id":"https:\/\/www.correiobraziliense.com.br\/cbradar\/se-voce-gostou-de-dia-zero-na-netflix-essas-series-sao-para-voce\/#breadcrumb","itemListElement":[{"@type":"ListItem","position":1,"name":"In\u00edcio","item":"https:\/\/www.correiobraziliense.com.br\/cbradar\/"},{"@type":"ListItem","position":2,"name":"Se voc\u00ea gostou de &#8216;Dia Zero&#8217; na Netflix, essas s\u00e9ries s\u00e3o para voc\u00ea"}]},{"@type":"WebSite","@id":"https:\/\/www.correiobraziliense.com.br\/cbradar\/#website","url":"https:\/\/www.correiobraziliense.com.br\/cbradar\/","name":"Correio Braziliense - Radar","description":"Acompanhe as \u00faltimas not\u00edcias e fique bem informado sobre tudo o que acontece no Brasil e no mundo.","potentialAction":[{"@type":"SearchAction","target":{"@type":"EntryPoint","urlTemplate":"https:\/\/www.correiobraziliense.com.br\/cbradar\/?s={search_term_string}"},"query-input":{"@type":"PropertyValueSpecification","valueRequired":true,"valueName":"search_term_string"}}],"inLanguage":"pt-BR"},{"@type":"Person","@id":"https:\/\/www.correiobraziliense.com.br\/cbradar\/#\/schema\/person\/58422787644df994b53a19d3e56c1513","name":"Larissa Carvalho","image":{"@type":"ImageObject","inLanguage":"pt-BR","@id":"https:\/\/www.correiobraziliense.com.br\/cbradar\/#\/schema\/person\/image\/","url":"https:\/\/secure.gravatar.com\/avatar\/fe4f91a0de32b52a838d0d612abdc1aa?s=96&d=mm&r=g","contentUrl":"https:\/\/secure.gravatar.com\/avatar\/fe4f91a0de32b52a838d0d612abdc1aa?s=96&d=mm&r=g","caption":"Larissa Carvalho"},"url":"https:\/\/www.correiobraziliense.com.br\/cbradar\/author\/larissamyth\/"}]}},"_links":{"self":[{"href":"https:\/\/www.correiobraziliense.com.br\/cbradar\/wp-json\/wp\/v2\/posts\/6906","targetHints":{"allow":["GET"]}}],"collection":[{"href":"https:\/\/www.correiobraziliense.com.br\/cbradar\/wp-json\/wp\/v2\/posts"}],"about":[{"href":"https:\/\/www.correiobraziliense.com.br\/cbradar\/wp-json\/wp\/v2\/types\/post"}],"author":[{"embeddable":true,"href":"https:\/\/www.correiobraziliense.com.br\/cbradar\/wp-json\/wp\/v2\/users\/3"}],"replies":[{"embeddable":true,"href":"https:\/\/www.correiobraziliense.com.br\/cbradar\/wp-json\/wp\/v2\/comments?post=6906"}],"version-history":[{"count":2,"href":"https:\/\/www.correiobraziliense.com.br\/cbradar\/wp-json\/wp\/v2\/posts\/6906\/revisions"}],"predecessor-version":[{"id":7071,"href":"https:\/\/www.correiobraziliense.com.br\/cbradar\/wp-json\/wp\/v2\/posts\/6906\/revisions\/7071"}],"wp:featuredmedia":[{"embeddable":true,"href":"https:\/\/www.correiobraziliense.com.br\/cbradar\/wp-json\/wp\/v2\/media\/6918"}],"wp:attachment":[{"href":"https:\/\/www.correiobraziliense.com.br\/cbradar\/wp-json\/wp\/v2\/media?parent=6906"}],"wp:term":[{"taxonomy":"category","embeddable":true,"href":"https:\/\/www.correiobraziliense.com.br\/cbradar\/wp-json\/wp\/v2\/categories?post=6906"},{"taxonomy":"post_tag","embeddable":true,"href":"https:\/\/www.correiobraziliense.com.br\/cbradar\/wp-json\/wp\/v2\/post_tag?post=6906"}],"curies":[{"name":"wp","href":"https:\/\/api.w.org\/{rel}","templated":true}]}}