{"id":69206,"date":"2025-07-14T11:13:00","date_gmt":"2025-07-14T14:13:00","guid":{"rendered":"https:\/\/www.correiobraziliense.com.br\/cbradar\/?p=69206"},"modified":"2025-07-13T07:48:03","modified_gmt":"2025-07-13T10:48:03","slug":"por-que-esquecemos-das-coisas-com-facilidade","status":"publish","type":"post","link":"https:\/\/www.correiobraziliense.com.br\/cbradar\/por-que-esquecemos-das-coisas-com-facilidade\/","title":{"rendered":"Por que esquecemos das coisas com facilidade?"},"content":{"rendered":"\n<p><strong><a href=\"https:\/\/pt.wikipedia.org\/wiki\/Mem%C3%B3ria\" target=\"_blank\" rel=\"noreferrer noopener\">Esquecer <\/a><\/strong>o nome de algu\u00e9m ou onde deixou as chaves \u00e9 algo que todos enfrentamos, mas j\u00e1 parou para pensar por que isso acontece? A<strong><a href=\"https:\/\/www.correiobraziliense.com.br\/cbradar\/como-o-cafe-pode-ajudar-na-sua-memoria-de-curto-prazo\/\" target=\"_blank\" rel=\"noreferrer noopener\"> mem\u00f3ria humana<\/a><\/strong> \u00e9 fascinante, cheia de mist\u00e9rios que a ci\u00eancia vem desvendando. Neste artigo, exploramos <strong>por que esquecemos<\/strong>, mergulhando nas descobertas da neuroci\u00eancia e da psicologia, al\u00e9m de oferecer dicas pr\u00e1ticas para fortalecer sua mem\u00f3ria e tornar seu c\u00e9rebro mais afiado.<\/p>\n\n\n\n<h2 class=\"wp-block-heading\">O que faz o c\u00e9rebro esquecer?<\/h2>\n\n\n\n<p><strong>Esquecemos porque o c\u00e9rebro prioriza informa\u00e7\u00f5es relevantes e descarta o que parece desnecess\u00e1rio.<\/strong> A mem\u00f3ria funciona como um filtro: o hipocampo, uma \u00e1rea do c\u00e9rebro, decide o que armazenar com base na import\u00e2ncia emocional ou frequ\u00eancia de uso. Segundo estudos da <em>Harvard University<\/em>, o esquecimento \u00e9 um processo natural que ajuda a evitar a sobrecarga cognitiva, permitindo que o c\u00e9rebro se concentre em dados \u00fateis.<\/p>\n\n\n\n<p>Outro fator \u00e9 a interfer\u00eancia, quando novas informa\u00e7\u00f5es atrapalham a recupera\u00e7\u00e3o de mem\u00f3rias antigas. Por exemplo, aprender um novo idioma pode fazer voc\u00ea confundir palavras de l\u00ednguas que j\u00e1 sabe. Esse mecanismo, embora frustrante, \u00e9 uma forma de o c\u00e9rebro se adaptar a novos contextos, mantendo a efici\u00eancia.<\/p>\n\n\n<div class=\"wp-block-image\">\n<figure class=\"aligncenter size-large\"><img decoding=\"async\" width=\"1024\" height=\"576\" src=\"https:\/\/www.correiobraziliense.com.br\/cbradar\/wp-content\/uploads\/2025\/04\/esquecer_1744588525499-1024x576.jpg\" alt=\"Como se chama a palavra de quando a gente esquece uma palavra?\" class=\"wp-image-23088\" srcset=\"https:\/\/www.correiobraziliense.com.br\/cbradar\/wp-content\/uploads\/2025\/04\/esquecer_1744588525499-1024x576.jpg 1024w, https:\/\/www.correiobraziliense.com.br\/cbradar\/wp-content\/uploads\/2025\/04\/esquecer_1744588525499-300x169.jpg 300w, https:\/\/www.correiobraziliense.com.br\/cbradar\/wp-content\/uploads\/2025\/04\/esquecer_1744588525499-768x432.jpg 768w, https:\/\/www.correiobraziliense.com.br\/cbradar\/wp-content\/uploads\/2025\/04\/esquecer_1744588525499-750x422.jpg 750w, https:\/\/www.correiobraziliense.com.br\/cbradar\/wp-content\/uploads\/2025\/04\/esquecer_1744588525499-1140x641.jpg 1140w, https:\/\/www.correiobraziliense.com.br\/cbradar\/wp-content\/uploads\/2025\/04\/esquecer_1744588525499.jpg 1280w\" sizes=\"(max-width: 1024px) 100vw, 1024px\" \/><figcaption class=\"wp-element-caption\">Esquecer \/\/ Cr\u00e9ditos: depositphotos.com \/ Krakenimages.com<\/figcaption><\/figure><\/div>\n\n\n<h2 class=\"wp-block-heading\">Como o estresse afeta a mem\u00f3ria?<\/h2>\n\n\n\n<p><strong>O estresse cr\u00f4nico prejudica a mem\u00f3ria ao afetar o hipocampo.<\/strong> Altos n\u00edveis de cortisol, o horm\u00f4nio do estresse, podem reduzir a capacidade do c\u00e9rebro de formar novas mem\u00f3rias ou recuperar antigas. Pesquisas da <em>Nature Reviews Neuroscience<\/em> mostram que o estresse prolongado encolhe sinapses no hipocampo, dificultando o aprendizado e a reten\u00e7\u00e3o de informa\u00e7\u00f5es.<\/p>\n\n\n\n<p>Por outro lado, o estresse leve, como a press\u00e3o antes de uma prova, pode melhorar o foco temporariamente. A chave \u00e9 o equil\u00edbrio: gerenciar o estresse com t\u00e9cnicas como medita\u00e7\u00e3o ou exerc\u00edcios f\u00edsicos ajuda a proteger a mem\u00f3ria e manter o c\u00e9rebro saud\u00e1vel.<\/p>\n\n\n\n<h2 class=\"wp-block-heading\">Por que esquecemos coisas importantes?<\/h2>\n\n\n\n<p><strong>Esquecemos coisas importantes devido \u00e0 falta de aten\u00e7\u00e3o ou codifica\u00e7\u00e3o inadequada.<\/strong> Para uma mem\u00f3ria ser armazenada, precisamos prestar aten\u00e7\u00e3o no momento em que a informa\u00e7\u00e3o \u00e9 recebida. Estudos da <em>University College London<\/em> mostram que distra\u00e7\u00f5es, como checar o celular, impedem a consolida\u00e7\u00e3o da mem\u00f3ria. Isso explica por que voc\u00ea pode esquecer o nome de algu\u00e9m logo ap\u00f3s conhec\u00ea-lo.<\/p>\n\n\n\n<p>Al\u00e9m disso, mem\u00f3rias emocionalmente neutras, como onde estacionou o carro, s\u00e3o mais propensas ao esquecimento do que eventos marcantes, como um primeiro beijo. O c\u00e9rebro prioriza o que tem impacto emocional, deixando informa\u00e7\u00f5es rotineiras em segundo plano.<\/p>\n\n\n\n<h2 class=\"wp-block-heading\">Como melhorar a mem\u00f3ria com a ci\u00eancia?<\/h2>\n\n\n\n<p><strong>Melhorar a mem\u00f3ria envolve t\u00e9cnicas baseadas na neuroci\u00eancia, como repeti\u00e7\u00e3o espa\u00e7ada e associa\u00e7\u00f5es.<\/strong> A repeti\u00e7\u00e3o espa\u00e7ada, estudada por psic\u00f3logos como <strong>Hermann Ebbinghaus<\/strong>, refor\u00e7a mem\u00f3rias ao revisitar informa\u00e7\u00f5es em intervalos crescentes. Aplicativos como <em>Anki<\/em> utilizam esse m\u00e9todo para ajudar no aprendizado de idiomas ou mat\u00e9rias complexas.<\/p>\n\n\n\n<p>Outra estrat\u00e9gia \u00e9 criar associa\u00e7\u00f5es v\u00edvidas, como visualizar uma hist\u00f3ria para lembrar uma lista. Al\u00e9m disso, sono de qualidade \u00e9 essencial: durante o sono, o c\u00e9rebro consolida mem\u00f3rias, como mostram estudos da <em>National Sleep Foundation<\/em>. Dormir bem antes de um exame pode fazer toda a diferen\u00e7a.<\/p>\n\n\n\n<h2 class=\"wp-block-heading\">Quais s\u00e3o os benef\u00edcios de treinar a mem\u00f3ria?<\/h2>\n\n\n\n<p><strong>Treinar a mem\u00f3ria melhora a qualidade de vida e a produtividade.<\/strong> Um c\u00e9rebro mais afiado facilita o aprendizado, aumenta a confian\u00e7a e pode at\u00e9 retardar o decl\u00ednio cognitivo relacionado \u00e0 idade. Jogos de mem\u00f3ria, como palavras cruzadas ou aplicativos como <em>Lumosity<\/em>, estimulam a plasticidade cerebral, criando novas conex\u00f5es neurais.<\/p>\n\n\n\n<p>Al\u00e9m disso, uma mem\u00f3ria forte fortalece relacionamentos. Lembrar detalhes sobre amigos ou colegas cria la\u00e7os mais profundos. Com pr\u00e1tica e h\u00e1bitos saud\u00e1veis, como alimenta\u00e7\u00e3o rica em \u00f4mega-3 e exerc\u00edcios, voc\u00ea pode transformar sua mem\u00f3ria em uma aliada poderosa.<\/p>\n","protected":false},"excerpt":{"rendered":"<p>Esquecer o nome de algu\u00e9m ou onde deixou as chaves \u00e9 algo que todos enfrentamos, mas j\u00e1 parou para pensar por que isso acontece? A mem\u00f3ria humana \u00e9 fascinante, cheia de mist\u00e9rios que a ci\u00eancia vem desvendando. Neste artigo, exploramos por que esquecemos, mergulhando nas descobertas da neuroci\u00eancia e da psicologia, al\u00e9m de oferecer dicas [&hellip;]<\/p>\n","protected":false},"author":8,"featured_media":23087,"comment_status":"open","ping_status":"open","sticky":false,"template":"","format":"standard","meta":{"_yoast_wpseo_focuskw":"esquecemos","_yoast_wpseo_title":"","_yoast_wpseo_metadesc":"Voc\u00ea esquece nomes, datas ou tarefas? A ci\u00eancia explica por que esquecemos e como melhorar a mem\u00f3ria com dicas simples.","jnews-multi-image_gallery":[],"jnews_single_post":{"format":"standard"},"jnews_primary_category":[],"jnews_social_meta":[],"jnews_override_counter":[],"footnotes":""},"categories":[112],"tags":[8138,3273,8137],"class_list":["post-69206","post","type-post","status-publish","format-standard","has-post-thumbnail","hentry","category-curiosidades","tag-como-melhorar-a-memoria","tag-esquecer","tag-memoria-ruim"],"yoast_head":"<!-- This site is optimized with the Yoast SEO plugin v24.6 - https:\/\/yoast.com\/wordpress\/plugins\/seo\/ -->\n<title>Por que esquecemos das coisas com facilidade? - Correio Braziliense - Radar<\/title>\n<meta name=\"description\" content=\"Voc\u00ea esquece nomes, datas ou tarefas? A ci\u00eancia explica por que esquecemos e como melhorar a mem\u00f3ria com dicas simples.\" \/>\n<meta name=\"robots\" content=\"index, follow, max-snippet:-1, max-image-preview:large, max-video-preview:-1\" \/>\n<link rel=\"canonical\" href=\"https:\/\/www.correiobraziliense.com.br\/cbradar\/por-que-esquecemos-das-coisas-com-facilidade\/\" \/>\n<meta property=\"og:locale\" content=\"pt_BR\" \/>\n<meta property=\"og:type\" content=\"article\" \/>\n<meta property=\"og:title\" content=\"Por que esquecemos das coisas com facilidade? - Correio Braziliense - Radar\" \/>\n<meta property=\"og:description\" content=\"Voc\u00ea esquece nomes, datas ou tarefas? A ci\u00eancia explica por que esquecemos e como melhorar a mem\u00f3ria com dicas simples.\" \/>\n<meta property=\"og:url\" content=\"https:\/\/www.correiobraziliense.com.br\/cbradar\/por-que-esquecemos-das-coisas-com-facilidade\/\" \/>\n<meta property=\"og:site_name\" content=\"Correio Braziliense - Radar\" \/>\n<meta property=\"article:published_time\" content=\"2025-07-14T14:13:00+00:00\" \/>\n<meta property=\"og:image\" content=\"https:\/\/www.correiobraziliense.com.br\/cbradar\/wp-content\/uploads\/2025\/04\/esquecer_1744588538590.jpg\" \/>\n\t<meta property=\"og:image:width\" content=\"1280\" \/>\n\t<meta property=\"og:image:height\" content=\"720\" \/>\n\t<meta property=\"og:image:type\" content=\"image\/jpeg\" \/>\n<meta name=\"author\" content=\"Maura Pereira\" \/>\n<meta name=\"twitter:card\" content=\"summary_large_image\" \/>\n<meta name=\"twitter:label1\" content=\"Escrito por\" \/>\n\t<meta name=\"twitter:data1\" content=\"Maura Pereira\" \/>\n\t<meta name=\"twitter:label2\" content=\"Est. tempo de leitura\" \/>\n\t<meta name=\"twitter:data2\" content=\"4 minutos\" \/>\n<!-- \/ Yoast SEO plugin. -->","yoast_head_json":{"title":"Por que esquecemos das coisas com facilidade? - Correio Braziliense - Radar","description":"Voc\u00ea esquece nomes, datas ou tarefas? A ci\u00eancia explica por que esquecemos e como melhorar a mem\u00f3ria com dicas simples.","robots":{"index":"index","follow":"follow","max-snippet":"max-snippet:-1","max-image-preview":"max-image-preview:large","max-video-preview":"max-video-preview:-1"},"canonical":"https:\/\/www.correiobraziliense.com.br\/cbradar\/por-que-esquecemos-das-coisas-com-facilidade\/","og_locale":"pt_BR","og_type":"article","og_title":"Por que esquecemos das coisas com facilidade? - Correio Braziliense - Radar","og_description":"Voc\u00ea esquece nomes, datas ou tarefas? A ci\u00eancia explica por que esquecemos e como melhorar a mem\u00f3ria com dicas simples.","og_url":"https:\/\/www.correiobraziliense.com.br\/cbradar\/por-que-esquecemos-das-coisas-com-facilidade\/","og_site_name":"Correio Braziliense - Radar","article_published_time":"2025-07-14T14:13:00+00:00","og_image":[{"width":1280,"height":720,"url":"https:\/\/www.correiobraziliense.com.br\/cbradar\/wp-content\/uploads\/2025\/04\/esquecer_1744588538590.jpg","type":"image\/jpeg"}],"author":"Maura Pereira","twitter_card":"summary_large_image","twitter_misc":{"Escrito por":"Maura Pereira","Est. tempo de leitura":"4 minutos"},"schema":{"@context":"https:\/\/schema.org","@graph":[{"@type":"WebPage","@id":"https:\/\/www.correiobraziliense.com.br\/cbradar\/por-que-esquecemos-das-coisas-com-facilidade\/","url":"https:\/\/www.correiobraziliense.com.br\/cbradar\/por-que-esquecemos-das-coisas-com-facilidade\/","name":"Por que esquecemos das coisas com facilidade? - Correio Braziliense - Radar","isPartOf":{"@id":"https:\/\/www.correiobraziliense.com.br\/cbradar\/#website"},"primaryImageOfPage":{"@id":"https:\/\/www.correiobraziliense.com.br\/cbradar\/por-que-esquecemos-das-coisas-com-facilidade\/#primaryimage"},"image":{"@id":"https:\/\/www.correiobraziliense.com.br\/cbradar\/por-que-esquecemos-das-coisas-com-facilidade\/#primaryimage"},"thumbnailUrl":"https:\/\/www.correiobraziliense.com.br\/cbradar\/wp-content\/uploads\/2025\/04\/esquecer_1744588538590.jpg","datePublished":"2025-07-14T14:13:00+00:00","author":{"@id":"https:\/\/www.correiobraziliense.com.br\/cbradar\/#\/schema\/person\/4053c651a9bfc785afc6f4cbc9032fd3"},"description":"Voc\u00ea esquece nomes, datas ou tarefas? A ci\u00eancia explica por que esquecemos e como melhorar a mem\u00f3ria com dicas simples.","breadcrumb":{"@id":"https:\/\/www.correiobraziliense.com.br\/cbradar\/por-que-esquecemos-das-coisas-com-facilidade\/#breadcrumb"},"inLanguage":"pt-BR","potentialAction":[{"@type":"ReadAction","target":["https:\/\/www.correiobraziliense.com.br\/cbradar\/por-que-esquecemos-das-coisas-com-facilidade\/"]}]},{"@type":"ImageObject","inLanguage":"pt-BR","@id":"https:\/\/www.correiobraziliense.com.br\/cbradar\/por-que-esquecemos-das-coisas-com-facilidade\/#primaryimage","url":"https:\/\/www.correiobraziliense.com.br\/cbradar\/wp-content\/uploads\/2025\/04\/esquecer_1744588538590.jpg","contentUrl":"https:\/\/www.correiobraziliense.com.br\/cbradar\/wp-content\/uploads\/2025\/04\/esquecer_1744588538590.jpg","width":1280,"height":720,"caption":"Esquecer \/\/ Cr\u00e9ditos: depositphotos.com \/ Krakenimages.com"},{"@type":"BreadcrumbList","@id":"https:\/\/www.correiobraziliense.com.br\/cbradar\/por-que-esquecemos-das-coisas-com-facilidade\/#breadcrumb","itemListElement":[{"@type":"ListItem","position":1,"name":"In\u00edcio","item":"https:\/\/www.correiobraziliense.com.br\/cbradar\/"},{"@type":"ListItem","position":2,"name":"Por que esquecemos das coisas com facilidade?"}]},{"@type":"WebSite","@id":"https:\/\/www.correiobraziliense.com.br\/cbradar\/#website","url":"https:\/\/www.correiobraziliense.com.br\/cbradar\/","name":"Correio Braziliense - Radar","description":"Acompanhe as \u00faltimas not\u00edcias e fique bem informado sobre tudo o que acontece no Brasil e no mundo.","potentialAction":[{"@type":"SearchAction","target":{"@type":"EntryPoint","urlTemplate":"https:\/\/www.correiobraziliense.com.br\/cbradar\/?s={search_term_string}"},"query-input":{"@type":"PropertyValueSpecification","valueRequired":true,"valueName":"search_term_string"}}],"inLanguage":"pt-BR"},{"@type":"Person","@id":"https:\/\/www.correiobraziliense.com.br\/cbradar\/#\/schema\/person\/4053c651a9bfc785afc6f4cbc9032fd3","name":"Maura Pereira","image":{"@type":"ImageObject","inLanguage":"pt-BR","@id":"https:\/\/www.correiobraziliense.com.br\/cbradar\/#\/schema\/person\/image\/","url":"https:\/\/secure.gravatar.com\/avatar\/3effd6bdadfa447f15089c7f7144eaa6?s=96&d=mm&r=g","contentUrl":"https:\/\/secure.gravatar.com\/avatar\/3effd6bdadfa447f15089c7f7144eaa6?s=96&d=mm&r=g","caption":"Maura Pereira"},"sameAs":["https:\/\/www.correiobraziliense.com.br\/"],"url":"https:\/\/www.correiobraziliense.com.br\/cbradar\/author\/mauramyth\/"}]}},"_links":{"self":[{"href":"https:\/\/www.correiobraziliense.com.br\/cbradar\/wp-json\/wp\/v2\/posts\/69206","targetHints":{"allow":["GET"]}}],"collection":[{"href":"https:\/\/www.correiobraziliense.com.br\/cbradar\/wp-json\/wp\/v2\/posts"}],"about":[{"href":"https:\/\/www.correiobraziliense.com.br\/cbradar\/wp-json\/wp\/v2\/types\/post"}],"author":[{"embeddable":true,"href":"https:\/\/www.correiobraziliense.com.br\/cbradar\/wp-json\/wp\/v2\/users\/8"}],"replies":[{"embeddable":true,"href":"https:\/\/www.correiobraziliense.com.br\/cbradar\/wp-json\/wp\/v2\/comments?post=69206"}],"version-history":[{"count":8,"href":"https:\/\/www.correiobraziliense.com.br\/cbradar\/wp-json\/wp\/v2\/posts\/69206\/revisions"}],"predecessor-version":[{"id":69230,"href":"https:\/\/www.correiobraziliense.com.br\/cbradar\/wp-json\/wp\/v2\/posts\/69206\/revisions\/69230"}],"wp:featuredmedia":[{"embeddable":true,"href":"https:\/\/www.correiobraziliense.com.br\/cbradar\/wp-json\/wp\/v2\/media\/23087"}],"wp:attachment":[{"href":"https:\/\/www.correiobraziliense.com.br\/cbradar\/wp-json\/wp\/v2\/media?parent=69206"}],"wp:term":[{"taxonomy":"category","embeddable":true,"href":"https:\/\/www.correiobraziliense.com.br\/cbradar\/wp-json\/wp\/v2\/categories?post=69206"},{"taxonomy":"post_tag","embeddable":true,"href":"https:\/\/www.correiobraziliense.com.br\/cbradar\/wp-json\/wp\/v2\/tags?post=69206"}],"curies":[{"name":"wp","href":"https:\/\/api.w.org\/{rel}","templated":true}]}}