{"id":69207,"date":"2025-07-14T20:33:00","date_gmt":"2025-07-14T23:33:00","guid":{"rendered":"https:\/\/www.correiobraziliense.com.br\/cbradar\/?p=69207"},"modified":"2025-07-13T07:52:11","modified_gmt":"2025-07-13T10:52:11","slug":"os-7-mitos-mais-comuns-sobre-o-cerebro-humano-desmascarados-pela-ciencia","status":"publish","type":"post","link":"https:\/\/www.correiobraziliense.com.br\/cbradar\/os-7-mitos-mais-comuns-sobre-o-cerebro-humano-desmascarados-pela-ciencia\/","title":{"rendered":"Os 7 mitos mais comuns sobre o c\u00e9rebro humano desmascarados pela ci\u00eancia"},"content":{"rendered":"\n<p>O <strong><a href=\"https:\/\/pt.wikipedia.org\/wiki\/C%C3%A9rebro_humano\" target=\"_blank\" rel=\"noreferrer noopener\">c\u00e9rebro humano<\/a><\/strong> \u00e9 um dos \u00f3rg\u00e3os mais fascinantes do <strong><a href=\"https:\/\/www.correiobraziliense.com.br\/cbradar\/a-melhor-forma-de-manter-o-corpo-hidratado-alem-da-agua-pode-ser-realmente-surpreendente\/\" target=\"_blank\" rel=\"noreferrer noopener\">corpo<\/a><\/strong>, mas tamb\u00e9m est\u00e1 cercado de mitos que persistem na cultura popular. De ideias como &#8220;usamos apenas 10% do c\u00e9rebro&#8221; a cren\u00e7as sobre hemisf\u00e9rios cerebrais, essas concep\u00e7\u00f5es erradas podem distorcer nossa vis\u00e3o sobre como pensamos e aprendemos. Neste artigo, desmascaramos <strong>os sete mitos mais comuns sobre o c\u00e9rebro<\/strong>, com base na ci\u00eancia, para revelar a verdade por tr\u00e1s desse \u00f3rg\u00e3o incr\u00edvel e inspirar uma nova aprecia\u00e7\u00e3o por sua complexidade.<\/p>\n\n\n\n<h2 class=\"wp-block-heading\">1. Usamos apenas 10% do c\u00e9rebro?<\/h2>\n\n\n\n<p><strong>O mito de que usamos apenas 10% do c\u00e9rebro \u00e9 falso.<\/strong> Estudos de neuroimagem, como os conduzidos pela <em>University of Oxford<\/em>, mostram que todas as regi\u00f5es do c\u00e9rebro s\u00e3o ativas em diferentes momentos, mesmo durante tarefas simples. At\u00e9 quando estamos em repouso, o c\u00e9rebro consome cerca de 20% da energia do corpo, coordenando fun\u00e7\u00f5es como respira\u00e7\u00e3o, pensamentos e mem\u00f3rias.<\/p>\n\n\n\n<p>Esse mito provavelmente surgiu de interpreta\u00e7\u00f5es erradas de experimentos antigos, mas a ci\u00eancia moderna prova que o c\u00e9rebro \u00e9 altamente eficiente. Cada \u00e1rea tem uma fun\u00e7\u00e3o, e at\u00e9 les\u00f5es pequenas podem causar impactos significativos, mostrando que n\u00e3o h\u00e1 &#8220;espa\u00e7o ocioso&#8221; no c\u00e9rebro.<\/p>\n\n\n<div class=\"wp-block-image\">\n<figure class=\"aligncenter size-large\"><img decoding=\"async\" width=\"1024\" height=\"576\" src=\"https:\/\/www.correiobraziliense.com.br\/cbradar\/wp-content\/uploads\/2025\/03\/memory-brain_1741320704415-1024x576.jpg\" alt=\"O que destr\u00f3i sua mem\u00f3ria segundo os neurocientistas?\" class=\"wp-image-10046\" srcset=\"https:\/\/www.correiobraziliense.com.br\/cbradar\/wp-content\/uploads\/2025\/03\/memory-brain_1741320704415-1024x576.jpg 1024w, https:\/\/www.correiobraziliense.com.br\/cbradar\/wp-content\/uploads\/2025\/03\/memory-brain_1741320704415-300x169.jpg 300w, https:\/\/www.correiobraziliense.com.br\/cbradar\/wp-content\/uploads\/2025\/03\/memory-brain_1741320704415-768x432.jpg 768w, https:\/\/www.correiobraziliense.com.br\/cbradar\/wp-content\/uploads\/2025\/03\/memory-brain_1741320704415-750x422.jpg 750w, https:\/\/www.correiobraziliense.com.br\/cbradar\/wp-content\/uploads\/2025\/03\/memory-brain_1741320704415-1140x641.jpg 1140w, https:\/\/www.correiobraziliense.com.br\/cbradar\/wp-content\/uploads\/2025\/03\/memory-brain_1741320704415.jpg 1280w\" sizes=\"(max-width: 1024px) 100vw, 1024px\" \/><figcaption class=\"wp-element-caption\">C\u00e9rebro \/\/ Cr\u00e9ditos: depositphotos.com \/ cuteimage1<\/figcaption><\/figure><\/div>\n\n\n<h2 class=\"wp-block-heading\">2. O c\u00e9rebro esquerdo \u00e9 l\u00f3gico e o direito \u00e9 criativo?<\/h2>\n\n\n\n<p><strong>A ideia de que o c\u00e9rebro esquerdo \u00e9 l\u00f3gico e o direito \u00e9 criativo \u00e9 uma simplifica\u00e7\u00e3o enganosa.<\/strong> Embora os hemisf\u00e9rios cerebrais tenham fun\u00e7\u00f5es especializadas \u2014 como o esquerdo estar mais ligado \u00e0 linguagem e o direito \u00e0 percep\u00e7\u00e3o espacial \u2014, ambos trabalham juntos em quase todas as tarefas. Pesquisas da <em>Stanford University<\/em> mostram que criatividade e l\u00f3gica dependem de redes neurais distribu\u00eddas por todo o c\u00e9rebro.<\/p>\n\n\n\n<p>Essa vis\u00e3o integrada explica por que pessoas com danos em um hemisf\u00e9rio ainda podem ser criativas ou l\u00f3gicas. A colabora\u00e7\u00e3o entre os hemisf\u00e9rios, conectados pelo corpo caloso, \u00e9 essencial para o funcionamento cerebral, desbancando a dicotomia popular.<\/p>\n\n\n\n<h2 class=\"wp-block-heading\">3. O c\u00e9rebro para de crescer na idade adulta?<\/h2>\n\n\n\n<p><strong>O c\u00e9rebro n\u00e3o para de crescer na idade adulta, gra\u00e7as \u00e0 neuroplasticidade.<\/strong> At\u00e9 recentemente, acreditava-se que novos neur\u00f4nios n\u00e3o eram formados ap\u00f3s a inf\u00e2ncia, mas estudos da <em>Columbia University<\/em> confirmaram a neurog\u00eanese em adultos, especialmente no hipocampo. Isso significa que o c\u00e9rebro pode se adaptar, formar novas conex\u00f5es e at\u00e9 regenerar em resposta a aprendizado ou experi\u00eancias.<\/p>\n\n\n\n<p>A neuroplasticidade \u00e9 uma boa not\u00edcia: aprender novas habilidades, como tocar um instrumento ou falar um idioma, fortalece o c\u00e9rebro em qualquer idade. Atividades como exerc\u00edcios f\u00edsicos e medita\u00e7\u00e3o tamb\u00e9m promovem essa plasticidade, mantendo o c\u00e9rebro jovem.<\/p>\n\n\n\n<h2 class=\"wp-block-heading\">4. Multitarefa melhora a produtividade?<\/h2>\n\n\n\n<p><strong>Multitarefa n\u00e3o melhora a produtividade; na verdade, ela prejudica o desempenho.<\/strong> Estudos da <em>University of Sussex<\/em> mostram que alternar entre tarefas reduz a efici\u00eancia e aumenta erros, pois o c\u00e9rebro precisa &#8220;trocar de marcha&#8221; constantemente. O c\u00f3rtex pr\u00e9-frontal, respons\u00e1vel pela aten\u00e7\u00e3o, fica sobrecarregado, levando a fadiga mental.<\/p>\n\n\n\n<p>Focar em uma tarefa de cada vez, pr\u00e1tica chamada de <em>monotasking<\/em>, \u00e9 mais eficaz. T\u00e9cnicas como o m\u00e9todo Pomodoro, que prioriza per\u00edodos de concentra\u00e7\u00e3o, ajudam a maximizar a produtividade e proteger a sa\u00fade cerebral.<\/p>\n\n\n\n<h2 class=\"wp-block-heading\">5. \u00c1lcool mata neur\u00f4nios permanentemente?<\/h2>\n\n\n\n<p><strong>O \u00e1lcool n\u00e3o mata neur\u00f4nios permanentemente na maioria dos casos.<\/strong> Embora o consumo excessivo possa danificar sinapses e prejudicar o funcionamento cerebral, estudos da <em>National Institute on Alcohol Abuse and Alcoholism<\/em> mostram que o c\u00e9rebro pode se recuperar com a abstin\u00eancia. A neuroplasticidade permite a regenera\u00e7\u00e3o de conex\u00f5es neurais, especialmente em casos de uso moderado.<\/p>\n\n\n\n<p>No entanto, o abuso cr\u00f4nico de \u00e1lcool pode causar danos duradouros, como a s\u00edndrome de Korsakoff. Moderar o consumo e adotar h\u00e1bitos saud\u00e1veis, como uma dieta rica em antioxidantes, protege o c\u00e9rebro a longo prazo.<\/p>\n\n\n\n<h2 class=\"wp-block-heading\">6. Mem\u00f3ria \u00e9 como uma filmadora?<\/h2>\n\n\n\n<p><strong>A mem\u00f3ria n\u00e3o funciona como uma filmadora; ela \u00e9 reconstru\u00edda e sujeita a erros.<\/strong> Diferentemente de um v\u00eddeo, as mem\u00f3rias s\u00e3o recriadas toda vez que as acessamos, o que pode introduzir distor\u00e7\u00f5es. Pesquisas da <em>Northwestern University<\/em> mostram que mem\u00f3rias podem ser alteradas por emo\u00e7\u00f5es ou novas informa\u00e7\u00f5es, levando a falsos recuerdos.<\/p>\n\n\n\n<p>Essa plasticidade da mem\u00f3ria tem um lado positivo: permite que o c\u00e9rebro se adapte a novos contextos. T\u00e9cnicas como manter di\u00e1rios ou revisar fatos ajudam a preservar mem\u00f3rias com maior precis\u00e3o.<\/p>\n\n\n\n<h2 class=\"wp-block-heading\">7. O c\u00e9rebro humano \u00e9 o maior de todos?<\/h2>\n\n\n\n<p><strong>O c\u00e9rebro humano n\u00e3o \u00e9 o maior, mas \u00e9 o mais complexo em propor\u00e7\u00e3o ao corpo.<\/strong> O c\u00e9rebro de uma baleia cachalote, por exemplo, pesa at\u00e9 9 kg, enquanto o humano m\u00e9dio tem 1,4 kg. No entanto, o c\u00e9rebro humano tem uma densidade neural \u00fanica e um c\u00f3rtex altamente desenvolvido, segundo estudos da <em>Max Planck Institute<\/em>. Isso nos permite realizar tarefas complexas, como resolver problemas e criar arte.<\/p>\n\n\n\n<p>Essa complexidade \u00e9 o que nos torna \u00fanicos. Aproveitar o potencial do c\u00e9rebro com aprendizado cont\u00ednuo e est\u00edmulos variados \u00e9 a chave para desbloquear suas capacidades incr\u00edveis.<\/p>\n","protected":false},"excerpt":{"rendered":"<p>O c\u00e9rebro humano \u00e9 um dos \u00f3rg\u00e3os mais fascinantes do corpo, mas tamb\u00e9m est\u00e1 cercado de mitos que persistem na cultura popular. De ideias como &#8220;usamos apenas 10% do c\u00e9rebro&#8221; a cren\u00e7as sobre hemisf\u00e9rios cerebrais, essas concep\u00e7\u00f5es erradas podem distorcer nossa vis\u00e3o sobre como pensamos e aprendemos. Neste artigo, desmascaramos os sete mitos mais comuns [&hellip;]<\/p>\n","protected":false},"author":8,"featured_media":3082,"comment_status":"open","ping_status":"open","sticky":false,"template":"","format":"standard","meta":{"_yoast_wpseo_focuskw":"c\u00e9rebro humano","_yoast_wpseo_title":"","_yoast_wpseo_metadesc":"O c\u00e9rebro humano \u00e9 cercado por mitos. Descubra o que a ci\u00eancia revela sobre 7 ideias erradas que muita gente ainda acredita.","jnews-multi-image_gallery":[],"jnews_single_post":{"format":"standard"},"jnews_primary_category":[],"jnews_social_meta":[],"jnews_override_counter":[],"footnotes":""},"categories":[112],"post_tag":[7823,736,7372],"class_list":["post-69207","post","type-post","status-publish","format-standard","has-post-thumbnail","hentry","category-curiosidades","tag-cerebro-humano","tag-ciencia","tag-mitos-e-verdades"],"yoast_head":"<!-- This site is optimized with the Yoast SEO plugin v24.6 - https:\/\/yoast.com\/wordpress\/plugins\/seo\/ -->\n<title>Os 7 mitos mais comuns sobre o c\u00e9rebro humano desmascarados pela ci\u00eancia - Correio Braziliense - Radar<\/title>\n<meta name=\"description\" content=\"O c\u00e9rebro humano \u00e9 cercado por mitos. Descubra o que a ci\u00eancia revela sobre 7 ideias erradas que muita gente ainda acredita.\" \/>\n<meta name=\"robots\" content=\"index, follow, max-snippet:-1, max-image-preview:large, max-video-preview:-1\" \/>\n<link rel=\"canonical\" href=\"https:\/\/www.correiobraziliense.com.br\/cbradar\/os-7-mitos-mais-comuns-sobre-o-cerebro-humano-desmascarados-pela-ciencia\/\" \/>\n<meta property=\"og:locale\" content=\"pt_BR\" \/>\n<meta property=\"og:type\" content=\"article\" \/>\n<meta property=\"og:title\" content=\"Os 7 mitos mais comuns sobre o c\u00e9rebro humano desmascarados pela ci\u00eancia - Correio Braziliense - Radar\" \/>\n<meta property=\"og:description\" content=\"O c\u00e9rebro humano \u00e9 cercado por mitos. Descubra o que a ci\u00eancia revela sobre 7 ideias erradas que muita gente ainda acredita.\" \/>\n<meta property=\"og:url\" content=\"https:\/\/www.correiobraziliense.com.br\/cbradar\/os-7-mitos-mais-comuns-sobre-o-cerebro-humano-desmascarados-pela-ciencia\/\" \/>\n<meta property=\"og:site_name\" content=\"Correio Braziliense - Radar\" \/>\n<meta property=\"article:published_time\" content=\"2025-07-14T23:33:00+00:00\" \/>\n<meta property=\"og:image\" content=\"https:\/\/www.correiobraziliense.com.br\/cbradar\/wp-content\/uploads\/2025\/02\/cerebro_1739580292471.jpg\" \/>\n\t<meta property=\"og:image:width\" content=\"1280\" \/>\n\t<meta property=\"og:image:height\" content=\"720\" \/>\n\t<meta property=\"og:image:type\" content=\"image\/jpeg\" \/>\n<meta name=\"author\" content=\"Maura Pereira\" \/>\n<meta name=\"twitter:card\" content=\"summary_large_image\" \/>\n<meta name=\"twitter:label1\" content=\"Escrito por\" \/>\n\t<meta name=\"twitter:data1\" content=\"Maura Pereira\" \/>\n\t<meta name=\"twitter:label2\" content=\"Est. tempo de leitura\" \/>\n\t<meta name=\"twitter:data2\" content=\"5 minutos\" \/>\n<!-- \/ Yoast SEO plugin. -->","yoast_head_json":{"title":"Os 7 mitos mais comuns sobre o c\u00e9rebro humano desmascarados pela ci\u00eancia - Correio Braziliense - Radar","description":"O c\u00e9rebro humano \u00e9 cercado por mitos. Descubra o que a ci\u00eancia revela sobre 7 ideias erradas que muita gente ainda acredita.","robots":{"index":"index","follow":"follow","max-snippet":"max-snippet:-1","max-image-preview":"max-image-preview:large","max-video-preview":"max-video-preview:-1"},"canonical":"https:\/\/www.correiobraziliense.com.br\/cbradar\/os-7-mitos-mais-comuns-sobre-o-cerebro-humano-desmascarados-pela-ciencia\/","og_locale":"pt_BR","og_type":"article","og_title":"Os 7 mitos mais comuns sobre o c\u00e9rebro humano desmascarados pela ci\u00eancia - Correio Braziliense - Radar","og_description":"O c\u00e9rebro humano \u00e9 cercado por mitos. Descubra o que a ci\u00eancia revela sobre 7 ideias erradas que muita gente ainda acredita.","og_url":"https:\/\/www.correiobraziliense.com.br\/cbradar\/os-7-mitos-mais-comuns-sobre-o-cerebro-humano-desmascarados-pela-ciencia\/","og_site_name":"Correio Braziliense - Radar","article_published_time":"2025-07-14T23:33:00+00:00","og_image":[{"width":1280,"height":720,"url":"https:\/\/www.correiobraziliense.com.br\/cbradar\/wp-content\/uploads\/2025\/02\/cerebro_1739580292471.jpg","type":"image\/jpeg"}],"author":"Maura Pereira","twitter_card":"summary_large_image","twitter_misc":{"Escrito por":"Maura Pereira","Est. tempo de leitura":"5 minutos"},"schema":{"@context":"https:\/\/schema.org","@graph":[{"@type":"WebPage","@id":"https:\/\/www.correiobraziliense.com.br\/cbradar\/os-7-mitos-mais-comuns-sobre-o-cerebro-humano-desmascarados-pela-ciencia\/","url":"https:\/\/www.correiobraziliense.com.br\/cbradar\/os-7-mitos-mais-comuns-sobre-o-cerebro-humano-desmascarados-pela-ciencia\/","name":"Os 7 mitos mais comuns sobre o c\u00e9rebro humano desmascarados pela ci\u00eancia - Correio Braziliense - Radar","isPartOf":{"@id":"https:\/\/www.correiobraziliense.com.br\/cbradar\/#website"},"primaryImageOfPage":{"@id":"https:\/\/www.correiobraziliense.com.br\/cbradar\/os-7-mitos-mais-comuns-sobre-o-cerebro-humano-desmascarados-pela-ciencia\/#primaryimage"},"image":{"@id":"https:\/\/www.correiobraziliense.com.br\/cbradar\/os-7-mitos-mais-comuns-sobre-o-cerebro-humano-desmascarados-pela-ciencia\/#primaryimage"},"thumbnailUrl":"https:\/\/www.correiobraziliense.com.br\/cbradar\/wp-content\/uploads\/2025\/02\/cerebro_1739580292471.jpg","datePublished":"2025-07-14T23:33:00+00:00","author":{"@id":"https:\/\/www.correiobraziliense.com.br\/cbradar\/#\/schema\/person\/4053c651a9bfc785afc6f4cbc9032fd3"},"description":"O c\u00e9rebro humano \u00e9 cercado por mitos. Descubra o que a ci\u00eancia revela sobre 7 ideias erradas que muita gente ainda acredita.","breadcrumb":{"@id":"https:\/\/www.correiobraziliense.com.br\/cbradar\/os-7-mitos-mais-comuns-sobre-o-cerebro-humano-desmascarados-pela-ciencia\/#breadcrumb"},"inLanguage":"pt-BR","potentialAction":[{"@type":"ReadAction","target":["https:\/\/www.correiobraziliense.com.br\/cbradar\/os-7-mitos-mais-comuns-sobre-o-cerebro-humano-desmascarados-pela-ciencia\/"]}]},{"@type":"ImageObject","inLanguage":"pt-BR","@id":"https:\/\/www.correiobraziliense.com.br\/cbradar\/os-7-mitos-mais-comuns-sobre-o-cerebro-humano-desmascarados-pela-ciencia\/#primaryimage","url":"https:\/\/www.correiobraziliense.com.br\/cbradar\/wp-content\/uploads\/2025\/02\/cerebro_1739580292471.jpg","contentUrl":"https:\/\/www.correiobraziliense.com.br\/cbradar\/wp-content\/uploads\/2025\/02\/cerebro_1739580292471.jpg","width":1280,"height":720,"caption":"O c\u00e9rebro \u00e9 o centro de controle do corpo humano, respons\u00e1vel por pensamentos, emo\u00e7\u00f5es e movimentos. \/\/ Cr\u00e9ditos: depositphotos.com \/ nicunickie1"},{"@type":"BreadcrumbList","@id":"https:\/\/www.correiobraziliense.com.br\/cbradar\/os-7-mitos-mais-comuns-sobre-o-cerebro-humano-desmascarados-pela-ciencia\/#breadcrumb","itemListElement":[{"@type":"ListItem","position":1,"name":"In\u00edcio","item":"https:\/\/www.correiobraziliense.com.br\/cbradar\/"},{"@type":"ListItem","position":2,"name":"Os 7 mitos mais comuns sobre o c\u00e9rebro humano desmascarados pela ci\u00eancia"}]},{"@type":"WebSite","@id":"https:\/\/www.correiobraziliense.com.br\/cbradar\/#website","url":"https:\/\/www.correiobraziliense.com.br\/cbradar\/","name":"Correio Braziliense - Radar","description":"Acompanhe as \u00faltimas not\u00edcias e fique bem informado sobre tudo o que acontece no Brasil e no mundo.","potentialAction":[{"@type":"SearchAction","target":{"@type":"EntryPoint","urlTemplate":"https:\/\/www.correiobraziliense.com.br\/cbradar\/?s={search_term_string}"},"query-input":{"@type":"PropertyValueSpecification","valueRequired":true,"valueName":"search_term_string"}}],"inLanguage":"pt-BR"},{"@type":"Person","@id":"https:\/\/www.correiobraziliense.com.br\/cbradar\/#\/schema\/person\/4053c651a9bfc785afc6f4cbc9032fd3","name":"Maura Pereira","image":{"@type":"ImageObject","inLanguage":"pt-BR","@id":"https:\/\/www.correiobraziliense.com.br\/cbradar\/#\/schema\/person\/image\/","url":"https:\/\/secure.gravatar.com\/avatar\/3effd6bdadfa447f15089c7f7144eaa6?s=96&d=mm&r=g","contentUrl":"https:\/\/secure.gravatar.com\/avatar\/3effd6bdadfa447f15089c7f7144eaa6?s=96&d=mm&r=g","caption":"Maura Pereira"},"sameAs":["https:\/\/www.correiobraziliense.com.br\/"],"url":"https:\/\/www.correiobraziliense.com.br\/cbradar\/author\/mauramyth\/"}]}},"_links":{"self":[{"href":"https:\/\/www.correiobraziliense.com.br\/cbradar\/wp-json\/wp\/v2\/posts\/69207","targetHints":{"allow":["GET"]}}],"collection":[{"href":"https:\/\/www.correiobraziliense.com.br\/cbradar\/wp-json\/wp\/v2\/posts"}],"about":[{"href":"https:\/\/www.correiobraziliense.com.br\/cbradar\/wp-json\/wp\/v2\/types\/post"}],"author":[{"embeddable":true,"href":"https:\/\/www.correiobraziliense.com.br\/cbradar\/wp-json\/wp\/v2\/users\/8"}],"replies":[{"embeddable":true,"href":"https:\/\/www.correiobraziliense.com.br\/cbradar\/wp-json\/wp\/v2\/comments?post=69207"}],"version-history":[{"count":5,"href":"https:\/\/www.correiobraziliense.com.br\/cbradar\/wp-json\/wp\/v2\/posts\/69207\/revisions"}],"predecessor-version":[{"id":69235,"href":"https:\/\/www.correiobraziliense.com.br\/cbradar\/wp-json\/wp\/v2\/posts\/69207\/revisions\/69235"}],"wp:featuredmedia":[{"embeddable":true,"href":"https:\/\/www.correiobraziliense.com.br\/cbradar\/wp-json\/wp\/v2\/media\/3082"}],"wp:attachment":[{"href":"https:\/\/www.correiobraziliense.com.br\/cbradar\/wp-json\/wp\/v2\/media?parent=69207"}],"wp:term":[{"taxonomy":"category","embeddable":true,"href":"https:\/\/www.correiobraziliense.com.br\/cbradar\/wp-json\/wp\/v2\/categories?post=69207"},{"taxonomy":"post_tag","embeddable":true,"href":"https:\/\/www.correiobraziliense.com.br\/cbradar\/wp-json\/wp\/v2\/post_tag?post=69207"}],"curies":[{"name":"wp","href":"https:\/\/api.w.org\/{rel}","templated":true}]}}