{"id":69263,"date":"2025-07-13T08:40:00","date_gmt":"2025-07-13T11:40:00","guid":{"rendered":"https:\/\/www.correiobraziliense.com.br\/cbradar\/?p=69263"},"modified":"2025-07-13T08:21:20","modified_gmt":"2025-07-13T11:21:20","slug":"se-essas-10-palavras-fazem-parte-do-seu-vocabulario-voce-tem-inteligencia-acima-da-media","status":"publish","type":"post","link":"https:\/\/www.correiobraziliense.com.br\/cbradar\/se-essas-10-palavras-fazem-parte-do-seu-vocabulario-voce-tem-inteligencia-acima-da-media\/","title":{"rendered":"Se essas 10 palavras fazem parte do seu vocabul\u00e1rio, voc\u00ea tem intelig\u00eancia acima da m\u00e9dia"},"content":{"rendered":"\n<p>Palavras desempenham um papel fundamental na comunica\u00e7\u00e3o cotidiana, mas alguns termos se destacam por sugerir uma maneira mais sofisticada de enxergar o mundo. Pessoas que t\u00eam o h\u00e1bito de incluir certos voc\u00e1bulos em sua fala frequentemente demonstram caracter\u00edsticas ligadas \u00e0 intelig\u00eancia, como a busca pela precis\u00e3o e a capacidade de analisar situa\u00e7\u00f5es sob m\u00faltiplos pontos de vista.<\/p>\n\n\n\n<p>Esse tipo de linguagem n\u00e3o est\u00e1 restrito a ambientes acad\u00eamicos ou profissionais. No conv\u00edvio social, ela aparece nas conversas informais, revelando signos de racioc\u00ednio apurado. Entre os elementos comuns nesse vocabul\u00e1rio especial est\u00e3o palavras que expressam nuances, reflex\u00e3o e abertura para diferentes possibilidades, sempre com um olhar atento ao contexto que cerca cada quest\u00e3o.<\/p>\n\n\n\n<h2 class=\"wp-block-heading\">Quais palavras sugerem intelig\u00eancia em conversas do dia a dia?<\/h2>\n\n\n\n<p><strong>Ao analisar a forma como pessoas curiosas e detalhistas se comunicam, nota-se que certos termos se repetem em discuss\u00f5es construtivas.<\/strong> Express\u00f5es como <strong>nuance<\/strong> e <strong>contexto<\/strong> sinalizam preocupa\u00e7\u00e3o com detalhes e a rejei\u00e7\u00e3o de respostas simplistas diante de situa\u00e7\u00f5es complexas. Outros termos, como <strong>hipot\u00e9tico<\/strong>, indicam a capacidade de pensar abstratamente e considerar m\u00faltiplas perspectivas antes de tomar uma decis\u00e3o.<\/p>\n\n\n\n<p>A utiliza\u00e7\u00e3o de <strong>empatia<\/strong> demonstra habilidade para se colocar no lugar do outro, valorizando experi\u00eancias distintas e opini\u00f5es diversas. Da mesma forma, ao empregar a palavra <strong>perspectiva<\/strong>, o interlocutor indica interesse em ampliar seu pr\u00f3prio entendimento, enxergando al\u00e9m das pr\u00f3prias viv\u00eancias ou certezas pessoais.<\/p>\n\n\n\n<h2 class=\"wp-block-heading\">Por que as palavras \u201cnuance\u201d e \u201ccontexto\u201d s\u00e3o marcadores de pensamento sofisticado?<\/h2>\n\n\n\n<p><strong>Quando algu\u00e9m afirma que determinado assunto possui nuances, revela que est\u00e1 disposto a analisar al\u00e9m da superf\u00edcie, reconhecendo as m\u00faltiplas camadas e particularidades presentes em cada quest\u00e3o.<\/strong> Essa postura favorece debates mais ricos, pois impede conclus\u00f5es apressadas e incentiva a an\u00e1lise cr\u00edtica.<\/p>\n\n\n\n<p><strong>J\u00e1 o termo contexto \u00e9 fundamental para compreender fatos, dados ou opini\u00f5es.<\/strong> Quem enfatiza a import\u00e2ncia do contexto entende que nenhum acontecimento est\u00e1 inserido em um v\u00e1cuo; tudo possui antecedentes e consequ\u00eancias. Esse enfoque permite identificar rela\u00e7\u00f5es que fogem \u00e0 an\u00e1lise superficial, evitando equ\u00edvocos comuns ao julgar apenas pelo que \u00e9 apresentado de forma isolada.<\/p>\n\n\n\n<figure class=\"wp-block-image size-large\"><img decoding=\"async\" width=\"1024\" height=\"576\" src=\"https:\/\/www.correiobraziliense.com.br\/cbradar\/wp-content\/uploads\/2025\/07\/inteligencia_1752405625072-1024x576.jpg\" alt=\"Se essas 10 palavras fazem parte do seu vocabul\u00e1rio, voc\u00ea tem intelig\u00eancia acima da m\u00e9dia\" class=\"wp-image-69266\" srcset=\"https:\/\/www.correiobraziliense.com.br\/cbradar\/wp-content\/uploads\/2025\/07\/inteligencia_1752405625072-1024x576.jpg 1024w, https:\/\/www.correiobraziliense.com.br\/cbradar\/wp-content\/uploads\/2025\/07\/inteligencia_1752405625072-300x169.jpg 300w, https:\/\/www.correiobraziliense.com.br\/cbradar\/wp-content\/uploads\/2025\/07\/inteligencia_1752405625072-768x432.jpg 768w, https:\/\/www.correiobraziliense.com.br\/cbradar\/wp-content\/uploads\/2025\/07\/inteligencia_1752405625072-750x422.jpg 750w, https:\/\/www.correiobraziliense.com.br\/cbradar\/wp-content\/uploads\/2025\/07\/inteligencia_1752405625072-1140x641.jpg 1140w, https:\/\/www.correiobraziliense.com.br\/cbradar\/wp-content\/uploads\/2025\/07\/inteligencia_1752405625072.jpg 1280w\" sizes=\"(max-width: 1024px) 100vw, 1024px\" \/><figcaption class=\"wp-element-caption\">intelig\u00eancia. Cr\u00e9ditos: depositphotos.com \/ SergeyNivens<\/figcaption><\/figure>\n\n\n\n<h2 class=\"wp-block-heading\">Como a escolha das palavras revela a capacidade de pensar criticamente?<\/h2>\n\n\n\n<p><strong>Expressar ceticismo ou afirmar estar \u201cum pouco c\u00e9tico\u201d, por exemplo, demonstra discernimento e disposi\u00e7\u00e3o para questionar informa\u00e7\u00f5es antes de aceit\u00e1-las como verdade absoluta.<\/strong> <strong>Ambiguidade<\/strong> \u00e9 outro termo relevante, pois quem o utiliza sinaliza toler\u00e2ncia ao incerto, sabendo lidar com situa\u00e7\u00f5es em que as respostas n\u00e3o s\u00e3o claras ou definitivas.<\/p>\n\n\n\n<ul class=\"wp-block-list\">\n<li><strong>Correla\u00e7\u00e3o<\/strong> \u00e9 frequentemente utilizada para discutir rela\u00e7\u00f5es entre eventos ou dados, indicando pensamento anal\u00edtico.<\/li>\n\n\n\n<li><strong>Implica\u00e7\u00e3o<\/strong> evidencia a preocupa\u00e7\u00e3o com as consequ\u00eancias de uma ideia ou decis\u00e3o, indo al\u00e9m do que \u00e9 dito explicitamente.<\/li>\n\n\n\n<li><strong>Articula\u00e7\u00e3o<\/strong> refor\u00e7a a import\u00e2ncia da clareza na comunica\u00e7\u00e3o, reconhecendo o valor de transmitir ideias de maneira precisa.<\/li>\n<\/ul>\n\n\n\n<p><strong>A habilidade de recorrer a esses termos no dia a dia sinaliza um pensamento que processa informa\u00e7\u00f5es com cuidado, questiona padr\u00f5es e busca compreender a fundo cada situa\u00e7\u00e3o.<\/strong> Isso se reflete tanto no vocabul\u00e1rio quanto na qualidade das intera\u00e7\u00f5es sociais e profissionais.<\/p>\n\n\n\n<h2 class=\"wp-block-heading\">Existe uma rela\u00e7\u00e3o direta entre vocabul\u00e1rio variado e intelig\u00eancia?<\/h2>\n\n\n\n<p><strong>Apesar de n\u00e3o existir uma lista definitiva do que torna algu\u00e9m inteligente, a familiaridade e a facilidade em empregar um vocabul\u00e1rio rico geralmente acompanham o h\u00e1bito de refletir antes de responder, observar m\u00faltiplos \u00e2ngulos de um problema e construir argumentos bem fundamentados.<\/strong> O uso de palavras como <strong>implica\u00e7\u00e3o<\/strong>, <strong>ambiguidade<\/strong> e <strong>correla\u00e7\u00e3o<\/strong> s\u00e3o evid\u00eancias de um racioc\u00ednio que vai al\u00e9m do \u00f3bvio, sem se limitar a respostas autom\u00e1ticas.<\/p>\n\n\n\n<ol class=\"wp-block-list\">\n<li><strong>Olhando para o repert\u00f3rio de palavras, nota-se apre\u00e7o pela precis\u00e3o.<\/strong><\/li>\n\n\n\n<li><strong>A varia\u00e7\u00e3o no vocabul\u00e1rio reflete interesse por nuances e complexidade.<\/strong><\/li>\n\n\n\n<li><strong>O uso desses termos sugere busca constante por novos aprendizados.<\/strong><\/li>\n<\/ol>\n\n\n\n<p><strong>Assim, n\u00e3o se trata apenas de \u201csoar inteligente\u201d, mas sim da inclina\u00e7\u00e3o natural por escutar atentamente, pensar com profundidade e honrar a riqueza do di\u00e1logo.<\/strong> A escolha consciente de palavras revela uma mentalidade aberta e curiosa, afinada com os desafios e possibilidades do mundo atual.<\/p>\n","protected":false},"excerpt":{"rendered":"<p>Descubra como certas palavras revelam intelig\u00eancia e sofistica\u00e7\u00e3o no dia a dia, marcando um pensamento cr\u00edtico e anal\u00edtico.<\/p>\n","protected":false},"author":3,"featured_media":69265,"comment_status":"open","ping_status":"open","sticky":false,"template":"","format":"standard","meta":{"_yoast_wpseo_focuskw":"palavrras intelig\u00eancia acima da m\u00e9dia","_yoast_wpseo_title":"%%title%%","_yoast_wpseo_metadesc":"Descubra como certas palavras revelam intelig\u00eancia e sofistica\u00e7\u00e3o no dia a dia, marcando um pensamento cr\u00edtico e anal\u00edtico.","jnews-multi-image_gallery":[],"jnews_single_post":{"format":"standard"},"jnews_primary_category":[],"jnews_social_meta":[],"jnews_override_counter":[],"footnotes":""},"categories":[112],"post_tag":[144,404],"class_list":["post-69263","post","type-post","status-publish","format-standard","has-post-thumbnail","hentry","category-curiosidades","tag-curiosidades","tag-psicologia"],"yoast_head":"<!-- This site is optimized with the Yoast SEO plugin v24.6 - https:\/\/yoast.com\/wordpress\/plugins\/seo\/ -->\n<title>Se essas 10 palavras fazem parte do seu vocabul\u00e1rio, voc\u00ea tem intelig\u00eancia acima da m\u00e9dia<\/title>\n<meta name=\"description\" content=\"Descubra como certas palavras revelam intelig\u00eancia e sofistica\u00e7\u00e3o no dia a dia, marcando um pensamento cr\u00edtico e anal\u00edtico.\" \/>\n<meta name=\"robots\" content=\"index, follow, max-snippet:-1, max-image-preview:large, max-video-preview:-1\" \/>\n<link rel=\"canonical\" href=\"https:\/\/www.correiobraziliense.com.br\/cbradar\/se-essas-10-palavras-fazem-parte-do-seu-vocabulario-voce-tem-inteligencia-acima-da-media\/\" \/>\n<meta property=\"og:locale\" content=\"pt_BR\" \/>\n<meta property=\"og:type\" content=\"article\" \/>\n<meta property=\"og:title\" content=\"Se essas 10 palavras fazem parte do seu vocabul\u00e1rio, voc\u00ea tem intelig\u00eancia acima da m\u00e9dia\" \/>\n<meta property=\"og:description\" content=\"Descubra como certas palavras revelam intelig\u00eancia e sofistica\u00e7\u00e3o no dia a dia, marcando um pensamento cr\u00edtico e anal\u00edtico.\" \/>\n<meta property=\"og:url\" content=\"https:\/\/www.correiobraziliense.com.br\/cbradar\/se-essas-10-palavras-fazem-parte-do-seu-vocabulario-voce-tem-inteligencia-acima-da-media\/\" \/>\n<meta property=\"og:site_name\" content=\"Correio Braziliense - Radar\" \/>\n<meta property=\"article:published_time\" content=\"2025-07-13T11:40:00+00:00\" \/>\n<meta property=\"og:image\" content=\"https:\/\/www.correiobraziliense.com.br\/cbradar\/wp-content\/uploads\/2025\/07\/inteligencia_1752405545827.jpg\" \/>\n\t<meta property=\"og:image:width\" content=\"1280\" \/>\n\t<meta property=\"og:image:height\" content=\"720\" \/>\n\t<meta property=\"og:image:type\" content=\"image\/jpeg\" \/>\n<meta name=\"author\" content=\"Larissa Carvalho\" \/>\n<meta name=\"twitter:card\" content=\"summary_large_image\" \/>\n<meta name=\"twitter:label1\" content=\"Escrito por\" \/>\n\t<meta name=\"twitter:data1\" content=\"Larissa Carvalho\" \/>\n\t<meta name=\"twitter:label2\" content=\"Est. tempo de leitura\" \/>\n\t<meta name=\"twitter:data2\" content=\"4 minutos\" \/>\n<!-- \/ Yoast SEO plugin. -->","yoast_head_json":{"title":"Se essas 10 palavras fazem parte do seu vocabul\u00e1rio, voc\u00ea tem intelig\u00eancia acima da m\u00e9dia","description":"Descubra como certas palavras revelam intelig\u00eancia e sofistica\u00e7\u00e3o no dia a dia, marcando um pensamento cr\u00edtico e anal\u00edtico.","robots":{"index":"index","follow":"follow","max-snippet":"max-snippet:-1","max-image-preview":"max-image-preview:large","max-video-preview":"max-video-preview:-1"},"canonical":"https:\/\/www.correiobraziliense.com.br\/cbradar\/se-essas-10-palavras-fazem-parte-do-seu-vocabulario-voce-tem-inteligencia-acima-da-media\/","og_locale":"pt_BR","og_type":"article","og_title":"Se essas 10 palavras fazem parte do seu vocabul\u00e1rio, voc\u00ea tem intelig\u00eancia acima da m\u00e9dia","og_description":"Descubra como certas palavras revelam intelig\u00eancia e sofistica\u00e7\u00e3o no dia a dia, marcando um pensamento cr\u00edtico e anal\u00edtico.","og_url":"https:\/\/www.correiobraziliense.com.br\/cbradar\/se-essas-10-palavras-fazem-parte-do-seu-vocabulario-voce-tem-inteligencia-acima-da-media\/","og_site_name":"Correio Braziliense - Radar","article_published_time":"2025-07-13T11:40:00+00:00","og_image":[{"width":1280,"height":720,"url":"https:\/\/www.correiobraziliense.com.br\/cbradar\/wp-content\/uploads\/2025\/07\/inteligencia_1752405545827.jpg","type":"image\/jpeg"}],"author":"Larissa Carvalho","twitter_card":"summary_large_image","twitter_misc":{"Escrito por":"Larissa Carvalho","Est. tempo de leitura":"4 minutos"},"schema":{"@context":"https:\/\/schema.org","@graph":[{"@type":"WebPage","@id":"https:\/\/www.correiobraziliense.com.br\/cbradar\/se-essas-10-palavras-fazem-parte-do-seu-vocabulario-voce-tem-inteligencia-acima-da-media\/","url":"https:\/\/www.correiobraziliense.com.br\/cbradar\/se-essas-10-palavras-fazem-parte-do-seu-vocabulario-voce-tem-inteligencia-acima-da-media\/","name":"Se essas 10 palavras fazem parte do seu vocabul\u00e1rio, voc\u00ea tem intelig\u00eancia acima da m\u00e9dia","isPartOf":{"@id":"https:\/\/www.correiobraziliense.com.br\/cbradar\/#website"},"primaryImageOfPage":{"@id":"https:\/\/www.correiobraziliense.com.br\/cbradar\/se-essas-10-palavras-fazem-parte-do-seu-vocabulario-voce-tem-inteligencia-acima-da-media\/#primaryimage"},"image":{"@id":"https:\/\/www.correiobraziliense.com.br\/cbradar\/se-essas-10-palavras-fazem-parte-do-seu-vocabulario-voce-tem-inteligencia-acima-da-media\/#primaryimage"},"thumbnailUrl":"https:\/\/www.correiobraziliense.com.br\/cbradar\/wp-content\/uploads\/2025\/07\/inteligencia_1752405545827.jpg","datePublished":"2025-07-13T11:40:00+00:00","author":{"@id":"https:\/\/www.correiobraziliense.com.br\/cbradar\/#\/schema\/person\/58422787644df994b53a19d3e56c1513"},"description":"Descubra como certas palavras revelam intelig\u00eancia e sofistica\u00e7\u00e3o no dia a dia, marcando um pensamento cr\u00edtico e anal\u00edtico.","breadcrumb":{"@id":"https:\/\/www.correiobraziliense.com.br\/cbradar\/se-essas-10-palavras-fazem-parte-do-seu-vocabulario-voce-tem-inteligencia-acima-da-media\/#breadcrumb"},"inLanguage":"pt-BR","potentialAction":[{"@type":"ReadAction","target":["https:\/\/www.correiobraziliense.com.br\/cbradar\/se-essas-10-palavras-fazem-parte-do-seu-vocabulario-voce-tem-inteligencia-acima-da-media\/"]}]},{"@type":"ImageObject","inLanguage":"pt-BR","@id":"https:\/\/www.correiobraziliense.com.br\/cbradar\/se-essas-10-palavras-fazem-parte-do-seu-vocabulario-voce-tem-inteligencia-acima-da-media\/#primaryimage","url":"https:\/\/www.correiobraziliense.com.br\/cbradar\/wp-content\/uploads\/2025\/07\/inteligencia_1752405545827.jpg","contentUrl":"https:\/\/www.correiobraziliense.com.br\/cbradar\/wp-content\/uploads\/2025\/07\/inteligencia_1752405545827.jpg","width":1280,"height":720,"caption":"intelig\u00eancia. Cr\u00e9ditos: depositphotos.com \/ olly18"},{"@type":"BreadcrumbList","@id":"https:\/\/www.correiobraziliense.com.br\/cbradar\/se-essas-10-palavras-fazem-parte-do-seu-vocabulario-voce-tem-inteligencia-acima-da-media\/#breadcrumb","itemListElement":[{"@type":"ListItem","position":1,"name":"In\u00edcio","item":"https:\/\/www.correiobraziliense.com.br\/cbradar\/"},{"@type":"ListItem","position":2,"name":"Se essas 10 palavras fazem parte do seu vocabul\u00e1rio, voc\u00ea tem intelig\u00eancia acima da m\u00e9dia"}]},{"@type":"WebSite","@id":"https:\/\/www.correiobraziliense.com.br\/cbradar\/#website","url":"https:\/\/www.correiobraziliense.com.br\/cbradar\/","name":"Correio Braziliense - Radar","description":"Acompanhe as \u00faltimas not\u00edcias e fique bem informado sobre tudo o que acontece no Brasil e no mundo.","potentialAction":[{"@type":"SearchAction","target":{"@type":"EntryPoint","urlTemplate":"https:\/\/www.correiobraziliense.com.br\/cbradar\/?s={search_term_string}"},"query-input":{"@type":"PropertyValueSpecification","valueRequired":true,"valueName":"search_term_string"}}],"inLanguage":"pt-BR"},{"@type":"Person","@id":"https:\/\/www.correiobraziliense.com.br\/cbradar\/#\/schema\/person\/58422787644df994b53a19d3e56c1513","name":"Larissa Carvalho","image":{"@type":"ImageObject","inLanguage":"pt-BR","@id":"https:\/\/www.correiobraziliense.com.br\/cbradar\/#\/schema\/person\/image\/","url":"https:\/\/secure.gravatar.com\/avatar\/fe4f91a0de32b52a838d0d612abdc1aa?s=96&d=mm&r=g","contentUrl":"https:\/\/secure.gravatar.com\/avatar\/fe4f91a0de32b52a838d0d612abdc1aa?s=96&d=mm&r=g","caption":"Larissa Carvalho"},"url":"https:\/\/www.correiobraziliense.com.br\/cbradar\/author\/larissamyth\/"}]}},"_links":{"self":[{"href":"https:\/\/www.correiobraziliense.com.br\/cbradar\/wp-json\/wp\/v2\/posts\/69263","targetHints":{"allow":["GET"]}}],"collection":[{"href":"https:\/\/www.correiobraziliense.com.br\/cbradar\/wp-json\/wp\/v2\/posts"}],"about":[{"href":"https:\/\/www.correiobraziliense.com.br\/cbradar\/wp-json\/wp\/v2\/types\/post"}],"author":[{"embeddable":true,"href":"https:\/\/www.correiobraziliense.com.br\/cbradar\/wp-json\/wp\/v2\/users\/3"}],"replies":[{"embeddable":true,"href":"https:\/\/www.correiobraziliense.com.br\/cbradar\/wp-json\/wp\/v2\/comments?post=69263"}],"version-history":[{"count":2,"href":"https:\/\/www.correiobraziliense.com.br\/cbradar\/wp-json\/wp\/v2\/posts\/69263\/revisions"}],"predecessor-version":[{"id":69267,"href":"https:\/\/www.correiobraziliense.com.br\/cbradar\/wp-json\/wp\/v2\/posts\/69263\/revisions\/69267"}],"wp:featuredmedia":[{"embeddable":true,"href":"https:\/\/www.correiobraziliense.com.br\/cbradar\/wp-json\/wp\/v2\/media\/69265"}],"wp:attachment":[{"href":"https:\/\/www.correiobraziliense.com.br\/cbradar\/wp-json\/wp\/v2\/media?parent=69263"}],"wp:term":[{"taxonomy":"category","embeddable":true,"href":"https:\/\/www.correiobraziliense.com.br\/cbradar\/wp-json\/wp\/v2\/categories?post=69263"},{"taxonomy":"post_tag","embeddable":true,"href":"https:\/\/www.correiobraziliense.com.br\/cbradar\/wp-json\/wp\/v2\/post_tag?post=69263"}],"curies":[{"name":"wp","href":"https:\/\/api.w.org\/{rel}","templated":true}]}}