{"id":6946,"date":"2025-02-28T13:30:00","date_gmt":"2025-02-28T16:30:00","guid":{"rendered":"https:\/\/www.correiobraziliense.com.br\/cbradar\/?p=6946"},"modified":"2025-02-28T02:27:34","modified_gmt":"2025-02-28T05:27:34","slug":"guia-completo-do-cultivo-de-mamao-veja-dicas-para-uma-colheita-farta","status":"publish","type":"post","link":"https:\/\/www.correiobraziliense.com.br\/cbradar\/guia-completo-do-cultivo-de-mamao-veja-dicas-para-uma-colheita-farta\/","title":{"rendered":"Guia completo do cultivo de mam\u00e3o, veja dicas para uma colheita farta"},"content":{"rendered":"\n<p>O <strong>Brasil <\/strong>\u00e9 reconhecido como um dos maiores produtores de mam\u00e3o no mundo, ficando atr\u00e1s apenas da <strong>\u00cdndia<\/strong>. Este fruto tropical, al\u00e9m de saboroso, \u00e9 relativamente f\u00e1cil de cultivar, mesmo em casa. Com algumas orienta\u00e7\u00f5es b\u00e1sicas, qualquer pessoa pode iniciar o plantio de mam\u00e3o e desfrutar de suas frutas frescas.<\/p>\n\n\n\n<p>Escolher o tipo certo de mam\u00e3o \u00e9 crucial para obter frutos do tamanho desejado. Existem dois principais grupos de mam\u00e3o: o <strong>Solo <\/strong>e o <strong>Formosa<\/strong>. O <strong>mam\u00e3o Solo<\/strong>, geralmente, pesa cerca de 500 gramas, enquanto o <strong>Formosa <\/strong>pode atingir at\u00e9 um quilo. Essa diferen\u00e7a de tamanho \u00e9 determinada pelo tipo de <a href=\"https:\/\/www.correiobraziliense.com.br\/cbradar\/como-plantar-girassois-e-garantir-flores-vibrantes-o-ano-todo\/\">cultivo<\/a> e gen\u00e9tica da planta.<\/p>\n\n\n\n<h2 class=\"wp-block-heading\"><strong>Como iniciar o plantio de mam\u00e3o?<\/strong><\/h2>\n\n\n\n<p>O mamoeiro \u00e9 uma planta tropical que se adapta bem a diversas regi\u00f5es do <strong>Brasil<\/strong>. Ele prefere climas com alta umidade e temperaturas entre 22 e 26 graus Celsius. Antes de iniciar o plantio, \u00e9 importante escolher um local adequado, que receba bastante luz solar e tenha um solo bem drenado.<\/p>\n\n\n\n<p>A aduba\u00e7\u00e3o \u00e9 um passo fundamental para o sucesso do cultivo. Especialistas recomendam o uso de aduba\u00e7\u00e3o org\u00e2nica, que proporciona resultados mais satisfat\u00f3rios. Para plantar, fa\u00e7a um buraco um pouco maior que a muda e nivele bem a superf\u00edcie do solo. Preencha o buraco com terra e pressione levemente ao redor da base da planta.<\/p>\n\n\n\n<figure class=\"wp-block-image size-large\"><img decoding=\"async\" width=\"1024\" height=\"576\" src=\"https:\/\/www.correiobraziliense.com.br\/cbradar\/wp-content\/uploads\/2025\/02\/mamao_1740682561632-1-1024x576.jpg\" alt=\"Guia completo do cultivo de mam\u00e3o: Dicas para uma colheita Farta no Brasil!\" class=\"wp-image-6955\" srcset=\"https:\/\/www.correiobraziliense.com.br\/cbradar\/wp-content\/uploads\/2025\/02\/mamao_1740682561632-1-1024x576.jpg 1024w, https:\/\/www.correiobraziliense.com.br\/cbradar\/wp-content\/uploads\/2025\/02\/mamao_1740682561632-1-300x169.jpg 300w, https:\/\/www.correiobraziliense.com.br\/cbradar\/wp-content\/uploads\/2025\/02\/mamao_1740682561632-1-768x432.jpg 768w, https:\/\/www.correiobraziliense.com.br\/cbradar\/wp-content\/uploads\/2025\/02\/mamao_1740682561632-1-750x422.jpg 750w, https:\/\/www.correiobraziliense.com.br\/cbradar\/wp-content\/uploads\/2025\/02\/mamao_1740682561632-1-1140x641.jpg 1140w, https:\/\/www.correiobraziliense.com.br\/cbradar\/wp-content\/uploads\/2025\/02\/mamao_1740682561632-1.jpg 1280w\" sizes=\"(max-width: 1024px) 100vw, 1024px\" \/><figcaption class=\"wp-element-caption\">mamoeiros\nCr\u00e9ditos: depositphotos.com \/ somsak<\/figcaption><\/figure>\n\n\n\n<h2 class=\"wp-block-heading\"><strong>Quais cuidados s\u00e3o necess\u00e1rios durante o cultivo?<\/strong><\/h2>\n\n\n\n<p>Manter o solo \u00famido \u00e9 essencial para o crescimento saud\u00e1vel do mamoeiro. Regas regulares s\u00e3o necess\u00e1rias, especialmente em per\u00edodos de seca. Al\u00e9m disso, \u00e9 importante estar atento ao aparecimento de pragas e doen\u00e7as. O uso de pesticidas org\u00e2nicos e m\u00e9todos de controle pode ajudar a proteger a planta.<\/p>\n\n\n\n<p>Outro ponto crucial \u00e9 monitorar a folhagem do mamoeiro. Manchas ou sinais de doen\u00e7as devem ser tratados rapidamente para evitar que se espalhem. A aplica\u00e7\u00e3o de nutrientes e o controle de pragas garantem que o mamoeiro cres\u00e7a forte e produza frutos de qualidade.<\/p>\n\n\n\n<h2 class=\"wp-block-heading\"><strong>Por que o mam\u00e3o \u00e9 t\u00e3o popular?<\/strong><\/h2>\n\n\n\n<p>Al\u00e9m de ser uma fruta deliciosa, o mam\u00e3o \u00e9 conhecido por seus benef\u00edcios \u00e0 sa\u00fade. Ele auxilia no tr\u00e2nsito intestinal e pode ajudar a controlar o colesterol. Rico em vitaminas e minerais, o mam\u00e3o \u00e9 uma excelente adi\u00e7\u00e3o a uma dieta balanceada.<\/p>\n\n\n\n<p>Com as dicas adequadas, cultivar mam\u00e3o em casa pode ser uma atividade gratificante e produtiva. Com um pouco de cuidado e aten\u00e7\u00e3o, \u00e9 poss\u00edvel desfrutar de frutas frescas e saud\u00e1veis diretamente do seu jardim.<\/p>\n","protected":false},"excerpt":{"rendered":"<p>Dicas para cultivar mam\u00e3o no Brasil. Aprenda a escolher a variedade certa e cuidar do seu crescimento para desfrutar de frutos frescos.<\/p>\n","protected":false},"author":3,"featured_media":6953,"comment_status":"open","ping_status":"open","sticky":false,"template":"","format":"standard","meta":{"_yoast_wpseo_focuskw":"mam\u00e3o","_yoast_wpseo_title":"%%title%%","_yoast_wpseo_metadesc":"Dicas para cultivar mam\u00e3o no Brasil. Aprenda a escolher a variedade certa e cuidar do seu crescimento para desfrutar de frutos frescos.","jnews-multi-image_gallery":[],"jnews_single_post":{"format":"standard"},"jnews_primary_category":[],"jnews_social_meta":[],"jnews_override_counter":[],"footnotes":""},"categories":[136],"post_tag":[137,982],"class_list":["post-6946","post","type-post","status-publish","format-standard","has-post-thumbnail","hentry","category-jardinagem","tag-como-plantar","tag-mamao"],"yoast_head":"<!-- This site is optimized with the Yoast SEO plugin v24.6 - https:\/\/yoast.com\/wordpress\/plugins\/seo\/ -->\n<title>Guia completo do cultivo de mam\u00e3o, veja dicas para uma colheita farta<\/title>\n<meta name=\"description\" content=\"Dicas para cultivar mam\u00e3o no Brasil. Aprenda a escolher a variedade certa e cuidar do seu crescimento para desfrutar de frutos frescos.\" \/>\n<meta name=\"robots\" content=\"index, follow, max-snippet:-1, max-image-preview:large, max-video-preview:-1\" \/>\n<link rel=\"canonical\" href=\"https:\/\/www.correiobraziliense.com.br\/cbradar\/guia-completo-do-cultivo-de-mamao-veja-dicas-para-uma-colheita-farta\/\" \/>\n<meta property=\"og:locale\" content=\"pt_BR\" \/>\n<meta property=\"og:type\" content=\"article\" \/>\n<meta property=\"og:title\" content=\"Guia completo do cultivo de mam\u00e3o, veja dicas para uma colheita farta\" \/>\n<meta property=\"og:description\" content=\"Dicas para cultivar mam\u00e3o no Brasil. Aprenda a escolher a variedade certa e cuidar do seu crescimento para desfrutar de frutos frescos.\" \/>\n<meta property=\"og:url\" content=\"https:\/\/www.correiobraziliense.com.br\/cbradar\/guia-completo-do-cultivo-de-mamao-veja-dicas-para-uma-colheita-farta\/\" \/>\n<meta property=\"og:site_name\" content=\"Correio Braziliense - Radar\" \/>\n<meta property=\"article:published_time\" content=\"2025-02-28T16:30:00+00:00\" \/>\n<meta property=\"og:image\" content=\"https:\/\/www.correiobraziliense.com.br\/cbradar\/wp-content\/uploads\/2025\/02\/mamao_1740682525989.jpg\" \/>\n\t<meta property=\"og:image:width\" content=\"1280\" \/>\n\t<meta property=\"og:image:height\" content=\"720\" \/>\n\t<meta property=\"og:image:type\" content=\"image\/jpeg\" \/>\n<meta name=\"author\" content=\"Larissa Carvalho\" \/>\n<meta name=\"twitter:card\" content=\"summary_large_image\" \/>\n<meta name=\"twitter:label1\" content=\"Escrito por\" \/>\n\t<meta name=\"twitter:data1\" content=\"Larissa Carvalho\" \/>\n\t<meta name=\"twitter:label2\" content=\"Est. tempo de leitura\" \/>\n\t<meta name=\"twitter:data2\" content=\"3 minutos\" \/>\n<!-- \/ Yoast SEO plugin. -->","yoast_head_json":{"title":"Guia completo do cultivo de mam\u00e3o, veja dicas para uma colheita farta","description":"Dicas para cultivar mam\u00e3o no Brasil. Aprenda a escolher a variedade certa e cuidar do seu crescimento para desfrutar de frutos frescos.","robots":{"index":"index","follow":"follow","max-snippet":"max-snippet:-1","max-image-preview":"max-image-preview:large","max-video-preview":"max-video-preview:-1"},"canonical":"https:\/\/www.correiobraziliense.com.br\/cbradar\/guia-completo-do-cultivo-de-mamao-veja-dicas-para-uma-colheita-farta\/","og_locale":"pt_BR","og_type":"article","og_title":"Guia completo do cultivo de mam\u00e3o, veja dicas para uma colheita farta","og_description":"Dicas para cultivar mam\u00e3o no Brasil. Aprenda a escolher a variedade certa e cuidar do seu crescimento para desfrutar de frutos frescos.","og_url":"https:\/\/www.correiobraziliense.com.br\/cbradar\/guia-completo-do-cultivo-de-mamao-veja-dicas-para-uma-colheita-farta\/","og_site_name":"Correio Braziliense - Radar","article_published_time":"2025-02-28T16:30:00+00:00","og_image":[{"width":1280,"height":720,"url":"https:\/\/www.correiobraziliense.com.br\/cbradar\/wp-content\/uploads\/2025\/02\/mamao_1740682525989.jpg","type":"image\/jpeg"}],"author":"Larissa Carvalho","twitter_card":"summary_large_image","twitter_misc":{"Escrito por":"Larissa Carvalho","Est. tempo de leitura":"3 minutos"},"schema":{"@context":"https:\/\/schema.org","@graph":[{"@type":"WebPage","@id":"https:\/\/www.correiobraziliense.com.br\/cbradar\/guia-completo-do-cultivo-de-mamao-veja-dicas-para-uma-colheita-farta\/","url":"https:\/\/www.correiobraziliense.com.br\/cbradar\/guia-completo-do-cultivo-de-mamao-veja-dicas-para-uma-colheita-farta\/","name":"Guia completo do cultivo de mam\u00e3o, veja dicas para uma colheita farta","isPartOf":{"@id":"https:\/\/www.correiobraziliense.com.br\/cbradar\/#website"},"primaryImageOfPage":{"@id":"https:\/\/www.correiobraziliense.com.br\/cbradar\/guia-completo-do-cultivo-de-mamao-veja-dicas-para-uma-colheita-farta\/#primaryimage"},"image":{"@id":"https:\/\/www.correiobraziliense.com.br\/cbradar\/guia-completo-do-cultivo-de-mamao-veja-dicas-para-uma-colheita-farta\/#primaryimage"},"thumbnailUrl":"https:\/\/www.correiobraziliense.com.br\/cbradar\/wp-content\/uploads\/2025\/02\/mamao_1740682525989.jpg","datePublished":"2025-02-28T16:30:00+00:00","author":{"@id":"https:\/\/www.correiobraziliense.com.br\/cbradar\/#\/schema\/person\/58422787644df994b53a19d3e56c1513"},"description":"Dicas para cultivar mam\u00e3o no Brasil. Aprenda a escolher a variedade certa e cuidar do seu crescimento para desfrutar de frutos frescos.","breadcrumb":{"@id":"https:\/\/www.correiobraziliense.com.br\/cbradar\/guia-completo-do-cultivo-de-mamao-veja-dicas-para-uma-colheita-farta\/#breadcrumb"},"inLanguage":"pt-BR","potentialAction":[{"@type":"ReadAction","target":["https:\/\/www.correiobraziliense.com.br\/cbradar\/guia-completo-do-cultivo-de-mamao-veja-dicas-para-uma-colheita-farta\/"]}]},{"@type":"ImageObject","inLanguage":"pt-BR","@id":"https:\/\/www.correiobraziliense.com.br\/cbradar\/guia-completo-do-cultivo-de-mamao-veja-dicas-para-uma-colheita-farta\/#primaryimage","url":"https:\/\/www.correiobraziliense.com.br\/cbradar\/wp-content\/uploads\/2025\/02\/mamao_1740682525989.jpg","contentUrl":"https:\/\/www.correiobraziliense.com.br\/cbradar\/wp-content\/uploads\/2025\/02\/mamao_1740682525989.jpg","width":1280,"height":720,"caption":"como plantar mam\u00e3o Cr\u00e9ditos: depositphotos.com \/ alebloshka"},{"@type":"BreadcrumbList","@id":"https:\/\/www.correiobraziliense.com.br\/cbradar\/guia-completo-do-cultivo-de-mamao-veja-dicas-para-uma-colheita-farta\/#breadcrumb","itemListElement":[{"@type":"ListItem","position":1,"name":"In\u00edcio","item":"https:\/\/www.correiobraziliense.com.br\/cbradar\/"},{"@type":"ListItem","position":2,"name":"Guia completo do cultivo de mam\u00e3o, veja dicas para uma colheita farta"}]},{"@type":"WebSite","@id":"https:\/\/www.correiobraziliense.com.br\/cbradar\/#website","url":"https:\/\/www.correiobraziliense.com.br\/cbradar\/","name":"Correio Braziliense - Radar","description":"Acompanhe as \u00faltimas not\u00edcias e fique bem informado sobre tudo o que acontece no Brasil e no mundo.","potentialAction":[{"@type":"SearchAction","target":{"@type":"EntryPoint","urlTemplate":"https:\/\/www.correiobraziliense.com.br\/cbradar\/?s={search_term_string}"},"query-input":{"@type":"PropertyValueSpecification","valueRequired":true,"valueName":"search_term_string"}}],"inLanguage":"pt-BR"},{"@type":"Person","@id":"https:\/\/www.correiobraziliense.com.br\/cbradar\/#\/schema\/person\/58422787644df994b53a19d3e56c1513","name":"Larissa Carvalho","image":{"@type":"ImageObject","inLanguage":"pt-BR","@id":"https:\/\/www.correiobraziliense.com.br\/cbradar\/#\/schema\/person\/image\/","url":"https:\/\/secure.gravatar.com\/avatar\/fe4f91a0de32b52a838d0d612abdc1aa?s=96&d=mm&r=g","contentUrl":"https:\/\/secure.gravatar.com\/avatar\/fe4f91a0de32b52a838d0d612abdc1aa?s=96&d=mm&r=g","caption":"Larissa Carvalho"},"url":"https:\/\/www.correiobraziliense.com.br\/cbradar\/author\/larissamyth\/"}]}},"_links":{"self":[{"href":"https:\/\/www.correiobraziliense.com.br\/cbradar\/wp-json\/wp\/v2\/posts\/6946","targetHints":{"allow":["GET"]}}],"collection":[{"href":"https:\/\/www.correiobraziliense.com.br\/cbradar\/wp-json\/wp\/v2\/posts"}],"about":[{"href":"https:\/\/www.correiobraziliense.com.br\/cbradar\/wp-json\/wp\/v2\/types\/post"}],"author":[{"embeddable":true,"href":"https:\/\/www.correiobraziliense.com.br\/cbradar\/wp-json\/wp\/v2\/users\/3"}],"replies":[{"embeddable":true,"href":"https:\/\/www.correiobraziliense.com.br\/cbradar\/wp-json\/wp\/v2\/comments?post=6946"}],"version-history":[{"count":3,"href":"https:\/\/www.correiobraziliense.com.br\/cbradar\/wp-json\/wp\/v2\/posts\/6946\/revisions"}],"predecessor-version":[{"id":7063,"href":"https:\/\/www.correiobraziliense.com.br\/cbradar\/wp-json\/wp\/v2\/posts\/6946\/revisions\/7063"}],"wp:featuredmedia":[{"embeddable":true,"href":"https:\/\/www.correiobraziliense.com.br\/cbradar\/wp-json\/wp\/v2\/media\/6953"}],"wp:attachment":[{"href":"https:\/\/www.correiobraziliense.com.br\/cbradar\/wp-json\/wp\/v2\/media?parent=6946"}],"wp:term":[{"taxonomy":"category","embeddable":true,"href":"https:\/\/www.correiobraziliense.com.br\/cbradar\/wp-json\/wp\/v2\/categories?post=6946"},{"taxonomy":"post_tag","embeddable":true,"href":"https:\/\/www.correiobraziliense.com.br\/cbradar\/wp-json\/wp\/v2\/post_tag?post=6946"}],"curies":[{"name":"wp","href":"https:\/\/api.w.org\/{rel}","templated":true}]}}