{"id":69461,"date":"2025-07-13T19:20:00","date_gmt":"2025-07-13T22:20:00","guid":{"rendered":"https:\/\/www.correiobraziliense.com.br\/cbradar\/?p=69461"},"modified":"2025-07-13T18:29:49","modified_gmt":"2025-07-13T21:29:49","slug":"a-fruta-mais-recomendada-por-nutricionistas-para-recuperar-musculos-apos-um-treino-pesado","status":"publish","type":"post","link":"https:\/\/www.correiobraziliense.com.br\/cbradar\/a-fruta-mais-recomendada-por-nutricionistas-para-recuperar-musculos-apos-um-treino-pesado\/","title":{"rendered":"A fruta mais recomendada por nutricionistas para recuperar m\u00fasculos ap\u00f3s um treino pesado"},"content":{"rendered":"\n<p><strong>Certas frutas s\u00e3o grandes aliadas no combate \u00e0 inflama\u00e7\u00e3o muscular p\u00f3s-treino<\/strong>. A cereja, especialmente a cereja \u00e1cida (ou tart cherry), \u00e9 considerada a fruta perfeita para ajudar na recupera\u00e7\u00e3o ap\u00f3s exerc\u00edcios intensos. <strong>Rica em antioxidantes e compostos anti-inflamat\u00f3rios naturais, a cereja reduz dores, acelera a recupera\u00e7\u00e3o e contribui para um melhor desempenho esportivo<\/strong>.<\/p>\n\n\n\n<ul class=\"wp-block-list\">\n<li><strong>Cereja cont\u00e9m antocianinas, que combatem inflama\u00e7\u00f5es e reduzem a dor muscular<\/strong><\/li>\n\n\n\n<li><strong>O consumo regular pode diminuir o tempo de recupera\u00e7\u00e3o entre treinos<\/strong><\/li>\n\n\n\n<li><strong>Outras frutas como abacaxi, morango e mirtilo tamb\u00e9m oferecem benef\u00edcios, mas a cereja se destaca nos estudos<\/strong><\/li>\n<\/ul>\n\n\n\n<h2 class=\"wp-block-heading\">Por que a cereja \u00e9 t\u00e3o eficaz contra inflama\u00e7\u00f5es?<\/h2>\n\n\n\n<p><strong>A cereja \u00e1cida \u00e9 rica em antocianinas, flavonoides e vitamina C<\/strong>, subst\u00e2ncias que neutralizam radicais livres e bloqueiam enzimas ligadas \u00e0 inflama\u00e7\u00e3o. Diversas pesquisas mostram que atletas que consomem suco de cereja ou a fruta in natura sentem menos dor e t\u00eam menor perda de for\u00e7a muscular ap\u00f3s treinos pesados.<\/p>\n\n\n\n<figure class=\"wp-block-image size-large\"><img decoding=\"async\" width=\"1024\" height=\"576\" src=\"https:\/\/www.correiobraziliense.com.br\/cbradar\/wp-content\/uploads\/2025\/07\/cereja_1752442154376-1024x576.jpg\" alt=\"A fruta mais recomendada por nutricionistas para recuperar m\u00fasculos ap\u00f3s um treino pesado\" class=\"wp-image-69463\" srcset=\"https:\/\/www.correiobraziliense.com.br\/cbradar\/wp-content\/uploads\/2025\/07\/cereja_1752442154376-1024x576.jpg 1024w, https:\/\/www.correiobraziliense.com.br\/cbradar\/wp-content\/uploads\/2025\/07\/cereja_1752442154376-300x169.jpg 300w, https:\/\/www.correiobraziliense.com.br\/cbradar\/wp-content\/uploads\/2025\/07\/cereja_1752442154376-768x432.jpg 768w, https:\/\/www.correiobraziliense.com.br\/cbradar\/wp-content\/uploads\/2025\/07\/cereja_1752442154376-750x422.jpg 750w, https:\/\/www.correiobraziliense.com.br\/cbradar\/wp-content\/uploads\/2025\/07\/cereja_1752442154376-1140x642.jpg 1140w, https:\/\/www.correiobraziliense.com.br\/cbradar\/wp-content\/uploads\/2025\/07\/cereja_1752442154376.jpg 1279w\" sizes=\"(max-width: 1024px) 100vw, 1024px\" \/><figcaption class=\"wp-element-caption\">cereja. Cr\u00e9ditos: depositphotos.com \/ fotokostic<\/figcaption><\/figure>\n\n\n\n<h2 class=\"wp-block-heading\">Como consumir cereja para potencializar os efeitos anti-inflamat\u00f3rios<\/h2>\n\n\n\n<p><strong>Inclua cerejas frescas, congeladas ou suco de cereja \u00e1cida na rotina p\u00f3s-treino<\/strong>. A quantidade recomendada pode variar, mas consumir um copo de suco ou uma por\u00e7\u00e3o generosa da fruta j\u00e1 traz benef\u00edcios not\u00e1veis. Para quem treina com frequ\u00eancia, o consumo regular \u00e9 ainda mais eficaz.<\/p>\n\n\n\n<p>Al\u00e9m da cereja, mirtilos, morangos e abacaxi s\u00e3o boas op\u00e7\u00f5es para variar e complementar a a\u00e7\u00e3o anti-inflamat\u00f3ria.<\/p>\n\n\n\n<h2 class=\"wp-block-heading\">Pontos-chave sobre frutas anti-inflamat\u00f3rias no p\u00f3s-treino<\/h2>\n\n\n\n<ul class=\"wp-block-list\">\n<li><strong>Cereja \u00e1cida \u00e9 destaque no combate \u00e0 inflama\u00e7\u00e3o e na recupera\u00e7\u00e3o muscular<\/strong><\/li>\n\n\n\n<li><strong>O consumo ap\u00f3s o treino reduz dores e acelera a volta ao desempenho ideal<\/strong><\/li>\n\n\n\n<li><strong>Frutas variadas potencializam os resultados e oferecem prote\u00e7\u00e3o antioxidante<\/strong><\/li>\n<\/ul>\n","protected":false},"excerpt":{"rendered":"<p>Saiba como a cereja \u00e1cida pode ser o diferencial no seu p\u00f3s-treino, aliviando dores e acelerando a volta ao ritmo ideal. Inclua essa fruta na rotina!<\/p>\n","protected":false},"author":3,"featured_media":69462,"comment_status":"open","ping_status":"open","sticky":false,"template":"","format":"standard","meta":{"_yoast_wpseo_focuskw":"fruta m\u00fasculos exerc\u00edcio","_yoast_wpseo_title":"%%title%%","_yoast_wpseo_metadesc":"Saiba como a cereja \u00e1cida pode ser o diferencial no seu p\u00f3s-treino, aliviando dores e acelerando a volta ao ritmo ideal. Inclua essa fruta na rotina!","jnews-multi-image_gallery":[],"jnews_single_post":{"format":"standard"},"jnews_primary_category":[],"jnews_social_meta":[],"jnews_override_counter":[],"footnotes":""},"categories":[112],"post_tag":[144,735,1318],"class_list":["post-69461","post","type-post","status-publish","format-standard","has-post-thumbnail","hentry","category-curiosidades","tag-curiosidades","tag-frutas","tag-saude-2"],"yoast_head":"<!-- This site is optimized with the Yoast SEO plugin v24.6 - https:\/\/yoast.com\/wordpress\/plugins\/seo\/ -->\n<title>A fruta mais recomendada por nutricionistas para recuperar m\u00fasculos ap\u00f3s um treino pesado<\/title>\n<meta name=\"description\" content=\"Saiba como a cereja \u00e1cida pode ser o diferencial no seu p\u00f3s-treino, aliviando dores e acelerando a volta ao ritmo ideal. Inclua essa fruta na rotina!\" \/>\n<meta name=\"robots\" content=\"index, follow, max-snippet:-1, max-image-preview:large, max-video-preview:-1\" \/>\n<link rel=\"canonical\" href=\"https:\/\/www.correiobraziliense.com.br\/cbradar\/a-fruta-mais-recomendada-por-nutricionistas-para-recuperar-musculos-apos-um-treino-pesado\/\" \/>\n<meta property=\"og:locale\" content=\"pt_BR\" \/>\n<meta property=\"og:type\" content=\"article\" \/>\n<meta property=\"og:title\" content=\"A fruta mais recomendada por nutricionistas para recuperar m\u00fasculos ap\u00f3s um treino pesado\" \/>\n<meta property=\"og:description\" content=\"Saiba como a cereja \u00e1cida pode ser o diferencial no seu p\u00f3s-treino, aliviando dores e acelerando a volta ao ritmo ideal. Inclua essa fruta na rotina!\" \/>\n<meta property=\"og:url\" content=\"https:\/\/www.correiobraziliense.com.br\/cbradar\/a-fruta-mais-recomendada-por-nutricionistas-para-recuperar-musculos-apos-um-treino-pesado\/\" \/>\n<meta property=\"og:site_name\" content=\"Correio Braziliense - Radar\" \/>\n<meta property=\"article:published_time\" content=\"2025-07-13T22:20:00+00:00\" \/>\n<meta property=\"og:image\" content=\"https:\/\/www.correiobraziliense.com.br\/cbradar\/wp-content\/uploads\/2025\/07\/cereja_1752442132411.jpg\" \/>\n\t<meta property=\"og:image:width\" content=\"1280\" \/>\n\t<meta property=\"og:image:height\" content=\"720\" \/>\n\t<meta property=\"og:image:type\" content=\"image\/jpeg\" \/>\n<meta name=\"author\" content=\"Larissa Carvalho\" \/>\n<meta name=\"twitter:card\" content=\"summary_large_image\" \/>\n<meta name=\"twitter:label1\" content=\"Escrito por\" \/>\n\t<meta name=\"twitter:data1\" content=\"Larissa Carvalho\" \/>\n\t<meta name=\"twitter:label2\" content=\"Est. tempo de leitura\" \/>\n\t<meta name=\"twitter:data2\" content=\"2 minutos\" \/>\n<!-- \/ Yoast SEO plugin. -->","yoast_head_json":{"title":"A fruta mais recomendada por nutricionistas para recuperar m\u00fasculos ap\u00f3s um treino pesado","description":"Saiba como a cereja \u00e1cida pode ser o diferencial no seu p\u00f3s-treino, aliviando dores e acelerando a volta ao ritmo ideal. Inclua essa fruta na rotina!","robots":{"index":"index","follow":"follow","max-snippet":"max-snippet:-1","max-image-preview":"max-image-preview:large","max-video-preview":"max-video-preview:-1"},"canonical":"https:\/\/www.correiobraziliense.com.br\/cbradar\/a-fruta-mais-recomendada-por-nutricionistas-para-recuperar-musculos-apos-um-treino-pesado\/","og_locale":"pt_BR","og_type":"article","og_title":"A fruta mais recomendada por nutricionistas para recuperar m\u00fasculos ap\u00f3s um treino pesado","og_description":"Saiba como a cereja \u00e1cida pode ser o diferencial no seu p\u00f3s-treino, aliviando dores e acelerando a volta ao ritmo ideal. Inclua essa fruta na rotina!","og_url":"https:\/\/www.correiobraziliense.com.br\/cbradar\/a-fruta-mais-recomendada-por-nutricionistas-para-recuperar-musculos-apos-um-treino-pesado\/","og_site_name":"Correio Braziliense - Radar","article_published_time":"2025-07-13T22:20:00+00:00","og_image":[{"width":1280,"height":720,"url":"https:\/\/www.correiobraziliense.com.br\/cbradar\/wp-content\/uploads\/2025\/07\/cereja_1752442132411.jpg","type":"image\/jpeg"}],"author":"Larissa Carvalho","twitter_card":"summary_large_image","twitter_misc":{"Escrito por":"Larissa Carvalho","Est. tempo de leitura":"2 minutos"},"schema":{"@context":"https:\/\/schema.org","@graph":[{"@type":"WebPage","@id":"https:\/\/www.correiobraziliense.com.br\/cbradar\/a-fruta-mais-recomendada-por-nutricionistas-para-recuperar-musculos-apos-um-treino-pesado\/","url":"https:\/\/www.correiobraziliense.com.br\/cbradar\/a-fruta-mais-recomendada-por-nutricionistas-para-recuperar-musculos-apos-um-treino-pesado\/","name":"A fruta mais recomendada por nutricionistas para recuperar m\u00fasculos ap\u00f3s um treino pesado","isPartOf":{"@id":"https:\/\/www.correiobraziliense.com.br\/cbradar\/#website"},"primaryImageOfPage":{"@id":"https:\/\/www.correiobraziliense.com.br\/cbradar\/a-fruta-mais-recomendada-por-nutricionistas-para-recuperar-musculos-apos-um-treino-pesado\/#primaryimage"},"image":{"@id":"https:\/\/www.correiobraziliense.com.br\/cbradar\/a-fruta-mais-recomendada-por-nutricionistas-para-recuperar-musculos-apos-um-treino-pesado\/#primaryimage"},"thumbnailUrl":"https:\/\/www.correiobraziliense.com.br\/cbradar\/wp-content\/uploads\/2025\/07\/cereja_1752442132411.jpg","datePublished":"2025-07-13T22:20:00+00:00","author":{"@id":"https:\/\/www.correiobraziliense.com.br\/cbradar\/#\/schema\/person\/58422787644df994b53a19d3e56c1513"},"description":"Saiba como a cereja \u00e1cida pode ser o diferencial no seu p\u00f3s-treino, aliviando dores e acelerando a volta ao ritmo ideal. Inclua essa fruta na rotina!","breadcrumb":{"@id":"https:\/\/www.correiobraziliense.com.br\/cbradar\/a-fruta-mais-recomendada-por-nutricionistas-para-recuperar-musculos-apos-um-treino-pesado\/#breadcrumb"},"inLanguage":"pt-BR","potentialAction":[{"@type":"ReadAction","target":["https:\/\/www.correiobraziliense.com.br\/cbradar\/a-fruta-mais-recomendada-por-nutricionistas-para-recuperar-musculos-apos-um-treino-pesado\/"]}]},{"@type":"ImageObject","inLanguage":"pt-BR","@id":"https:\/\/www.correiobraziliense.com.br\/cbradar\/a-fruta-mais-recomendada-por-nutricionistas-para-recuperar-musculos-apos-um-treino-pesado\/#primaryimage","url":"https:\/\/www.correiobraziliense.com.br\/cbradar\/wp-content\/uploads\/2025\/07\/cereja_1752442132411.jpg","contentUrl":"https:\/\/www.correiobraziliense.com.br\/cbradar\/wp-content\/uploads\/2025\/07\/cereja_1752442132411.jpg","width":1280,"height":720,"caption":"cereja. Cr\u00e9ditos: depositphotos.com \/ Greatstock"},{"@type":"BreadcrumbList","@id":"https:\/\/www.correiobraziliense.com.br\/cbradar\/a-fruta-mais-recomendada-por-nutricionistas-para-recuperar-musculos-apos-um-treino-pesado\/#breadcrumb","itemListElement":[{"@type":"ListItem","position":1,"name":"In\u00edcio","item":"https:\/\/www.correiobraziliense.com.br\/cbradar\/"},{"@type":"ListItem","position":2,"name":"A fruta mais recomendada por nutricionistas para recuperar m\u00fasculos ap\u00f3s um treino pesado"}]},{"@type":"WebSite","@id":"https:\/\/www.correiobraziliense.com.br\/cbradar\/#website","url":"https:\/\/www.correiobraziliense.com.br\/cbradar\/","name":"Correio Braziliense - Radar","description":"Acompanhe as \u00faltimas not\u00edcias e fique bem informado sobre tudo o que acontece no Brasil e no mundo.","potentialAction":[{"@type":"SearchAction","target":{"@type":"EntryPoint","urlTemplate":"https:\/\/www.correiobraziliense.com.br\/cbradar\/?s={search_term_string}"},"query-input":{"@type":"PropertyValueSpecification","valueRequired":true,"valueName":"search_term_string"}}],"inLanguage":"pt-BR"},{"@type":"Person","@id":"https:\/\/www.correiobraziliense.com.br\/cbradar\/#\/schema\/person\/58422787644df994b53a19d3e56c1513","name":"Larissa Carvalho","image":{"@type":"ImageObject","inLanguage":"pt-BR","@id":"https:\/\/www.correiobraziliense.com.br\/cbradar\/#\/schema\/person\/image\/","url":"https:\/\/secure.gravatar.com\/avatar\/fe4f91a0de32b52a838d0d612abdc1aa?s=96&d=mm&r=g","contentUrl":"https:\/\/secure.gravatar.com\/avatar\/fe4f91a0de32b52a838d0d612abdc1aa?s=96&d=mm&r=g","caption":"Larissa Carvalho"},"url":"https:\/\/www.correiobraziliense.com.br\/cbradar\/author\/larissamyth\/"}]}},"_links":{"self":[{"href":"https:\/\/www.correiobraziliense.com.br\/cbradar\/wp-json\/wp\/v2\/posts\/69461","targetHints":{"allow":["GET"]}}],"collection":[{"href":"https:\/\/www.correiobraziliense.com.br\/cbradar\/wp-json\/wp\/v2\/posts"}],"about":[{"href":"https:\/\/www.correiobraziliense.com.br\/cbradar\/wp-json\/wp\/v2\/types\/post"}],"author":[{"embeddable":true,"href":"https:\/\/www.correiobraziliense.com.br\/cbradar\/wp-json\/wp\/v2\/users\/3"}],"replies":[{"embeddable":true,"href":"https:\/\/www.correiobraziliense.com.br\/cbradar\/wp-json\/wp\/v2\/comments?post=69461"}],"version-history":[{"count":1,"href":"https:\/\/www.correiobraziliense.com.br\/cbradar\/wp-json\/wp\/v2\/posts\/69461\/revisions"}],"predecessor-version":[{"id":69464,"href":"https:\/\/www.correiobraziliense.com.br\/cbradar\/wp-json\/wp\/v2\/posts\/69461\/revisions\/69464"}],"wp:featuredmedia":[{"embeddable":true,"href":"https:\/\/www.correiobraziliense.com.br\/cbradar\/wp-json\/wp\/v2\/media\/69462"}],"wp:attachment":[{"href":"https:\/\/www.correiobraziliense.com.br\/cbradar\/wp-json\/wp\/v2\/media?parent=69461"}],"wp:term":[{"taxonomy":"category","embeddable":true,"href":"https:\/\/www.correiobraziliense.com.br\/cbradar\/wp-json\/wp\/v2\/categories?post=69461"},{"taxonomy":"post_tag","embeddable":true,"href":"https:\/\/www.correiobraziliense.com.br\/cbradar\/wp-json\/wp\/v2\/post_tag?post=69461"}],"curies":[{"name":"wp","href":"https:\/\/api.w.org\/{rel}","templated":true}]}}