{"id":69548,"date":"2025-07-15T20:33:00","date_gmt":"2025-07-15T23:33:00","guid":{"rendered":"https:\/\/www.correiobraziliense.com.br\/cbradar\/?p=69548"},"modified":"2025-07-14T08:44:22","modified_gmt":"2025-07-14T11:44:22","slug":"o-maior-misterio-das-pessoas-dificeis-de-ler-segundo-a-psicologia","status":"publish","type":"post","link":"https:\/\/www.correiobraziliense.com.br\/cbradar\/o-maior-misterio-das-pessoas-dificeis-de-ler-segundo-a-psicologia\/","title":{"rendered":"O maior mist\u00e9rio das pessoas dif\u00edceis de ler, segundo a psicologia"},"content":{"rendered":"\n<p>Compreender comportamentos humanos pode ser um verdadeiro desafio, especialmente quando se trata de indiv\u00edduos que apresentam atitudes consideradas dif\u00edceis de interpretar. Essas pessoas costumam ser descritas como <strong>\u201cdif\u00edceis de ler\u201d<\/strong> devido \u00e0 facilidade com que conseguem ocultar sentimentos e inten\u00e7\u00f5es. A psicologia aponta que certas atitudes tornam algu\u00e9m mais reservado e enigm\u00e1tico, o que desperta curiosidade e, ao mesmo tempo, pode gerar dificuldades em intera\u00e7\u00f5es cotidianas.<\/p>\n\n\n\n<p>Pessoas cuja postura evidencia poucas pistas sobre emo\u00e7\u00f5es geralmente agem desse modo como uma forma de autoprote\u00e7\u00e3o. O funcionamento dessas rela\u00e7\u00f5es exige respeito aos limites do outro, visto que cada ser humano possui sua pr\u00f3pria maneira de se expressar e lidar com experi\u00eancias pessoais. Essas particularidades transformam o conv\u00edvio em uma troca de descobertas, mas tamb\u00e9m de desafios constantes.<\/p>\n\n\n\n<h2 class=\"wp-block-heading\">Quais s\u00e3o os comportamentos t\u00edpicos de quem \u00e9 dif\u00edcil de ler?<\/h2>\n\n\n\n<p><strong>A principal caracter\u00edstica desse perfil \u00e9 a habilidade de manter express\u00f5es neutras, mesmo em situa\u00e7\u00f5es nas quais muitos demonstrariam rea\u00e7\u00f5es vis\u00edveis.<\/strong> O chamado \u201cpoker face\u201d \u00e9 um exemplo cl\u00e1ssico, em que a pessoa n\u00e3o revela emo\u00e7\u00f5es faciais claras, dificultando a leitura de sentimentos. Al\u00e9m disso, varia\u00e7\u00f5es constantes de humor e comportamento inesperado contribuem para o ar de imprevisibilidade.<\/p>\n\n\n\n<p>Dentre as atitudes mais notadas, destacam-se a tend\u00eancia a evitar perguntas sobre a vida pessoal, a habilidade de direcionar conversas para terceiros e o h\u00e1bito de escutar mais do que falar. Outro comportamento recorrente \u00e9 o distanciamento moment\u00e2neo durante conversas, como se estivessem alheios, focados em pensamentos profundos. Tais pr\u00e1ticas refor\u00e7am a impress\u00e3o de que est\u00e3o sempre com \u201cas cartas escondidas\u201d.<\/p>\n\n\n\n<p>Leia tamb\u00e9m: <a href=\"https:\/\/www.correiobraziliense.com.br\/cbradar\/como-identificar-uma-pessoa-falsa-em-5-minutos-segundo-a-psicologia\/\" target=\"_blank\" rel=\"noreferrer noopener\">Como identificar uma pessoa falsa em 5 minutos, segundo a psicologia<\/a><\/p>\n\n\n\n<h2 class=\"wp-block-heading\">Por que algumas pessoas evitam revelar emo\u00e7\u00f5es?<\/h2>\n\n\n\n<p><strong>Manter sentimentos e opini\u00f5es sob reserva pode ter rela\u00e7\u00e3o com viv\u00eancias anteriores ou simplesmente fazer parte do temperamento individual.<\/strong> Para muitos, esse comportamento representa um mecanismo de defesa frente a situa\u00e7\u00f5es que possam gerar desconforto ou exposi\u00e7\u00e3o indesejada. A psicologia aponta ainda que pessoas mais introspectivas preferem analisar silenciosamente antes de reagir, preservando assim sua esfera pessoal.<\/p>\n\n\n\n<ul class=\"wp-block-list\">\n<li><strong>Autoprote\u00e7\u00e3o:<\/strong> Evitar demonstrar fraquezas e proteger-se de julgamentos.<\/li>\n\n\n\n<li><strong>Necessidade de privacidade:<\/strong> Alguns valorizam o pr\u00f3prio espa\u00e7o e preferem n\u00e3o compartilhar detalhes \u00edntimos.<\/li>\n\n\n\n<li><strong>Cautela em novos relacionamentos:<\/strong> Reservar opini\u00f5es at\u00e9 que sintam confian\u00e7a no ambiente.<\/li>\n<\/ul>\n\n\n\n<p>Vale lembrar que essa postura n\u00e3o significa, necessariamente, desinteresse ou distanciamento emocional, mas sim uma prefer\u00eancia por intera\u00e7\u00f5es mais discretas e ponderadas.<\/p>\n\n\n\n<figure class=\"wp-block-image size-large\"><img decoding=\"async\" width=\"1024\" height=\"576\" src=\"https:\/\/www.correiobraziliense.com.br\/cbradar\/wp-content\/uploads\/2025\/07\/pessoa-conversando_1752493429885-1024x576.jpg\" alt=\"O maior mist\u00e9rio das pessoas dif\u00edceis de ler, segundo a psicologia\" class=\"wp-image-69551\" srcset=\"https:\/\/www.correiobraziliense.com.br\/cbradar\/wp-content\/uploads\/2025\/07\/pessoa-conversando_1752493429885-1024x576.jpg 1024w, https:\/\/www.correiobraziliense.com.br\/cbradar\/wp-content\/uploads\/2025\/07\/pessoa-conversando_1752493429885-300x169.jpg 300w, https:\/\/www.correiobraziliense.com.br\/cbradar\/wp-content\/uploads\/2025\/07\/pessoa-conversando_1752493429885-768x432.jpg 768w, https:\/\/www.correiobraziliense.com.br\/cbradar\/wp-content\/uploads\/2025\/07\/pessoa-conversando_1752493429885-750x422.jpg 750w, https:\/\/www.correiobraziliense.com.br\/cbradar\/wp-content\/uploads\/2025\/07\/pessoa-conversando_1752493429885-1140x641.jpg 1140w, https:\/\/www.correiobraziliense.com.br\/cbradar\/wp-content\/uploads\/2025\/07\/pessoa-conversando_1752493429885.jpg 1280w\" sizes=\"(max-width: 1024px) 100vw, 1024px\" \/><figcaption class=\"wp-element-caption\">pessoa conversando. Cr\u00e9ditos: depositphotos.com \/ AndrewLozovyi<\/figcaption><\/figure>\n\n\n\n<h2 class=\"wp-block-heading\">Como lidar com pessoas de dif\u00edcil leitura?<\/h2>\n\n\n\n<p><strong>Conviver com algu\u00e9m cujo comportamento \u00e9 pouco transparente exige dedica\u00e7\u00e3o e respeito pelos limites interpessoais.<\/strong> Para facilitar o entendimento e a conviv\u00eancia, algumas pr\u00e1ticas s\u00e3o recomendadas:<\/p>\n\n\n\n<ol class=\"wp-block-list\">\n<li><strong>Escuta ativa:<\/strong> Demonstrar interesse genu\u00edno pode abrir espa\u00e7o para que o outro se sinta confort\u00e1vel em compartilhar mais.<\/li>\n\n\n\n<li><strong>Evitar press\u00e3o:<\/strong> Incentivar a abertura, mas respeitar o ritmo do outro \u00e9 crucial.<\/li>\n\n\n\n<li><strong>Observar atitudes:<\/strong> Detalhes do cotidiano podem fornecer pistas sobre sentimentos e pensamentos, mesmo sem palavras.<\/li>\n\n\n\n<li><strong>Valorizar o sil\u00eancio:<\/strong> Nem sempre o sil\u00eancio indica rejei\u00e7\u00e3o ou desinteresse; pode ser apenas parte da personalidade.<\/li>\n<\/ol>\n\n\n\n<p>Entender o modo de agir dessas pessoas pode enriquecer as rela\u00e7\u00f5es, promovendo maior harmonia e respeito \u00e0s individualidades de cada um.<\/p>\n\n\n\n<h2 class=\"wp-block-heading\">O mist\u00e9rio faz parte da ess\u00eancia humana?<\/h2>\n\n\n\n<p><strong>A complexidade e a pluralidade de perfis comportamentais ajudam a compor os diversos cen\u00e1rios presentes nas rela\u00e7\u00f5es humanas.<\/strong> Indiv\u00edduos considerados dif\u00edceis de ler lembram que o mist\u00e9rio \u00e9, de certa maneira, inerente a todos. O respeito \u00e0 singularidade de cada pessoa gera ambientes mais inclusivos e compreensivos.<\/p>\n\n\n\n<p>Desvendar comportamentos enigm\u00e1ticos n\u00e3o deve ser o \u00fanico objetivo durante as intera\u00e7\u00f5es. Entender que cada ser humano carrega experi\u00eancias \u00fanicas refor\u00e7a a necessidade do respeito m\u00fatuo. O enigma, muitas vezes, oferece oportunidades de aprendizado e crescimento dentro das rela\u00e7\u00f5es, estimulando a compreens\u00e3o de que a diversidade de posturas \u00e9, de fato, uma das maiores riquezas das conviv\u00eancias humanas.<\/p>\n","protected":false},"excerpt":{"rendered":"<p>Entender o mist\u00e9rio por tr\u00e1s de pessoas reservadas \u00e9 poss\u00edvel. Veja dicas da psicologia para conviver melhor e identificar sinais sutis.<\/p>\n","protected":false},"author":3,"featured_media":69550,"comment_status":"open","ping_status":"open","sticky":false,"template":"","format":"standard","meta":{"_yoast_wpseo_focuskw":"pessoas dif\u00edceis de ler","_yoast_wpseo_title":"%%title%%","_yoast_wpseo_metadesc":"Entender o mist\u00e9rio por tr\u00e1s de pessoas reservadas \u00e9 poss\u00edvel. Veja dicas da psicologia para conviver melhor e identificar sinais sutis.","jnews-multi-image_gallery":[],"jnews_single_post":{"format":"standard"},"jnews_primary_category":[],"jnews_social_meta":[],"jnews_override_counter":[],"footnotes":""},"categories":[112],"post_tag":[144,404],"class_list":["post-69548","post","type-post","status-publish","format-standard","has-post-thumbnail","hentry","category-curiosidades","tag-curiosidades","tag-psicologia"],"yoast_head":"<!-- This site is optimized with the Yoast SEO plugin v24.6 - https:\/\/yoast.com\/wordpress\/plugins\/seo\/ -->\n<title>O maior mist\u00e9rio das pessoas dif\u00edceis de ler, segundo a psicologia<\/title>\n<meta name=\"description\" content=\"Entender o mist\u00e9rio por tr\u00e1s de pessoas reservadas \u00e9 poss\u00edvel. Veja dicas da psicologia para conviver melhor e identificar sinais sutis.\" \/>\n<meta name=\"robots\" content=\"index, follow, max-snippet:-1, max-image-preview:large, max-video-preview:-1\" \/>\n<link rel=\"canonical\" href=\"https:\/\/www.correiobraziliense.com.br\/cbradar\/o-maior-misterio-das-pessoas-dificeis-de-ler-segundo-a-psicologia\/\" \/>\n<meta property=\"og:locale\" content=\"pt_BR\" \/>\n<meta property=\"og:type\" content=\"article\" \/>\n<meta property=\"og:title\" content=\"O maior mist\u00e9rio das pessoas dif\u00edceis de ler, segundo a psicologia\" \/>\n<meta property=\"og:description\" content=\"Entender o mist\u00e9rio por tr\u00e1s de pessoas reservadas \u00e9 poss\u00edvel. Veja dicas da psicologia para conviver melhor e identificar sinais sutis.\" \/>\n<meta property=\"og:url\" content=\"https:\/\/www.correiobraziliense.com.br\/cbradar\/o-maior-misterio-das-pessoas-dificeis-de-ler-segundo-a-psicologia\/\" \/>\n<meta property=\"og:site_name\" content=\"Correio Braziliense - Radar\" \/>\n<meta property=\"article:published_time\" content=\"2025-07-15T23:33:00+00:00\" \/>\n<meta property=\"og:image\" content=\"https:\/\/www.correiobraziliense.com.br\/cbradar\/wp-content\/uploads\/2025\/07\/pessoa-conversando_1752493353612.jpg\" \/>\n\t<meta property=\"og:image:width\" content=\"1280\" \/>\n\t<meta property=\"og:image:height\" content=\"720\" \/>\n\t<meta property=\"og:image:type\" content=\"image\/jpeg\" \/>\n<meta name=\"author\" content=\"Larissa Carvalho\" \/>\n<meta name=\"twitter:card\" content=\"summary_large_image\" \/>\n<meta name=\"twitter:label1\" content=\"Escrito por\" \/>\n\t<meta name=\"twitter:data1\" content=\"Larissa Carvalho\" \/>\n\t<meta name=\"twitter:label2\" content=\"Est. tempo de leitura\" \/>\n\t<meta name=\"twitter:data2\" content=\"4 minutos\" \/>\n<!-- \/ Yoast SEO plugin. -->","yoast_head_json":{"title":"O maior mist\u00e9rio das pessoas dif\u00edceis de ler, segundo a psicologia","description":"Entender o mist\u00e9rio por tr\u00e1s de pessoas reservadas \u00e9 poss\u00edvel. Veja dicas da psicologia para conviver melhor e identificar sinais sutis.","robots":{"index":"index","follow":"follow","max-snippet":"max-snippet:-1","max-image-preview":"max-image-preview:large","max-video-preview":"max-video-preview:-1"},"canonical":"https:\/\/www.correiobraziliense.com.br\/cbradar\/o-maior-misterio-das-pessoas-dificeis-de-ler-segundo-a-psicologia\/","og_locale":"pt_BR","og_type":"article","og_title":"O maior mist\u00e9rio das pessoas dif\u00edceis de ler, segundo a psicologia","og_description":"Entender o mist\u00e9rio por tr\u00e1s de pessoas reservadas \u00e9 poss\u00edvel. Veja dicas da psicologia para conviver melhor e identificar sinais sutis.","og_url":"https:\/\/www.correiobraziliense.com.br\/cbradar\/o-maior-misterio-das-pessoas-dificeis-de-ler-segundo-a-psicologia\/","og_site_name":"Correio Braziliense - Radar","article_published_time":"2025-07-15T23:33:00+00:00","og_image":[{"width":1280,"height":720,"url":"https:\/\/www.correiobraziliense.com.br\/cbradar\/wp-content\/uploads\/2025\/07\/pessoa-conversando_1752493353612.jpg","type":"image\/jpeg"}],"author":"Larissa Carvalho","twitter_card":"summary_large_image","twitter_misc":{"Escrito por":"Larissa Carvalho","Est. tempo de leitura":"4 minutos"},"schema":{"@context":"https:\/\/schema.org","@graph":[{"@type":"WebPage","@id":"https:\/\/www.correiobraziliense.com.br\/cbradar\/o-maior-misterio-das-pessoas-dificeis-de-ler-segundo-a-psicologia\/","url":"https:\/\/www.correiobraziliense.com.br\/cbradar\/o-maior-misterio-das-pessoas-dificeis-de-ler-segundo-a-psicologia\/","name":"O maior mist\u00e9rio das pessoas dif\u00edceis de ler, segundo a psicologia","isPartOf":{"@id":"https:\/\/www.correiobraziliense.com.br\/cbradar\/#website"},"primaryImageOfPage":{"@id":"https:\/\/www.correiobraziliense.com.br\/cbradar\/o-maior-misterio-das-pessoas-dificeis-de-ler-segundo-a-psicologia\/#primaryimage"},"image":{"@id":"https:\/\/www.correiobraziliense.com.br\/cbradar\/o-maior-misterio-das-pessoas-dificeis-de-ler-segundo-a-psicologia\/#primaryimage"},"thumbnailUrl":"https:\/\/www.correiobraziliense.com.br\/cbradar\/wp-content\/uploads\/2025\/07\/pessoa-conversando_1752493353612.jpg","datePublished":"2025-07-15T23:33:00+00:00","author":{"@id":"https:\/\/www.correiobraziliense.com.br\/cbradar\/#\/schema\/person\/58422787644df994b53a19d3e56c1513"},"description":"Entender o mist\u00e9rio por tr\u00e1s de pessoas reservadas \u00e9 poss\u00edvel. Veja dicas da psicologia para conviver melhor e identificar sinais sutis.","breadcrumb":{"@id":"https:\/\/www.correiobraziliense.com.br\/cbradar\/o-maior-misterio-das-pessoas-dificeis-de-ler-segundo-a-psicologia\/#breadcrumb"},"inLanguage":"pt-BR","potentialAction":[{"@type":"ReadAction","target":["https:\/\/www.correiobraziliense.com.br\/cbradar\/o-maior-misterio-das-pessoas-dificeis-de-ler-segundo-a-psicologia\/"]}]},{"@type":"ImageObject","inLanguage":"pt-BR","@id":"https:\/\/www.correiobraziliense.com.br\/cbradar\/o-maior-misterio-das-pessoas-dificeis-de-ler-segundo-a-psicologia\/#primaryimage","url":"https:\/\/www.correiobraziliense.com.br\/cbradar\/wp-content\/uploads\/2025\/07\/pessoa-conversando_1752493353612.jpg","contentUrl":"https:\/\/www.correiobraziliense.com.br\/cbradar\/wp-content\/uploads\/2025\/07\/pessoa-conversando_1752493353612.jpg","width":1280,"height":720,"caption":"pessoa conversando. Cr\u00e9ditos: depositphotos.com \/ VitalikRadko"},{"@type":"BreadcrumbList","@id":"https:\/\/www.correiobraziliense.com.br\/cbradar\/o-maior-misterio-das-pessoas-dificeis-de-ler-segundo-a-psicologia\/#breadcrumb","itemListElement":[{"@type":"ListItem","position":1,"name":"In\u00edcio","item":"https:\/\/www.correiobraziliense.com.br\/cbradar\/"},{"@type":"ListItem","position":2,"name":"O maior mist\u00e9rio das pessoas dif\u00edceis de ler, segundo a psicologia"}]},{"@type":"WebSite","@id":"https:\/\/www.correiobraziliense.com.br\/cbradar\/#website","url":"https:\/\/www.correiobraziliense.com.br\/cbradar\/","name":"Correio Braziliense - Radar","description":"Acompanhe as \u00faltimas not\u00edcias e fique bem informado sobre tudo o que acontece no Brasil e no mundo.","potentialAction":[{"@type":"SearchAction","target":{"@type":"EntryPoint","urlTemplate":"https:\/\/www.correiobraziliense.com.br\/cbradar\/?s={search_term_string}"},"query-input":{"@type":"PropertyValueSpecification","valueRequired":true,"valueName":"search_term_string"}}],"inLanguage":"pt-BR"},{"@type":"Person","@id":"https:\/\/www.correiobraziliense.com.br\/cbradar\/#\/schema\/person\/58422787644df994b53a19d3e56c1513","name":"Larissa Carvalho","image":{"@type":"ImageObject","inLanguage":"pt-BR","@id":"https:\/\/www.correiobraziliense.com.br\/cbradar\/#\/schema\/person\/image\/","url":"https:\/\/secure.gravatar.com\/avatar\/fe4f91a0de32b52a838d0d612abdc1aa?s=96&d=mm&r=g","contentUrl":"https:\/\/secure.gravatar.com\/avatar\/fe4f91a0de32b52a838d0d612abdc1aa?s=96&d=mm&r=g","caption":"Larissa Carvalho"},"url":"https:\/\/www.correiobraziliense.com.br\/cbradar\/author\/larissamyth\/"}]}},"_links":{"self":[{"href":"https:\/\/www.correiobraziliense.com.br\/cbradar\/wp-json\/wp\/v2\/posts\/69548","targetHints":{"allow":["GET"]}}],"collection":[{"href":"https:\/\/www.correiobraziliense.com.br\/cbradar\/wp-json\/wp\/v2\/posts"}],"about":[{"href":"https:\/\/www.correiobraziliense.com.br\/cbradar\/wp-json\/wp\/v2\/types\/post"}],"author":[{"embeddable":true,"href":"https:\/\/www.correiobraziliense.com.br\/cbradar\/wp-json\/wp\/v2\/users\/3"}],"replies":[{"embeddable":true,"href":"https:\/\/www.correiobraziliense.com.br\/cbradar\/wp-json\/wp\/v2\/comments?post=69548"}],"version-history":[{"count":2,"href":"https:\/\/www.correiobraziliense.com.br\/cbradar\/wp-json\/wp\/v2\/posts\/69548\/revisions"}],"predecessor-version":[{"id":69552,"href":"https:\/\/www.correiobraziliense.com.br\/cbradar\/wp-json\/wp\/v2\/posts\/69548\/revisions\/69552"}],"wp:featuredmedia":[{"embeddable":true,"href":"https:\/\/www.correiobraziliense.com.br\/cbradar\/wp-json\/wp\/v2\/media\/69550"}],"wp:attachment":[{"href":"https:\/\/www.correiobraziliense.com.br\/cbradar\/wp-json\/wp\/v2\/media?parent=69548"}],"wp:term":[{"taxonomy":"category","embeddable":true,"href":"https:\/\/www.correiobraziliense.com.br\/cbradar\/wp-json\/wp\/v2\/categories?post=69548"},{"taxonomy":"post_tag","embeddable":true,"href":"https:\/\/www.correiobraziliense.com.br\/cbradar\/wp-json\/wp\/v2\/post_tag?post=69548"}],"curies":[{"name":"wp","href":"https:\/\/api.w.org\/{rel}","templated":true}]}}