{"id":69553,"date":"2025-07-15T16:03:00","date_gmt":"2025-07-15T19:03:00","guid":{"rendered":"https:\/\/www.correiobraziliense.com.br\/cbradar\/?p=69553"},"modified":"2025-07-14T08:47:05","modified_gmt":"2025-07-14T11:47:05","slug":"o-maior-evento-de-ondas-gravitacionais-ja-registrado-desafia-a-ciencia-mundial","status":"publish","type":"post","link":"https:\/\/www.correiobraziliense.com.br\/cbradar\/o-maior-evento-de-ondas-gravitacionais-ja-registrado-desafia-a-ciencia-mundial\/","title":{"rendered":"O maior evento de ondas gravitacionais j\u00e1 registrado desafia a ci\u00eancia mundial"},"content":{"rendered":"\n<p>As ondas gravitacionais v\u00eam revolucionando o modo como a humanidade observa e interpreta o Universo. Detectadas pela primeira vez em 2015 pelo experimento conhecido como <strong>LIGO<\/strong>, essas perturba\u00e7\u00f5es no espa\u00e7o-tempo surgem quando eventos c\u00f3smicos extremos \u2014 como colis\u00f5es de buracos negros \u2014 liberam energia suficiente para atravessar grandes dist\u00e2ncias e serem captadas na Terra. Recentemente, uma descoberta surpreendente agitou o meio cient\u00edfico: o mais colossal evento de fus\u00e3o de buracos negros j\u00e1 registrado at\u00e9 hoje, identificado pela sigla GW231123.<\/p>\n\n\n\n<p>No final de novembro de 2023, sinais de uma onda gravitacional gigantesca alcan\u00e7aram os detectores do <strong>LIGO<\/strong>, localizado nos <strong>Estados Unidos<\/strong>. Este novo registro se destaca tanto pelo tamanho descomunal dos buracos negros envolvidos quanto pelas propriedades incomuns do evento. O resultado dessa uni\u00e3o c\u00f3smica foi a forma\u00e7\u00e3o de um buraco negro com massa superior a 225 vezes a do Sol, superando significativamente o recorde anterior no campo. O fen\u00f4meno n\u00e3o apenas desafia as teorias cl\u00e1ssicas de evolu\u00e7\u00e3o estelar, mas tamb\u00e9m coloca quest\u00f5es fundamentais sobre como tais sistemas podem existir e se formar.<\/p>\n\n\n\n<h2 class=\"wp-block-heading\">O que s\u00e3o ondas gravitacionais e como s\u00e3o detectadas?<\/h2>\n\n\n\n<p><strong>Ondas gravitacionais s\u00e3o flutua\u00e7\u00f5es no tecido do espa\u00e7o-tempo, criadas por fen\u00f4menos astrof\u00edsicos de enorme intensidade, como a colis\u00e3o de buracos negros ou estrelas de n\u00eautrons.<\/strong> Segundo a teoria da relatividade geral de <strong>Albert Einstein<\/strong>, eventos que envolvem massas aceleradas deformam o espa\u00e7o-tempo e produzem essas ondas, que viajam pelo cosmos \u00e0 velocidade da luz. A detec\u00e7\u00e3o, contudo, exige instrumentos capazes de medir min\u00fasculas distor\u00e7\u00f5es, o que s\u00f3 se tornou poss\u00edvel com o desenvolvimento de interfer\u00f4metros extremamente sens\u00edveis como os do LIGO e seus parceiros internacionais <strong>Virgo<\/strong> e <strong>KAGRA<\/strong>.<\/p>\n\n\n\n<p>Funciona basicamente assim: dois bra\u00e7os do interfer\u00f4metro, dispostos perpendicularmente, usam lasers para medir diferen\u00e7as no comprimento provocadas pela passagem da onda gravitacional. Altera\u00e7\u00f5es de escala microsc\u00f3pica indicam que uma onda, ao se propagar pela Terra, distorceu o espa\u00e7o naquele local. Desde 2015, dezenas de fus\u00f5es de buracos negros e estrelas de n\u00eautrons j\u00e1 foram registradas pelos observat\u00f3rios, abrindo uma nova era para a astronomia e para a f\u00edsica.<\/p>\n\n\n\n<p>Leia tamb\u00e9m: <a href=\"https:\/\/www.correiobraziliense.com.br\/cbradar\/a-maior-promessa-da-astronomia-em-2025-envolve-este-planeta-invisivel\/\" target=\"_blank\" rel=\"noreferrer noopener\">A maior promessa da astronomia em 2025 envolve este planeta invis\u00edvel<\/a><\/p>\n\n\n\n<h2 class=\"wp-block-heading\">Buracos negros gigantes: um novo desafio para a astrof\u00edsica<\/h2>\n\n\n\n<p><strong>O evento chamado GW231123 apresenta algumas peculiaridades que intrigam os especialistas.<\/strong> Os dois buracos negros envolvidos tinham massas de 137 e 103 vezes a do Sol, respectivamente. Antes desse epis\u00f3dio, o maior buraco negro criado em uma fus\u00e3o era consideravelmente menor, ressaltando a singularidade desse novo registro. Al\u00e9m disso, os sinais sugerem que os objetos estavam girando a velocidades pr\u00f3ximas ao limite te\u00f3rico previsto pela relatividade geral, o que torna o evento particularmente dif\u00edcil de modelar com as ferramentas tradicionais.<\/p>\n\n\n\n<p>Segundo modelos cl\u00e1ssicos de forma\u00e7\u00e3o estelar, buracos negros dessa magnitude n\u00e3o deveriam se originar diretamente de estrelas; eles, possivelmente, s\u00e3o frutos de fus\u00f5es anteriores envolvendo buracos negros menores. Essa hip\u00f3tese refor\u00e7a a ideia de que existe um processo escalonado no crescimento desses objetos, com m\u00faltiplos eventos de coalesc\u00eancia ao longo do tempo. A an\u00e1lise detalhada do evento GW231123 e de suas particularidades pode ajudar a esclarecer como essas gigantescas entidades c\u00f3smicas se formam e evoluem no caos gravitacional do universo.<\/p>\n\n\n\n<figure class=\"wp-block-image size-large\"><img decoding=\"async\" width=\"1024\" height=\"576\" src=\"https:\/\/www.correiobraziliense.com.br\/cbradar\/wp-content\/uploads\/2025\/07\/ondas-gravitacionais_1752493564567-1024x576.jpg\" alt=\"O maior evento de ondas gravitacionais j\u00e1 registrado desafia a ci\u00eancia mundial\" class=\"wp-image-69556\" srcset=\"https:\/\/www.correiobraziliense.com.br\/cbradar\/wp-content\/uploads\/2025\/07\/ondas-gravitacionais_1752493564567-1024x576.jpg 1024w, https:\/\/www.correiobraziliense.com.br\/cbradar\/wp-content\/uploads\/2025\/07\/ondas-gravitacionais_1752493564567-300x169.jpg 300w, https:\/\/www.correiobraziliense.com.br\/cbradar\/wp-content\/uploads\/2025\/07\/ondas-gravitacionais_1752493564567-768x432.jpg 768w, https:\/\/www.correiobraziliense.com.br\/cbradar\/wp-content\/uploads\/2025\/07\/ondas-gravitacionais_1752493564567-750x422.jpg 750w, https:\/\/www.correiobraziliense.com.br\/cbradar\/wp-content\/uploads\/2025\/07\/ondas-gravitacionais_1752493564567-1140x641.jpg 1140w, https:\/\/www.correiobraziliense.com.br\/cbradar\/wp-content\/uploads\/2025\/07\/ondas-gravitacionais_1752493564567.jpg 1280w\" sizes=\"(max-width: 1024px) 100vw, 1024px\" \/><figcaption class=\"wp-element-caption\">ondas gravitacionais. Cr\u00e9ditos: depositphotos.com \/ ideaice@hotmail.com<\/figcaption><\/figure>\n\n\n\n<h2 class=\"wp-block-heading\">Como a descoberta de GW231123 pode transformar o entendimento sobre o universo?<\/h2>\n\n\n\n<p><strong>O estudo desse novo evento abre portas para revis\u00f5es importantes sobre os mecanismos de forma\u00e7\u00e3o de buracos negros supermassivos.<\/strong> A surpreendente estabilidade da fus\u00e3o, aliada \u00e0 rota\u00e7\u00e3o vertiginosa das massas envolvidas, coloca em discuss\u00e3o as fronteiras da f\u00edsica de buracos negros. Entre os principais pontos de destaque trazidos pela detec\u00e7\u00e3o do GW231123, est\u00e3o:<\/p>\n\n\n\n<ul class=\"wp-block-list\">\n<li><strong>Desafios para modelos cl\u00e1ssicos:<\/strong> O evento n\u00e3o se encaixa facilmente nas teorias tradicionais de evolu\u00e7\u00e3o estelar e buracos negros, sinalizando a necessidade de ajustar ou expandir os conhecimentos atuais.<\/li>\n\n\n\n<li><strong>Novos caminhos de forma\u00e7\u00e3o:<\/strong> A possibilidade de fus\u00f5es sucessivas e ac\u00famulo de massa sugere cen\u00e1rios mais complexos para o surgimento desses objetos ex\u00f3ticos.<\/li>\n\n\n\n<li><strong>Aprimoramento das ferramentas te\u00f3ricas:<\/strong> Sinais t\u00e3o intensos e r\u00e1pidos, medidos em fra\u00e7\u00f5es de segundo, impulsionam o desenvolvimento de novos modelos matem\u00e1ticos e simula\u00e7\u00f5es.<\/li>\n\n\n\n<li><strong>Poss\u00edveis impactos na cosmologia:<\/strong> A detec\u00e7\u00e3o de ondas gravitacionais originadas por buracos negros gigantes pode contribuir para entender etapas iniciais do universo e at\u00e9 aspectos da mat\u00e9ria escura.<\/li>\n<\/ul>\n\n\n\n<h2 class=\"wp-block-heading\">O futuro da pesquisa em ondas gravitacionais<\/h2>\n\n\n\n<p><strong>Com a cataloga\u00e7\u00e3o de dezenas de eventos desde 2015, observa-se que o estudo das ondas gravitacionais est\u00e1 apenas no come\u00e7o de seu potencial.<\/strong> O sinal GW231123 ilustra que o universo cont\u00e9m fen\u00f4menos al\u00e9m da imagina\u00e7\u00e3o, exigindo instrumentos cada vez mais sens\u00edveis e an\u00e1lises inovadoras. Os dados desse evento, disponibilizados para a comunidade cient\u00edfica em 2025, prometem fomentar investiga\u00e7\u00f5es nos mais diversos campos da f\u00edsica e da astronomia.<\/p>\n\n\n\n<p>O desenrolar das pesquisas deve ser acompanhado atentamente nos pr\u00f3ximos anos, \u00e0 medida que novas detec\u00e7\u00f5es e avan\u00e7os tecnol\u00f3gicos ampliam as fronteiras j\u00e1 ultrapassadas por LIGO, Virgo e KAGRA. Com cada nova onda gravitacional registrada, pouco a pouco, as pe\u00e7as do quebra-cabe\u00e7a c\u00f3smico v\u00e3o sendo reveladas, trazendo \u00e0 tona as complexidades da forma\u00e7\u00e3o dos maiores buracos negros j\u00e1 conhecidos e oferecendo pistas valiosas sobre os mist\u00e9rios do espa\u00e7o-tempo.<\/p>\n","protected":false},"excerpt":{"rendered":"<p>Fus\u00e3o de buracos negros gigantes desafia modelos cl\u00e1ssicos e promete transformar o estudo das ondas gravitacionais. Saiba tudo sobre o fen\u00f4meno GW231123.<\/p>\n","protected":false},"author":3,"featured_media":69555,"comment_status":"open","ping_status":"open","sticky":false,"template":"","format":"standard","meta":{"_yoast_wpseo_focuskw":"ondas gravitacionais","_yoast_wpseo_title":"%%title%%","_yoast_wpseo_metadesc":"Fus\u00e3o de buracos negros gigantes desafia modelos cl\u00e1ssicos e promete transformar o estudo das ondas gravitacionais. Saiba tudo sobre o fen\u00f4meno GW231123.","jnews-multi-image_gallery":[],"jnews_single_post":{"format":"standard"},"jnews_primary_category":[],"jnews_social_meta":[],"jnews_override_counter":[],"footnotes":""},"categories":[112],"post_tag":[179,736,144],"class_list":["post-69553","post","type-post","status-publish","format-standard","has-post-thumbnail","hentry","category-curiosidades","tag-astronomia","tag-ciencia","tag-curiosidades"],"yoast_head":"<!-- This site is optimized with the Yoast SEO plugin v24.6 - https:\/\/yoast.com\/wordpress\/plugins\/seo\/ -->\n<title>O maior evento de ondas gravitacionais j\u00e1 registrado desafia a ci\u00eancia mundial<\/title>\n<meta name=\"description\" content=\"Fus\u00e3o de buracos negros gigantes desafia modelos cl\u00e1ssicos e promete transformar o estudo das ondas gravitacionais. Saiba tudo sobre o fen\u00f4meno GW231123.\" \/>\n<meta name=\"robots\" content=\"index, follow, max-snippet:-1, max-image-preview:large, max-video-preview:-1\" \/>\n<link rel=\"canonical\" href=\"https:\/\/www.correiobraziliense.com.br\/cbradar\/o-maior-evento-de-ondas-gravitacionais-ja-registrado-desafia-a-ciencia-mundial\/\" \/>\n<meta property=\"og:locale\" content=\"pt_BR\" \/>\n<meta property=\"og:type\" content=\"article\" \/>\n<meta property=\"og:title\" content=\"O maior evento de ondas gravitacionais j\u00e1 registrado desafia a ci\u00eancia mundial\" \/>\n<meta property=\"og:description\" content=\"Fus\u00e3o de buracos negros gigantes desafia modelos cl\u00e1ssicos e promete transformar o estudo das ondas gravitacionais. Saiba tudo sobre o fen\u00f4meno GW231123.\" \/>\n<meta property=\"og:url\" content=\"https:\/\/www.correiobraziliense.com.br\/cbradar\/o-maior-evento-de-ondas-gravitacionais-ja-registrado-desafia-a-ciencia-mundial\/\" \/>\n<meta property=\"og:site_name\" content=\"Correio Braziliense - Radar\" \/>\n<meta property=\"article:published_time\" content=\"2025-07-15T19:03:00+00:00\" \/>\n<meta property=\"og:image\" content=\"https:\/\/www.correiobraziliense.com.br\/cbradar\/wp-content\/uploads\/2025\/07\/ondas-gravitacionais_1752493508036.jpg\" \/>\n\t<meta property=\"og:image:width\" content=\"1280\" \/>\n\t<meta property=\"og:image:height\" content=\"720\" \/>\n\t<meta property=\"og:image:type\" content=\"image\/jpeg\" \/>\n<meta name=\"author\" content=\"Larissa Carvalho\" \/>\n<meta name=\"twitter:card\" content=\"summary_large_image\" \/>\n<meta name=\"twitter:label1\" content=\"Escrito por\" \/>\n\t<meta name=\"twitter:data1\" content=\"Larissa Carvalho\" \/>\n\t<meta name=\"twitter:label2\" content=\"Est. tempo de leitura\" \/>\n\t<meta name=\"twitter:data2\" content=\"6 minutos\" \/>\n<!-- \/ Yoast SEO plugin. -->","yoast_head_json":{"title":"O maior evento de ondas gravitacionais j\u00e1 registrado desafia a ci\u00eancia mundial","description":"Fus\u00e3o de buracos negros gigantes desafia modelos cl\u00e1ssicos e promete transformar o estudo das ondas gravitacionais. Saiba tudo sobre o fen\u00f4meno GW231123.","robots":{"index":"index","follow":"follow","max-snippet":"max-snippet:-1","max-image-preview":"max-image-preview:large","max-video-preview":"max-video-preview:-1"},"canonical":"https:\/\/www.correiobraziliense.com.br\/cbradar\/o-maior-evento-de-ondas-gravitacionais-ja-registrado-desafia-a-ciencia-mundial\/","og_locale":"pt_BR","og_type":"article","og_title":"O maior evento de ondas gravitacionais j\u00e1 registrado desafia a ci\u00eancia mundial","og_description":"Fus\u00e3o de buracos negros gigantes desafia modelos cl\u00e1ssicos e promete transformar o estudo das ondas gravitacionais. Saiba tudo sobre o fen\u00f4meno GW231123.","og_url":"https:\/\/www.correiobraziliense.com.br\/cbradar\/o-maior-evento-de-ondas-gravitacionais-ja-registrado-desafia-a-ciencia-mundial\/","og_site_name":"Correio Braziliense - Radar","article_published_time":"2025-07-15T19:03:00+00:00","og_image":[{"width":1280,"height":720,"url":"https:\/\/www.correiobraziliense.com.br\/cbradar\/wp-content\/uploads\/2025\/07\/ondas-gravitacionais_1752493508036.jpg","type":"image\/jpeg"}],"author":"Larissa Carvalho","twitter_card":"summary_large_image","twitter_misc":{"Escrito por":"Larissa Carvalho","Est. tempo de leitura":"6 minutos"},"schema":{"@context":"https:\/\/schema.org","@graph":[{"@type":"WebPage","@id":"https:\/\/www.correiobraziliense.com.br\/cbradar\/o-maior-evento-de-ondas-gravitacionais-ja-registrado-desafia-a-ciencia-mundial\/","url":"https:\/\/www.correiobraziliense.com.br\/cbradar\/o-maior-evento-de-ondas-gravitacionais-ja-registrado-desafia-a-ciencia-mundial\/","name":"O maior evento de ondas gravitacionais j\u00e1 registrado desafia a ci\u00eancia mundial","isPartOf":{"@id":"https:\/\/www.correiobraziliense.com.br\/cbradar\/#website"},"primaryImageOfPage":{"@id":"https:\/\/www.correiobraziliense.com.br\/cbradar\/o-maior-evento-de-ondas-gravitacionais-ja-registrado-desafia-a-ciencia-mundial\/#primaryimage"},"image":{"@id":"https:\/\/www.correiobraziliense.com.br\/cbradar\/o-maior-evento-de-ondas-gravitacionais-ja-registrado-desafia-a-ciencia-mundial\/#primaryimage"},"thumbnailUrl":"https:\/\/www.correiobraziliense.com.br\/cbradar\/wp-content\/uploads\/2025\/07\/ondas-gravitacionais_1752493508036.jpg","datePublished":"2025-07-15T19:03:00+00:00","author":{"@id":"https:\/\/www.correiobraziliense.com.br\/cbradar\/#\/schema\/person\/58422787644df994b53a19d3e56c1513"},"description":"Fus\u00e3o de buracos negros gigantes desafia modelos cl\u00e1ssicos e promete transformar o estudo das ondas gravitacionais. Saiba tudo sobre o fen\u00f4meno GW231123.","breadcrumb":{"@id":"https:\/\/www.correiobraziliense.com.br\/cbradar\/o-maior-evento-de-ondas-gravitacionais-ja-registrado-desafia-a-ciencia-mundial\/#breadcrumb"},"inLanguage":"pt-BR","potentialAction":[{"@type":"ReadAction","target":["https:\/\/www.correiobraziliense.com.br\/cbradar\/o-maior-evento-de-ondas-gravitacionais-ja-registrado-desafia-a-ciencia-mundial\/"]}]},{"@type":"ImageObject","inLanguage":"pt-BR","@id":"https:\/\/www.correiobraziliense.com.br\/cbradar\/o-maior-evento-de-ondas-gravitacionais-ja-registrado-desafia-a-ciencia-mundial\/#primaryimage","url":"https:\/\/www.correiobraziliense.com.br\/cbradar\/wp-content\/uploads\/2025\/07\/ondas-gravitacionais_1752493508036.jpg","contentUrl":"https:\/\/www.correiobraziliense.com.br\/cbradar\/wp-content\/uploads\/2025\/07\/ondas-gravitacionais_1752493508036.jpg","width":1280,"height":720,"caption":"ondas gravitacionais. Cr\u00e9ditos: depositphotos.com \/ sakkmesterke"},{"@type":"BreadcrumbList","@id":"https:\/\/www.correiobraziliense.com.br\/cbradar\/o-maior-evento-de-ondas-gravitacionais-ja-registrado-desafia-a-ciencia-mundial\/#breadcrumb","itemListElement":[{"@type":"ListItem","position":1,"name":"In\u00edcio","item":"https:\/\/www.correiobraziliense.com.br\/cbradar\/"},{"@type":"ListItem","position":2,"name":"O maior evento de ondas gravitacionais j\u00e1 registrado desafia a ci\u00eancia mundial"}]},{"@type":"WebSite","@id":"https:\/\/www.correiobraziliense.com.br\/cbradar\/#website","url":"https:\/\/www.correiobraziliense.com.br\/cbradar\/","name":"Correio Braziliense - Radar","description":"Acompanhe as \u00faltimas not\u00edcias e fique bem informado sobre tudo o que acontece no Brasil e no mundo.","potentialAction":[{"@type":"SearchAction","target":{"@type":"EntryPoint","urlTemplate":"https:\/\/www.correiobraziliense.com.br\/cbradar\/?s={search_term_string}"},"query-input":{"@type":"PropertyValueSpecification","valueRequired":true,"valueName":"search_term_string"}}],"inLanguage":"pt-BR"},{"@type":"Person","@id":"https:\/\/www.correiobraziliense.com.br\/cbradar\/#\/schema\/person\/58422787644df994b53a19d3e56c1513","name":"Larissa Carvalho","image":{"@type":"ImageObject","inLanguage":"pt-BR","@id":"https:\/\/www.correiobraziliense.com.br\/cbradar\/#\/schema\/person\/image\/","url":"https:\/\/secure.gravatar.com\/avatar\/fe4f91a0de32b52a838d0d612abdc1aa?s=96&d=mm&r=g","contentUrl":"https:\/\/secure.gravatar.com\/avatar\/fe4f91a0de32b52a838d0d612abdc1aa?s=96&d=mm&r=g","caption":"Larissa Carvalho"},"url":"https:\/\/www.correiobraziliense.com.br\/cbradar\/author\/larissamyth\/"}]}},"_links":{"self":[{"href":"https:\/\/www.correiobraziliense.com.br\/cbradar\/wp-json\/wp\/v2\/posts\/69553","targetHints":{"allow":["GET"]}}],"collection":[{"href":"https:\/\/www.correiobraziliense.com.br\/cbradar\/wp-json\/wp\/v2\/posts"}],"about":[{"href":"https:\/\/www.correiobraziliense.com.br\/cbradar\/wp-json\/wp\/v2\/types\/post"}],"author":[{"embeddable":true,"href":"https:\/\/www.correiobraziliense.com.br\/cbradar\/wp-json\/wp\/v2\/users\/3"}],"replies":[{"embeddable":true,"href":"https:\/\/www.correiobraziliense.com.br\/cbradar\/wp-json\/wp\/v2\/comments?post=69553"}],"version-history":[{"count":2,"href":"https:\/\/www.correiobraziliense.com.br\/cbradar\/wp-json\/wp\/v2\/posts\/69553\/revisions"}],"predecessor-version":[{"id":69557,"href":"https:\/\/www.correiobraziliense.com.br\/cbradar\/wp-json\/wp\/v2\/posts\/69553\/revisions\/69557"}],"wp:featuredmedia":[{"embeddable":true,"href":"https:\/\/www.correiobraziliense.com.br\/cbradar\/wp-json\/wp\/v2\/media\/69555"}],"wp:attachment":[{"href":"https:\/\/www.correiobraziliense.com.br\/cbradar\/wp-json\/wp\/v2\/media?parent=69553"}],"wp:term":[{"taxonomy":"category","embeddable":true,"href":"https:\/\/www.correiobraziliense.com.br\/cbradar\/wp-json\/wp\/v2\/categories?post=69553"},{"taxonomy":"post_tag","embeddable":true,"href":"https:\/\/www.correiobraziliense.com.br\/cbradar\/wp-json\/wp\/v2\/post_tag?post=69553"}],"curies":[{"name":"wp","href":"https:\/\/api.w.org\/{rel}","templated":true}]}}