{"id":69558,"date":"2025-07-15T20:23:00","date_gmt":"2025-07-15T23:23:00","guid":{"rendered":"https:\/\/www.correiobraziliense.com.br\/cbradar\/?p=69558"},"modified":"2025-07-14T08:49:22","modified_gmt":"2025-07-14T11:49:22","slug":"o-maior-misterio-das-mini-luas-que-orbitam-a-terra-segundo-a-ciencia-moderna","status":"publish","type":"post","link":"https:\/\/www.correiobraziliense.com.br\/cbradar\/o-maior-misterio-das-mini-luas-que-orbitam-a-terra-segundo-a-ciencia-moderna\/","title":{"rendered":"O maior mist\u00e9rio das mini luas que orbitam a Terra segundo a ci\u00eancia moderna"},"content":{"rendered":"\n<p>Em 2025, o estudo de corpos celestes pr\u00f3ximos \u00e0 Terra ganha novo destaque com a descoberta e an\u00e1lise dos <strong>minimoons<\/strong>, tamb\u00e9m conhecidos como mini luas. Esses pequenos sat\u00e9lites s\u00e3o diferentes da cl\u00e1ssica <strong>Lua<\/strong> que ilumina as noites, pois ocupam uma posi\u00e7\u00e3o tempor\u00e1ria, circulando a <strong>Terra<\/strong> por um per\u00edodo limitado antes de seguirem sua trajet\u00f3ria pelo <strong>Sistema Solar<\/strong>. Mas o que exatamente define um minimoon, e por que sua detec\u00e7\u00e3o \u00e9 um desafio para a astronomia moderna?<\/p>\n\n\n\n<p>Esses objetos se caracterizam por possu\u00edrem dimens\u00f5es modestas, muitas vezes menores que dois metros de di\u00e2metro, e por completarem pelo menos uma \u00f3rbita ao redor do planeta. Podem surgir de diferentes regi\u00f5es, por\u00e9m estudos recentes apontam uma origem surpreendente para parte deles: fragmentos expelidos da pr\u00f3pria Lua ap\u00f3s colis\u00f5es violentas com meteoritos, que escapam para o espa\u00e7o e, por vezes, acabam capturados temporariamente pelo campo gravitacional terrestre.<\/p>\n\n\n\n<h2 class=\"wp-block-heading\">O que \u00e9 um minimoon e como ele se forma?<\/h2>\n\n\n\n<p><strong>A express\u00e3o minimoon se refere a corpos que se tornam sat\u00e9lites naturais transit\u00f3rios da Terra.<\/strong> Para serem classificados assim, precisam ficar temporariamente sob a influ\u00eancia gravitacional do planeta, completando ao menos uma volta e aproximando-se at\u00e9, pelo menos, quatro vezes a dist\u00e2ncia entre a Terra e a Lua convencional. Essa defini\u00e7\u00e3o ainda n\u00e3o \u00e9 oficial, j\u00e1 que a <strong>Uni\u00e3o Astron\u00f4mica Internacional<\/strong> n\u00e3o estabeleceu crit\u00e9rios r\u00edgidos. No entanto, o consenso atual apoia esse entendimento.<\/p>\n\n\n\n<p>Grande parte dos mini luas origina-se de colis\u00f5es entre asteroides e outros corpos celestes com a superf\u00edcie lunar. O impacto lan\u00e7as detritos para o espa\u00e7o \u2014 a maioria entra em \u00f3rbita ao redor do Sol, mas uma fra\u00e7\u00e3o pequena pode ser atra\u00edda pela Terra. Esses fragmentos, ao serem capturados, passam a orbitar o planeta por meses at\u00e9 que outro encontro gravitacional os impulsione de volta ao espa\u00e7o interplanet\u00e1rio. O ciclo \u00e9 ef\u00eamero e din\u00e2mico, tornando cada minimoon um visitante de curta dura\u00e7\u00e3o.<\/p>\n\n\n\n<p>Leia tamb\u00e9m: <a href=\"https:\/\/www.correiobraziliense.com.br\/cbradar\/sinal-misterioso-detectado-na-terra-expoe-o-maior-desafio-da-astronomia-em-2025\/\" target=\"_blank\" rel=\"noreferrer noopener\">Sinal misterioso detectado na Terra exp\u00f5e o maior desafio da astronomia em 2025<\/a><\/p>\n\n\n\n<h2 class=\"wp-block-heading\">Quantos minimoons orbitam a Terra atualmente?<\/h2>\n\n\n\n<p><strong>A quantidade de mini luas presentes no entorno do planeta varia constantemente.<\/strong> Simula\u00e7\u00f5es baseadas em dados recentes indicam que, em m\u00e9dia, <strong>cerca de seis fragmentos lunares<\/strong> podem estar orbitando a Terra a qualquer momento. Contudo, esse n\u00famero apresenta incertezas significativas devido \u00e0 dificuldade em monitorar e detectar objetos t\u00e3o diminutos e velozes. Os cientistas explicam que o cen\u00e1rio \u00e9 compar\u00e1vel a uma dan\u00e7a, com os parceiros mudando e tantos outros entrando e saindo periodicamente do sistema terrestre.<\/p>\n\n\n\n<ul class=\"wp-block-list\">\n<li>Os fragmentos permanecem orbitando a Terra por cerca de nove meses, em m\u00e9dia.<\/li>\n\n\n\n<li>Depois desse intervalo, s\u00e3o ejetados e retomam sua \u00f3rbita ao redor do Sol.<\/li>\n\n\n\n<li>Novos detritos lunares s\u00e3o constantemente capturados pelo planeta, renovando o \u201celenco\u201d de minimoons.<\/li>\n\n\n\n<li>A maioria tem menos de dois metros de di\u00e2metro, dificultando sua identifica\u00e7\u00e3o por telesc\u00f3pios tradicionais.<\/li>\n<\/ul>\n\n\n\n<figure class=\"wp-block-image size-large\"><img decoding=\"async\" width=\"1024\" height=\"576\" src=\"https:\/\/www.correiobraziliense.com.br\/cbradar\/wp-content\/uploads\/2025\/07\/Planetas-espaco_1752493736682-1024x576.jpg\" alt=\"O maior mist\u00e9rio das mini luas que orbitam a Terra segundo a ci\u00eancia moderna\" class=\"wp-image-69561\" srcset=\"https:\/\/www.correiobraziliense.com.br\/cbradar\/wp-content\/uploads\/2025\/07\/Planetas-espaco_1752493736682-1024x576.jpg 1024w, https:\/\/www.correiobraziliense.com.br\/cbradar\/wp-content\/uploads\/2025\/07\/Planetas-espaco_1752493736682-300x169.jpg 300w, https:\/\/www.correiobraziliense.com.br\/cbradar\/wp-content\/uploads\/2025\/07\/Planetas-espaco_1752493736682-768x432.jpg 768w, https:\/\/www.correiobraziliense.com.br\/cbradar\/wp-content\/uploads\/2025\/07\/Planetas-espaco_1752493736682-750x422.jpg 750w, https:\/\/www.correiobraziliense.com.br\/cbradar\/wp-content\/uploads\/2025\/07\/Planetas-espaco_1752493736682-1140x641.jpg 1140w, https:\/\/www.correiobraziliense.com.br\/cbradar\/wp-content\/uploads\/2025\/07\/Planetas-espaco_1752493736682.jpg 1280w\" sizes=\"(max-width: 1024px) 100vw, 1024px\" \/><figcaption class=\"wp-element-caption\">Planetas espa\u00e7o. Cr\u00e9ditos: depositphotos.com \/ alexaldo<\/figcaption><\/figure>\n\n\n\n<h2 class=\"wp-block-heading\">Por que detectar mini luas \u00e9 t\u00e3o desafiador?<\/h2>\n\n\n\n<p><strong>Localizar e acompanhar esses sat\u00e9lites tempor\u00e1rios representa uma tarefa complexa para os astr\u00f4nomos.<\/strong> Isso ocorre principalmente pelo <strong>tamanho reduzido<\/strong> e pela <strong>alta velocidade<\/strong> com que se deslocam. Instrumentos de observa\u00e7\u00e3o precisam capturar imagens r\u00e1pidas e de alta resolu\u00e7\u00e3o, j\u00e1 que, ao aproximarem-se do planeta, esses corpos projetam rastros t\u00eanues e r\u00e1pidos nas imagens, confundindo os algoritmos de busca autom\u00e1tica nos grandes levantamentos do c\u00e9u noturno.<\/p>\n\n\n\n<p>Al\u00e9m das dificuldades tecnol\u00f3gicas, a frequ\u00eancia com que esses objetos se renovam exige atualiza\u00e7\u00f5es constantes nas estrat\u00e9gias de monitoramento. Segundo estudos divulgados na revista <strong>Icarus<\/strong>, mesmo telesc\u00f3pios capazes de detectar objetos do tamanho de um carro podem observar um minimoon em apenas alguns dias do longo per\u00edodo em que ele est\u00e1 ao alcance. Consequentemente, a maioria escapa \u00e0 detec\u00e7\u00e3o, tornando cada registro um evento singular e valioso para a ci\u00eancia planet\u00e1ria.<\/p>\n\n\n\n<h2 class=\"wp-block-heading\">Minimoons: qual a import\u00e2ncia cient\u00edfica e comercial desses objetos?<\/h2>\n\n\n\n<p><strong>A an\u00e1lise dos minimoons vai al\u00e9m da simples curiosidade astron\u00f4mica.<\/strong> Esses sat\u00e9lites tempor\u00e1rios ajudam pesquisadores a <strong>compreender processos de forma\u00e7\u00e3o de crateras<\/strong> lunares, o mecanismo de eje\u00e7\u00e3o de detritos e a evolu\u00e7\u00e3o din\u00e2mica do Sistema Solar. Al\u00e9m disso, a facilidade de acesso a esses corpos pode abrir oportunidades comerciais, como a extra\u00e7\u00e3o de recursos minerais e \u00e1gua, j\u00e1 que exigiriam menos combust\u00edvel para miss\u00f5es em compara\u00e7\u00e3o com viagens at\u00e9 o cintur\u00e3o de asteroides.<\/p>\n\n\n\n<ol class=\"wp-block-list\">\n<li>Manejo de recursos espaciais: empresas poderiam capturar esses corpos para estudar ou explorar materiais.<\/li>\n\n\n\n<li>Compreens\u00e3o de impactos: estudos de minimoons auxiliam na simula\u00e7\u00e3o de impactos de asteroides na Terra.<\/li>\n\n\n\n<li>Desenvolvimento tecnol\u00f3gico: aprimorar detectores e algoritmos de rastreamento \u00e9 fundamental para futuras miss\u00f5es.<\/li>\n<\/ol>\n\n\n\n<p>No decorrer das pr\u00f3ximas d\u00e9cadas, o avan\u00e7o das pesquisas e das tecnologias de observa\u00e7\u00e3o promete elucidar ainda mais quantos corpos desse tipo visitam a vizinhan\u00e7a da Terra e que segredos guardam sobre nossos vizinhos celestes, a forma\u00e7\u00e3o da Lua e a hist\u00f3ria de colis\u00f5es do Sistema Solar.<\/p>\n","protected":false},"excerpt":{"rendered":"<p>Fragmentos lunares que se tornam minimoons despertam interesse da ci\u00eancia e da explora\u00e7\u00e3o comercial. Veja por que s\u00e3o t\u00e3o dif\u00edceis de identificar.<\/p>\n","protected":false},"author":3,"featured_media":69560,"comment_status":"open","ping_status":"open","sticky":false,"template":"","format":"standard","meta":{"_yoast_wpseo_focuskw":"mist\u00e9rio mini luas","_yoast_wpseo_title":"%%title%%","_yoast_wpseo_metadesc":"Fragmentos lunares que se tornam minimoons despertam interesse da ci\u00eancia e da explora\u00e7\u00e3o comercial. Veja por que s\u00e3o t\u00e3o dif\u00edceis de identificar.","jnews-multi-image_gallery":[],"jnews_single_post":{"format":"standard"},"jnews_primary_category":[],"jnews_social_meta":[],"jnews_override_counter":[],"footnotes":""},"categories":[112],"post_tag":[179,736,144],"class_list":["post-69558","post","type-post","status-publish","format-standard","has-post-thumbnail","hentry","category-curiosidades","tag-astronomia","tag-ciencia","tag-curiosidades"],"yoast_head":"<!-- This site is optimized with the Yoast SEO plugin v24.6 - https:\/\/yoast.com\/wordpress\/plugins\/seo\/ -->\n<title>O maior mist\u00e9rio das mini luas que orbitam a Terra segundo a ci\u00eancia moderna<\/title>\n<meta name=\"description\" content=\"Fragmentos lunares que se tornam minimoons despertam interesse da ci\u00eancia e da explora\u00e7\u00e3o comercial. Veja por que s\u00e3o t\u00e3o dif\u00edceis de identificar.\" \/>\n<meta name=\"robots\" content=\"index, follow, max-snippet:-1, max-image-preview:large, max-video-preview:-1\" \/>\n<link rel=\"canonical\" href=\"https:\/\/www.correiobraziliense.com.br\/cbradar\/o-maior-misterio-das-mini-luas-que-orbitam-a-terra-segundo-a-ciencia-moderna\/\" \/>\n<meta property=\"og:locale\" content=\"pt_BR\" \/>\n<meta property=\"og:type\" content=\"article\" \/>\n<meta property=\"og:title\" content=\"O maior mist\u00e9rio das mini luas que orbitam a Terra segundo a ci\u00eancia moderna\" \/>\n<meta property=\"og:description\" content=\"Fragmentos lunares que se tornam minimoons despertam interesse da ci\u00eancia e da explora\u00e7\u00e3o comercial. Veja por que s\u00e3o t\u00e3o dif\u00edceis de identificar.\" \/>\n<meta property=\"og:url\" content=\"https:\/\/www.correiobraziliense.com.br\/cbradar\/o-maior-misterio-das-mini-luas-que-orbitam-a-terra-segundo-a-ciencia-moderna\/\" \/>\n<meta property=\"og:site_name\" content=\"Correio Braziliense - Radar\" \/>\n<meta property=\"article:published_time\" content=\"2025-07-15T23:23:00+00:00\" \/>\n<meta property=\"og:image\" content=\"https:\/\/www.correiobraziliense.com.br\/cbradar\/wp-content\/uploads\/2025\/07\/Planetas-espaco_1752493717347.jpg\" \/>\n\t<meta property=\"og:image:width\" content=\"1280\" \/>\n\t<meta property=\"og:image:height\" content=\"720\" \/>\n\t<meta property=\"og:image:type\" content=\"image\/jpeg\" \/>\n<meta name=\"author\" content=\"Larissa Carvalho\" \/>\n<meta name=\"twitter:card\" content=\"summary_large_image\" \/>\n<meta name=\"twitter:label1\" content=\"Escrito por\" \/>\n\t<meta name=\"twitter:data1\" content=\"Larissa Carvalho\" \/>\n\t<meta name=\"twitter:label2\" content=\"Est. tempo de leitura\" \/>\n\t<meta name=\"twitter:data2\" content=\"5 minutos\" \/>\n<!-- \/ Yoast SEO plugin. -->","yoast_head_json":{"title":"O maior mist\u00e9rio das mini luas que orbitam a Terra segundo a ci\u00eancia moderna","description":"Fragmentos lunares que se tornam minimoons despertam interesse da ci\u00eancia e da explora\u00e7\u00e3o comercial. Veja por que s\u00e3o t\u00e3o dif\u00edceis de identificar.","robots":{"index":"index","follow":"follow","max-snippet":"max-snippet:-1","max-image-preview":"max-image-preview:large","max-video-preview":"max-video-preview:-1"},"canonical":"https:\/\/www.correiobraziliense.com.br\/cbradar\/o-maior-misterio-das-mini-luas-que-orbitam-a-terra-segundo-a-ciencia-moderna\/","og_locale":"pt_BR","og_type":"article","og_title":"O maior mist\u00e9rio das mini luas que orbitam a Terra segundo a ci\u00eancia moderna","og_description":"Fragmentos lunares que se tornam minimoons despertam interesse da ci\u00eancia e da explora\u00e7\u00e3o comercial. Veja por que s\u00e3o t\u00e3o dif\u00edceis de identificar.","og_url":"https:\/\/www.correiobraziliense.com.br\/cbradar\/o-maior-misterio-das-mini-luas-que-orbitam-a-terra-segundo-a-ciencia-moderna\/","og_site_name":"Correio Braziliense - Radar","article_published_time":"2025-07-15T23:23:00+00:00","og_image":[{"width":1280,"height":720,"url":"https:\/\/www.correiobraziliense.com.br\/cbradar\/wp-content\/uploads\/2025\/07\/Planetas-espaco_1752493717347.jpg","type":"image\/jpeg"}],"author":"Larissa Carvalho","twitter_card":"summary_large_image","twitter_misc":{"Escrito por":"Larissa Carvalho","Est. tempo de leitura":"5 minutos"},"schema":{"@context":"https:\/\/schema.org","@graph":[{"@type":"WebPage","@id":"https:\/\/www.correiobraziliense.com.br\/cbradar\/o-maior-misterio-das-mini-luas-que-orbitam-a-terra-segundo-a-ciencia-moderna\/","url":"https:\/\/www.correiobraziliense.com.br\/cbradar\/o-maior-misterio-das-mini-luas-que-orbitam-a-terra-segundo-a-ciencia-moderna\/","name":"O maior mist\u00e9rio das mini luas que orbitam a Terra segundo a ci\u00eancia moderna","isPartOf":{"@id":"https:\/\/www.correiobraziliense.com.br\/cbradar\/#website"},"primaryImageOfPage":{"@id":"https:\/\/www.correiobraziliense.com.br\/cbradar\/o-maior-misterio-das-mini-luas-que-orbitam-a-terra-segundo-a-ciencia-moderna\/#primaryimage"},"image":{"@id":"https:\/\/www.correiobraziliense.com.br\/cbradar\/o-maior-misterio-das-mini-luas-que-orbitam-a-terra-segundo-a-ciencia-moderna\/#primaryimage"},"thumbnailUrl":"https:\/\/www.correiobraziliense.com.br\/cbradar\/wp-content\/uploads\/2025\/07\/Planetas-espaco_1752493717347.jpg","datePublished":"2025-07-15T23:23:00+00:00","author":{"@id":"https:\/\/www.correiobraziliense.com.br\/cbradar\/#\/schema\/person\/58422787644df994b53a19d3e56c1513"},"description":"Fragmentos lunares que se tornam minimoons despertam interesse da ci\u00eancia e da explora\u00e7\u00e3o comercial. Veja por que s\u00e3o t\u00e3o dif\u00edceis de identificar.","breadcrumb":{"@id":"https:\/\/www.correiobraziliense.com.br\/cbradar\/o-maior-misterio-das-mini-luas-que-orbitam-a-terra-segundo-a-ciencia-moderna\/#breadcrumb"},"inLanguage":"pt-BR","potentialAction":[{"@type":"ReadAction","target":["https:\/\/www.correiobraziliense.com.br\/cbradar\/o-maior-misterio-das-mini-luas-que-orbitam-a-terra-segundo-a-ciencia-moderna\/"]}]},{"@type":"ImageObject","inLanguage":"pt-BR","@id":"https:\/\/www.correiobraziliense.com.br\/cbradar\/o-maior-misterio-das-mini-luas-que-orbitam-a-terra-segundo-a-ciencia-moderna\/#primaryimage","url":"https:\/\/www.correiobraziliense.com.br\/cbradar\/wp-content\/uploads\/2025\/07\/Planetas-espaco_1752493717347.jpg","contentUrl":"https:\/\/www.correiobraziliense.com.br\/cbradar\/wp-content\/uploads\/2025\/07\/Planetas-espaco_1752493717347.jpg","width":1280,"height":720,"caption":"Planetas espa\u00e7o. Cr\u00e9ditos: depositphotos.com \/ mozzyb"},{"@type":"BreadcrumbList","@id":"https:\/\/www.correiobraziliense.com.br\/cbradar\/o-maior-misterio-das-mini-luas-que-orbitam-a-terra-segundo-a-ciencia-moderna\/#breadcrumb","itemListElement":[{"@type":"ListItem","position":1,"name":"In\u00edcio","item":"https:\/\/www.correiobraziliense.com.br\/cbradar\/"},{"@type":"ListItem","position":2,"name":"O maior mist\u00e9rio das mini luas que orbitam a Terra segundo a ci\u00eancia moderna"}]},{"@type":"WebSite","@id":"https:\/\/www.correiobraziliense.com.br\/cbradar\/#website","url":"https:\/\/www.correiobraziliense.com.br\/cbradar\/","name":"Correio Braziliense - Radar","description":"Acompanhe as \u00faltimas not\u00edcias e fique bem informado sobre tudo o que acontece no Brasil e no mundo.","potentialAction":[{"@type":"SearchAction","target":{"@type":"EntryPoint","urlTemplate":"https:\/\/www.correiobraziliense.com.br\/cbradar\/?s={search_term_string}"},"query-input":{"@type":"PropertyValueSpecification","valueRequired":true,"valueName":"search_term_string"}}],"inLanguage":"pt-BR"},{"@type":"Person","@id":"https:\/\/www.correiobraziliense.com.br\/cbradar\/#\/schema\/person\/58422787644df994b53a19d3e56c1513","name":"Larissa Carvalho","image":{"@type":"ImageObject","inLanguage":"pt-BR","@id":"https:\/\/www.correiobraziliense.com.br\/cbradar\/#\/schema\/person\/image\/","url":"https:\/\/secure.gravatar.com\/avatar\/fe4f91a0de32b52a838d0d612abdc1aa?s=96&d=mm&r=g","contentUrl":"https:\/\/secure.gravatar.com\/avatar\/fe4f91a0de32b52a838d0d612abdc1aa?s=96&d=mm&r=g","caption":"Larissa Carvalho"},"url":"https:\/\/www.correiobraziliense.com.br\/cbradar\/author\/larissamyth\/"}]}},"_links":{"self":[{"href":"https:\/\/www.correiobraziliense.com.br\/cbradar\/wp-json\/wp\/v2\/posts\/69558","targetHints":{"allow":["GET"]}}],"collection":[{"href":"https:\/\/www.correiobraziliense.com.br\/cbradar\/wp-json\/wp\/v2\/posts"}],"about":[{"href":"https:\/\/www.correiobraziliense.com.br\/cbradar\/wp-json\/wp\/v2\/types\/post"}],"author":[{"embeddable":true,"href":"https:\/\/www.correiobraziliense.com.br\/cbradar\/wp-json\/wp\/v2\/users\/3"}],"replies":[{"embeddable":true,"href":"https:\/\/www.correiobraziliense.com.br\/cbradar\/wp-json\/wp\/v2\/comments?post=69558"}],"version-history":[{"count":2,"href":"https:\/\/www.correiobraziliense.com.br\/cbradar\/wp-json\/wp\/v2\/posts\/69558\/revisions"}],"predecessor-version":[{"id":69562,"href":"https:\/\/www.correiobraziliense.com.br\/cbradar\/wp-json\/wp\/v2\/posts\/69558\/revisions\/69562"}],"wp:featuredmedia":[{"embeddable":true,"href":"https:\/\/www.correiobraziliense.com.br\/cbradar\/wp-json\/wp\/v2\/media\/69560"}],"wp:attachment":[{"href":"https:\/\/www.correiobraziliense.com.br\/cbradar\/wp-json\/wp\/v2\/media?parent=69558"}],"wp:term":[{"taxonomy":"category","embeddable":true,"href":"https:\/\/www.correiobraziliense.com.br\/cbradar\/wp-json\/wp\/v2\/categories?post=69558"},{"taxonomy":"post_tag","embeddable":true,"href":"https:\/\/www.correiobraziliense.com.br\/cbradar\/wp-json\/wp\/v2\/post_tag?post=69558"}],"curies":[{"name":"wp","href":"https:\/\/api.w.org\/{rel}","templated":true}]}}