{"id":69575,"date":"2025-07-15T17:23:00","date_gmt":"2025-07-15T20:23:00","guid":{"rendered":"https:\/\/www.correiobraziliense.com.br\/cbradar\/?p=69575"},"modified":"2025-07-15T08:53:00","modified_gmt":"2025-07-15T11:53:00","slug":"5-dicas-para-identificar-o-pao-mais-saudavel-segundo-nutricionistas","status":"publish","type":"post","link":"https:\/\/www.correiobraziliense.com.br\/cbradar\/5-dicas-para-identificar-o-pao-mais-saudavel-segundo-nutricionistas\/","title":{"rendered":"5 dicas para identificar o p\u00e3o mais saud\u00e1vel segundo nutricionistas"},"content":{"rendered":"\n<p><strong>P\u00e3o faz parte da alimenta\u00e7\u00e3o de milh\u00f5es de pessoas<\/strong>, mas nem todas as op\u00e7\u00f5es oferecem os mesmos benef\u00edcios para a sa\u00fade. <strong>Especialistas em nutri\u00e7\u00e3o apontam crit\u00e9rios importantes<\/strong> na hora de escolher o p\u00e3o mais saud\u00e1vel para o dia a dia. <strong>Entender o r\u00f3tulo e os ingredientes \u00e9 fundamental<\/strong> para garantir uma escolha equilibrada e nutritiva.<\/p>\n\n\n\n<ul class=\"wp-block-list\">\n<li><strong>P\u00e3es integrais e com gr\u00e3os se destacam pelo valor nutricional.<\/strong><\/li>\n\n\n\n<li><strong>R\u00f3tulo e ingredientes precisam ser avaliados<\/strong> para evitar armadilhas.<\/li>\n\n\n\n<li><strong>Especialista explica quais componentes priorizar<\/strong> ao comprar p\u00e3o saud\u00e1vel.<\/li>\n<\/ul>\n\n\n\n<h2 class=\"wp-block-heading\">Qual \u00e9 o p\u00e3o mais saud\u00e1vel para incluir na rotina, segundo nutricionistas<\/h2>\n\n\n\n<p><strong>P\u00e3o integral 100%<\/strong> \u00e9 frequentemente apontado como a op\u00e7\u00e3o mais saud\u00e1vel. Ele preserva fibras, vitaminas e minerais do gr\u00e3o, contribuindo para saciedade e bom funcionamento intestinal.<\/p>\n\n\n\n<p>P\u00e3es multigr\u00e3os, desde que sejam integrais de verdade, tamb\u00e9m ganham destaque pela diversidade de nutrientes e menor \u00edndice glic\u00eamico.<\/p>\n\n\n\n<p>Leia tamb\u00e9m: <a href=\"https:\/\/www.correiobraziliense.com.br\/cbradar\/nao-jogue-o-pao-seco-fora-nunca-mais-veja-dicas-de-como-reutilizar\/\" target=\"_blank\" rel=\"noreferrer noopener\">N\u00e3o jogue o p\u00e3o seco fora nunca mais, veja dicas de como reutilizar<\/a><\/p>\n\n\n\n<h2 class=\"wp-block-heading\">O que avaliar no r\u00f3tulo antes de escolher o p\u00e3o<\/h2>\n\n\n\n<p><strong>Para acertar na escolha do p\u00e3o saud\u00e1vel<\/strong>, o primeiro ingrediente do r\u00f3tulo deve ser \u201cfarinha integral\u201d. Evite p\u00e3es com farinha de trigo enriquecida como base principal, pois eles cont\u00eam menos fibras e nutrientes.<\/p>\n\n\n\n<p>Prefira op\u00e7\u00f5es com menos a\u00e7\u00facar, sem gordura hidrogenada e com baixo teor de s\u00f3dio. Adi\u00e7\u00e3o de sementes como linha\u00e7a, chia ou girassol \u00e9 um diferencial positivo.<\/p>\n\n\n\n<p>Aten\u00e7\u00e3o: quanto menor a lista de ingredientes e mais nomes naturais, melhor para a sa\u00fade.<\/p>\n\n\n\n<figure class=\"wp-block-image size-large\"><img decoding=\"async\" width=\"1024\" height=\"576\" src=\"https:\/\/www.correiobraziliense.com.br\/cbradar\/wp-content\/uploads\/2025\/07\/pao_1752494637790-1024x576.jpg\" alt=\"5 dicas para identificar o p\u00e3o mais saud\u00e1vel segundo nutricionistas\" class=\"wp-image-69578\" srcset=\"https:\/\/www.correiobraziliense.com.br\/cbradar\/wp-content\/uploads\/2025\/07\/pao_1752494637790-1024x576.jpg 1024w, https:\/\/www.correiobraziliense.com.br\/cbradar\/wp-content\/uploads\/2025\/07\/pao_1752494637790-300x169.jpg 300w, https:\/\/www.correiobraziliense.com.br\/cbradar\/wp-content\/uploads\/2025\/07\/pao_1752494637790-768x432.jpg 768w, https:\/\/www.correiobraziliense.com.br\/cbradar\/wp-content\/uploads\/2025\/07\/pao_1752494637790-750x422.jpg 750w, https:\/\/www.correiobraziliense.com.br\/cbradar\/wp-content\/uploads\/2025\/07\/pao_1752494637790-1140x641.jpg 1140w, https:\/\/www.correiobraziliense.com.br\/cbradar\/wp-content\/uploads\/2025\/07\/pao_1752494637790.jpg 1280w\" sizes=\"(max-width: 1024px) 100vw, 1024px\" \/><figcaption class=\"wp-element-caption\">p\u00e3o. Cr\u00e9ditos: depositphotos.com \/ beats1<\/figcaption><\/figure>\n\n\n\n<h2 class=\"wp-block-heading\">P\u00e3o saud\u00e1vel: componentes essenciais e dicas de consumo<\/h2>\n\n\n\n<p><strong>P\u00e3o saud\u00e1vel<\/strong> deve ser fonte de fibras, conter pouco a\u00e7\u00facar e n\u00e3o possuir aditivos artificiais. <strong>Leia o r\u00f3tulo com aten\u00e7\u00e3o<\/strong> para evitar ingredientes desnecess\u00e1rios.<\/p>\n\n\n\n<ul class=\"wp-block-list\">\n<li>Prefira p\u00e3es integrais com gr\u00e3os e sementes.<\/li>\n\n\n\n<li>Evite corantes, conservantes e a\u00e7\u00facar em excesso.<\/li>\n\n\n\n<li>Consuma com modera\u00e7\u00e3o e combine com fontes de prote\u00edna para maior saciedade.<\/li>\n<\/ul>\n\n\n\n<h2 class=\"wp-block-heading\">Escolher p\u00e3o saud\u00e1vel depende de informa\u00e7\u00e3o e aten\u00e7\u00e3o ao r\u00f3tulo<\/h2>\n\n\n\n<ul class=\"wp-block-list\">\n<li><strong>P\u00e3o integral 100%<\/strong> \u00e9 recomendado por especialistas para quem busca sa\u00fade e saciedade.<\/li>\n\n\n\n<li><strong>Verificar ingredientes<\/strong> \u00e9 fundamental para fugir de p\u00e3es \u201cfalsos integrais\u201d.<\/li>\n\n\n\n<li><strong>Combinar o p\u00e3o com alimentos naturais<\/strong> potencializa os benef\u00edcios nutricionais.<\/li>\n<\/ul>\n","protected":false},"excerpt":{"rendered":"<p>Descubra o segredo para escolher p\u00e3es realmente saud\u00e1veis, ricos em fibras e sem ingredientes que sabotam sua sa\u00fade.<\/p>\n","protected":false},"author":3,"featured_media":69577,"comment_status":"open","ping_status":"open","sticky":false,"template":"","format":"standard","meta":{"_yoast_wpseo_focuskw":"p\u00e3o mais saud\u00e1vel","_yoast_wpseo_title":"%%title%%","_yoast_wpseo_metadesc":"Descubra o segredo para escolher p\u00e3es realmente saud\u00e1veis, ricos em fibras e sem ingredientes que sabotam sua sa\u00fade.","jnews-multi-image_gallery":[],"jnews_single_post":{"format":"standard"},"jnews_primary_category":[],"jnews_social_meta":[],"jnews_override_counter":[],"footnotes":""},"categories":[112],"post_tag":[281,1423,144],"class_list":["post-69575","post","type-post","status-publish","format-standard","has-post-thumbnail","hentry","category-curiosidades","tag-alimentacao","tag-alimentos","tag-curiosidades"],"yoast_head":"<!-- This site is optimized with the Yoast SEO plugin v24.6 - https:\/\/yoast.com\/wordpress\/plugins\/seo\/ -->\n<title>5 dicas para identificar o p\u00e3o mais saud\u00e1vel segundo nutricionistas<\/title>\n<meta name=\"description\" content=\"Descubra o segredo para escolher p\u00e3es realmente saud\u00e1veis, ricos em fibras e sem ingredientes que sabotam sua sa\u00fade.\" \/>\n<meta name=\"robots\" content=\"index, follow, max-snippet:-1, max-image-preview:large, max-video-preview:-1\" \/>\n<link rel=\"canonical\" href=\"https:\/\/www.correiobraziliense.com.br\/cbradar\/5-dicas-para-identificar-o-pao-mais-saudavel-segundo-nutricionistas\/\" \/>\n<meta property=\"og:locale\" content=\"pt_BR\" \/>\n<meta property=\"og:type\" content=\"article\" \/>\n<meta property=\"og:title\" content=\"5 dicas para identificar o p\u00e3o mais saud\u00e1vel segundo nutricionistas\" \/>\n<meta property=\"og:description\" content=\"Descubra o segredo para escolher p\u00e3es realmente saud\u00e1veis, ricos em fibras e sem ingredientes que sabotam sua sa\u00fade.\" \/>\n<meta property=\"og:url\" content=\"https:\/\/www.correiobraziliense.com.br\/cbradar\/5-dicas-para-identificar-o-pao-mais-saudavel-segundo-nutricionistas\/\" \/>\n<meta property=\"og:site_name\" content=\"Correio Braziliense - Radar\" \/>\n<meta property=\"article:published_time\" content=\"2025-07-15T20:23:00+00:00\" \/>\n<meta property=\"og:image\" content=\"https:\/\/www.correiobraziliense.com.br\/cbradar\/wp-content\/uploads\/2025\/07\/pao_1752494594692.jpg\" \/>\n\t<meta property=\"og:image:width\" content=\"1280\" \/>\n\t<meta property=\"og:image:height\" content=\"720\" \/>\n\t<meta property=\"og:image:type\" content=\"image\/jpeg\" \/>\n<meta name=\"author\" content=\"Larissa Carvalho\" \/>\n<meta name=\"twitter:card\" content=\"summary_large_image\" \/>\n<meta name=\"twitter:label1\" content=\"Escrito por\" \/>\n\t<meta name=\"twitter:data1\" content=\"Larissa Carvalho\" \/>\n\t<meta name=\"twitter:label2\" content=\"Est. tempo de leitura\" \/>\n\t<meta name=\"twitter:data2\" content=\"3 minutos\" \/>\n<!-- \/ Yoast SEO plugin. -->","yoast_head_json":{"title":"5 dicas para identificar o p\u00e3o mais saud\u00e1vel segundo nutricionistas","description":"Descubra o segredo para escolher p\u00e3es realmente saud\u00e1veis, ricos em fibras e sem ingredientes que sabotam sua sa\u00fade.","robots":{"index":"index","follow":"follow","max-snippet":"max-snippet:-1","max-image-preview":"max-image-preview:large","max-video-preview":"max-video-preview:-1"},"canonical":"https:\/\/www.correiobraziliense.com.br\/cbradar\/5-dicas-para-identificar-o-pao-mais-saudavel-segundo-nutricionistas\/","og_locale":"pt_BR","og_type":"article","og_title":"5 dicas para identificar o p\u00e3o mais saud\u00e1vel segundo nutricionistas","og_description":"Descubra o segredo para escolher p\u00e3es realmente saud\u00e1veis, ricos em fibras e sem ingredientes que sabotam sua sa\u00fade.","og_url":"https:\/\/www.correiobraziliense.com.br\/cbradar\/5-dicas-para-identificar-o-pao-mais-saudavel-segundo-nutricionistas\/","og_site_name":"Correio Braziliense - Radar","article_published_time":"2025-07-15T20:23:00+00:00","og_image":[{"width":1280,"height":720,"url":"https:\/\/www.correiobraziliense.com.br\/cbradar\/wp-content\/uploads\/2025\/07\/pao_1752494594692.jpg","type":"image\/jpeg"}],"author":"Larissa Carvalho","twitter_card":"summary_large_image","twitter_misc":{"Escrito por":"Larissa Carvalho","Est. tempo de leitura":"3 minutos"},"schema":{"@context":"https:\/\/schema.org","@graph":[{"@type":"WebPage","@id":"https:\/\/www.correiobraziliense.com.br\/cbradar\/5-dicas-para-identificar-o-pao-mais-saudavel-segundo-nutricionistas\/","url":"https:\/\/www.correiobraziliense.com.br\/cbradar\/5-dicas-para-identificar-o-pao-mais-saudavel-segundo-nutricionistas\/","name":"5 dicas para identificar o p\u00e3o mais saud\u00e1vel segundo nutricionistas","isPartOf":{"@id":"https:\/\/www.correiobraziliense.com.br\/cbradar\/#website"},"primaryImageOfPage":{"@id":"https:\/\/www.correiobraziliense.com.br\/cbradar\/5-dicas-para-identificar-o-pao-mais-saudavel-segundo-nutricionistas\/#primaryimage"},"image":{"@id":"https:\/\/www.correiobraziliense.com.br\/cbradar\/5-dicas-para-identificar-o-pao-mais-saudavel-segundo-nutricionistas\/#primaryimage"},"thumbnailUrl":"https:\/\/www.correiobraziliense.com.br\/cbradar\/wp-content\/uploads\/2025\/07\/pao_1752494594692.jpg","datePublished":"2025-07-15T20:23:00+00:00","author":{"@id":"https:\/\/www.correiobraziliense.com.br\/cbradar\/#\/schema\/person\/58422787644df994b53a19d3e56c1513"},"description":"Descubra o segredo para escolher p\u00e3es realmente saud\u00e1veis, ricos em fibras e sem ingredientes que sabotam sua sa\u00fade.","breadcrumb":{"@id":"https:\/\/www.correiobraziliense.com.br\/cbradar\/5-dicas-para-identificar-o-pao-mais-saudavel-segundo-nutricionistas\/#breadcrumb"},"inLanguage":"pt-BR","potentialAction":[{"@type":"ReadAction","target":["https:\/\/www.correiobraziliense.com.br\/cbradar\/5-dicas-para-identificar-o-pao-mais-saudavel-segundo-nutricionistas\/"]}]},{"@type":"ImageObject","inLanguage":"pt-BR","@id":"https:\/\/www.correiobraziliense.com.br\/cbradar\/5-dicas-para-identificar-o-pao-mais-saudavel-segundo-nutricionistas\/#primaryimage","url":"https:\/\/www.correiobraziliense.com.br\/cbradar\/wp-content\/uploads\/2025\/07\/pao_1752494594692.jpg","contentUrl":"https:\/\/www.correiobraziliense.com.br\/cbradar\/wp-content\/uploads\/2025\/07\/pao_1752494594692.jpg","width":1280,"height":720,"caption":"p\u00e3o. Cr\u00e9ditos: depositphotos.com \/ MicEnin"},{"@type":"BreadcrumbList","@id":"https:\/\/www.correiobraziliense.com.br\/cbradar\/5-dicas-para-identificar-o-pao-mais-saudavel-segundo-nutricionistas\/#breadcrumb","itemListElement":[{"@type":"ListItem","position":1,"name":"In\u00edcio","item":"https:\/\/www.correiobraziliense.com.br\/cbradar\/"},{"@type":"ListItem","position":2,"name":"5 dicas para identificar o p\u00e3o mais saud\u00e1vel segundo nutricionistas"}]},{"@type":"WebSite","@id":"https:\/\/www.correiobraziliense.com.br\/cbradar\/#website","url":"https:\/\/www.correiobraziliense.com.br\/cbradar\/","name":"Correio Braziliense - Radar","description":"Acompanhe as \u00faltimas not\u00edcias e fique bem informado sobre tudo o que acontece no Brasil e no mundo.","potentialAction":[{"@type":"SearchAction","target":{"@type":"EntryPoint","urlTemplate":"https:\/\/www.correiobraziliense.com.br\/cbradar\/?s={search_term_string}"},"query-input":{"@type":"PropertyValueSpecification","valueRequired":true,"valueName":"search_term_string"}}],"inLanguage":"pt-BR"},{"@type":"Person","@id":"https:\/\/www.correiobraziliense.com.br\/cbradar\/#\/schema\/person\/58422787644df994b53a19d3e56c1513","name":"Larissa Carvalho","image":{"@type":"ImageObject","inLanguage":"pt-BR","@id":"https:\/\/www.correiobraziliense.com.br\/cbradar\/#\/schema\/person\/image\/","url":"https:\/\/secure.gravatar.com\/avatar\/fe4f91a0de32b52a838d0d612abdc1aa?s=96&d=mm&r=g","contentUrl":"https:\/\/secure.gravatar.com\/avatar\/fe4f91a0de32b52a838d0d612abdc1aa?s=96&d=mm&r=g","caption":"Larissa Carvalho"},"url":"https:\/\/www.correiobraziliense.com.br\/cbradar\/author\/larissamyth\/"}]}},"_links":{"self":[{"href":"https:\/\/www.correiobraziliense.com.br\/cbradar\/wp-json\/wp\/v2\/posts\/69575","targetHints":{"allow":["GET"]}}],"collection":[{"href":"https:\/\/www.correiobraziliense.com.br\/cbradar\/wp-json\/wp\/v2\/posts"}],"about":[{"href":"https:\/\/www.correiobraziliense.com.br\/cbradar\/wp-json\/wp\/v2\/types\/post"}],"author":[{"embeddable":true,"href":"https:\/\/www.correiobraziliense.com.br\/cbradar\/wp-json\/wp\/v2\/users\/3"}],"replies":[{"embeddable":true,"href":"https:\/\/www.correiobraziliense.com.br\/cbradar\/wp-json\/wp\/v2\/comments?post=69575"}],"version-history":[{"count":1,"href":"https:\/\/www.correiobraziliense.com.br\/cbradar\/wp-json\/wp\/v2\/posts\/69575\/revisions"}],"predecessor-version":[{"id":69579,"href":"https:\/\/www.correiobraziliense.com.br\/cbradar\/wp-json\/wp\/v2\/posts\/69575\/revisions\/69579"}],"wp:featuredmedia":[{"embeddable":true,"href":"https:\/\/www.correiobraziliense.com.br\/cbradar\/wp-json\/wp\/v2\/media\/69577"}],"wp:attachment":[{"href":"https:\/\/www.correiobraziliense.com.br\/cbradar\/wp-json\/wp\/v2\/media?parent=69575"}],"wp:term":[{"taxonomy":"category","embeddable":true,"href":"https:\/\/www.correiobraziliense.com.br\/cbradar\/wp-json\/wp\/v2\/categories?post=69575"},{"taxonomy":"post_tag","embeddable":true,"href":"https:\/\/www.correiobraziliense.com.br\/cbradar\/wp-json\/wp\/v2\/post_tag?post=69575"}],"curies":[{"name":"wp","href":"https:\/\/api.w.org\/{rel}","templated":true}]}}