{"id":69584,"date":"2025-07-15T21:03:00","date_gmt":"2025-07-16T00:03:00","guid":{"rendered":"https:\/\/www.correiobraziliense.com.br\/cbradar\/?p=69584"},"modified":"2025-07-14T09:21:51","modified_gmt":"2025-07-14T12:21:51","slug":"5-atitudes-que-ajudam-quando-seu-filhote-nao-quer-comer","status":"publish","type":"post","link":"https:\/\/www.correiobraziliense.com.br\/cbradar\/5-atitudes-que-ajudam-quando-seu-filhote-nao-quer-comer\/","title":{"rendered":"5 atitudes que ajudam quando seu filhote n\u00e3o quer comer"},"content":{"rendered":"\n<p><strong>Cachorro filhote que recusa comida<\/strong> pode deixar tutores preocupados, mas o problema nem sempre est\u00e1 ligado a algo grave. <strong>Especialistas em comportamento animal<\/strong> explicam que fatores emocionais, mudan\u00e7as de ambiente ou at\u00e9 a alimenta\u00e7\u00e3o inadequada podem causar falta de apetite. <strong>Observar o comportamento e agir com aten\u00e7\u00e3o<\/strong> faz toda a diferen\u00e7a para garantir a sa\u00fade do pet.<\/p>\n\n\n\n<ul class=\"wp-block-list\">\n<li><strong>Mudan\u00e7a de ra\u00e7\u00e3o ou local<\/strong> pode impactar o apetite do filhote.<\/li>\n\n\n\n<li><strong>Sintomas associados<\/strong> como v\u00f4mito, diarreia ou apatia exigem aten\u00e7\u00e3o imediata.<\/li>\n\n\n\n<li><strong>Manter uma rotina alimentar adequada<\/strong> \u00e9 essencial para o desenvolvimento saud\u00e1vel.<\/li>\n<\/ul>\n\n\n\n<h2 class=\"wp-block-heading\">Por que filhote de cachorro pode parar de comer<\/h2>\n\n\n\n<p><strong>Altera\u00e7\u00f5es no ambiente, troca de ra\u00e7\u00e3o ou estresse<\/strong> est\u00e3o entre os motivos mais comuns para a recusa alimentar. <strong>Barulhos, visitas ou aus\u00eancia do tutor<\/strong> tamb\u00e9m podem afetar o apetite do animal.<\/p>\n\n\n\n<p>Leia tamb\u00e9m: <a href=\"https:\/\/www.correiobraziliense.com.br\/cbradar\/por-que-seu-cachorro-te-acompanha-o-tempo-todo-pela-casa-segundo-especialistas\/\" target=\"_blank\" rel=\"noreferrer noopener\">Por que seu cachorro te acompanha o tempo todo pela casa segundo especialistas<\/a><\/p>\n\n\n\n<p>Se o filhote n\u00e3o apresentar outros sintomas, observe por 24 horas e tente identificar mudan\u00e7as recentes na rotina.<\/p>\n\n\n\n<h2 class=\"wp-block-heading\">O que fazer quando o filhote n\u00e3o quer comer<\/h2>\n\n\n\n<p><strong>Ofere\u00e7a a ra\u00e7\u00e3o sempre no mesmo hor\u00e1rio e local tranquilo<\/strong>, longe de distra\u00e7\u00f5es. <strong>Experimente umedecer a ra\u00e7\u00e3o com \u00e1gua morna<\/strong> para tornar o alimento mais atrativo.<\/p>\n\n\n\n<p>Aten\u00e7\u00e3o: n\u00e3o insista ou force a alimenta\u00e7\u00e3o, pois isso pode gerar avers\u00e3o ao alimento.<\/p>\n\n\n\n<ul class=\"wp-block-list\">\n<li>Certifique-se de que a ra\u00e7\u00e3o \u00e9 pr\u00f3pria para filhotes e est\u00e1 dentro da validade.<\/li>\n\n\n\n<li>Evite oferecer petiscos ou comidas caseiras enquanto o apetite n\u00e3o normalizar.<\/li>\n\n\n\n<li>Mantenha a \u00e1gua sempre limpa e acess\u00edvel.<\/li>\n<\/ul>\n\n\n\n<figure class=\"wp-block-image size-large\"><img decoding=\"async\" width=\"1024\" height=\"576\" src=\"https:\/\/www.correiobraziliense.com.br\/cbradar\/wp-content\/uploads\/2025\/07\/cachorro-comendo_1752495677257-1024x576.jpg\" alt=\"5 atitudes que ajudam quando seu filhote n\u00e3o quer comer\" class=\"wp-image-69592\" srcset=\"https:\/\/www.correiobraziliense.com.br\/cbradar\/wp-content\/uploads\/2025\/07\/cachorro-comendo_1752495677257-1024x576.jpg 1024w, https:\/\/www.correiobraziliense.com.br\/cbradar\/wp-content\/uploads\/2025\/07\/cachorro-comendo_1752495677257-300x169.jpg 300w, https:\/\/www.correiobraziliense.com.br\/cbradar\/wp-content\/uploads\/2025\/07\/cachorro-comendo_1752495677257-768x432.jpg 768w, https:\/\/www.correiobraziliense.com.br\/cbradar\/wp-content\/uploads\/2025\/07\/cachorro-comendo_1752495677257-750x422.jpg 750w, https:\/\/www.correiobraziliense.com.br\/cbradar\/wp-content\/uploads\/2025\/07\/cachorro-comendo_1752495677257-1140x641.jpg 1140w, https:\/\/www.correiobraziliense.com.br\/cbradar\/wp-content\/uploads\/2025\/07\/cachorro-comendo_1752495677257.jpg 1280w\" sizes=\"(max-width: 1024px) 100vw, 1024px\" \/><figcaption class=\"wp-element-caption\">cachorro comendo. Cr\u00e9ditos: depositphotos.com \/ Hannamariah<\/figcaption><\/figure>\n\n\n\n<h2 class=\"wp-block-heading\">Quando procurar o veterin\u00e1rio<\/h2>\n\n\n\n<p><strong>Se o filhote recusar comida por mais de um dia<\/strong>, ou apresentar sintomas como v\u00f4mito, diarreia, febre ou apatia, procure um veterin\u00e1rio imediatamente. <strong>Filhotes s\u00e3o mais sens\u00edveis<\/strong> e podem desidratar rapidamente.<\/p>\n\n\n\n<p>Leia tamb\u00e9m: <a href=\"https:\/\/www.correiobraziliense.com.br\/cbradar\/o-que-ninguem-te-conta-sobre-dividir-a-cama-com-o-cachorro-nas-noites-frias\/\" target=\"_blank\" rel=\"noreferrer noopener\">O que ningu\u00e9m te conta sobre dividir a cama com o cachorro nas noites frias<\/a><\/p>\n\n\n\n<h2 class=\"wp-block-heading\">Falta de apetite em filhotes exige aten\u00e7\u00e3o e paci\u00eancia dos tutores<\/h2>\n\n\n\n<ul class=\"wp-block-list\">\n<li><strong>Observe mudan\u00e7as de comportamento<\/strong> e mantenha uma rotina alimentar consistente.<\/li>\n\n\n\n<li><strong>Adapte o ambiente para reduzir o estresse<\/strong> e facilitar a aceita\u00e7\u00e3o da comida.<\/li>\n\n\n\n<li><strong>Procure orienta\u00e7\u00e3o veterin\u00e1ria<\/strong> se a recusa alimentar persistir ou vier acompanhada de outros sintomas.<\/li>\n<\/ul>\n","protected":false},"excerpt":{"rendered":"<p>Filhote sem apetite? Veja dicas de especialistas para estimular a alimenta\u00e7\u00e3o, evitar riscos e saber quando buscar o veterin\u00e1rio.<\/p>\n","protected":false},"author":3,"featured_media":69590,"comment_status":"open","ping_status":"open","sticky":false,"template":"","format":"standard","meta":{"jnews-multi-image_gallery":[],"jnews_single_post":{"format":"standard"},"jnews_primary_category":[],"jnews_social_meta":[],"jnews_override_counter":[],"footnotes":""},"categories":[112],"post_tag":[1977,144],"class_list":["post-69584","post","type-post","status-publish","format-standard","has-post-thumbnail","hentry","category-curiosidades","tag-animais-de-estimacao","tag-curiosidades"],"yoast_head":"<!-- This site is optimized with the Yoast SEO plugin v24.6 - https:\/\/yoast.com\/wordpress\/plugins\/seo\/ -->\n<title>5 atitudes que ajudam quando seu filhote n\u00e3o quer comer<\/title>\n<meta name=\"description\" content=\"Filhote sem apetite? Veja dicas de especialistas para estimular a alimenta\u00e7\u00e3o, evitar riscos e saber quando buscar o veterin\u00e1rio.\" \/>\n<meta name=\"robots\" content=\"index, follow, max-snippet:-1, max-image-preview:large, max-video-preview:-1\" \/>\n<link rel=\"canonical\" href=\"https:\/\/www.correiobraziliense.com.br\/cbradar\/5-atitudes-que-ajudam-quando-seu-filhote-nao-quer-comer\/\" \/>\n<meta property=\"og:locale\" content=\"pt_BR\" \/>\n<meta property=\"og:type\" content=\"article\" \/>\n<meta property=\"og:title\" content=\"5 atitudes que ajudam quando seu filhote n\u00e3o quer comer\" \/>\n<meta property=\"og:description\" content=\"Filhote sem apetite? Veja dicas de especialistas para estimular a alimenta\u00e7\u00e3o, evitar riscos e saber quando buscar o veterin\u00e1rio.\" \/>\n<meta property=\"og:url\" content=\"https:\/\/www.correiobraziliense.com.br\/cbradar\/5-atitudes-que-ajudam-quando-seu-filhote-nao-quer-comer\/\" \/>\n<meta property=\"og:site_name\" content=\"Correio Braziliense - Radar\" \/>\n<meta property=\"article:published_time\" content=\"2025-07-16T00:03:00+00:00\" \/>\n<meta property=\"og:image\" content=\"https:\/\/www.correiobraziliense.com.br\/cbradar\/wp-content\/uploads\/2025\/07\/cachorro-comendo_1752495656685.jpg\" \/>\n\t<meta property=\"og:image:width\" content=\"1280\" \/>\n\t<meta property=\"og:image:height\" content=\"720\" \/>\n\t<meta property=\"og:image:type\" content=\"image\/jpeg\" \/>\n<meta name=\"author\" content=\"Larissa Carvalho\" \/>\n<meta name=\"twitter:card\" content=\"summary_large_image\" \/>\n<meta name=\"twitter:label1\" content=\"Escrito por\" \/>\n\t<meta name=\"twitter:data1\" content=\"Larissa Carvalho\" \/>\n\t<meta name=\"twitter:label2\" content=\"Est. tempo de leitura\" \/>\n\t<meta name=\"twitter:data2\" content=\"3 minutos\" \/>\n<!-- \/ Yoast SEO plugin. -->","yoast_head_json":{"title":"5 atitudes que ajudam quando seu filhote n\u00e3o quer comer","description":"Filhote sem apetite? Veja dicas de especialistas para estimular a alimenta\u00e7\u00e3o, evitar riscos e saber quando buscar o veterin\u00e1rio.","robots":{"index":"index","follow":"follow","max-snippet":"max-snippet:-1","max-image-preview":"max-image-preview:large","max-video-preview":"max-video-preview:-1"},"canonical":"https:\/\/www.correiobraziliense.com.br\/cbradar\/5-atitudes-que-ajudam-quando-seu-filhote-nao-quer-comer\/","og_locale":"pt_BR","og_type":"article","og_title":"5 atitudes que ajudam quando seu filhote n\u00e3o quer comer","og_description":"Filhote sem apetite? Veja dicas de especialistas para estimular a alimenta\u00e7\u00e3o, evitar riscos e saber quando buscar o veterin\u00e1rio.","og_url":"https:\/\/www.correiobraziliense.com.br\/cbradar\/5-atitudes-que-ajudam-quando-seu-filhote-nao-quer-comer\/","og_site_name":"Correio Braziliense - Radar","article_published_time":"2025-07-16T00:03:00+00:00","og_image":[{"width":1280,"height":720,"url":"https:\/\/www.correiobraziliense.com.br\/cbradar\/wp-content\/uploads\/2025\/07\/cachorro-comendo_1752495656685.jpg","type":"image\/jpeg"}],"author":"Larissa Carvalho","twitter_card":"summary_large_image","twitter_misc":{"Escrito por":"Larissa Carvalho","Est. tempo de leitura":"3 minutos"},"schema":{"@context":"https:\/\/schema.org","@graph":[{"@type":"WebPage","@id":"https:\/\/www.correiobraziliense.com.br\/cbradar\/5-atitudes-que-ajudam-quando-seu-filhote-nao-quer-comer\/","url":"https:\/\/www.correiobraziliense.com.br\/cbradar\/5-atitudes-que-ajudam-quando-seu-filhote-nao-quer-comer\/","name":"5 atitudes que ajudam quando seu filhote n\u00e3o quer comer","isPartOf":{"@id":"https:\/\/www.correiobraziliense.com.br\/cbradar\/#website"},"primaryImageOfPage":{"@id":"https:\/\/www.correiobraziliense.com.br\/cbradar\/5-atitudes-que-ajudam-quando-seu-filhote-nao-quer-comer\/#primaryimage"},"image":{"@id":"https:\/\/www.correiobraziliense.com.br\/cbradar\/5-atitudes-que-ajudam-quando-seu-filhote-nao-quer-comer\/#primaryimage"},"thumbnailUrl":"https:\/\/www.correiobraziliense.com.br\/cbradar\/wp-content\/uploads\/2025\/07\/cachorro-comendo_1752495656685.jpg","datePublished":"2025-07-16T00:03:00+00:00","author":{"@id":"https:\/\/www.correiobraziliense.com.br\/cbradar\/#\/schema\/person\/58422787644df994b53a19d3e56c1513"},"description":"Filhote sem apetite? Veja dicas de especialistas para estimular a alimenta\u00e7\u00e3o, evitar riscos e saber quando buscar o veterin\u00e1rio.","breadcrumb":{"@id":"https:\/\/www.correiobraziliense.com.br\/cbradar\/5-atitudes-que-ajudam-quando-seu-filhote-nao-quer-comer\/#breadcrumb"},"inLanguage":"pt-BR","potentialAction":[{"@type":"ReadAction","target":["https:\/\/www.correiobraziliense.com.br\/cbradar\/5-atitudes-que-ajudam-quando-seu-filhote-nao-quer-comer\/"]}]},{"@type":"ImageObject","inLanguage":"pt-BR","@id":"https:\/\/www.correiobraziliense.com.br\/cbradar\/5-atitudes-que-ajudam-quando-seu-filhote-nao-quer-comer\/#primaryimage","url":"https:\/\/www.correiobraziliense.com.br\/cbradar\/wp-content\/uploads\/2025\/07\/cachorro-comendo_1752495656685.jpg","contentUrl":"https:\/\/www.correiobraziliense.com.br\/cbradar\/wp-content\/uploads\/2025\/07\/cachorro-comendo_1752495656685.jpg","width":1280,"height":720,"caption":"cachorro comendo. Cr\u00e9ditos: depositphotos.com \/ AlexShadyuk"},{"@type":"BreadcrumbList","@id":"https:\/\/www.correiobraziliense.com.br\/cbradar\/5-atitudes-que-ajudam-quando-seu-filhote-nao-quer-comer\/#breadcrumb","itemListElement":[{"@type":"ListItem","position":1,"name":"In\u00edcio","item":"https:\/\/www.correiobraziliense.com.br\/cbradar\/"},{"@type":"ListItem","position":2,"name":"5 atitudes que ajudam quando seu filhote n\u00e3o quer comer"}]},{"@type":"WebSite","@id":"https:\/\/www.correiobraziliense.com.br\/cbradar\/#website","url":"https:\/\/www.correiobraziliense.com.br\/cbradar\/","name":"Correio Braziliense - Radar","description":"Acompanhe as \u00faltimas not\u00edcias e fique bem informado sobre tudo o que acontece no Brasil e no mundo.","potentialAction":[{"@type":"SearchAction","target":{"@type":"EntryPoint","urlTemplate":"https:\/\/www.correiobraziliense.com.br\/cbradar\/?s={search_term_string}"},"query-input":{"@type":"PropertyValueSpecification","valueRequired":true,"valueName":"search_term_string"}}],"inLanguage":"pt-BR"},{"@type":"Person","@id":"https:\/\/www.correiobraziliense.com.br\/cbradar\/#\/schema\/person\/58422787644df994b53a19d3e56c1513","name":"Larissa Carvalho","image":{"@type":"ImageObject","inLanguage":"pt-BR","@id":"https:\/\/www.correiobraziliense.com.br\/cbradar\/#\/schema\/person\/image\/","url":"https:\/\/secure.gravatar.com\/avatar\/fe4f91a0de32b52a838d0d612abdc1aa?s=96&d=mm&r=g","contentUrl":"https:\/\/secure.gravatar.com\/avatar\/fe4f91a0de32b52a838d0d612abdc1aa?s=96&d=mm&r=g","caption":"Larissa Carvalho"},"url":"https:\/\/www.correiobraziliense.com.br\/cbradar\/author\/larissamyth\/"}]}},"_links":{"self":[{"href":"https:\/\/www.correiobraziliense.com.br\/cbradar\/wp-json\/wp\/v2\/posts\/69584","targetHints":{"allow":["GET"]}}],"collection":[{"href":"https:\/\/www.correiobraziliense.com.br\/cbradar\/wp-json\/wp\/v2\/posts"}],"about":[{"href":"https:\/\/www.correiobraziliense.com.br\/cbradar\/wp-json\/wp\/v2\/types\/post"}],"author":[{"embeddable":true,"href":"https:\/\/www.correiobraziliense.com.br\/cbradar\/wp-json\/wp\/v2\/users\/3"}],"replies":[{"embeddable":true,"href":"https:\/\/www.correiobraziliense.com.br\/cbradar\/wp-json\/wp\/v2\/comments?post=69584"}],"version-history":[{"count":1,"href":"https:\/\/www.correiobraziliense.com.br\/cbradar\/wp-json\/wp\/v2\/posts\/69584\/revisions"}],"predecessor-version":[{"id":69593,"href":"https:\/\/www.correiobraziliense.com.br\/cbradar\/wp-json\/wp\/v2\/posts\/69584\/revisions\/69593"}],"wp:featuredmedia":[{"embeddable":true,"href":"https:\/\/www.correiobraziliense.com.br\/cbradar\/wp-json\/wp\/v2\/media\/69590"}],"wp:attachment":[{"href":"https:\/\/www.correiobraziliense.com.br\/cbradar\/wp-json\/wp\/v2\/media?parent=69584"}],"wp:term":[{"taxonomy":"category","embeddable":true,"href":"https:\/\/www.correiobraziliense.com.br\/cbradar\/wp-json\/wp\/v2\/categories?post=69584"},{"taxonomy":"post_tag","embeddable":true,"href":"https:\/\/www.correiobraziliense.com.br\/cbradar\/wp-json\/wp\/v2\/post_tag?post=69584"}],"curies":[{"name":"wp","href":"https:\/\/api.w.org\/{rel}","templated":true}]}}