{"id":69610,"date":"2025-07-14T09:40:00","date_gmt":"2025-07-14T12:40:00","guid":{"rendered":"https:\/\/www.correiobraziliense.com.br\/cbradar\/?p=69610"},"modified":"2025-07-14T09:34:18","modified_gmt":"2025-07-14T12:34:18","slug":"se-voce-sente-fome-depois-do-cafe-da-manha-provavelmente-esta-cometendo-esse-erro","status":"publish","type":"post","link":"https:\/\/www.correiobraziliense.com.br\/cbradar\/se-voce-sente-fome-depois-do-cafe-da-manha-provavelmente-esta-cometendo-esse-erro\/","title":{"rendered":"Se voc\u00ea sente fome depois do caf\u00e9 da manh\u00e3, provavelmente est\u00e1 cometendo esse erro"},"content":{"rendered":"\n<p>Muitas pessoas relatam sentir fome pouco tempo depois do caf\u00e9 da manh\u00e3, mesmo ap\u00f3s terem feito uma refei\u00e7\u00e3o aparentemente completa. Esse fen\u00f4meno pode atrapalhar o in\u00edcio do dia e dificultar a manuten\u00e7\u00e3o de uma alimenta\u00e7\u00e3o equilibrada, al\u00e9m de elevar o risco de exageros em lanches e refei\u00e7\u00f5es subsequentes. Compreender os fatores que levam \u00e0 falta de saciedade ap\u00f3s o desjejum \u00e9 fundamental para quem busca h\u00e1bitos mais saud\u00e1veis.<\/p>\n\n\n\n<p>O caf\u00e9 da manh\u00e3, por estar no in\u00edcio do dia, tem a fun\u00e7\u00e3o de fornecer energia, estimular o metabolismo e contribuir para o bem-estar f\u00edsico e mental. No entanto, escolhas inadequadas podem comprometer esses benef\u00edcios. A composi\u00e7\u00e3o do prato, o tipo de alimentos selecionados e a aus\u00eancia de nutrientes essenciais s\u00e3o aspectos que costumam passar despercebidos e est\u00e3o diretamente ligados \u00e0 sensa\u00e7\u00e3o de fome precoce.<\/p>\n\n\n\n<h2 class=\"wp-block-heading\">Por que o caf\u00e9 da manh\u00e3 n\u00e3o sustenta?<\/h2>\n\n\n\n<p><strong>Uma das principais raz\u00f5es para a fome pouco tempo ap\u00f3s o caf\u00e9 da manh\u00e3 \u00e9 a alta ingest\u00e3o de alimentos ricos em a\u00e7\u00facares e pobres em prote\u00ednas.<\/strong> Produtos como biscoitos, p\u00e3es brancos, bolos industrializados e cereais a\u00e7ucarados promovem um aumento r\u00e1pido da glicose no sangue, seguido de uma queda acentuada. Esse mecanismo leva \u00e0 sensa\u00e7\u00e3o de fome em quest\u00e3o de poucas horas, prejudicando o controle do apetite ao longo do dia.<\/p>\n\n\n\n<p>Al\u00e9m disso, a aus\u00eancia de fibras e gorduras saud\u00e1veis no in\u00edcio da manh\u00e3 tamb\u00e9m influencia a saciedade. Esses nutrientes retardam o esvaziamento g\u00e1strico e ajudam a prolongar a sensa\u00e7\u00e3o de satisfa\u00e7\u00e3o. Por isso, investir em alimentos integrais, oleaginosas e sementes pode fazer a diferen\u00e7a para se sentir saciado por mais tempo.<\/p>\n\n\n\n<h2 class=\"wp-block-heading\">Quais erros evitar no caf\u00e9 da manh\u00e3?<\/h2>\n\n\n\n<p><strong>Certos erros alimentares cometidos durante o caf\u00e9 da manh\u00e3 s\u00e3o comuns e impactam diretamente a durabilidade da saciedade.<\/strong> Entre eles, destacam-se:<\/p>\n\n\n\n<ul class=\"wp-block-list\">\n<li><strong>Consumo excessivo de carboidratos simples:<\/strong> P\u00e3es brancos, bolos e biscoitos, mesmo integrais, quando em excesso, podem elevar rapidamente a glicemia.<\/li>\n\n\n\n<li><strong>Pouca ingest\u00e3o de prote\u00ednas:<\/strong> Alimentos como ovos, iogurte natural, queijos magros e leguminosas devem ser priorizados para aumentar a saciedade.<\/li>\n\n\n\n<li><strong>Insufici\u00eancia de fibras:<\/strong> Frutas, aveia, chia e linha\u00e7a ajudam no processo digestivo e colaboram para manter o apetite sob controle.<\/li>\n\n\n\n<li><strong>Falta de gorduras boas:<\/strong> Abacate, castanhas e sementes s\u00e3o fontes interessantes para prolongar o efeito da refei\u00e7\u00e3o.<\/li>\n<\/ul>\n\n\n\n<p><em>Equilibrar esses componentes ao montar o prato faz diferen\u00e7a e evita epis\u00f3dios de fome indesejada logo nas primeiras horas do dia.<\/em><\/p>\n\n\n\n<figure class=\"wp-block-image size-large\"><img decoding=\"async\" width=\"1024\" height=\"576\" src=\"https:\/\/www.correiobraziliense.com.br\/cbradar\/wp-content\/uploads\/2025\/07\/cafpe-da-manha_1752496420473-1024x576.jpg\" alt=\"Se voc\u00ea sente fome depois do caf\u00e9 da manh\u00e3, provavelmente est\u00e1 cometendo esse erro\" class=\"wp-image-69614\" srcset=\"https:\/\/www.correiobraziliense.com.br\/cbradar\/wp-content\/uploads\/2025\/07\/cafpe-da-manha_1752496420473-1024x576.jpg 1024w, https:\/\/www.correiobraziliense.com.br\/cbradar\/wp-content\/uploads\/2025\/07\/cafpe-da-manha_1752496420473-300x169.jpg 300w, https:\/\/www.correiobraziliense.com.br\/cbradar\/wp-content\/uploads\/2025\/07\/cafpe-da-manha_1752496420473-768x432.jpg 768w, https:\/\/www.correiobraziliense.com.br\/cbradar\/wp-content\/uploads\/2025\/07\/cafpe-da-manha_1752496420473-750x422.jpg 750w, https:\/\/www.correiobraziliense.com.br\/cbradar\/wp-content\/uploads\/2025\/07\/cafpe-da-manha_1752496420473-1140x641.jpg 1140w, https:\/\/www.correiobraziliense.com.br\/cbradar\/wp-content\/uploads\/2025\/07\/cafpe-da-manha_1752496420473.jpg 1280w\" sizes=\"(max-width: 1024px) 100vw, 1024px\" \/><figcaption class=\"wp-element-caption\">caf\u00e9 da manh\u00e3. Cr\u00e9ditos: depositphotos.com \/ AntonMatyukha<\/figcaption><\/figure>\n\n\n\n<h2 class=\"wp-block-heading\">Como montar um caf\u00e9 da manh\u00e3 que garante saciedade?<\/h2>\n\n\n\n<p><strong>Preparar um caf\u00e9 da manh\u00e3 duradouro requer diversidade e planejamento.<\/strong> Optar por alimentos que proporcionem energia de libera\u00e7\u00e3o lenta \u00e9 uma estrat\u00e9gia fundamental. Veja sugest\u00f5es que podem ajudar a compor uma refei\u00e7\u00e3o mais balanceada:<\/p>\n\n\n\n<ol class=\"wp-block-list\">\n<li>Inclua ovos, feij\u00f5es ou queijos leves para abastecer o organismo com prote\u00ednas de qualidade;<\/li>\n\n\n\n<li>Acrescente frutas frescas acompanhadas de sementes (chia, linha\u00e7a) ou oleaginosas (castanhas, am\u00eandoas);<\/li>\n\n\n\n<li>D\u00ea prefer\u00eancia por iogurte natural ou grego, sem adi\u00e7\u00e3o de a\u00e7\u00facares;<\/li>\n\n\n\n<li>Troque o p\u00e3o tradicional por vers\u00f5es integrais ou feitas com farinha de aveia;<\/li>\n\n\n\n<li>Inclua fontes de gorduras saud\u00e1veis, como abacate ou pasta de amendoim sem a\u00e7\u00facar.<\/li>\n<\/ol>\n\n\n\n<p>Essas escolhas s\u00e3o capazes de promover uma libera\u00e7\u00e3o mais gradual de energia, auxiliando na sensa\u00e7\u00e3o de saciedade e contribuindo para um in\u00edcio de dia mais produtivo.<\/p>\n\n\n\n<h2 class=\"wp-block-heading\">Devo evitar doces e cereais no caf\u00e9 da manh\u00e3?<\/h2>\n\n\n\n<p><strong>Muitos produtos industrializados s\u00e3o comercializados como op\u00e7\u00f5es r\u00e1pidas para o desjejum, mas seu consumo frequente pode atrapalhar o controle do apetite.<\/strong> Evitar cereais a\u00e7ucarados, barras de cereal recheadas e bebidas l\u00e1cteas ado\u00e7adas \u00e9 uma decis\u00e3o importante para quem busca evitar picos de fome.<\/p>\n\n\n\n<p>Substituir esses itens por vers\u00f5es menos processadas e com baixo teor de a\u00e7\u00facares refinados representa uma mudan\u00e7a simples, por\u00e9m eficaz. Itens como aveia natural, frutas frescas e granola sem a\u00e7\u00facares adicionados podem ajudar a desacelerar o impacto glic\u00eamico da refei\u00e7\u00e3o.<\/p>\n\n\n\n<p>Com pequenas mudan\u00e7as no caf\u00e9 da manh\u00e3, \u00e9 poss\u00edvel alcan\u00e7ar maior saciedade, reduzir o desejo por alimenta\u00e7\u00e3o constante e favorecer escolhas mais adequadas ao longo do dia. O segredo est\u00e1 na combina\u00e7\u00e3o equilibrada de prote\u00ednas, fibras e gorduras boas, mantendo sempre uma rotina alimentar variada e ajustada ao perfil de cada pessoa.<\/p>\n","protected":false},"excerpt":{"rendered":"<p>Dicas para um caf\u00e9 da manh\u00e3 balanceado e que mant\u00e9m a sensa\u00e7\u00e3o de saciedade por mais tempo, evitando fome precoce.<\/p>\n","protected":false},"author":3,"featured_media":69613,"comment_status":"open","ping_status":"open","sticky":false,"template":"","format":"standard","meta":{"_yoast_wpseo_focuskw":"erro caf\u00e9 da manh\u00e3","_yoast_wpseo_title":"%%title%%","_yoast_wpseo_metadesc":"Dicas para um caf\u00e9 da manh\u00e3 balanceado e que mant\u00e9m a sensa\u00e7\u00e3o de saciedade por mais tempo, evitando fome precoce.","jnews-multi-image_gallery":[],"jnews_single_post":{"format":"standard"},"jnews_primary_category":[],"jnews_social_meta":[],"jnews_override_counter":[],"footnotes":""},"categories":[112],"post_tag":[4319,144],"class_list":["post-69610","post","type-post","status-publish","format-standard","has-post-thumbnail","hentry","category-curiosidades","tag-cafe-da-manha","tag-curiosidades"],"yoast_head":"<!-- This site is optimized with the Yoast SEO plugin v24.6 - https:\/\/yoast.com\/wordpress\/plugins\/seo\/ -->\n<title>Se voc\u00ea sente fome depois do caf\u00e9 da manh\u00e3, provavelmente est\u00e1 cometendo esse erro<\/title>\n<meta name=\"description\" content=\"Dicas para um caf\u00e9 da manh\u00e3 balanceado e que mant\u00e9m a sensa\u00e7\u00e3o de saciedade por mais tempo, evitando fome precoce.\" \/>\n<meta name=\"robots\" content=\"index, follow, max-snippet:-1, max-image-preview:large, max-video-preview:-1\" \/>\n<link rel=\"canonical\" href=\"https:\/\/www.correiobraziliense.com.br\/cbradar\/se-voce-sente-fome-depois-do-cafe-da-manha-provavelmente-esta-cometendo-esse-erro\/\" \/>\n<meta property=\"og:locale\" content=\"pt_BR\" \/>\n<meta property=\"og:type\" content=\"article\" \/>\n<meta property=\"og:title\" content=\"Se voc\u00ea sente fome depois do caf\u00e9 da manh\u00e3, provavelmente est\u00e1 cometendo esse erro\" \/>\n<meta property=\"og:description\" content=\"Dicas para um caf\u00e9 da manh\u00e3 balanceado e que mant\u00e9m a sensa\u00e7\u00e3o de saciedade por mais tempo, evitando fome precoce.\" \/>\n<meta property=\"og:url\" content=\"https:\/\/www.correiobraziliense.com.br\/cbradar\/se-voce-sente-fome-depois-do-cafe-da-manha-provavelmente-esta-cometendo-esse-erro\/\" \/>\n<meta property=\"og:site_name\" content=\"Correio Braziliense - Radar\" \/>\n<meta property=\"article:published_time\" content=\"2025-07-14T12:40:00+00:00\" \/>\n<meta property=\"og:image\" content=\"https:\/\/www.correiobraziliense.com.br\/cbradar\/wp-content\/uploads\/2025\/07\/cafpe-da-manha_1752496307384.jpg\" \/>\n\t<meta property=\"og:image:width\" content=\"1280\" \/>\n\t<meta property=\"og:image:height\" content=\"720\" \/>\n\t<meta property=\"og:image:type\" content=\"image\/jpeg\" \/>\n<meta name=\"author\" content=\"Larissa Carvalho\" \/>\n<meta name=\"twitter:card\" content=\"summary_large_image\" \/>\n<meta name=\"twitter:label1\" content=\"Escrito por\" \/>\n\t<meta name=\"twitter:data1\" content=\"Larissa Carvalho\" \/>\n\t<meta name=\"twitter:label2\" content=\"Est. tempo de leitura\" \/>\n\t<meta name=\"twitter:data2\" content=\"5 minutos\" \/>\n<!-- \/ Yoast SEO plugin. -->","yoast_head_json":{"title":"Se voc\u00ea sente fome depois do caf\u00e9 da manh\u00e3, provavelmente est\u00e1 cometendo esse erro","description":"Dicas para um caf\u00e9 da manh\u00e3 balanceado e que mant\u00e9m a sensa\u00e7\u00e3o de saciedade por mais tempo, evitando fome precoce.","robots":{"index":"index","follow":"follow","max-snippet":"max-snippet:-1","max-image-preview":"max-image-preview:large","max-video-preview":"max-video-preview:-1"},"canonical":"https:\/\/www.correiobraziliense.com.br\/cbradar\/se-voce-sente-fome-depois-do-cafe-da-manha-provavelmente-esta-cometendo-esse-erro\/","og_locale":"pt_BR","og_type":"article","og_title":"Se voc\u00ea sente fome depois do caf\u00e9 da manh\u00e3, provavelmente est\u00e1 cometendo esse erro","og_description":"Dicas para um caf\u00e9 da manh\u00e3 balanceado e que mant\u00e9m a sensa\u00e7\u00e3o de saciedade por mais tempo, evitando fome precoce.","og_url":"https:\/\/www.correiobraziliense.com.br\/cbradar\/se-voce-sente-fome-depois-do-cafe-da-manha-provavelmente-esta-cometendo-esse-erro\/","og_site_name":"Correio Braziliense - Radar","article_published_time":"2025-07-14T12:40:00+00:00","og_image":[{"width":1280,"height":720,"url":"https:\/\/www.correiobraziliense.com.br\/cbradar\/wp-content\/uploads\/2025\/07\/cafpe-da-manha_1752496307384.jpg","type":"image\/jpeg"}],"author":"Larissa Carvalho","twitter_card":"summary_large_image","twitter_misc":{"Escrito por":"Larissa Carvalho","Est. tempo de leitura":"5 minutos"},"schema":{"@context":"https:\/\/schema.org","@graph":[{"@type":"WebPage","@id":"https:\/\/www.correiobraziliense.com.br\/cbradar\/se-voce-sente-fome-depois-do-cafe-da-manha-provavelmente-esta-cometendo-esse-erro\/","url":"https:\/\/www.correiobraziliense.com.br\/cbradar\/se-voce-sente-fome-depois-do-cafe-da-manha-provavelmente-esta-cometendo-esse-erro\/","name":"Se voc\u00ea sente fome depois do caf\u00e9 da manh\u00e3, provavelmente est\u00e1 cometendo esse erro","isPartOf":{"@id":"https:\/\/www.correiobraziliense.com.br\/cbradar\/#website"},"primaryImageOfPage":{"@id":"https:\/\/www.correiobraziliense.com.br\/cbradar\/se-voce-sente-fome-depois-do-cafe-da-manha-provavelmente-esta-cometendo-esse-erro\/#primaryimage"},"image":{"@id":"https:\/\/www.correiobraziliense.com.br\/cbradar\/se-voce-sente-fome-depois-do-cafe-da-manha-provavelmente-esta-cometendo-esse-erro\/#primaryimage"},"thumbnailUrl":"https:\/\/www.correiobraziliense.com.br\/cbradar\/wp-content\/uploads\/2025\/07\/cafpe-da-manha_1752496307384.jpg","datePublished":"2025-07-14T12:40:00+00:00","author":{"@id":"https:\/\/www.correiobraziliense.com.br\/cbradar\/#\/schema\/person\/58422787644df994b53a19d3e56c1513"},"description":"Dicas para um caf\u00e9 da manh\u00e3 balanceado e que mant\u00e9m a sensa\u00e7\u00e3o de saciedade por mais tempo, evitando fome precoce.","breadcrumb":{"@id":"https:\/\/www.correiobraziliense.com.br\/cbradar\/se-voce-sente-fome-depois-do-cafe-da-manha-provavelmente-esta-cometendo-esse-erro\/#breadcrumb"},"inLanguage":"pt-BR","potentialAction":[{"@type":"ReadAction","target":["https:\/\/www.correiobraziliense.com.br\/cbradar\/se-voce-sente-fome-depois-do-cafe-da-manha-provavelmente-esta-cometendo-esse-erro\/"]}]},{"@type":"ImageObject","inLanguage":"pt-BR","@id":"https:\/\/www.correiobraziliense.com.br\/cbradar\/se-voce-sente-fome-depois-do-cafe-da-manha-provavelmente-esta-cometendo-esse-erro\/#primaryimage","url":"https:\/\/www.correiobraziliense.com.br\/cbradar\/wp-content\/uploads\/2025\/07\/cafpe-da-manha_1752496307384.jpg","contentUrl":"https:\/\/www.correiobraziliense.com.br\/cbradar\/wp-content\/uploads\/2025\/07\/cafpe-da-manha_1752496307384.jpg","width":1280,"height":720,"caption":"caf\u00e9 da manh\u00e3; Cr\u00e9ditos: depositphotos.com \/ VadimVasenin"},{"@type":"BreadcrumbList","@id":"https:\/\/www.correiobraziliense.com.br\/cbradar\/se-voce-sente-fome-depois-do-cafe-da-manha-provavelmente-esta-cometendo-esse-erro\/#breadcrumb","itemListElement":[{"@type":"ListItem","position":1,"name":"In\u00edcio","item":"https:\/\/www.correiobraziliense.com.br\/cbradar\/"},{"@type":"ListItem","position":2,"name":"Se voc\u00ea sente fome depois do caf\u00e9 da manh\u00e3, provavelmente est\u00e1 cometendo esse erro"}]},{"@type":"WebSite","@id":"https:\/\/www.correiobraziliense.com.br\/cbradar\/#website","url":"https:\/\/www.correiobraziliense.com.br\/cbradar\/","name":"Correio Braziliense - Radar","description":"Acompanhe as \u00faltimas not\u00edcias e fique bem informado sobre tudo o que acontece no Brasil e no mundo.","potentialAction":[{"@type":"SearchAction","target":{"@type":"EntryPoint","urlTemplate":"https:\/\/www.correiobraziliense.com.br\/cbradar\/?s={search_term_string}"},"query-input":{"@type":"PropertyValueSpecification","valueRequired":true,"valueName":"search_term_string"}}],"inLanguage":"pt-BR"},{"@type":"Person","@id":"https:\/\/www.correiobraziliense.com.br\/cbradar\/#\/schema\/person\/58422787644df994b53a19d3e56c1513","name":"Larissa Carvalho","image":{"@type":"ImageObject","inLanguage":"pt-BR","@id":"https:\/\/www.correiobraziliense.com.br\/cbradar\/#\/schema\/person\/image\/","url":"https:\/\/secure.gravatar.com\/avatar\/fe4f91a0de32b52a838d0d612abdc1aa?s=96&d=mm&r=g","contentUrl":"https:\/\/secure.gravatar.com\/avatar\/fe4f91a0de32b52a838d0d612abdc1aa?s=96&d=mm&r=g","caption":"Larissa Carvalho"},"url":"https:\/\/www.correiobraziliense.com.br\/cbradar\/author\/larissamyth\/"}]}},"_links":{"self":[{"href":"https:\/\/www.correiobraziliense.com.br\/cbradar\/wp-json\/wp\/v2\/posts\/69610","targetHints":{"allow":["GET"]}}],"collection":[{"href":"https:\/\/www.correiobraziliense.com.br\/cbradar\/wp-json\/wp\/v2\/posts"}],"about":[{"href":"https:\/\/www.correiobraziliense.com.br\/cbradar\/wp-json\/wp\/v2\/types\/post"}],"author":[{"embeddable":true,"href":"https:\/\/www.correiobraziliense.com.br\/cbradar\/wp-json\/wp\/v2\/users\/3"}],"replies":[{"embeddable":true,"href":"https:\/\/www.correiobraziliense.com.br\/cbradar\/wp-json\/wp\/v2\/comments?post=69610"}],"version-history":[{"count":2,"href":"https:\/\/www.correiobraziliense.com.br\/cbradar\/wp-json\/wp\/v2\/posts\/69610\/revisions"}],"predecessor-version":[{"id":69615,"href":"https:\/\/www.correiobraziliense.com.br\/cbradar\/wp-json\/wp\/v2\/posts\/69610\/revisions\/69615"}],"wp:featuredmedia":[{"embeddable":true,"href":"https:\/\/www.correiobraziliense.com.br\/cbradar\/wp-json\/wp\/v2\/media\/69613"}],"wp:attachment":[{"href":"https:\/\/www.correiobraziliense.com.br\/cbradar\/wp-json\/wp\/v2\/media?parent=69610"}],"wp:term":[{"taxonomy":"category","embeddable":true,"href":"https:\/\/www.correiobraziliense.com.br\/cbradar\/wp-json\/wp\/v2\/categories?post=69610"},{"taxonomy":"post_tag","embeddable":true,"href":"https:\/\/www.correiobraziliense.com.br\/cbradar\/wp-json\/wp\/v2\/post_tag?post=69610"}],"curies":[{"name":"wp","href":"https:\/\/api.w.org\/{rel}","templated":true}]}}