{"id":69632,"date":"2025-07-15T15:23:00","date_gmt":"2025-07-15T18:23:00","guid":{"rendered":"https:\/\/www.correiobraziliense.com.br\/cbradar\/?p=69632"},"modified":"2025-07-14T09:47:22","modified_gmt":"2025-07-14T12:47:22","slug":"como-funciona-uma-tempestade-de-raios-descubra-como-esse-fenomeno-acontece","status":"publish","type":"post","link":"https:\/\/www.correiobraziliense.com.br\/cbradar\/como-funciona-uma-tempestade-de-raios-descubra-como-esse-fenomeno-acontece\/","title":{"rendered":"Como funciona uma tempestade de raios? Descubra como esse fen\u00f4meno acontece"},"content":{"rendered":"\n<p><strong>Tempestades de raios fascinam e assustam ao mesmo tempo<\/strong>, sendo um dos fen\u00f4menos naturais mais poderosos e frequentes no Brasil. <strong>Entender como os raios se formam<\/strong> ajuda a adotar medidas de seguran\u00e7a e a apreciar a for\u00e7a da natureza sem riscos. <strong>O processo \u00e9 resultado de intensas trocas el\u00e9tricas na atmosfera<\/strong>, muitas vezes associadas a nuvens de grande desenvolvimento vertical.<\/p>\n\n\n\n<ul class=\"wp-block-list\">\n<li><strong>Raios surgem a partir de cargas el\u00e9tricas acumuladas em nuvens de tempestade.<\/strong><\/li>\n\n\n\n<li><strong>As descargas podem ocorrer dentro da nuvem, entre nuvens ou atingir o solo.<\/strong><\/li>\n\n\n\n<li><strong>O fen\u00f4meno \u00e9 acompanhado de trov\u00f5es<\/strong> devido ao aquecimento r\u00e1pido do ar.<\/li>\n<\/ul>\n\n\n\n<h2 class=\"wp-block-heading\">Como os raios se formam durante uma tempestade<\/h2>\n\n\n\n<p><strong>Uma tempestade de raios come\u00e7a com a forma\u00e7\u00e3o de nuvens cumulonimbus<\/strong>, que atingem grandes altitudes e concentram umidade e part\u00edculas de gelo. <strong>O atrito entre essas part\u00edculas gera separa\u00e7\u00e3o de cargas el\u00e9tricas<\/strong> dentro da nuvem.<\/p>\n\n\n\n<p>Leia tamb\u00e9m: <a href=\"https:\/\/www.correiobraziliense.com.br\/cbradar\/5-medidas-essenciais-para-proteger-sua-residencia-contra-tempestades\/\" target=\"_blank\" rel=\"noreferrer noopener\">5 medidas essenciais para proteger sua resid\u00eancia contra tempestades<\/a><\/p>\n\n\n\n<p>A parte superior da nuvem fica carregada positivamente, enquanto a base concentra cargas negativas. <strong>A diferen\u00e7a de potencial el\u00e9trico cria um campo intenso<\/strong> at\u00e9 que ocorra a descarga: o raio.<\/p>\n\n\n\n<h2 class=\"wp-block-heading\">O que acontece quando o raio atinge o solo<\/h2>\n\n\n\n<p><strong>Quando a carga negativa da nuvem encontra cargas positivas no solo<\/strong>, h\u00e1 uma intensa transfer\u00eancia de energia. <strong>O ar ao redor do raio \u00e9 aquecido rapidamente<\/strong>, podendo ultrapassar 30 mil graus Celsius.<\/p>\n\n\n\n<p>Esse aquecimento provoca a expans\u00e3o instant\u00e2nea do ar, gerando o som do trov\u00e3o que ouvimos ap\u00f3s o clar\u00e3o do raio.<\/p>\n\n\n\n<figure class=\"wp-block-image size-large\"><img decoding=\"async\" width=\"1024\" height=\"576\" src=\"https:\/\/www.correiobraziliense.com.br\/cbradar\/wp-content\/uploads\/2025\/07\/tempestade-de-raios_1752497227168-1024x576.jpg\" alt=\"Como funciona uma tempestade de raios? Descubra como esse fen\u00f4meno acontece\" class=\"wp-image-69639\" srcset=\"https:\/\/www.correiobraziliense.com.br\/cbradar\/wp-content\/uploads\/2025\/07\/tempestade-de-raios_1752497227168-1024x576.jpg 1024w, https:\/\/www.correiobraziliense.com.br\/cbradar\/wp-content\/uploads\/2025\/07\/tempestade-de-raios_1752497227168-300x169.jpg 300w, https:\/\/www.correiobraziliense.com.br\/cbradar\/wp-content\/uploads\/2025\/07\/tempestade-de-raios_1752497227168-768x432.jpg 768w, https:\/\/www.correiobraziliense.com.br\/cbradar\/wp-content\/uploads\/2025\/07\/tempestade-de-raios_1752497227168-750x422.jpg 750w, https:\/\/www.correiobraziliense.com.br\/cbradar\/wp-content\/uploads\/2025\/07\/tempestade-de-raios_1752497227168-1140x641.jpg 1140w, https:\/\/www.correiobraziliense.com.br\/cbradar\/wp-content\/uploads\/2025\/07\/tempestade-de-raios_1752497227168.jpg 1280w\" sizes=\"(max-width: 1024px) 100vw, 1024px\" \/><figcaption class=\"wp-element-caption\">tempestade de raios. Cr\u00e9ditos: depositphotos.com \/ stnazkul<\/figcaption><\/figure>\n\n\n\n<h2 class=\"wp-block-heading\">Tempestades de raios: riscos e cuidados essenciais<\/h2>\n\n\n\n<p><strong>Durante tempestades com raios, abrigue-se em locais fechados<\/strong> e evite \u00e1reas abertas, \u00e1rvores isoladas ou estruturas met\u00e1licas. <strong>Evite tamb\u00e9m o uso de aparelhos el\u00e9tricos<\/strong> conectados \u00e0 tomada nesses momentos.<\/p>\n\n\n\n<ul class=\"wp-block-list\">\n<li>A maior parte dos acidentes ocorre por falta de prote\u00e7\u00e3o adequada.<\/li>\n\n\n\n<li>Rel\u00e2mpagos podem atingir pessoas mesmo a quil\u00f4metros do centro da tempestade.<\/li>\n\n\n\n<li>Sistemas de para-raios ajudam a proteger constru\u00e7\u00f5es e salvar vidas.<\/li>\n<\/ul>\n\n\n\n<h2 class=\"wp-block-heading\">Tempestades de raios impressionam pela for\u00e7a e exigem respeito \u00e0 natureza<\/h2>\n\n\n\n<ul class=\"wp-block-list\">\n<li><strong>A forma\u00e7\u00e3o de raios depende do ac\u00famulo e separa\u00e7\u00e3o de cargas nas nuvens<\/strong>.<\/li>\n\n\n\n<li><strong>O fen\u00f4meno \u00e9 perigoso<\/strong>, mas pode ser observado com seguran\u00e7a quando se adotam os cuidados certos.<\/li>\n\n\n\n<li><strong>Entender como funciona ajuda a prevenir acidentes<\/strong> e valorizar os espet\u00e1culos naturais.<\/li>\n<\/ul>\n","protected":false},"excerpt":{"rendered":"<p>Entenda os bastidores das tempestades de raios, saiba como elas acontecem e veja dicas pr\u00e1ticas para evitar acidentes em dias de chuva.<\/p>\n","protected":false},"author":3,"featured_media":69636,"comment_status":"open","ping_status":"open","sticky":false,"template":"","format":"standard","meta":{"_yoast_wpseo_focuskw":"tempestade de raios","_yoast_wpseo_title":"%%title%%","_yoast_wpseo_metadesc":"Entenda os bastidores das tempestades de raios, saiba como elas acontecem e veja dicas pr\u00e1ticas para evitar acidentes em dias de chuva.","jnews-multi-image_gallery":[],"jnews_single_post":{"format":"standard"},"jnews_primary_category":[],"jnews_social_meta":[],"jnews_override_counter":[],"footnotes":""},"categories":[112],"post_tag":[736,144],"class_list":["post-69632","post","type-post","status-publish","format-standard","has-post-thumbnail","hentry","category-curiosidades","tag-ciencia","tag-curiosidades"],"yoast_head":"<!-- This site is optimized with the Yoast SEO plugin v24.6 - https:\/\/yoast.com\/wordpress\/plugins\/seo\/ -->\n<title>Como funciona uma tempestade de raios? Descubra como esse fen\u00f4meno acontece<\/title>\n<meta name=\"description\" content=\"Entenda os bastidores das tempestades de raios, saiba como elas acontecem e veja dicas pr\u00e1ticas para evitar acidentes em dias de chuva.\" \/>\n<meta name=\"robots\" content=\"index, follow, max-snippet:-1, max-image-preview:large, max-video-preview:-1\" \/>\n<link rel=\"canonical\" href=\"https:\/\/www.correiobraziliense.com.br\/cbradar\/como-funciona-uma-tempestade-de-raios-descubra-como-esse-fenomeno-acontece\/\" \/>\n<meta property=\"og:locale\" content=\"pt_BR\" \/>\n<meta property=\"og:type\" content=\"article\" \/>\n<meta property=\"og:title\" content=\"Como funciona uma tempestade de raios? Descubra como esse fen\u00f4meno acontece\" \/>\n<meta property=\"og:description\" content=\"Entenda os bastidores das tempestades de raios, saiba como elas acontecem e veja dicas pr\u00e1ticas para evitar acidentes em dias de chuva.\" \/>\n<meta property=\"og:url\" content=\"https:\/\/www.correiobraziliense.com.br\/cbradar\/como-funciona-uma-tempestade-de-raios-descubra-como-esse-fenomeno-acontece\/\" \/>\n<meta property=\"og:site_name\" content=\"Correio Braziliense - Radar\" \/>\n<meta property=\"article:published_time\" content=\"2025-07-15T18:23:00+00:00\" \/>\n<meta property=\"og:image\" content=\"https:\/\/www.correiobraziliense.com.br\/cbradar\/wp-content\/uploads\/2025\/07\/tempestade-de-raios_1752497187021.jpg\" \/>\n\t<meta property=\"og:image:width\" content=\"1280\" \/>\n\t<meta property=\"og:image:height\" content=\"720\" \/>\n\t<meta property=\"og:image:type\" content=\"image\/jpeg\" \/>\n<meta name=\"author\" content=\"Larissa Carvalho\" \/>\n<meta name=\"twitter:card\" content=\"summary_large_image\" \/>\n<meta name=\"twitter:label1\" content=\"Escrito por\" \/>\n\t<meta name=\"twitter:data1\" content=\"Larissa Carvalho\" \/>\n\t<meta name=\"twitter:label2\" content=\"Est. tempo de leitura\" \/>\n\t<meta name=\"twitter:data2\" content=\"3 minutos\" \/>\n<!-- \/ Yoast SEO plugin. -->","yoast_head_json":{"title":"Como funciona uma tempestade de raios? Descubra como esse fen\u00f4meno acontece","description":"Entenda os bastidores das tempestades de raios, saiba como elas acontecem e veja dicas pr\u00e1ticas para evitar acidentes em dias de chuva.","robots":{"index":"index","follow":"follow","max-snippet":"max-snippet:-1","max-image-preview":"max-image-preview:large","max-video-preview":"max-video-preview:-1"},"canonical":"https:\/\/www.correiobraziliense.com.br\/cbradar\/como-funciona-uma-tempestade-de-raios-descubra-como-esse-fenomeno-acontece\/","og_locale":"pt_BR","og_type":"article","og_title":"Como funciona uma tempestade de raios? Descubra como esse fen\u00f4meno acontece","og_description":"Entenda os bastidores das tempestades de raios, saiba como elas acontecem e veja dicas pr\u00e1ticas para evitar acidentes em dias de chuva.","og_url":"https:\/\/www.correiobraziliense.com.br\/cbradar\/como-funciona-uma-tempestade-de-raios-descubra-como-esse-fenomeno-acontece\/","og_site_name":"Correio Braziliense - Radar","article_published_time":"2025-07-15T18:23:00+00:00","og_image":[{"width":1280,"height":720,"url":"https:\/\/www.correiobraziliense.com.br\/cbradar\/wp-content\/uploads\/2025\/07\/tempestade-de-raios_1752497187021.jpg","type":"image\/jpeg"}],"author":"Larissa Carvalho","twitter_card":"summary_large_image","twitter_misc":{"Escrito por":"Larissa Carvalho","Est. tempo de leitura":"3 minutos"},"schema":{"@context":"https:\/\/schema.org","@graph":[{"@type":"WebPage","@id":"https:\/\/www.correiobraziliense.com.br\/cbradar\/como-funciona-uma-tempestade-de-raios-descubra-como-esse-fenomeno-acontece\/","url":"https:\/\/www.correiobraziliense.com.br\/cbradar\/como-funciona-uma-tempestade-de-raios-descubra-como-esse-fenomeno-acontece\/","name":"Como funciona uma tempestade de raios? Descubra como esse fen\u00f4meno acontece","isPartOf":{"@id":"https:\/\/www.correiobraziliense.com.br\/cbradar\/#website"},"primaryImageOfPage":{"@id":"https:\/\/www.correiobraziliense.com.br\/cbradar\/como-funciona-uma-tempestade-de-raios-descubra-como-esse-fenomeno-acontece\/#primaryimage"},"image":{"@id":"https:\/\/www.correiobraziliense.com.br\/cbradar\/como-funciona-uma-tempestade-de-raios-descubra-como-esse-fenomeno-acontece\/#primaryimage"},"thumbnailUrl":"https:\/\/www.correiobraziliense.com.br\/cbradar\/wp-content\/uploads\/2025\/07\/tempestade-de-raios_1752497187021.jpg","datePublished":"2025-07-15T18:23:00+00:00","author":{"@id":"https:\/\/www.correiobraziliense.com.br\/cbradar\/#\/schema\/person\/58422787644df994b53a19d3e56c1513"},"description":"Entenda os bastidores das tempestades de raios, saiba como elas acontecem e veja dicas pr\u00e1ticas para evitar acidentes em dias de chuva.","breadcrumb":{"@id":"https:\/\/www.correiobraziliense.com.br\/cbradar\/como-funciona-uma-tempestade-de-raios-descubra-como-esse-fenomeno-acontece\/#breadcrumb"},"inLanguage":"pt-BR","potentialAction":[{"@type":"ReadAction","target":["https:\/\/www.correiobraziliense.com.br\/cbradar\/como-funciona-uma-tempestade-de-raios-descubra-como-esse-fenomeno-acontece\/"]}]},{"@type":"ImageObject","inLanguage":"pt-BR","@id":"https:\/\/www.correiobraziliense.com.br\/cbradar\/como-funciona-uma-tempestade-de-raios-descubra-como-esse-fenomeno-acontece\/#primaryimage","url":"https:\/\/www.correiobraziliense.com.br\/cbradar\/wp-content\/uploads\/2025\/07\/tempestade-de-raios_1752497187021.jpg","contentUrl":"https:\/\/www.correiobraziliense.com.br\/cbradar\/wp-content\/uploads\/2025\/07\/tempestade-de-raios_1752497187021.jpg","width":1280,"height":720,"caption":"tempestade de raios. Cr\u00e9ditos: depositphotos.com \/ KonArt"},{"@type":"BreadcrumbList","@id":"https:\/\/www.correiobraziliense.com.br\/cbradar\/como-funciona-uma-tempestade-de-raios-descubra-como-esse-fenomeno-acontece\/#breadcrumb","itemListElement":[{"@type":"ListItem","position":1,"name":"In\u00edcio","item":"https:\/\/www.correiobraziliense.com.br\/cbradar\/"},{"@type":"ListItem","position":2,"name":"Como funciona uma tempestade de raios? Descubra como esse fen\u00f4meno acontece"}]},{"@type":"WebSite","@id":"https:\/\/www.correiobraziliense.com.br\/cbradar\/#website","url":"https:\/\/www.correiobraziliense.com.br\/cbradar\/","name":"Correio Braziliense - Radar","description":"Acompanhe as \u00faltimas not\u00edcias e fique bem informado sobre tudo o que acontece no Brasil e no mundo.","potentialAction":[{"@type":"SearchAction","target":{"@type":"EntryPoint","urlTemplate":"https:\/\/www.correiobraziliense.com.br\/cbradar\/?s={search_term_string}"},"query-input":{"@type":"PropertyValueSpecification","valueRequired":true,"valueName":"search_term_string"}}],"inLanguage":"pt-BR"},{"@type":"Person","@id":"https:\/\/www.correiobraziliense.com.br\/cbradar\/#\/schema\/person\/58422787644df994b53a19d3e56c1513","name":"Larissa Carvalho","image":{"@type":"ImageObject","inLanguage":"pt-BR","@id":"https:\/\/www.correiobraziliense.com.br\/cbradar\/#\/schema\/person\/image\/","url":"https:\/\/secure.gravatar.com\/avatar\/fe4f91a0de32b52a838d0d612abdc1aa?s=96&d=mm&r=g","contentUrl":"https:\/\/secure.gravatar.com\/avatar\/fe4f91a0de32b52a838d0d612abdc1aa?s=96&d=mm&r=g","caption":"Larissa Carvalho"},"url":"https:\/\/www.correiobraziliense.com.br\/cbradar\/author\/larissamyth\/"}]}},"_links":{"self":[{"href":"https:\/\/www.correiobraziliense.com.br\/cbradar\/wp-json\/wp\/v2\/posts\/69632","targetHints":{"allow":["GET"]}}],"collection":[{"href":"https:\/\/www.correiobraziliense.com.br\/cbradar\/wp-json\/wp\/v2\/posts"}],"about":[{"href":"https:\/\/www.correiobraziliense.com.br\/cbradar\/wp-json\/wp\/v2\/types\/post"}],"author":[{"embeddable":true,"href":"https:\/\/www.correiobraziliense.com.br\/cbradar\/wp-json\/wp\/v2\/users\/3"}],"replies":[{"embeddable":true,"href":"https:\/\/www.correiobraziliense.com.br\/cbradar\/wp-json\/wp\/v2\/comments?post=69632"}],"version-history":[{"count":1,"href":"https:\/\/www.correiobraziliense.com.br\/cbradar\/wp-json\/wp\/v2\/posts\/69632\/revisions"}],"predecessor-version":[{"id":69643,"href":"https:\/\/www.correiobraziliense.com.br\/cbradar\/wp-json\/wp\/v2\/posts\/69632\/revisions\/69643"}],"wp:featuredmedia":[{"embeddable":true,"href":"https:\/\/www.correiobraziliense.com.br\/cbradar\/wp-json\/wp\/v2\/media\/69636"}],"wp:attachment":[{"href":"https:\/\/www.correiobraziliense.com.br\/cbradar\/wp-json\/wp\/v2\/media?parent=69632"}],"wp:term":[{"taxonomy":"category","embeddable":true,"href":"https:\/\/www.correiobraziliense.com.br\/cbradar\/wp-json\/wp\/v2\/categories?post=69632"},{"taxonomy":"post_tag","embeddable":true,"href":"https:\/\/www.correiobraziliense.com.br\/cbradar\/wp-json\/wp\/v2\/post_tag?post=69632"}],"curies":[{"name":"wp","href":"https:\/\/api.w.org\/{rel}","templated":true}]}}