{"id":69638,"date":"2025-07-15T09:53:00","date_gmt":"2025-07-15T12:53:00","guid":{"rendered":"https:\/\/www.correiobraziliense.com.br\/cbradar\/?p=69638"},"modified":"2025-07-14T10:58:01","modified_gmt":"2025-07-14T13:58:01","slug":"fazer-isso-por-apenas-10-minutos-por-dia-pode-melhorar-a-vida-de-quem-costuma-ser-sedentario","status":"publish","type":"post","link":"https:\/\/www.correiobraziliense.com.br\/cbradar\/fazer-isso-por-apenas-10-minutos-por-dia-pode-melhorar-a-vida-de-quem-costuma-ser-sedentario\/","title":{"rendered":"Fazer isso por apenas 10 minutos por dia pode melhorar a vida de quem costuma ser sedent\u00e1rio"},"content":{"rendered":"\n<p>Ao final de um longo dia de trabalho sentado, uma sensa\u00e7\u00e3o desconfort\u00e1vel se instala: as pernas parecem pesadas, os m\u00fasculos est\u00e3o encurtados e a rigidez toma conta dos quadris e joelhos. Essa \u00e9 uma consequ\u00eancia direta do <a href=\"https:\/\/pt.wikipedia.org\/wiki\/Sedentarismo\" target=\"_blank\" rel=\"noreferrer noopener\"><strong>sedentarismo<\/strong> <\/a>imposto pela vida moderna, onde a falta de movimento por horas a fio compromete nossa circula\u00e7\u00e3o e flexibilidade.<\/p>\n\n\n\n<p>A boa not\u00edcia \u00e9 que voc\u00ea pode reverter esse quadro com uma pr\u00e1tica simples e restauradora. Este artigo apresenta uma rotina de <strong>alongamento<\/strong> de apenas 10 minutos, projetada especificamente para ser feita ao final do expediente. Voc\u00ea aprender\u00e1 movimentos eficazes para liberar a tens\u00e3o acumulada, reativar a circula\u00e7\u00e3o e devolver a leveza \u00e0s suas pernas.<\/p>\n\n\n\n<h2 class=\"wp-block-heading\">Por que ficar sentado por tanto tempo deixa suas pernas t\u00e3o r\u00edgidas?<\/h2>\n\n\n<div class=\"wp-block-image\">\n<figure class=\"aligncenter size-large\"><img decoding=\"async\" width=\"1024\" height=\"576\" src=\"https:\/\/www.correiobraziliense.com.br\/cbradar\/wp-content\/uploads\/2025\/04\/perna_1745938691109-1024x576.jpg\" alt=\"Fazer isso por apenas 10 minutos por dia pode melhorar a vida de quem costuma ser sedent\u00e1rio\" class=\"wp-image-30066\" srcset=\"https:\/\/www.correiobraziliense.com.br\/cbradar\/wp-content\/uploads\/2025\/04\/perna_1745938691109-1024x576.jpg 1024w, https:\/\/www.correiobraziliense.com.br\/cbradar\/wp-content\/uploads\/2025\/04\/perna_1745938691109-300x169.jpg 300w, https:\/\/www.correiobraziliense.com.br\/cbradar\/wp-content\/uploads\/2025\/04\/perna_1745938691109-768x432.jpg 768w, https:\/\/www.correiobraziliense.com.br\/cbradar\/wp-content\/uploads\/2025\/04\/perna_1745938691109-750x422.jpg 750w, https:\/\/www.correiobraziliense.com.br\/cbradar\/wp-content\/uploads\/2025\/04\/perna_1745938691109-1140x641.jpg 1140w, https:\/\/www.correiobraziliense.com.br\/cbradar\/wp-content\/uploads\/2025\/04\/perna_1745938691109.jpg 1280w\" sizes=\"(max-width: 1024px) 100vw, 1024px\" \/><figcaption class=\"wp-element-caption\">Perna &#8211; Cr\u00e9ditos: depositphotos.com \/ DimaGavrish<\/figcaption><\/figure><\/div>\n\n\n<p>Quando passamos horas sentados, nosso corpo se adapta \u00e0 posi\u00e7\u00e3o da cadeira. Os m\u00fasculos da parte de tr\u00e1s das coxas (<strong>isquiotibiais<\/strong>) e os flexores do quadril permanecem em uma posi\u00e7\u00e3o encurtada e inativa. Ao mesmo tempo, os m\u00fasculos dos gl\u00fateos ficam alongados e &#8220;adormecidos&#8221;, perdendo sua capacidade de ativa\u00e7\u00e3o.<\/p>\n\n\n\n<p>Essa inatividade prolongada tamb\u00e9m desacelera a <strong>circula\u00e7\u00e3o sangu\u00ednea<\/strong> nas pernas, o que pode causar incha\u00e7o, sensa\u00e7\u00e3o de peso e cansa\u00e7o. O alongamento ao final do dia funciona como um &#8220;reset&#8221; para o corpo, estirando os m\u00fasculos que foram encurtados, ativando os que estavam inativos e estimulando o fluxo de sangue e oxig\u00eanio para toda a regi\u00e3o.<\/p>\n\n\n\n<h2 class=\"wp-block-heading\">Como aliviar a tens\u00e3o nos m\u00fasculos posteriores da coxa com um alongamento simples?<\/h2>\n\n\n\n<p>Os m\u00fasculos <strong>isquiotibiais<\/strong> s\u00e3o um dos grupos musculares que mais sofrem com a posi\u00e7\u00e3o sentada, tornando-se cronicamente encurtados e r\u00edgidos. Along\u00e1-los \u00e9 fundamental para aliviar a tens\u00e3o n\u00e3o apenas nas pernas, mas tamb\u00e9m na regi\u00e3o lombar, pois a rigidez nesses m\u00fasculos pode &#8220;puxar&#8221; a p\u00e9lvis e sobrecarregar as costas.<\/p>\n\n\n\n<p>Um alongamento seguro e eficaz pode ser feito em p\u00e9. Fique de p\u00e9 e d\u00ea um pequeno passo \u00e0 frente com uma perna, mantendo-a esticada e apoiando o calcanhar no ch\u00e3o, com os dedos do p\u00e9 apontando para cima. Flexione levemente o joelho da perna de tr\u00e1s e incline o tronco para a frente, mantendo as costas retas, at\u00e9 sentir um alongamento suave na parte de tr\u00e1s da coxa da perna esticada. Mantenha por 30 segundos e troque de lado.<\/p>\n\n\n\n<h2 class=\"wp-block-heading\">Qual \u00e9 a melhor maneira de soltar os flexores do quadril, encurtados pela cadeira?<\/h2>\n\n\n\n<p>Os <strong>flexores do quadril<\/strong> s\u00e3o os m\u00fasculos localizados na parte da frente da sua pelve, e eles permanecem em constante flex\u00e3o enquanto estamos sentados. Esse encurtamento cr\u00f4nico pode levar a dores na lombar e a uma postura inadequada. Along\u00e1-los \u00e9 essencial para restaurar o equil\u00edbrio muscular da regi\u00e3o.<\/p>\n\n\n\n<p>Ajoelhe-se no ch\u00e3o sobre um tapete ou almofada. D\u00ea um passo \u00e0 frente com o p\u00e9 direito, formando um \u00e2ngulo de 90 graus com o joelho. Mantenha o joelho esquerdo apoiado no ch\u00e3o. Com as costas retas, empurre suavemente o quadril para a frente at\u00e9 sentir um alongamento na parte da frente da coxa esquerda. Levante o bra\u00e7o esquerdo para intensificar. Segure por 30 segundos e repita do outro lado.<\/p>\n\n\n\n<h2 class=\"wp-block-heading\">De que forma o alongamento do &#8220;quatro&#8221; pode relaxar os gl\u00fateos e o nervo ci\u00e1tico?<\/h2>\n\n\n\n<p>O alongamento conhecido como &#8220;figura quatro&#8221; \u00e9 excelente para atingir os m\u00fasculos dos <strong>gl\u00fateos<\/strong>, especialmente o piriforme, um pequeno m\u00fasculo que, quando tenso, pode pressionar o nervo ci\u00e1tico e causar dor. Este movimento ajuda a liberar a tens\u00e3o profunda acumulada nessa regi\u00e3o ap\u00f3s um dia sentado.<\/p>\n\n\n\n<p>Sente-se em uma cadeira com a coluna ereta. Cruze o tornozelo direito sobre o joelho esquerdo, formando o n\u00famero &#8220;4&#8221;. Para um alongamento suave, pressione levemente o joelho direito para baixo. Para intensificar, incline o tronco para a frente com as costas retas. Voc\u00ea deve sentir o alongamento na regi\u00e3o do gl\u00fateo direito. Mantenha a posi\u00e7\u00e3o por 30 segundos e troque de perna.<\/p>\n\n\n\n<h2 class=\"wp-block-heading\">Como reativar a circula\u00e7\u00e3o e aliviar o peso nas panturrilhas?<\/h2>\n\n\n\n<p>As panturrilhas funcionam como o &#8220;cora\u00e7\u00e3o perif\u00e9rico&#8221; do corpo, ajudando a bombear o sangue de volta para o cora\u00e7\u00e3o. Quando ficamos sentados, essa fun\u00e7\u00e3o fica prejudicada, contribuindo para a sensa\u00e7\u00e3o de peso e incha\u00e7o nos tornozelos. Alongar as panturrilhas \u00e9 uma forma r\u00e1pida de reativar essa bomba muscular.<\/p>\n\n\n\n<p>Fique de frente para uma parede, a um passo de dist\u00e2ncia. Apoie as m\u00e3os na parede e d\u00ea um passo para tr\u00e1s com a perna direita, mantendo-a esticada e o calcanhar no ch\u00e3o. Flexione o joelho da perna esquerda, que est\u00e1 \u00e0 frente, e incline o corpo em dire\u00e7\u00e3o \u00e0 parede at\u00e9 sentir o alongamento na panturrilha direita. Segure por 30 segundos e fa\u00e7a o mesmo com a outra perna.<\/p>\n\n\n\n<blockquote class=\"instagram-media\" data-instgrm-captioned data-instgrm-permalink=\"https:\/\/www.instagram.com\/reel\/DI_jxmiocGM\/?utm_source=ig_embed&amp;utm_campaign=loading\" data-instgrm-version=\"14\" style=\" background:#FFF; border:0; border-radius:3px; box-shadow:0 0 1px 0 rgba(0,0,0,0.5),0 1px 10px 0 rgba(0,0,0,0.15); margin: 1px; max-width:540px; min-width:326px; padding:0; width:99.375%; width:-webkit-calc(100% - 2px); width:calc(100% - 2px);\"><div style=\"padding:16px;\"> <a href=\"https:\/\/www.instagram.com\/reel\/DI_jxmiocGM\/?utm_source=ig_embed&amp;utm_campaign=loading\" style=\" background:#FFFFFF; line-height:0; padding:0 0; text-align:center; text-decoration:none; width:100%;\" target=\"_blank\"> <div style=\" display: flex; flex-direction: row; align-items: center;\"> <div style=\"background-color: #F4F4F4; border-radius: 50%; flex-grow: 0; height: 40px; margin-right: 14px; width: 40px;\"><\/div> <div style=\"display: flex; flex-direction: column; flex-grow: 1; justify-content: center;\"> <div style=\" background-color: #F4F4F4; border-radius: 4px; flex-grow: 0; height: 14px; margin-bottom: 6px; width: 100px;\"><\/div> <div style=\" background-color: #F4F4F4; border-radius: 4px; flex-grow: 0; height: 14px; width: 60px;\"><\/div><\/div><\/div><div style=\"padding: 19% 0;\"><\/div> <div style=\"display:block; height:50px; margin:0 auto 12px; width:50px;\"><svg width=\"50px\" height=\"50px\" viewBox=\"0 0 60 60\" version=\"1.1\" xmlns=\"https:\/\/www.w3.org\/2000\/svg\" xmlns:xlink=\"https:\/\/www.w3.org\/1999\/xlink\"><g stroke=\"none\" stroke-width=\"1\" fill=\"none\" fill-rule=\"evenodd\"><g transform=\"translate(-511.000000, -20.000000)\" fill=\"#000000\"><g><path d=\"M556.869,30.41 C554.814,30.41 553.148,32.076 553.148,34.131 C553.148,36.186 554.814,37.852 556.869,37.852 C558.924,37.852 560.59,36.186 560.59,34.131 C560.59,32.076 558.924,30.41 556.869,30.41 M541,60.657 C535.114,60.657 530.342,55.887 530.342,50 C530.342,44.114 535.114,39.342 541,39.342 C546.887,39.342 551.658,44.114 551.658,50 C551.658,55.887 546.887,60.657 541,60.657 M541,33.886 C532.1,33.886 524.886,41.1 524.886,50 C524.886,58.899 532.1,66.113 541,66.113 C549.9,66.113 557.115,58.899 557.115,50 C557.115,41.1 549.9,33.886 541,33.886 M565.378,62.101 C565.244,65.022 564.756,66.606 564.346,67.663 C563.803,69.06 563.154,70.057 562.106,71.106 C561.058,72.155 560.06,72.803 558.662,73.347 C557.607,73.757 556.021,74.244 553.102,74.378 C549.944,74.521 548.997,74.552 541,74.552 C533.003,74.552 532.056,74.521 528.898,74.378 C525.979,74.244 524.393,73.757 523.338,73.347 C521.94,72.803 520.942,72.155 519.894,71.106 C518.846,70.057 518.197,69.06 517.654,67.663 C517.244,66.606 516.755,65.022 516.623,62.101 C516.479,58.943 516.448,57.996 516.448,50 C516.448,42.003 516.479,41.056 516.623,37.899 C516.755,34.978 517.244,33.391 517.654,32.338 C518.197,30.938 518.846,29.942 519.894,28.894 C520.942,27.846 521.94,27.196 523.338,26.654 C524.393,26.244 525.979,25.756 528.898,25.623 C532.057,25.479 533.004,25.448 541,25.448 C548.997,25.448 549.943,25.479 553.102,25.623 C556.021,25.756 557.607,26.244 558.662,26.654 C560.06,27.196 561.058,27.846 562.106,28.894 C563.154,29.942 563.803,30.938 564.346,32.338 C564.756,33.391 565.244,34.978 565.378,37.899 C565.522,41.056 565.552,42.003 565.552,50 C565.552,57.996 565.522,58.943 565.378,62.101 M570.82,37.631 C570.674,34.438 570.167,32.258 569.425,30.349 C568.659,28.377 567.633,26.702 565.965,25.035 C564.297,23.368 562.623,22.342 560.652,21.575 C558.743,20.834 556.562,20.326 553.369,20.18 C550.169,20.033 549.148,20 541,20 C532.853,20 531.831,20.033 528.631,20.18 C525.438,20.326 523.257,20.834 521.349,21.575 C519.376,22.342 517.703,23.368 516.035,25.035 C514.368,26.702 513.342,28.377 512.574,30.349 C511.834,32.258 511.326,34.438 511.181,37.631 C511.035,40.831 511,41.851 511,50 C511,58.147 511.035,59.17 511.181,62.369 C511.326,65.562 511.834,67.743 512.574,69.651 C513.342,71.625 514.368,73.296 516.035,74.965 C517.703,76.634 519.376,77.658 521.349,78.425 C523.257,79.167 525.438,79.673 528.631,79.82 C531.831,79.965 532.853,80.001 541,80.001 C549.148,80.001 550.169,79.965 553.369,79.82 C556.562,79.673 558.743,79.167 560.652,78.425 C562.623,77.658 564.297,76.634 565.965,74.965 C567.633,73.296 568.659,71.625 569.425,69.651 C570.167,67.743 570.674,65.562 570.82,62.369 C570.966,59.17 571,58.147 571,50 C571,41.851 570.966,40.831 570.82,37.631\"><\/path><\/g><\/g><\/g><\/svg><\/div><div style=\"padding-top: 8px;\"> <div style=\" color:#3897f0; font-family:Arial,sans-serif; font-size:14px; font-style:normal; font-weight:550; line-height:18px;\">Ver essa foto no Instagram<\/div><\/div><div style=\"padding: 12.5% 0;\"><\/div> <div style=\"display: flex; flex-direction: row; margin-bottom: 14px; align-items: center;\"><div> <div style=\"background-color: #F4F4F4; border-radius: 50%; height: 12.5px; width: 12.5px; transform: translateX(0px) translateY(7px);\"><\/div> <div style=\"background-color: #F4F4F4; height: 12.5px; transform: rotate(-45deg) translateX(3px) translateY(1px); width: 12.5px; flex-grow: 0; margin-right: 14px; margin-left: 2px;\"><\/div> <div style=\"background-color: #F4F4F4; border-radius: 50%; height: 12.5px; width: 12.5px; transform: translateX(9px) translateY(-18px);\"><\/div><\/div><div style=\"margin-left: 8px;\"> <div style=\" background-color: #F4F4F4; border-radius: 50%; flex-grow: 0; height: 20px; width: 20px;\"><\/div> <div style=\" width: 0; height: 0; border-top: 2px solid transparent; border-left: 6px solid #f4f4f4; border-bottom: 2px solid transparent; transform: translateX(16px) translateY(-4px) rotate(30deg)\"><\/div><\/div><div style=\"margin-left: auto;\"> <div style=\" width: 0px; border-top: 8px solid #F4F4F4; border-right: 8px solid transparent; transform: translateY(16px);\"><\/div> <div style=\" background-color: #F4F4F4; flex-grow: 0; height: 12px; width: 16px; transform: translateY(-4px);\"><\/div> <div style=\" width: 0; height: 0; border-top: 8px solid #F4F4F4; border-left: 8px solid transparent; transform: translateY(-4px) translateX(8px);\"><\/div><\/div><\/div> <div style=\"display: flex; flex-direction: column; flex-grow: 1; justify-content: center; margin-bottom: 24px;\"> <div style=\" background-color: #F4F4F4; border-radius: 4px; flex-grow: 0; height: 14px; margin-bottom: 6px; width: 224px;\"><\/div> <div style=\" background-color: #F4F4F4; border-radius: 4px; flex-grow: 0; height: 14px; width: 144px;\"><\/div><\/div><\/a><p style=\" color:#c9c8cd; font-family:Arial,sans-serif; font-size:14px; line-height:17px; margin-bottom:0; margin-top:8px; overflow:hidden; padding:8px 0 7px; text-align:center; text-overflow:ellipsis; white-space:nowrap;\"><a href=\"https:\/\/www.instagram.com\/reel\/DI_jxmiocGM\/?utm_source=ig_embed&amp;utm_campaign=loading\" style=\" color:#c9c8cd; font-family:Arial,sans-serif; font-size:14px; font-style:normal; font-weight:normal; line-height:17px; text-decoration:none;\" target=\"_blank\">Uma publica\u00e7\u00e3o compartilhada por Cli\u0301nica Avanttos Performance Esportiva (@clinicaavanttos)<\/a><\/p><\/div><\/blockquote>\n<script async src=\"\/\/www.instagram.com\/embed.js\"><\/script>\n\n\n\n<h2 class=\"wp-block-heading\">Al\u00e9m de alongar, que outros h\u00e1bitos podem prevenir a rigidez no dia a dia?<\/h2>\n\n\n\n<p>O alongamento ao final do dia \u00e9 uma ferramenta poderosa, mas combin\u00e1-lo com h\u00e1bitos preventivos durante o hor\u00e1rio de trabalho pode potencializar os resultados e manter suas pernas mais <a href=\"https:\/\/www.correiobraziliense.com.br\/cbradar\/quem-anda-descalco-pode-estar-sofrendo-com-essas-consequencias-e-nem-sabia\/\" target=\"_blank\" rel=\"noreferrer noopener\">saud\u00e1veis <\/a>e leves. A chave \u00e9 quebrar os longos per\u00edodos de inatividade.<\/p>\n\n\n\n<p>Incorpore estas pr\u00e1ticas simples em sua rotina:<\/p>\n\n\n\n<ul class=\"wp-block-list\">\n<li><strong>Fa\u00e7a micropausas:<\/strong> A cada 30-60 minutos, levante-se por um ou dois minutos. Caminhe para beber \u00e1gua, espreguice-se ou simplesmente fique de p\u00e9.<\/li>\n\n\n\n<li><strong>Movimente os tornozelos:<\/strong> Mesmo sentado, fa\u00e7a movimentos circulares com os p\u00e9s e aponte-os para cima e para baixo para estimular a circula\u00e7\u00e3o.<\/li>\n\n\n\n<li><strong>Mantenha-se hidratado:<\/strong> Beber \u00e1gua adequadamente ajuda a manter a sa\u00fade dos tecidos musculares e conjuntivos.<\/li>\n\n\n\n<li><strong>Ajuste sua cadeira:<\/strong> Certifique-se de que seus p\u00e9s est\u00e3o totalmente apoiados no ch\u00e3o ou em um descanso para os p\u00e9s, o que ajuda a aliviar a press\u00e3o na parte de tr\u00e1s das coxas.<\/li>\n<\/ul>\n","protected":false},"excerpt":{"rendered":"<p>Ao final de um longo dia de trabalho sentado, uma sensa\u00e7\u00e3o desconfort\u00e1vel se instala: as pernas parecem pesadas, os m\u00fasculos est\u00e3o encurtados e a rigidez toma conta dos quadris e joelhos. Essa \u00e9 uma consequ\u00eancia direta do sedentarismo imposto pela vida moderna, onde a falta de movimento por horas a fio compromete nossa circula\u00e7\u00e3o e [&hellip;]<\/p>\n","protected":false},"author":11,"featured_media":13972,"comment_status":"open","ping_status":"open","sticky":false,"template":"","format":"standard","meta":{"_yoast_wpseo_focuskw":"sedentarismo","_yoast_wpseo_title":"","_yoast_wpseo_metadesc":"Cansado de sentir as pernas duras no fim do dia? Com apenas 10 minutos, essa t\u00e9cnica ajuda a relaxar, melhorar a circula\u00e7\u00e3o e aliviar a tens\u00e3o.","jnews-multi-image_gallery":[],"jnews_single_post":{"format":"standard"},"jnews_primary_category":[],"jnews_social_meta":[],"jnews_override_counter":[],"footnotes":""},"categories":[119],"tags":[1318,8185],"class_list":["post-69638","post","type-post","status-publish","format-standard","has-post-thumbnail","hentry","category-bem-estar","tag-saude-2","tag-sedentarismo-2"],"yoast_head":"<!-- This site is optimized with the Yoast SEO plugin v24.6 - https:\/\/yoast.com\/wordpress\/plugins\/seo\/ -->\n<title>Fazer isso por apenas 10 minutos por dia pode melhorar a vida de quem costuma ser sedent\u00e1rio - Correio Braziliense - Radar<\/title>\n<meta name=\"description\" content=\"Cansado de sentir as pernas duras no fim do dia? Com apenas 10 minutos, essa t\u00e9cnica ajuda a relaxar, melhorar a circula\u00e7\u00e3o e aliviar a tens\u00e3o.\" \/>\n<meta name=\"robots\" content=\"index, follow, max-snippet:-1, max-image-preview:large, max-video-preview:-1\" \/>\n<link rel=\"canonical\" href=\"https:\/\/www.correiobraziliense.com.br\/cbradar\/fazer-isso-por-apenas-10-minutos-por-dia-pode-melhorar-a-vida-de-quem-costuma-ser-sedentario\/\" \/>\n<meta property=\"og:locale\" content=\"pt_BR\" \/>\n<meta property=\"og:type\" content=\"article\" \/>\n<meta property=\"og:title\" content=\"Fazer isso por apenas 10 minutos por dia pode melhorar a vida de quem costuma ser sedent\u00e1rio - Correio Braziliense - Radar\" \/>\n<meta property=\"og:description\" content=\"Cansado de sentir as pernas duras no fim do dia? Com apenas 10 minutos, essa t\u00e9cnica ajuda a relaxar, melhorar a circula\u00e7\u00e3o e aliviar a tens\u00e3o.\" \/>\n<meta property=\"og:url\" content=\"https:\/\/www.correiobraziliense.com.br\/cbradar\/fazer-isso-por-apenas-10-minutos-por-dia-pode-melhorar-a-vida-de-quem-costuma-ser-sedentario\/\" \/>\n<meta property=\"og:site_name\" content=\"Correio Braziliense - Radar\" \/>\n<meta property=\"article:published_time\" content=\"2025-07-15T12:53:00+00:00\" \/>\n<meta property=\"og:image\" content=\"https:\/\/www.correiobraziliense.com.br\/cbradar\/wp-content\/uploads\/2025\/03\/sedentario_1742399145149.jpg\" \/>\n\t<meta property=\"og:image:width\" content=\"1280\" \/>\n\t<meta property=\"og:image:height\" content=\"720\" \/>\n\t<meta property=\"og:image:type\" content=\"image\/jpeg\" \/>\n<meta name=\"author\" content=\"Paulo Custodio\" \/>\n<meta name=\"twitter:card\" content=\"summary_large_image\" \/>\n<meta name=\"twitter:label1\" content=\"Escrito por\" \/>\n\t<meta name=\"twitter:data1\" content=\"Paulo Custodio\" \/>\n\t<meta name=\"twitter:label2\" content=\"Est. tempo de leitura\" \/>\n\t<meta name=\"twitter:data2\" content=\"6 minutos\" \/>\n<!-- \/ Yoast SEO plugin. -->","yoast_head_json":{"title":"Fazer isso por apenas 10 minutos por dia pode melhorar a vida de quem costuma ser sedent\u00e1rio - Correio Braziliense - Radar","description":"Cansado de sentir as pernas duras no fim do dia? Com apenas 10 minutos, essa t\u00e9cnica ajuda a relaxar, melhorar a circula\u00e7\u00e3o e aliviar a tens\u00e3o.","robots":{"index":"index","follow":"follow","max-snippet":"max-snippet:-1","max-image-preview":"max-image-preview:large","max-video-preview":"max-video-preview:-1"},"canonical":"https:\/\/www.correiobraziliense.com.br\/cbradar\/fazer-isso-por-apenas-10-minutos-por-dia-pode-melhorar-a-vida-de-quem-costuma-ser-sedentario\/","og_locale":"pt_BR","og_type":"article","og_title":"Fazer isso por apenas 10 minutos por dia pode melhorar a vida de quem costuma ser sedent\u00e1rio - Correio Braziliense - Radar","og_description":"Cansado de sentir as pernas duras no fim do dia? Com apenas 10 minutos, essa t\u00e9cnica ajuda a relaxar, melhorar a circula\u00e7\u00e3o e aliviar a tens\u00e3o.","og_url":"https:\/\/www.correiobraziliense.com.br\/cbradar\/fazer-isso-por-apenas-10-minutos-por-dia-pode-melhorar-a-vida-de-quem-costuma-ser-sedentario\/","og_site_name":"Correio Braziliense - Radar","article_published_time":"2025-07-15T12:53:00+00:00","og_image":[{"width":1280,"height":720,"url":"https:\/\/www.correiobraziliense.com.br\/cbradar\/wp-content\/uploads\/2025\/03\/sedentario_1742399145149.jpg","type":"image\/jpeg"}],"author":"Paulo Custodio","twitter_card":"summary_large_image","twitter_misc":{"Escrito por":"Paulo Custodio","Est. tempo de leitura":"6 minutos"},"schema":{"@context":"https:\/\/schema.org","@graph":[{"@type":"WebPage","@id":"https:\/\/www.correiobraziliense.com.br\/cbradar\/fazer-isso-por-apenas-10-minutos-por-dia-pode-melhorar-a-vida-de-quem-costuma-ser-sedentario\/","url":"https:\/\/www.correiobraziliense.com.br\/cbradar\/fazer-isso-por-apenas-10-minutos-por-dia-pode-melhorar-a-vida-de-quem-costuma-ser-sedentario\/","name":"Fazer isso por apenas 10 minutos por dia pode melhorar a vida de quem costuma ser sedent\u00e1rio - Correio Braziliense - Radar","isPartOf":{"@id":"https:\/\/www.correiobraziliense.com.br\/cbradar\/#website"},"primaryImageOfPage":{"@id":"https:\/\/www.correiobraziliense.com.br\/cbradar\/fazer-isso-por-apenas-10-minutos-por-dia-pode-melhorar-a-vida-de-quem-costuma-ser-sedentario\/#primaryimage"},"image":{"@id":"https:\/\/www.correiobraziliense.com.br\/cbradar\/fazer-isso-por-apenas-10-minutos-por-dia-pode-melhorar-a-vida-de-quem-costuma-ser-sedentario\/#primaryimage"},"thumbnailUrl":"https:\/\/www.correiobraziliense.com.br\/cbradar\/wp-content\/uploads\/2025\/03\/sedentario_1742399145149.jpg","datePublished":"2025-07-15T12:53:00+00:00","author":{"@id":"https:\/\/www.correiobraziliense.com.br\/cbradar\/#\/schema\/person\/4cec7857301a9a1a2ef249893cd908d3"},"description":"Cansado de sentir as pernas duras no fim do dia? Com apenas 10 minutos, essa t\u00e9cnica ajuda a relaxar, melhorar a circula\u00e7\u00e3o e aliviar a tens\u00e3o.","breadcrumb":{"@id":"https:\/\/www.correiobraziliense.com.br\/cbradar\/fazer-isso-por-apenas-10-minutos-por-dia-pode-melhorar-a-vida-de-quem-costuma-ser-sedentario\/#breadcrumb"},"inLanguage":"pt-BR","potentialAction":[{"@type":"ReadAction","target":["https:\/\/www.correiobraziliense.com.br\/cbradar\/fazer-isso-por-apenas-10-minutos-por-dia-pode-melhorar-a-vida-de-quem-costuma-ser-sedentario\/"]}]},{"@type":"ImageObject","inLanguage":"pt-BR","@id":"https:\/\/www.correiobraziliense.com.br\/cbradar\/fazer-isso-por-apenas-10-minutos-por-dia-pode-melhorar-a-vida-de-quem-costuma-ser-sedentario\/#primaryimage","url":"https:\/\/www.correiobraziliense.com.br\/cbradar\/wp-content\/uploads\/2025\/03\/sedentario_1742399145149.jpg","contentUrl":"https:\/\/www.correiobraziliense.com.br\/cbradar\/wp-content\/uploads\/2025\/03\/sedentario_1742399145149.jpg","width":1280,"height":720,"caption":"Sedent\u00e1rio - Cr\u00e9ditos: depositphotos.com \/ nito103"},{"@type":"BreadcrumbList","@id":"https:\/\/www.correiobraziliense.com.br\/cbradar\/fazer-isso-por-apenas-10-minutos-por-dia-pode-melhorar-a-vida-de-quem-costuma-ser-sedentario\/#breadcrumb","itemListElement":[{"@type":"ListItem","position":1,"name":"In\u00edcio","item":"https:\/\/www.correiobraziliense.com.br\/cbradar\/"},{"@type":"ListItem","position":2,"name":"Fazer isso por apenas 10 minutos por dia pode melhorar a vida de quem costuma ser sedent\u00e1rio"}]},{"@type":"WebSite","@id":"https:\/\/www.correiobraziliense.com.br\/cbradar\/#website","url":"https:\/\/www.correiobraziliense.com.br\/cbradar\/","name":"Correio Braziliense - Radar","description":"Acompanhe as \u00faltimas not\u00edcias e fique bem informado sobre tudo o que acontece no Brasil e no mundo.","potentialAction":[{"@type":"SearchAction","target":{"@type":"EntryPoint","urlTemplate":"https:\/\/www.correiobraziliense.com.br\/cbradar\/?s={search_term_string}"},"query-input":{"@type":"PropertyValueSpecification","valueRequired":true,"valueName":"search_term_string"}}],"inLanguage":"pt-BR"},{"@type":"Person","@id":"https:\/\/www.correiobraziliense.com.br\/cbradar\/#\/schema\/person\/4cec7857301a9a1a2ef249893cd908d3","name":"Paulo Custodio","image":{"@type":"ImageObject","inLanguage":"pt-BR","@id":"https:\/\/www.correiobraziliense.com.br\/cbradar\/#\/schema\/person\/image\/","url":"https:\/\/secure.gravatar.com\/avatar\/bcd67168d1534e8fcf4f45c726a87cea?s=96&d=mm&r=g","contentUrl":"https:\/\/secure.gravatar.com\/avatar\/bcd67168d1534e8fcf4f45c726a87cea?s=96&d=mm&r=g","caption":"Paulo Custodio"},"sameAs":["https:\/\/www.correiobraziliense.com.br\/cbradar"],"url":"https:\/\/www.correiobraziliense.com.br\/cbradar\/author\/paulomyth\/"}]}},"_links":{"self":[{"href":"https:\/\/www.correiobraziliense.com.br\/cbradar\/wp-json\/wp\/v2\/posts\/69638","targetHints":{"allow":["GET"]}}],"collection":[{"href":"https:\/\/www.correiobraziliense.com.br\/cbradar\/wp-json\/wp\/v2\/posts"}],"about":[{"href":"https:\/\/www.correiobraziliense.com.br\/cbradar\/wp-json\/wp\/v2\/types\/post"}],"author":[{"embeddable":true,"href":"https:\/\/www.correiobraziliense.com.br\/cbradar\/wp-json\/wp\/v2\/users\/11"}],"replies":[{"embeddable":true,"href":"https:\/\/www.correiobraziliense.com.br\/cbradar\/wp-json\/wp\/v2\/comments?post=69638"}],"version-history":[{"count":2,"href":"https:\/\/www.correiobraziliense.com.br\/cbradar\/wp-json\/wp\/v2\/posts\/69638\/revisions"}],"predecessor-version":[{"id":69714,"href":"https:\/\/www.correiobraziliense.com.br\/cbradar\/wp-json\/wp\/v2\/posts\/69638\/revisions\/69714"}],"wp:featuredmedia":[{"embeddable":true,"href":"https:\/\/www.correiobraziliense.com.br\/cbradar\/wp-json\/wp\/v2\/media\/13972"}],"wp:attachment":[{"href":"https:\/\/www.correiobraziliense.com.br\/cbradar\/wp-json\/wp\/v2\/media?parent=69638"}],"wp:term":[{"taxonomy":"category","embeddable":true,"href":"https:\/\/www.correiobraziliense.com.br\/cbradar\/wp-json\/wp\/v2\/categories?post=69638"},{"taxonomy":"post_tag","embeddable":true,"href":"https:\/\/www.correiobraziliense.com.br\/cbradar\/wp-json\/wp\/v2\/tags?post=69638"}],"curies":[{"name":"wp","href":"https:\/\/api.w.org\/{rel}","templated":true}]}}