{"id":69641,"date":"2025-07-15T11:33:00","date_gmt":"2025-07-15T14:33:00","guid":{"rendered":"https:\/\/www.correiobraziliense.com.br\/cbradar\/?p=69641"},"modified":"2025-07-14T10:25:30","modified_gmt":"2025-07-14T13:25:30","slug":"este-orgao-e-tao-importante-que-pode-ser-considerado-o-segundo-cerebro","status":"publish","type":"post","link":"https:\/\/www.correiobraziliense.com.br\/cbradar\/este-orgao-e-tao-importante-que-pode-ser-considerado-o-segundo-cerebro\/","title":{"rendered":"Este \u00f3rg\u00e3o \u00e9 t\u00e3o importante que pode ser considerado o segundo c\u00e9rebro"},"content":{"rendered":"\n<p>Aquela sensa\u00e7\u00e3o de &#8220;borboletas no est\u00f4mago&#8221; antes de um evento importante ou o &#8220;n\u00f3 na barriga&#8221; em um momento de estresse s\u00e3o mais do que meras express\u00f5es populares. Elas s\u00e3o a prova intuitiva de uma conex\u00e3o profunda e poderosa entre o nosso sistema digestivo e o nosso estado emocional. O que antes era apenas um sentimento, hoje \u00e9 uma \u00e1rea fascinante da ci\u00eancia.<\/p>\n\n\n\n<p>Essa comunica\u00e7\u00e3o constante \u00e9 conhecida como <strong>eixo intestino-c\u00e9rebro<\/strong>, uma via de m\u00e3o dupla que liga diretamente a sa\u00fade do nosso sistema gastrointestinal \u00e0 nossa sa\u00fade mental. Este artigo vai explorar como o seu intestino, muitas vezes chamado de &#8220;segundo c\u00e9rebro&#8221;, \u00e9 respons\u00e1vel pela produ\u00e7\u00e3o da maior parte da <strong>serotonina<\/strong> do corpo e o que voc\u00ea pode fazer para cultivar um intestino <a href=\"https:\/\/www.correiobraziliense.com.br\/cbradar\/quem-anda-descalco-pode-estar-sofrendo-com-essas-consequencias-e-nem-sabia\/\" target=\"_blank\" rel=\"noreferrer noopener\">saud\u00e1vel <\/a>e, consequentemente, um humor mais equilibrado.<\/p>\n\n\n\n<h2 class=\"wp-block-heading\">O que \u00e9 o eixo intestino-c\u00e9rebro e como esses dois \u00f3rg\u00e3os &#8220;conversam&#8221;?<\/h2>\n\n\n<div class=\"wp-block-image\">\n<figure class=\"aligncenter size-large\"><img decoding=\"async\" width=\"1024\" height=\"576\" src=\"https:\/\/www.correiobraziliense.com.br\/cbradar\/wp-content\/uploads\/2025\/03\/intestino_1742389126454-1024x576.jpg\" alt=\"Este \u00f3rg\u00e3o \u00e9 t\u00e3o importante que pode ser considerado o segundo c\u00e9rebro\" class=\"wp-image-13827\" srcset=\"https:\/\/www.correiobraziliense.com.br\/cbradar\/wp-content\/uploads\/2025\/03\/intestino_1742389126454-1024x576.jpg 1024w, https:\/\/www.correiobraziliense.com.br\/cbradar\/wp-content\/uploads\/2025\/03\/intestino_1742389126454-300x169.jpg 300w, https:\/\/www.correiobraziliense.com.br\/cbradar\/wp-content\/uploads\/2025\/03\/intestino_1742389126454-768x432.jpg 768w, https:\/\/www.correiobraziliense.com.br\/cbradar\/wp-content\/uploads\/2025\/03\/intestino_1742389126454-750x422.jpg 750w, https:\/\/www.correiobraziliense.com.br\/cbradar\/wp-content\/uploads\/2025\/03\/intestino_1742389126454-1140x641.jpg 1140w, https:\/\/www.correiobraziliense.com.br\/cbradar\/wp-content\/uploads\/2025\/03\/intestino_1742389126454.jpg 1280w\" sizes=\"(max-width: 1024px) 100vw, 1024px\" \/><figcaption class=\"wp-element-caption\">Intestino &#8211; Cr\u00e9ditos: depositphotos.com \/ Tharakorn<\/figcaption><\/figure><\/div>\n\n\n<p>O eixo intestino-c\u00e9rebro \u00e9 uma rede de comunica\u00e7\u00e3o bioqu\u00edmica e f\u00edsica que conecta o sistema nervoso central (o c\u00e9rebro) ao sistema nervoso ent\u00e9rico (a vasta rede de neur\u00f4nios que reveste nosso trato gastrointestinal). Essa conversa acontece de v\u00e1rias formas: atrav\u00e9s do nervo vago, uma esp\u00e9cie de &#8220;supervia&#8221; de informa\u00e7\u00e3o, e tamb\u00e9m por meio de horm\u00f4nios e neurotransmissores.<\/p>\n\n\n\n<p>Essa conex\u00e3o \u00e9 bidirecional: o c\u00e9rebro pode influenciar a fun\u00e7\u00e3o intestinal (o <a href=\"https:\/\/pt.wikipedia.org\/wiki\/Estresse\" target=\"_blank\" rel=\"noreferrer noopener\">estresse <\/a>pode causar dor de est\u00f4mago, por exemplo), e o intestino pode influenciar o c\u00e9rebro. O estado do nosso intestino, incluindo a sa\u00fade da sua parede e as bact\u00e9rias que vivem nele, pode modular diretamente nossa cogni\u00e7\u00e3o, emo\u00e7\u00f5es e resposta ao estresse, tornando-o um ator principal no nosso bem-estar geral.<\/p>\n\n\n\n<h2 class=\"wp-block-heading\">\u00c9 verdade que a maior parte da serotonina do corpo \u00e9 produzida no intestino?<\/h2>\n\n\n\n<p>Sim, e este \u00e9 um dos fatos mais surpreendentes sobre a nossa biologia. Cerca de 90% a 95% de toda a <strong>serotonina<\/strong> do corpo, o neurotransmissor popularmente conhecido como &#8220;horm\u00f4nio da felicidade&#8221;, \u00e9 produzida no intestino, n\u00e3o no c\u00e9rebro. C\u00e9lulas especializadas na parede intestinal, chamadas c\u00e9lulas enterocromafins, s\u00e3o as respons\u00e1veis por essa impressionante produ\u00e7\u00e3o.<\/p>\n\n\n\n<p>Embora a serotonina produzida no intestino n\u00e3o atravesse diretamente a barreira para o c\u00e9rebro, ela desempenha um papel crucial na regula\u00e7\u00e3o da motilidade intestinal e envia sinais ao c\u00e9rebro atrav\u00e9s do nervo vago. Al\u00e9m disso, as bact\u00e9rias intestinais influenciam a produ\u00e7\u00e3o de triptofano, o amino\u00e1cido precursor que o c\u00e9rebro utiliza para fabricar sua pr\u00f3pria serotonina. Um intestino saud\u00e1vel, portanto, \u00e9 fundamental para garantir a mat\u00e9ria-prima do bom humor.<\/p>\n\n\n\n<h2 class=\"wp-block-heading\">Qual o papel da microbiota intestinal nessa complexa equa\u00e7\u00e3o do humor?<\/h2>\n\n\n\n<p>A <strong>microbiota intestinal<\/strong> \u00e9 a comunidade de trilh\u00f5es de microrganismos, incluindo bact\u00e9rias, v\u00edrus e fungos, que habitam nosso intestino. Essas bact\u00e9rias n\u00e3o s\u00e3o passageiras passivas; elas s\u00e3o metabolicamente ativas e desempenham um papel vital na nossa sa\u00fade. Elas ajudam a digerir alimentos, a treinar nosso sistema imunol\u00f3gico e, crucialmente, a produzir e modular neurotransmissores.<\/p>\n\n\n\n<p>Um desequil\u00edbrio nessa comunidade, conhecido como <strong>disbiose<\/strong>, pode levar a uma maior inflama\u00e7\u00e3o e a uma produ\u00e7\u00e3o inadequada de subst\u00e2ncias ben\u00e9ficas, como os \u00e1cidos graxos de cadeia curta. Essa inflama\u00e7\u00e3o e a falta de metab\u00f3litos saud\u00e1veis podem afetar negativamente o c\u00e9rebro, estando associadas a um maior risco de ansiedade e depress\u00e3o. Cuidar das nossas bact\u00e9rias \u00e9, em ess\u00eancia, cuidar do nosso humor.<\/p>\n\n\n\n<h2 class=\"wp-block-heading\">De que maneira uma dieta inadequada pode sabotar sua sa\u00fade intestinal e seu humor?<\/h2>\n\n\n\n<p>Uma dieta rica em alimentos ultraprocessados, a\u00e7\u00facares refinados e gorduras de baixa qualidade pode causar estragos na sa\u00fade intestinal. Esses alimentos tendem a alimentar as bact\u00e9rias &#8220;ruins&#8221;, promovendo a disbiose e a inflama\u00e7\u00e3o cr\u00f4nica de baixo grau. Essa inflama\u00e7\u00e3o pode comprometer a integridade da barreira intestinal, uma condi\u00e7\u00e3o conhecida como &#8220;intestino perme\u00e1vel&#8221; (<em>leaky gut<\/em>).<\/p>\n\n\n\n<p>Quando a barreira intestinal est\u00e1 comprometida, toxinas e compostos inflamat\u00f3rios podem passar para a corrente sangu\u00ednea, gerando uma resposta imunol\u00f3gica que afeta o corpo todo, incluindo o c\u00e9rebro. Esse estado inflamat\u00f3rio sist\u00eamico \u00e9 um fator de risco bem conhecido para transtornos de humor, explicando por que uma dieta pobre pode nos deixar sentindo fisicamente e emocionalmente indispostos.<\/p>\n\n\n\n<h2 class=\"wp-block-heading\">Que alimentos s\u00e3o considerados &#8220;amigos&#8221; do intestino e da produ\u00e7\u00e3o de serotonina?<\/h2>\n\n\n\n<p>Felizmente, a dieta \u00e9 uma das ferramentas mais poderosas para cultivar uma microbiota saud\u00e1vel e, por consequ\u00eancia, um humor melhor. O foco deve ser em alimentos que nutrem as bact\u00e9rias ben\u00e9ficas e fornecem os blocos de constru\u00e7\u00e3o para os neurotransmissores.<\/p>\n\n\n\n<p>Incorpore estes alimentos em sua rotina para fortalecer seu eixo intestino-c\u00e9rebro:<\/p>\n\n\n\n<ul class=\"wp-block-list\">\n<li><strong>Alimentos ricos em fibras (prebi\u00f3ticos):<\/strong> As fibras s\u00e3o o alimento preferido das bact\u00e9rias boas. Encontre-as em abund\u00e2ncia em vegetais, frutas, legumes (feij\u00e3o, lentilha, gr\u00e3o-de-bico), sementes e gr\u00e3os integrais como a aveia.<\/li>\n\n\n\n<li><strong>Alimentos fermentados (probi\u00f3ticos):<\/strong> Eles cont\u00eam bact\u00e9rias vivas que ajudam a povoar o intestino. Boas fontes incluem iogurte natural, kefir, kombucha e chucrute.<\/li>\n\n\n\n<li><strong>Fontes de triptofano:<\/strong> Para fornecer a mat\u00e9ria-prima da serotonina, consuma ovos, peixes (salm\u00e3o, atum), frango, sementes de ab\u00f3bora e gergelim.<\/li>\n\n\n\n<li><strong>Gorduras saud\u00e1veis e polifen\u00f3is:<\/strong> Azeite de oliva, abacate, nozes, frutas vermelhas e chocolate amargo possuem propriedades anti-inflamat\u00f3rias que beneficiam tanto o intestino quanto o c\u00e9rebro.<\/li>\n<\/ul>\n\n\n\n<h2 class=\"wp-block-heading\">Al\u00e9m da dieta, que outros h\u00e1bitos de vida fortalecem a sa\u00fade do seu &#8220;segundo c\u00e9rebro&#8221;?<\/h2>\n\n\n\n<p>A sa\u00fade intestinal n\u00e3o depende apenas do que voc\u00ea come. Um estilo de vida equilibrado \u00e9 fundamental para manter a harmonia do eixo intestino-c\u00e9rebro. A gest\u00e3o do estresse \u00e9 particularmente importante, pois o estresse cr\u00f4nico pode alterar negativamente a composi\u00e7\u00e3o da sua microbiota e aumentar a permeabilidade intestinal.<\/p>\n\n\n\n<p>Pr\u00e1ticas como a medita\u00e7\u00e3o, o ioga e exerc\u00edcios de respira\u00e7\u00e3o profunda podem ajudar a acalmar o sistema nervoso e, consequentemente, o intestino. A atividade f\u00edsica regular tamb\u00e9m demonstrou promover uma maior diversidade de bact\u00e9rias intestinais ben\u00e9ficas. Por fim, garantir uma boa noite de sono \u00e9 crucial, pois o descanso adequado \u00e9 essencial para a repara\u00e7\u00e3o e manuten\u00e7\u00e3o da sa\u00fade da barreira intestinal.<\/p>\n","protected":false},"excerpt":{"rendered":"<p>Aquela sensa\u00e7\u00e3o de &#8220;borboletas no est\u00f4mago&#8221; antes de um evento importante ou o &#8220;n\u00f3 na barriga&#8221; em um momento de estresse s\u00e3o mais do que meras express\u00f5es populares. Elas s\u00e3o a prova intuitiva de uma conex\u00e3o profunda e poderosa entre o nosso sistema digestivo e o nosso estado emocional. O que antes era apenas um [&hellip;]<\/p>\n","protected":false},"author":11,"featured_media":15260,"comment_status":"open","ping_status":"open","sticky":false,"template":"","format":"standard","meta":{"_yoast_wpseo_focuskw":"intestino-c\u00e9rebro","_yoast_wpseo_title":"","_yoast_wpseo_metadesc":"O eixo intestino-c\u00e9rebro est\u00e1 ganhando aten\u00e7\u00e3o da ci\u00eancia. Entenda como sua digest\u00e3o impacta diretamente sua sa\u00fade mental.","jnews-multi-image_gallery":[],"jnews_single_post":{"format":"standard"},"jnews_primary_category":[],"jnews_social_meta":[],"jnews_override_counter":[],"footnotes":""},"categories":[119],"tags":[1422,8186,1318],"class_list":["post-69641","post","type-post","status-publish","format-standard","has-post-thumbnail","hentry","category-bem-estar","tag-intestino","tag-orgao","tag-saude-2"],"yoast_head":"<!-- This site is optimized with the Yoast SEO plugin v24.6 - https:\/\/yoast.com\/wordpress\/plugins\/seo\/ -->\n<title>Este \u00f3rg\u00e3o \u00e9 t\u00e3o importante que pode ser considerado o segundo c\u00e9rebro - Correio Braziliense - Radar<\/title>\n<meta name=\"description\" content=\"O eixo intestino-c\u00e9rebro est\u00e1 ganhando aten\u00e7\u00e3o da ci\u00eancia. Entenda como sua digest\u00e3o impacta diretamente sua sa\u00fade mental.\" \/>\n<meta name=\"robots\" content=\"index, follow, max-snippet:-1, max-image-preview:large, max-video-preview:-1\" \/>\n<link rel=\"canonical\" href=\"https:\/\/www.correiobraziliense.com.br\/cbradar\/este-orgao-e-tao-importante-que-pode-ser-considerado-o-segundo-cerebro\/\" \/>\n<meta property=\"og:locale\" content=\"pt_BR\" \/>\n<meta property=\"og:type\" content=\"article\" \/>\n<meta property=\"og:title\" content=\"Este \u00f3rg\u00e3o \u00e9 t\u00e3o importante que pode ser considerado o segundo c\u00e9rebro - Correio Braziliense - Radar\" \/>\n<meta property=\"og:description\" content=\"O eixo intestino-c\u00e9rebro est\u00e1 ganhando aten\u00e7\u00e3o da ci\u00eancia. Entenda como sua digest\u00e3o impacta diretamente sua sa\u00fade mental.\" \/>\n<meta property=\"og:url\" content=\"https:\/\/www.correiobraziliense.com.br\/cbradar\/este-orgao-e-tao-importante-que-pode-ser-considerado-o-segundo-cerebro\/\" \/>\n<meta property=\"og:site_name\" content=\"Correio Braziliense - Radar\" \/>\n<meta property=\"article:published_time\" content=\"2025-07-15T14:33:00+00:00\" \/>\n<meta property=\"og:image\" content=\"https:\/\/www.correiobraziliense.com.br\/cbradar\/wp-content\/uploads\/2025\/03\/Cerebro_1742822393346.jpg\" \/>\n\t<meta property=\"og:image:width\" content=\"1279\" \/>\n\t<meta property=\"og:image:height\" content=\"720\" \/>\n\t<meta property=\"og:image:type\" content=\"image\/jpeg\" \/>\n<meta name=\"author\" content=\"Paulo Custodio\" \/>\n<meta name=\"twitter:card\" content=\"summary_large_image\" \/>\n<meta name=\"twitter:label1\" content=\"Escrito por\" \/>\n\t<meta name=\"twitter:data1\" content=\"Paulo Custodio\" \/>\n\t<meta name=\"twitter:label2\" content=\"Est. tempo de leitura\" \/>\n\t<meta name=\"twitter:data2\" content=\"6 minutos\" \/>\n<!-- \/ Yoast SEO plugin. -->","yoast_head_json":{"title":"Este \u00f3rg\u00e3o \u00e9 t\u00e3o importante que pode ser considerado o segundo c\u00e9rebro - Correio Braziliense - Radar","description":"O eixo intestino-c\u00e9rebro est\u00e1 ganhando aten\u00e7\u00e3o da ci\u00eancia. Entenda como sua digest\u00e3o impacta diretamente sua sa\u00fade mental.","robots":{"index":"index","follow":"follow","max-snippet":"max-snippet:-1","max-image-preview":"max-image-preview:large","max-video-preview":"max-video-preview:-1"},"canonical":"https:\/\/www.correiobraziliense.com.br\/cbradar\/este-orgao-e-tao-importante-que-pode-ser-considerado-o-segundo-cerebro\/","og_locale":"pt_BR","og_type":"article","og_title":"Este \u00f3rg\u00e3o \u00e9 t\u00e3o importante que pode ser considerado o segundo c\u00e9rebro - Correio Braziliense - Radar","og_description":"O eixo intestino-c\u00e9rebro est\u00e1 ganhando aten\u00e7\u00e3o da ci\u00eancia. Entenda como sua digest\u00e3o impacta diretamente sua sa\u00fade mental.","og_url":"https:\/\/www.correiobraziliense.com.br\/cbradar\/este-orgao-e-tao-importante-que-pode-ser-considerado-o-segundo-cerebro\/","og_site_name":"Correio Braziliense - Radar","article_published_time":"2025-07-15T14:33:00+00:00","og_image":[{"width":1279,"height":720,"url":"https:\/\/www.correiobraziliense.com.br\/cbradar\/wp-content\/uploads\/2025\/03\/Cerebro_1742822393346.jpg","type":"image\/jpeg"}],"author":"Paulo Custodio","twitter_card":"summary_large_image","twitter_misc":{"Escrito por":"Paulo Custodio","Est. tempo de leitura":"6 minutos"},"schema":{"@context":"https:\/\/schema.org","@graph":[{"@type":"WebPage","@id":"https:\/\/www.correiobraziliense.com.br\/cbradar\/este-orgao-e-tao-importante-que-pode-ser-considerado-o-segundo-cerebro\/","url":"https:\/\/www.correiobraziliense.com.br\/cbradar\/este-orgao-e-tao-importante-que-pode-ser-considerado-o-segundo-cerebro\/","name":"Este \u00f3rg\u00e3o \u00e9 t\u00e3o importante que pode ser considerado o segundo c\u00e9rebro - Correio Braziliense - Radar","isPartOf":{"@id":"https:\/\/www.correiobraziliense.com.br\/cbradar\/#website"},"primaryImageOfPage":{"@id":"https:\/\/www.correiobraziliense.com.br\/cbradar\/este-orgao-e-tao-importante-que-pode-ser-considerado-o-segundo-cerebro\/#primaryimage"},"image":{"@id":"https:\/\/www.correiobraziliense.com.br\/cbradar\/este-orgao-e-tao-importante-que-pode-ser-considerado-o-segundo-cerebro\/#primaryimage"},"thumbnailUrl":"https:\/\/www.correiobraziliense.com.br\/cbradar\/wp-content\/uploads\/2025\/03\/Cerebro_1742822393346.jpg","datePublished":"2025-07-15T14:33:00+00:00","author":{"@id":"https:\/\/www.correiobraziliense.com.br\/cbradar\/#\/schema\/person\/4cec7857301a9a1a2ef249893cd908d3"},"description":"O eixo intestino-c\u00e9rebro est\u00e1 ganhando aten\u00e7\u00e3o da ci\u00eancia. Entenda como sua digest\u00e3o impacta diretamente sua sa\u00fade mental.","breadcrumb":{"@id":"https:\/\/www.correiobraziliense.com.br\/cbradar\/este-orgao-e-tao-importante-que-pode-ser-considerado-o-segundo-cerebro\/#breadcrumb"},"inLanguage":"pt-BR","potentialAction":[{"@type":"ReadAction","target":["https:\/\/www.correiobraziliense.com.br\/cbradar\/este-orgao-e-tao-importante-que-pode-ser-considerado-o-segundo-cerebro\/"]}]},{"@type":"ImageObject","inLanguage":"pt-BR","@id":"https:\/\/www.correiobraziliense.com.br\/cbradar\/este-orgao-e-tao-importante-que-pode-ser-considerado-o-segundo-cerebro\/#primaryimage","url":"https:\/\/www.correiobraziliense.com.br\/cbradar\/wp-content\/uploads\/2025\/03\/Cerebro_1742822393346.jpg","contentUrl":"https:\/\/www.correiobraziliense.com.br\/cbradar\/wp-content\/uploads\/2025\/03\/Cerebro_1742822393346.jpg","width":1279,"height":720,"caption":"C\u00e9rebro humano - Cr\u00e9ditos: depositphotos.com \/ monsit"},{"@type":"BreadcrumbList","@id":"https:\/\/www.correiobraziliense.com.br\/cbradar\/este-orgao-e-tao-importante-que-pode-ser-considerado-o-segundo-cerebro\/#breadcrumb","itemListElement":[{"@type":"ListItem","position":1,"name":"In\u00edcio","item":"https:\/\/www.correiobraziliense.com.br\/cbradar\/"},{"@type":"ListItem","position":2,"name":"Este \u00f3rg\u00e3o \u00e9 t\u00e3o importante que pode ser considerado o segundo c\u00e9rebro"}]},{"@type":"WebSite","@id":"https:\/\/www.correiobraziliense.com.br\/cbradar\/#website","url":"https:\/\/www.correiobraziliense.com.br\/cbradar\/","name":"Correio Braziliense - Radar","description":"Acompanhe as \u00faltimas not\u00edcias e fique bem informado sobre tudo o que acontece no Brasil e no mundo.","potentialAction":[{"@type":"SearchAction","target":{"@type":"EntryPoint","urlTemplate":"https:\/\/www.correiobraziliense.com.br\/cbradar\/?s={search_term_string}"},"query-input":{"@type":"PropertyValueSpecification","valueRequired":true,"valueName":"search_term_string"}}],"inLanguage":"pt-BR"},{"@type":"Person","@id":"https:\/\/www.correiobraziliense.com.br\/cbradar\/#\/schema\/person\/4cec7857301a9a1a2ef249893cd908d3","name":"Paulo Custodio","image":{"@type":"ImageObject","inLanguage":"pt-BR","@id":"https:\/\/www.correiobraziliense.com.br\/cbradar\/#\/schema\/person\/image\/","url":"https:\/\/secure.gravatar.com\/avatar\/bcd67168d1534e8fcf4f45c726a87cea?s=96&d=mm&r=g","contentUrl":"https:\/\/secure.gravatar.com\/avatar\/bcd67168d1534e8fcf4f45c726a87cea?s=96&d=mm&r=g","caption":"Paulo Custodio"},"sameAs":["https:\/\/www.correiobraziliense.com.br\/cbradar"],"url":"https:\/\/www.correiobraziliense.com.br\/cbradar\/author\/paulomyth\/"}]}},"_links":{"self":[{"href":"https:\/\/www.correiobraziliense.com.br\/cbradar\/wp-json\/wp\/v2\/posts\/69641","targetHints":{"allow":["GET"]}}],"collection":[{"href":"https:\/\/www.correiobraziliense.com.br\/cbradar\/wp-json\/wp\/v2\/posts"}],"about":[{"href":"https:\/\/www.correiobraziliense.com.br\/cbradar\/wp-json\/wp\/v2\/types\/post"}],"author":[{"embeddable":true,"href":"https:\/\/www.correiobraziliense.com.br\/cbradar\/wp-json\/wp\/v2\/users\/11"}],"replies":[{"embeddable":true,"href":"https:\/\/www.correiobraziliense.com.br\/cbradar\/wp-json\/wp\/v2\/comments?post=69641"}],"version-history":[{"count":1,"href":"https:\/\/www.correiobraziliense.com.br\/cbradar\/wp-json\/wp\/v2\/posts\/69641\/revisions"}],"predecessor-version":[{"id":69697,"href":"https:\/\/www.correiobraziliense.com.br\/cbradar\/wp-json\/wp\/v2\/posts\/69641\/revisions\/69697"}],"wp:featuredmedia":[{"embeddable":true,"href":"https:\/\/www.correiobraziliense.com.br\/cbradar\/wp-json\/wp\/v2\/media\/15260"}],"wp:attachment":[{"href":"https:\/\/www.correiobraziliense.com.br\/cbradar\/wp-json\/wp\/v2\/media?parent=69641"}],"wp:term":[{"taxonomy":"category","embeddable":true,"href":"https:\/\/www.correiobraziliense.com.br\/cbradar\/wp-json\/wp\/v2\/categories?post=69641"},{"taxonomy":"post_tag","embeddable":true,"href":"https:\/\/www.correiobraziliense.com.br\/cbradar\/wp-json\/wp\/v2\/tags?post=69641"}],"curies":[{"name":"wp","href":"https:\/\/api.w.org\/{rel}","templated":true}]}}